{"id":2306,"date":"2013-02-16T22:57:46","date_gmt":"2013-02-16T21:57:46","guid":{"rendered":"http:\/\/blog.inmontanis.info\/?p=2306"},"modified":"2023-08-02T21:47:52","modified_gmt":"2023-08-02T19:47:52","slug":"monte-avena-16-2-2013","status":"publish","type":"post","link":"http:\/\/blog.inmontanis.info\/?p=2306","title":{"rendered":"Monte Avena, 16.2.2013"},"content":{"rendered":"<p><strong>S\u00fcdosteuropa 2013, Tag 2: Monte Avena<br \/>\nSa, 16.2.2013<\/strong><\/p>\n<p>Am Monte Avena war ich ja schon Weihnachten 2008. Damals war die DSB aber nicht in Betrieb, da sie nur am WE ge\u00f6ffnet ist. Die Verbindung zwischen dem SL und der DSB erfolgte damals mit einem Pistenraupentaxi.<br \/>\n<!--more--><br \/>\nIm Sommer 2011 wurde ein kurzer Verbindungs-SL von Meb (mit den sch\u00f6nen blau eloxierten (?) Alustangen)  aufgestellt, allerdings lag ja im letzten Winter kein Schnee, also ging er erst heuer, glaub sogar erst Anfang Februar, in Betrieb.<\/p>\n<p>Nun, ich hatte gedacht, dass der SL das Pistenraupentaxi ersetzt h\u00e4tte. Hat er aber nur teilweise, denn es ist immer noch in Betrieb (alle 20 min), da die Verbindungen trotz des SL nicht wirklich optimal sind &#8211; und ich bin extra das Pistenraupentaxi nicht gefahren, um die Vebrindungen so zu testen:<\/p>\n<p>Bergstation DSB zur Talstation Verbindungs-SL: kurze steile Abfahrt<br \/>\nBergstation Verbindungs-SL zur Bergstation DSB: flach, schieben<br \/>\nBergstation Verbindungs-SL zur Bergstation Haupt-SL: 2 kurze Abfahrtsst\u00fccke und 2 Aufstiegsst\u00fccke (oder den ganzen Weg mit dem Pistenraupentaxi)<br \/>\nBergstation Haupt-SL zur Talstation Verbindungs-SL: 2 flache Schiebest\u00fccke und 1 Aufstieg (oder Alternativ mit dem Pistenraupentaxi zur SL-Bergstation.<\/p>\n<p>&#8230; irgendwie macht das f\u00fcr mich keinen Sinn. Dann h\u00e4tten sie sich den SL auch sparen k\u00f6nnen und das Pistenraupentaxi bis zur DSB-Bergstation belassen k\u00f6nnen. Warum man nicht einfach diagonale Skiwege (SL-Bergstation -> DSB Talstation und DSB-Bergstation -> SL-Talstation) gebaut hat, oder evtl. nur im oberen Teil bleibend mit 1 oder 2 F\u00f6rderb\u00e4ndern als Verbindung, kann ich auch nicht verstehen. <\/p>\n<p>Ok, Ankunft an der DSB war um 9:30 Uhr, Tageskarte um 23,- \u20ac gekauft und minutenlang dem Kassierer erkl\u00e4ren m\u00fcssen, dass 53-23 \u20ac 30,- Retourgeld ist, und nicht 27,- &#8230;.<\/p>\n<p>Die DSB ist ganz sch\u00f6n lang (21 St\u00fctzen), ebenso die Abfahrt, mit einigen Kurven und steileren und flacheren St\u00fccken auch nett.<\/p>\n<p>Die Abfahrten am Verbindungs-SL sind gr\u00f6\u00dftenteils allerdings extrem flach.<\/p>\n<p>Die Abfahrten am Haupt-SL kannte ich ja schon, 4 nette Abfahrten. Plus der Baby-SL mit 2 Abfahrten (wesentlich steiler als die Abfahrten am neuen Verbindungs-SL). Der Haupt-SL ist \u00fcbrigens (zumindest teilweise?) auch unter der Woche in Betrieb.<\/p>\n<p>(Fotos anklicken zum Vegr\u00f6\u00dfern)<\/p>\n<p><img src=http:\/\/extra.inmontanis.info\/d\/16026-2\/ge_suedosteuropa12.jpg \/><br \/>\nB: Monte Avena<\/p>\n<p><img src=http:\/\/extra.inmontanis.info\/d\/16030-2\/DSC00522.jpg \/><br \/>\n^ Sonnenaufgang<\/p>\n<p><img src=http:\/\/extra.inmontanis.info\/d\/16034-2\/DSC00531.jpg \/><br \/>\n^ Sonnenaufgang am Croce d&#8217;Aune<\/p>\n<p><img src=http:\/\/ski.inmontanis.info\/d\/158120-2\/DSC00566.jpg \/><br \/>\n^ Pistenplan<\/p>\n<p><a href='http:\/\/ski.inmontanis.info\/d\/158124-2\/ge_avena2013.jpg'><img src=http:\/\/ski.inmontanis.info\/d\/158123-3\/ge_avena2013.jpg \/><\/a><br \/>\n^ GPS-Track Monte Avena 2013<\/p>\n<p><a href='http:\/\/ski.inmontanis.info\/d\/158128-2\/DSC00536.jpg'><img src=http:\/\/ski.inmontanis.info\/d\/158127-3\/DSC00536.jpg \/><\/a><br \/>\n^ DSB Talstation<\/p>\n<p><a href='http:\/\/ski.inmontanis.info\/d\/158132-2\/DSC00539.jpg'><img src=http:\/\/ski.inmontanis.info\/d\/158131-3\/DSC00539.jpg \/><\/a><br \/>\n^ DSB Strecke<\/p>\n<p><a href='http:\/\/ski.inmontanis.info\/d\/158136-2\/DSC00547.jpg'><img src=http:\/\/ski.inmontanis.info\/d\/158135-3\/DSC00547.jpg \/><\/a><br \/>\n^ DSB Bergstation, am Morgen lief der Diesel-Motor.<\/p>\n<p><a href='http:\/\/ski.inmontanis.info\/d\/158182-2\/DSC00550.jpg'><img src=http:\/\/ski.inmontanis.info\/d\/158181-3\/DSC00550.jpg \/><\/a><br \/>\n^ DSB-Abfahrt<\/p>\n<p><a href='http:\/\/ski.inmontanis.info\/d\/158141-2\/DSC00553.jpg'><img src=http:\/\/ski.inmontanis.info\/d\/158140-3\/DSC00553.jpg \/><\/a><br \/>\n^ DSB Talstation<\/p>\n<p><a href='http:\/\/ski.inmontanis.info\/d\/158145-2\/DSC00562.jpg'><img src=http:\/\/ski.inmontanis.info\/d\/158144-3\/DSC00562.jpg \/><\/a><br \/>\n^ Raupentaxi als Verbindung<\/p>\n<p><img src=http:\/\/ski.inmontanis.info\/d\/158149-2\/DSC00563.jpg \/><br \/>\n^ Der Haupt-SL (DM)<\/p>\n<p><img src=http:\/\/ski.inmontanis.info\/d\/158153-2\/DSC00564.jpg \/><br \/>\n^ Talstation<\/p>\n<p><img src=http:\/\/ski.inmontanis.info\/d\/158157-2\/DSC00572.jpg \/><br \/>\n^ Es stehen immer noch die kuriosen Pistenbegrenzungen rum ;-)<\/p>\n<p><img src=http:\/\/ski.inmontanis.info\/d\/158161-2\/DSC00576.jpg \/><br \/>\n^ .. in Blau und in Gr\u00fcn.<\/p>\n<p><img src=http:\/\/ski.inmontanis.info\/d\/158165-2\/DSC00579.jpg \/><br \/>\n^ \u00dcbungs-SL<\/p>\n<p><img src=http:\/\/ski.inmontanis.info\/d\/158169-2\/DSC00581.jpg \/><br \/>\n^ Neuer SL (Meb)<\/p>\n<p><img src=http:\/\/ski.inmontanis.info\/d\/158173-2\/DSC00583.jpg \/><br \/>\n^ Gipfelplateau, vorne der neue Meb-SL mit seinen sch\u00f6nen blauen Stangen, hinten der \u00e4ltere Haupt-SL<\/p>\n<p><img src=http:\/\/ski.inmontanis.info\/d\/158187-2\/DSC00586.jpg \/><br \/>\n^ Neuer SL<\/p>\n<p><a href='http:\/\/ski.inmontanis.info\/d\/158178-2\/DSC00587.jpg'><img src=http:\/\/ski.inmontanis.info\/d\/158177-3\/DSC00587.jpg \/><\/a><br \/>\n^ Talstation des neuen SL (Meb), Abfahrten sind leider sehr leicht und verbindungstechnisch wird trotzdem noch das Pistenraupentaxi in Betrieb gehalten ..<\/p>\n<p>Fazit: Schwierig. Die Abfahrten sind ganz nett, die Verbindung und der neue SL nach wie vor fragw\u00fcrdig. In den n\u00e4chsten 5 Jahren ist aber wohl kein Wiederholungsbesuch meinerseits zu erwarten.<\/p>\n<p>Mittags hab ich mir ein Internet-Package am Handy gekauft, 30 MB f\u00fcr 5,- \u20ac f\u00fcr 24h in der EU, das ist doch annehmbar. Wetter-Check f\u00fcr morgen &#8211; also wozu ich das noch mach, wei\u00df ich nicht. Wenn eh jeder Wetterbericht was anderes meldet. Allerdings wird es in IT auch nicht mehr besser als in Kroatien, und zumindest f\u00fcr die K\u00fcste meldeten 2 Wetterberichte recht sonnig. Gut, dann morgen also nach Platak. <\/p>\n<p>Nebenbei hat sich fixiert, dass mich Trincerone einen Teil der Reise begleiten wird. \u00c4hnlich wie letztes Jahr im Appennin, wo ich ihn irgendwo auf einem unbekannten Bahnhof abgeholt und an einem anderen unbekannten Bf wieder abgegeben hatte, diesmal allerdings mehr als nur 2 Tage.<\/p>\n<p>Da Zagreb auf dem Weg liegt, werd ich ihn vom Flughafen Zagreb am Montag abholen, w\u00e4hrend er am Sonntag von Sofia aus wieder weiter zu seinem n\u00e4chsten Arbeitseinsatz fliegen wird. Trinc war ja schon \u00f6fters in den Ex-Jugo-Nachfolgestaaten, kann also einige praktische Informationen beisteuern.<\/p>\n<p>A propos Ex-Jugo. Ich frag mich ja ernsthaft, ob es z.B. 1990 oder 1988 nicht einfacher gewesen w\u00e4re, diese Skireise, wie wir sie jetzt machen, zu unternehmen? Kroatien, Bosnien, Serbien, Montenegro, Kosovo, Mazedonien, Slowenien .. &#8211; das war ja alles damals &#8220;nur&#8221; eins: Jugoslawien. Also auch nur eine gemeinsame W\u00e4hrung? Keine Grenzen im Land? Keine verschiedenen gesetzlichen Vorschriften? Vielleicht nicht so fortschrittlich wie heutzutage, aber zumindest auch nicht gezeichnet von den Kriegen nach dem Zerfall&#8230;<\/p>\n<p><a href='http:\/\/extra.inmontanis.info\/d\/15782-3\/DSC00594.jpg'><img src=http:\/\/extra.inmontanis.info\/d\/15780-3\/DSC00594.jpg \/><\/a><br \/>\n^ Autobahn in Italien<\/p>\n<p>Nach dem Skifahren hab ich mir noch ein Hotel via Internet gesucht &#8211; und mich f\u00fcr das Hotel-Casino Admiral in Slowenien, kurz hinter Triest, entschieden. Mit 50,- \u00dcF zwar nicht so g\u00fcnstig, aber es gab auch in Italien nichts g\u00fcnstigeres, und viel weiter wollte ich auch nicht mehr fahren heute. Ankunft dort war um 19 Uhr, bis zum Zielskigebiet morgen brauch ich noch ca. 1,5 Stunden. Im Hotel noch ein Hotel f\u00fcr morgen rausgesucht, n\u00e4he Zagreb, m\u00f6glichst nahe am Sigebiet (Medvenica), so dass ich vormittags noch ein paar Stunden fahren kann.<\/p>\n<p>Essen im Hotel war etwas schwierig, es lag zwar am Eingang eine Karte, aber sp\u00e4ter am Tisch bekam ich keine Karte mehr, so dass ich weniger eine Auswahl hatte als eher die Frage gestellt bekam, was ich gern h\u00e4tte und wie ich es gern h\u00e4tte&#8230; \u00e4h&#8230; naja.<\/p>\n<p><a href='http:\/\/extra.inmontanis.info\/d\/16038-2\/DSC00604.jpg'><img src=http:\/\/extra.inmontanis.info\/d\/16036-3\/DSC00604.jpg \/><\/a><br \/>\n^ Heutiges Hotel in Slowenien<\/p>\n<p><a href='http:\/\/extra.inmontanis.info\/d\/16042-2\/DSC00607.jpg'><img src=http:\/\/extra.inmontanis.info\/d\/16040-3\/DSC00607.jpg \/><\/a><br \/>\n^ Hotelzimmer<\/p>\n","protected":false},"excerpt":{"rendered":"<p>S\u00fcdosteuropa 2013, Tag 2: Monte Avena Sa, 16.2.2013<\/p>\n<p>Am Monte Avena war ich ja schon Weihnachten 2008. Damals war die DSB aber nicht in Betrieb, da sie nur am WE ge\u00f6ffnet ist. Die Verbindung zwischen dem SL und der DSB erfolgte damals mit einem Pistenraupentaxi.<\/p>\n<p> <a href=\"http:\/\/blog.inmontanis.info\/?p=2306\">[&#8230;]<\/a><\/p>\n","protected":false},"author":1,"featured_media":0,"comment_status":"open","ping_status":"closed","sticky":false,"template":"","format":"standard","meta":{"footnotes":""},"categories":[117,15,455,27],"tags":[38,91,47],"class_list":["post-2306","post","type-post","status-publish","format-standard","hentry","category-201302sos","category-italienitaly","category-monte-avena","category-skifahren-winterskiing-winter","tag-dsb","tag-graffer","tag-sl","odd"],"_links":{"self":[{"href":"http:\/\/blog.inmontanis.info\/index.php?rest_route=\/wp\/v2\/posts\/2306","targetHints":{"allow":["GET"]}}],"collection":[{"href":"http:\/\/blog.inmontanis.info\/index.php?rest_route=\/wp\/v2\/posts"}],"about":[{"href":"http:\/\/blog.inmontanis.info\/index.php?rest_route=\/wp\/v2\/types\/post"}],"author":[{"embeddable":true,"href":"http:\/\/blog.inmontanis.info\/index.php?rest_route=\/wp\/v2\/users\/1"}],"replies":[{"embeddable":true,"href":"http:\/\/blog.inmontanis.info\/index.php?rest_route=%2Fwp%2Fv2%2Fcomments&post=2306"}],"version-history":[{"count":3,"href":"http:\/\/blog.inmontanis.info\/index.php?rest_route=\/wp\/v2\/posts\/2306\/revisions"}],"predecessor-version":[{"id":9004,"href":"http:\/\/blog.inmontanis.info\/index.php?rest_route=\/wp\/v2\/posts\/2306\/revisions\/9004"}],"wp:attachment":[{"href":"http:\/\/blog.inmontanis.info\/index.php?rest_route=%2Fwp%2Fv2%2Fmedia&parent=2306"}],"wp:term":[{"taxonomy":"category","embeddable":true,"href":"http:\/\/blog.inmontanis.info\/index.php?rest_route=%2Fwp%2Fv2%2Fcategories&post=2306"},{"taxonomy":"post_tag","embeddable":true,"href":"http:\/\/blog.inmontanis.info\/index.php?rest_route=%2Fwp%2Fv2%2Ftags&post=2306"}],"curies":[{"name":"wp","href":"https:\/\/api.w.org\/{rel}","templated":true}]}}