{"id":2301,"date":"2013-02-15T22:54:30","date_gmt":"2013-02-15T21:54:30","guid":{"rendered":"http:\/\/blog.inmontanis.info\/?p=2301"},"modified":"2023-08-01T22:02:16","modified_gmt":"2023-08-01T20:02:16","slug":"nevegal-belluno-15-2-2013","status":"publish","type":"post","link":"http:\/\/blog.inmontanis.info\/?p=2301","title":{"rendered":"Nevegal (Belluno), 15.2.2013"},"content":{"rendered":"<p><strong>S\u00fcdosteuropa 2013, Tag 1: Nevegal (Belluno)<br \/>\nFr, 15.2.2013<\/strong><\/p>\n<p>Mit den Vorarbeiten f\u00fcr die Tour fing ich ja erst eine Woche vor der Reise an &#8211; wollte unbedingt noch mit den Berichten des Urlaubs fertig werden (was bis ca. gestern dauerte). Somit hatte ich die ganze Woche nicht gerade viel Schlaf abbekommen und war gestern Abend ziemlich m\u00fcde. Wollte gegen 19 Uhr, noch vor der ganzen Packerei und den letzten Erledigungen, schlafen und gegen Mitternacht wieder aufstehen.<\/p>\n<p>Hat leider nicht funktioniert. Nach einer Stunde bin ich wieder aufgestanden und hab mit den letzten Vorbereitungen weiter gemacht.<\/p>\n<p>Gegen 22\/23 Uhr ging ich schlie\u00dflich zu Bett und stand um 4 Uhr wieder auf, um die letzten Dinge noch fertig zu machen &#8211; und mir zu \u00fcberlegen, wo es denn heute und morgen hingehen soll.<\/p>\n<p>Schlussendlich fiel die Wahl auf 2 Gebiete im Veneto: Nevegal und Monte Avena. Nevegal wollte ich schon seit l\u00e4ngerem, war Weihnachten 2008 schon mal da, allerdings waren damals zu viel Lifte zu und es mir zu voll und ich bin nur vom oberen Parkplatz mit den Tourenski aufgestiegen.<\/p>\n<p>Gegen 6:15 Uhr kam ich von daheim weg, kurz vor 10 war ich an der Nascivera-DSB Col Canil &#8211; aber die ist inzwischen auch schon stillgelegt: Es waren keine Sessel am Seil :-(<\/p>\n<p><img src=http:\/\/extra.inmontanis.info\/d\/16010-2\/DSC00402.jpg \/><br \/>\n^ Stra\u00dfe von Toblach nach Cortina. Irgendwie find ich das Bild ziemlich genial&#8230;. (wei\u00df nur nicht genau warum)<\/p>\n<p>Die Kassensituation war auch interessant: Die Kassen direkt am Lift waren &#8220;nat\u00fcrlich&#8221; zu, man muss r\u00fcber \u00fcber die Stra\u00dfe. Muss man nicht verstehen. Tageskarte kostet 30,- \u20ac, was f\u00fcr das gebotene, geschrumpfte Gebiet im Vgl. zu den zuletzt besuchten absolut \u00fcberteuert ist.<\/p>\n<p>Wenn es hei\u00dft, dass &#8220;tutto aperto&#8221; ist, sollte man doch annehmen, dass alle Lifte, die auf dem aktuellen Plan eingezeichnet und auf der Homepage aufgef\u00fchrt sind, auch in Betrieb sein sollten? Denkste. Weder die DSB noch der linke SL waren betriebsbereit.<\/p>\n<p>Dem nicht genug, auch ansonsten scheint man eher die Maxime zu haben, nicht mehr als n\u00f6tig zu tun. Dazu geh\u00f6rt anscheinend, dass man die linke Abfahrt komplett aufl\u00e4sst (Skiweg war pr\u00e4pariert, ziemlich kuriose Abfahrt, echt nett), dass man im Skigebiet die eine oder andere Verbindungsabfahrt aufl\u00e4sst, einen schwarzen Hang nicht pr\u00e4pariert und rechts vom Col Toront SL, wo man locker 3 Abfahrten hinzaubern k\u00f6nnte, ein &#8220;Chiuso&#8221;-Schild hin stellt. <\/p>\n<p>Dann wiederum wird die untere rote Abfahrt zur Talstation der stillgeleten DSB halbseitig pr\u00e4pariert, wo man von dort unten ja gar nicht mehr zur\u00fcck zur 3SB kommt.<\/p>\n<p>Recht zweifelhaft, irgendwie&#8230;.<\/p>\n<p>Wollte heute Mittag auch Essen gehen, aber auch hier kam ich nicht zum Zug. Erst unten am \u00dcbungs-SL probiert, war so eine offene Imbissstation. 3 Leute vor mir. Nachdem ich 2-3 Minuten gewartet hab, rief das M\u00e4del hinter der Theke die Nummer 12 zu sich. Wenn ich das richtig verstanden hab, hatte die also nur die 3 Hamburger von dieser Bestellung bearbeitet, zig mal die Laibchen umgedreht und festgedr\u00fcckt und noch nicht mal die Sachen, die die vor mir bestellt hatten, auf die Platte gelegt. <\/p>\n<p>Ne, danke, Schnarchnasen brauch ich weder auf der Stra\u00dfe noch hinter der Theke.<\/p>\n<p>Von den oberen 3 kleinen Rifugios hatte ich auch noch eines probiert. Ich wei\u00df nicht, ob diese Reaktion jemand nachvollziehen kann, man muss es eben im Gesamterlebten sehen. An der SL-Seite des Hauses ist eine rote, massive T\u00fcr neben einem geschlossenen Fensterladen. Machte nicht den Eindruck, dass das ein Eingang sein k\u00f6nnte. An der talw\u00e4rtige Seite gibt&#8217;s eine Doppelfl\u00fcgel-Glast\u00fcre (mit offenem Fensterladen), ein einladender Eingang. Aber? Abgesperrt und ein handschriftlicher Zettel, man solle doch die T\u00fcre auf der anderen Seite nehmen. Da kam ich mir verarscht vor. Bin Kunde und kein Bittsteller und hab keine Lust um&#8217;s ganze Haus rum zu latschen und an jeder T\u00fcr zu r\u00fctteln um irgendwo eine offene T\u00fcr zu finden. M\u00fchselig.<\/p>\n<p>Ebenfalls nervig pr\u00e4sentierte sich der SL Erta, der gerade als ich 2x unten war irgendwelche l\u00e4ngeren Aussetzer hatte. Schieben zur n\u00e4chstm\u00f6glichen Abfahrt hie\u00df es da.<\/p>\n<p>Anstrengend war auch so ein +-5-j\u00e4hriger Zwerg in der 3SB, der mir ein Gespr\u00e4ch raufhing. F\u00fcr die 2 Wanderer unterhalb des Gipfels reichte mein Italienisch, um ihnen zu sagen, wo wir sind, dass es oben nix zum Essen gibt, und dass ein Rifugio auf halber H\u00f6he des SL ist. Aber mit dem 5-j\u00e4hrigen tat ich mich schwer, hab nur ca. die H\u00e4lfte verstanden, was er mich alles gefragt hatte&#8230;<\/p>\n<p>Meerblick hat man \u00fcbrigens auch nur, wenn man von der Bergstation des SL Col Toront ein St\u00fcck aufsteigt. War aber leider heut keine gute Sicht.<\/p>\n<p>(Fotos anklicken zum Vergr\u00f6\u00dfern, soweit nicht vergr\u00f6\u00dfert gepostet)<\/p>\n<p><img src=http:\/\/extra.inmontanis.info\/d\/16026-2\/ge_suedosteuropa12.jpg \/><br \/>\nA: Nevegal<\/p>\n<p><a href='http:\/\/extra.inmontanis.info\/d\/16014-2\/DSC00404.jpg'><img src=http:\/\/extra.inmontanis.info\/d\/16012-3\/DSC00404.jpg \/><\/a><br \/>\n^ Interessante Fels-Schnee-Formation, schaut aus wie ein Osterlamm mit Gl\u00f6ckchen ;)<\/p>\n<p><a href='http:\/\/ski.inmontanis.info\/d\/157965-2\/DSC00515.jpg'><img src=http:\/\/ski.inmontanis.info\/d\/157964-3\/DSC00515.jpg \/><\/a><br \/>\n^ Pistenplan, ist aber wohl auch schon nicht mehr aktuell..<\/p>\n<p><a href='http:\/\/ski.inmontanis.info\/d\/77318-3\/P1310335.JPG'><img src=http:\/\/ski.inmontanis.info\/d\/77317-4\/P1310335.JPG \/><\/a><br \/>\n^ \u00c4lterer Plan<\/p>\n<p>\u00c4lterer Plan mit Namen:<br \/>\n<a href='http:\/\/www.scuolascinevegal.it\/images\/stories\/foto\/nevegal_inverno_fin.jpg'>http:\/\/www.scuolascinevegal.it\/images\/stories\/foto\/nevegal_inverno_fin.jpg<\/a><\/p>\n<p><img src=http:\/\/ski.inmontanis.info\/d\/157969-2\/ge_nevegal2013b.jpg \/><br \/>\n^ GPS-Track, rot die geschlossenen bzw. abgebauten Lifte<\/p>\n<p>Wie man sieht, bin ich die alte schwarze schmale Abfahrt links nicht gefahren &#8211; weil ich leider nicht den Einstieg gefunden hab &#8211; und ich im Vorfeld leider nicht genauer das Sat-Bild angeschaut hatte. (Nebenbei waren die Schneeverh\u00e4ltnisse Off-Piste f\u00fcr mich heute sehr schwierig.)<\/p>\n<p><a href='http:\/\/ski.inmontanis.info\/d\/157973-2\/DSC00407.jpg'><img src=http:\/\/ski.inmontanis.info\/d\/157972-3\/DSC00407.jpg \/><\/a><br \/>\n^ DSB Col Canil, mittlerweile leider auch stillgelegt :-(<\/p>\n<p><a href='http:\/\/ski.inmontanis.info\/d\/157977-2\/DSC00408.jpg'><img src=http:\/\/ski.inmontanis.info\/d\/157976-3\/DSC00408.jpg \/><\/a><br \/>\n^ Biglietteria direkt am Lift? Nein, muss man nicht \u00f6ffnen. Warum auch?<\/p>\n<p><a href='http:\/\/ski.inmontanis.info\/d\/157981-2\/DSC00410.jpg'><img src=http:\/\/ski.inmontanis.info\/d\/157980-3\/DSC00410.jpg \/><\/a><br \/>\n^ .. gegen\u00fcber auf der anderen Stra\u00dfenseite ist ja auch noch eine Biglietteria, die reicht ja auch. Hmpf.<\/p>\n<p><a href='http:\/\/ski.inmontanis.info\/d\/157985-2\/DSC00411.jpg'><img src=http:\/\/ski.inmontanis.info\/d\/157984-3\/DSC00411.jpg \/><\/a><br \/>\n^ 3SB Sektion I<\/p>\n<p><a href='http:\/\/ski.inmontanis.info\/d\/157989-2\/DSC00412.jpg'><img src=http:\/\/ski.inmontanis.info\/d\/157988-3\/DSC00412.jpg \/><\/a><br \/>\n^ Mittelstation 3SB Sektion I &#8211; II<\/p>\n<p><a href='http:\/\/ski.inmontanis.info\/d\/157993-2\/DSC00419.jpg'><img src=http:\/\/ski.inmontanis.info\/d\/157992-3\/DSC00419.jpg \/><\/a><br \/>\n^ 3SB Sektion II und Abfahrt<\/p>\n<p><img src=http:\/\/ski.inmontanis.info\/d\/157997-2\/DSC00423.jpg \/><br \/>\n^ 3SB Sektion II und Abfahrt, sowie oben rechts die beiden SL<\/p>\n<p><img src=http:\/\/ski.inmontanis.info\/d\/158001-2\/DSC00424.jpg \/><br \/>\n^ SL Erte, der \u00e4lteste (funktionierende) Lift im Skigebiet.<\/p>\n<p><img src=http:\/\/ski.inmontanis.info\/d\/158005-2\/DSC00426.jpg \/><br \/>\n^ Gipfelkamm<\/p>\n<p><a href='http:\/\/ski.inmontanis.info\/d\/158009-2\/DSC07462.jpg'><img src=http:\/\/ski.inmontanis.info\/d\/158008-3\/DSC07462.jpg \/><\/a><br \/>\n^ Pano zur Adria, war mit IR noch gerade so sichtbar&#8230;<\/p>\n<p>Im Dezember 2008 hatte ich bessere Fernsicht:<br \/>\n<a href='http:\/\/ski.inmontanis.info\/d\/90127-3\/P1320810.JPG'><img src=http:\/\/ski.inmontanis.info\/d\/90126-4\/P1320810.JPG \/><\/a><br \/>\n^ Dezember 2008<\/p>\n<p><img src=http:\/\/ski.inmontanis.info\/d\/158013-2\/DSC00429.jpg \/><br \/>\n^ Vorne bzw. im mittleren Bereich der stillgelegte SL Busa del Camp ganz rechts im Plan. Hatte das Skigebiet noch ein nettes St\u00fcck erweitert.<\/p>\n<p><img src=http:\/\/ski.inmontanis.info\/d\/158017-2\/DSC00430.jpg \/><br \/>\n^ SL Col Toront, vor wenigen Jahren von CCM erbaut (ersetzt).<\/p>\n<p><img src=http:\/\/ski.inmontanis.info\/d\/158021-2\/DSC00431.jpg \/><br \/>\n^ SL Col Toront, SL Erte, und ganz hinten die 3SB.<\/p>\n<p><img src=http:\/\/ski.inmontanis.info\/d\/158025-2\/DSC00435.jpg \/><br \/>\n^ SL Col Toront Talstation<\/p>\n<p><img src=http:\/\/ski.inmontanis.info\/d\/158108-2\/DSC00437.jpg \/><br \/>\n^ SL Erte und Abfahrt.<\/p>\n<p><a href='http:\/\/ski.inmontanis.info\/d\/158030-2\/DSC00438.jpg'><img src=http:\/\/ski.inmontanis.info\/d\/158029-3\/DSC00438.jpg \/><\/a><br \/>\n^ Abfahrt am SL Erte bzw. in Verl\u00e4ngerung ins Tal<\/p>\n<p><a href='http:\/\/ski.inmontanis.info\/d\/158034-2\/DSC00440.jpg'><img src=http:\/\/ski.inmontanis.info\/d\/158033-3\/DSC00440.jpg \/><\/a><br \/>\n^ Abfahrt am SL Erte (Abzweigung dahin hier rechts) bzw. in Verl\u00e4ngerung die schwarze zur 3SB<\/p>\n<p><a href='http:\/\/ski.inmontanis.info\/d\/158038-2\/DSC00446.jpg'><img src=http:\/\/ski.inmontanis.info\/d\/158037-3\/DSC00446.jpg \/><\/a><br \/>\n^ \u00dcbungs-SL (neu, Meb)<\/p>\n<p><a href='http:\/\/ski.inmontanis.info\/d\/158042-2\/DSC00448.jpg'><img src=http:\/\/ski.inmontanis.info\/d\/158041-3\/DSC00448.jpg \/><\/a><br \/>\n^ Standard-Abfahrt zur 3SB (mit Beleuchtung)<\/p>\n<p><a href='http:\/\/ski.inmontanis.info\/d\/158046-2\/DSC00450.jpg'><img src=http:\/\/ski.inmontanis.info\/d\/158045-3\/DSC00450.jpg \/><\/a><br \/>\n^ Ex-ESL-Talstation<\/p>\n<p><a href='http:\/\/ski.inmontanis.info\/d\/158050-2\/DSC00452.jpg'><img src=http:\/\/ski.inmontanis.info\/d\/158049-3\/DSC00452.jpg \/><\/a><br \/>\n^ Ex-ESL-Talstation<\/p>\n<p><img src=http:\/\/ski.inmontanis.info\/d\/158054-2\/DSC00456.jpg \/><br \/>\n^ In der Mulde stand bis vor kurzem der SL Faverghera 3<\/p>\n<p>Im Dezember 2008 stand der Lift zwar noch, war aber schon nicht mehr in Betrieb:<br \/>\n<a href='http:\/\/ski.inmontanis.info\/d\/90090-3\/P1320792.JPG'><img src=http:\/\/ski.inmontanis.info\/d\/90089-4\/P1320792.JPG \/><\/a><br \/>\n^ Dezember 2008<\/p>\n<p><img src=http:\/\/ski.inmontanis.info\/d\/158058-2\/DSC00460.jpg \/><br \/>\n^ Ehemalige SL-Trasse Faverghera 2<\/p>\n<p><img src=http:\/\/ski.inmontanis.info\/d\/158062-2\/DSC00461.jpg \/><br \/>\n^ SL-Trasse und Abfahrt Faverghera 2. Mittlerweile wird wohl die komplette Faverghera-Seite ignoriert, die Piste von der 3SB aus ist offiziell gesperrt.<\/p>\n<p><a href='http:\/\/ski.inmontanis.info\/d\/158066-2\/DSC00463.jpg'><img src=http:\/\/ski.inmontanis.info\/d\/158065-3\/DSC00463.jpg \/><\/a><br \/>\n^ Auch der SL Ghiro (Faverghera 1) ist nicht mehr in Betrieb.<\/p>\n<p><a href='http:\/\/ski.inmontanis.info\/d\/158112-2\/DSC00465.jpg'><img src=http:\/\/ski.inmontanis.info\/d\/158111-3\/DSC00465.jpg \/><\/a><br \/>\n^ Faverghera-Abfahrt, wird mit einer Spur pr\u00e4pariert, wohl eher f\u00fcr die Tourengeher und Wanderer denn f\u00fcr die Abfahrer &#8211; ist aber ziemlich cool zu fahren ;)<\/p>\n<p><a href='http:\/\/ski.inmontanis.info\/d\/158071-2\/DSC00467.jpg'><img src=http:\/\/ski.inmontanis.info\/d\/158070-3\/DSC00467.jpg \/><\/a><br \/>\n^ Faverghera-Abfahrt, gibt mehrere Wechsel von Wegen und kurzen Abfahrtsst\u00fccken, sehr nett!<\/p>\n<p><a href='http:\/\/ski.inmontanis.info\/d\/158116-2\/DSC00471.jpg'><img src=http:\/\/ski.inmontanis.info\/d\/158115-3\/DSC00471.jpg \/><\/a><br \/>\n^ Faverghera-Abfahrt<\/p>\n<p><a href='http:\/\/ski.inmontanis.info\/d\/158076-2\/DSC00474.jpg'><img src=http:\/\/ski.inmontanis.info\/d\/158075-3\/DSC00474.jpg \/><\/a><br \/>\n^ Skiweg von der Mittelstation r\u00fcber zur schwarzen Erte-Abfahrt<\/p>\n<p><img src=http:\/\/ski.inmontanis.info\/d\/158080-2\/DSC00480.jpg \/><br \/>\n^ Ex-DSB Col Canil Bergstation<\/p>\n<p><img src=http:\/\/ski.inmontanis.info\/d\/158084-2\/DSC00481.jpg \/><br \/>\n^ SL Col Toront (mittlerer Teil)<\/p>\n<p><img src=http:\/\/ski.inmontanis.info\/d\/158088-2\/DSC00485.jpg \/><br \/>\n^ SL Col Toront und DSB Col Canil, links die Abfahrt zum SL Erte<\/p>\n<p><img src=http:\/\/ski.inmontanis.info\/d\/158092-2\/DSC00487.jpg \/><br \/>\n^ Unpr\u00e4parierte Abfahrt (DSB Col Canil) -> kommt man unten an der schwarzen Erte-Abfahrt raus.<\/p>\n<p><img src=http:\/\/ski.inmontanis.info\/d\/158096-2\/DSC00493.jpg \/><br \/>\n^ Mitten im Nirgendwo, typisch italienisch &#8211; keine Ahnung ob da mal irgenwann ein Lift stand ;-)<\/p>\n<p><a href='http:\/\/ski.inmontanis.info\/d\/158100-2\/DSC00499.jpg'><img src=http:\/\/ski.inmontanis.info\/d\/158099-3\/DSC00499.jpg \/><\/a><br \/>\n^ DSB Col Canil<\/p>\n<p><a href='http:\/\/ski.inmontanis.info\/d\/158104-2\/DSC00502.jpg'><img src=http:\/\/ski.inmontanis.info\/d\/158103-3\/DSC00502.jpg \/><\/a><br \/>\n^ DSB Col Canil und Talblick<\/p>\n<p>Fazit: Nevegal hat mich entt\u00e4uscht. Die &#8220;alten&#8221; Kastrierungen waren mir ja bewusst, aber das die Kastration inzwischen noch weiter ging und man es zudem nicht mal schafft, die Abfahrten an den bestehenden Liften in Schuss zu halten. Dazu teure Tageskarten. Das Motto hier scheint zu sein: Wie kann man mit m\u00f6glichst wenig Liften und wenig Arbeit m\u00f6glichst viel Kohle machen? Auf einen Wiederholungsbesuch meinerseits werden sie wohl vergeblich hoffen m\u00fcssen&#8230; (Die Abfahrten selbst, inkl. der linken, waren aber irgendwie schon ganz nett.)<\/p>\n<p>Sommertour von Alpenk\u00f6nig 2009, da standen noch einige der alten Lifte oben:<br \/>\n<a href='http:\/\/www.sommerschi.com\/forum\/reportagen-f8\/friuli-veneto-tour-09-t2066.html#p31134'>http:\/\/www.sommerschi.com\/forum\/reportagen-f8\/friuli-veneto-tour-09-t2066.html#p31134<\/a><\/p>\n<p>Weiter ging&#8217;s zum Passo Croce d&#8217;Aune, da ich ja morgen Monte Avena fahren will. Auch hier war ich zu Weihnachten 2008 schon mal, damals lief aber nur der SL. Die DSB l\u00e4uft ja nur am Wochenende. <\/p>\n<p>\u00dcbernachten tu ich im gleichen Hotel wie letztes Mal, hier waren mir g\u00fcnstige Preise und ein gutes Abendessen in Erinnerung. 45,- kostet die HP (anstatt 33,- anno 2008), aber das ist ja trotzddem noch g\u00fcnstig. Essen gab&#8217;s halt erst um 19:30, daher noch an der Bar ein Croissant gekauft, wie fast \u00fcblich in IT 1,- \u20ac.<\/p>\n<p>Essensm\u00e4\u00dfig hab ich mich nicht ganz f\u00fcr das richtige entschieden &#8211; die Spaghetti Bolognese waren arg \u00f6lig, und als Hauptspeise nahm ich die Polenta mit Stockfisch &#8211; weil ich noch nie Stockfisch gegessen hatte &#8211; war aber auch nicht so mein Fall. Danach Eis (statt Strudel), und dann sehr voll gewesen. Zum Gl\u00fcck hatte ich Mittag nichts gegessen :-)<\/p>\n<p><a href='http:\/\/extra.inmontanis.info\/d\/16022-2\/IMG_0315.jpg'><img src=http:\/\/extra.inmontanis.info\/d\/16020-3\/IMG_0315.jpg \/><\/a><br \/>\n^ Polenta mit Stockfisch &#8211; war leider doch nicht ganz mein Fall..<\/p>\n<p><img src=http:\/\/extra.inmontanis.info\/d\/16018-2\/DSC00513_001.jpg \/><br \/>\n^ Ausblick vom Hotel am Passo Croce d&#8217;Aune runter nach Feltre (10 sek. Langzeit)<\/p>\n<p>Fr\u00fchst\u00fcck war hier in dem 2-Sterne-Albergo auch umfangreicher als in so manchem 3-Sterne-Haus. 4 (kleine, ital.) Semmeln (3 reichten mir), Croissant, Zwieback, verschiedene Marmeladen aus Tirol, Honig, Schokocreme, 2 ver. Joghurt (einer reichte mir), Kakao, O-Saft.<\/p>\n","protected":false},"excerpt":{"rendered":"<p>S\u00fcdosteuropa 2013, Tag 1: Nevegal (Belluno) Fr, 15.2.2013<\/p>\n<p>Mit den Vorarbeiten f\u00fcr die Tour fing ich ja erst eine Woche vor der Reise an &#8211; wollte unbedingt noch mit den Berichten des Urlaubs fertig werden (was bis ca. gestern dauerte). Somit hatte ich die ganze Woche nicht gerade viel Schlaf abbekommen und war gestern Abend <a href=\"http:\/\/blog.inmontanis.info\/?p=2301\">[&#8230;]<\/a><\/p>\n","protected":false},"author":1,"featured_media":0,"comment_status":"open","ping_status":"closed","sticky":false,"template":"","format":"standard","meta":{"footnotes":""},"categories":[117,15,444,27],"tags":[55,38,100,37,47],"class_list":["post-2301","post","type-post","status-publish","format-standard","hentry","category-201302sos","category-italienitaly","category-nevegal","category-skifahren-winterskiing-winter","tag-3sb","tag-dsb","tag-langzeitbelichtung","tag-meer","tag-sl","odd"],"_links":{"self":[{"href":"http:\/\/blog.inmontanis.info\/index.php?rest_route=\/wp\/v2\/posts\/2301","targetHints":{"allow":["GET"]}}],"collection":[{"href":"http:\/\/blog.inmontanis.info\/index.php?rest_route=\/wp\/v2\/posts"}],"about":[{"href":"http:\/\/blog.inmontanis.info\/index.php?rest_route=\/wp\/v2\/types\/post"}],"author":[{"embeddable":true,"href":"http:\/\/blog.inmontanis.info\/index.php?rest_route=\/wp\/v2\/users\/1"}],"replies":[{"embeddable":true,"href":"http:\/\/blog.inmontanis.info\/index.php?rest_route=%2Fwp%2Fv2%2Fcomments&post=2301"}],"version-history":[{"count":6,"href":"http:\/\/blog.inmontanis.info\/index.php?rest_route=\/wp\/v2\/posts\/2301\/revisions"}],"predecessor-version":[{"id":5034,"href":"http:\/\/blog.inmontanis.info\/index.php?rest_route=\/wp\/v2\/posts\/2301\/revisions\/5034"}],"wp:attachment":[{"href":"http:\/\/blog.inmontanis.info\/index.php?rest_route=%2Fwp%2Fv2%2Fmedia&parent=2301"}],"wp:term":[{"taxonomy":"category","embeddable":true,"href":"http:\/\/blog.inmontanis.info\/index.php?rest_route=%2Fwp%2Fv2%2Fcategories&post=2301"},{"taxonomy":"post_tag","embeddable":true,"href":"http:\/\/blog.inmontanis.info\/index.php?rest_route=%2Fwp%2Fv2%2Ftags&post=2301"}],"curies":[{"name":"wp","href":"https:\/\/api.w.org\/{rel}","templated":true}]}}