{"id":2294,"date":"2013-02-15T01:57:48","date_gmt":"2013-02-15T00:57:48","guid":{"rendered":"http:\/\/blog.inmontanis.info\/?p=2294"},"modified":"2013-03-08T08:02:26","modified_gmt":"2013-03-08T07:02:26","slug":"sos-2013-sud-osteuropa-ski-15-2-4-3-2013-intro-best-of","status":"publish","type":"post","link":"http:\/\/blog.inmontanis.info\/?p=2294","title":{"rendered":"SOS 2013 &#8211; S\u00fcd-Osteuropa-Ski, 15.2.-4.3.2013 &#8211; Intro &#038; Best-Of"},"content":{"rendered":"<p>S\u00fcdosteuropa 2013, Tag 0: Intro<\/p>\n<p>Vom 15.2.-4.3.2013 ging&#8217;s in den S\u00fcdosten Europas. Vor 3 Jahren war ich ja schon mal in der Gegend, damaliger Schwerpunkt war Griechenland und Bulgarien. Rum\u00e4nien hatte ich damals aufgrund von Schneemangel und vmtl. zweifelhaftem Wetter auslassen. <\/p>\n<p>Diesmal wollte ich das Verpasste in Rum\u00e4nien nachholen, und auf den Weg in den S\u00fcden einige Nicht-EU-L\u00e4nder mitnehmen (die ich vor 3 Jahren  mangels Reisepass gar nicht h\u00e4tte besuchen k\u00f6nnen).<\/p>\n<p>Leider waren die Wetteraussichten schon zu Tourbeginn nicht gerade vielversprechend. Insbesondere das erste wichtigere Ziel, Zabljak in Montenegro, sollte erst (und nur) am Dienstag und Mittwoch ein wenig Sonne ab bekommen.<\/p>\n<p>Daher nahm ich auf den Weg &#8220;auf den Balkan&#8221; noch 2 Gebiete in Italien mit, und am Ende ergab sich folgende Route und folgende Gebiete:<\/p>\n<p><img src=http:\/\/extra.inmontanis.info\/d\/15766-2\/ge_suedosteuropa1.jpg \/><br \/>\n^ Fahrstrecke und besuchte Skigebiete; Magenta ist der Teil, wo mich Trincerone begleitet hatte<\/p>\n<p>A: Italien, Alpe Nevegal (rechts neben B, nicht sichtbar)<br \/>\nB: Italien, Monte Avena<br \/>\nC: Kroatien, Platak<br \/>\nD: Kroatien, Sljeme\/Zagreb<br \/>\nE: Montenegro, \u017dabljak (Durmitor \/ Savin kuk)<br \/>\nF: Montenegro, Lokve<br \/>\nG: Mazedonien, Mavrovo<br \/>\nH: Mazedonien, Popova Shapka<br \/>\nI: Bulgarien, \u0412\u0438\u0442\u043e\u0448\u0430 (Vitosha\/Witoscha, Sofia)<br \/>\nJ: Bulgarien, \u0411\u043e\u0440\u043e\u0432\u0435\u0446 (Borovets)<br \/>\nK: Bulgarien, \u041a\u0430\u0440\u0442\u0430\u043b\u0430 (Kartala)<br \/>\nL: Rum\u00e4nien, Petro\u015fani\/Parang<br \/>\nM: Rum\u00e4nien, Straja<br \/>\nN: Rum\u00e4nien, Sinaja<br \/>\nO: Rum\u00e4nien, Poiana Bra\u0219ov<br \/>\nP: Rum\u00e4nien, Bor\u0219a<br \/>\nQ: Rum\u00e4nien, Cavnic<br \/>\nR: Rum\u00e4nien, Mogosa\/Suior<br \/>\nS: Slowakei, Tatransk\u00e1 Lomnica<\/p>\n<p>W\u00e4hrend die Gebiete L-S eindeutig zu den Karpaten und A-B zu den Alpen gez\u00e4hlt werden k\u00f6nnen, scheinen mir die anderen Gebiete etwas schwieriger zu werden; anscheinend sind die Gebirge hier teilweise kleiner, lokaler benannt und es fehlt ein wenig ein regionalerer \u00dcberbegriff &#8211; und nachdem ich versucht hab mich etwas n\u00e4her einzulesen &#8211; bin ich jetzt eher verwirrter. <\/p>\n<p>Fest scheint wohl zu stehen, dass ich keinen einzigen Tag im Balkangebirge Skifahren war. Und das, obwohl das Balkangebirge Namensgeber der &#8220;Balkanhalbinsel&#8221; ist :) Und das, obwohl mir der serbische\/bulgarische Name so gef\u00e4llt: \u0421\u0442\u0430\u0440\u0430 \u043f\u043b\u0430\u043d\u0438\u043d\u0430 (Stara Planina)<\/p>\n<p>Egtl. ist das Balkangebirge ja nur die Forsetzung der Karpaten, aber den ligurischen Appennin von den Alpen zu trennen, ist optisch aus dem Nordpiemont aus f\u00fcr mich genauso schwierig, insofern &#8211; ich geb&#8217;s auf, zur\u00fcck zu den Tour-Facts:<\/p>\n<p>5.905 km Autofahrt, 99 Stunden Fahrzeit lt. Bordcomputer <\/p>\n<p>Von den 18 Tagen bin ich an 17 Tagen Ski gefahren.<\/p>\n<p>14 L\u00e4nder bereist, in 7 davon Ski gefahren:<br \/>\n&#8211; Italien (2 Tage Ski)<br \/>\n&#8211; Slowenien<br \/>\n&#8211; Kroatien (2 Tage Ski)<br \/>\n&#8211; Bosnien<br \/>\n&#8211; Montenegro (2 Tage Ski)<br \/>\n&#8211; Kosovo<br \/>\n&#8211; Mazedonien (2 Tage Ski)<br \/>\n&#8211; Bulgarien (3 Tage Ski)<br \/>\n&#8211; Serbien<br \/>\n&#8211; Rum\u00e4nien (5 Tage Ski)<br \/>\n&#8211; Ungarn<br \/>\n&#8211; Slowakei (1 Tage Ski)<br \/>\n&#8211; \u00d6sterreich<br \/>\n&#8211; Deutschland<\/p>\n<p>Wetterm\u00e4\u00dfig war&#8217;s leider ein ziemlicher Reinfall &#8211; nur 3 richtige Sonnen-Tage, an 11 Tagen gab es kaum oder gar keine Sonne beim Skifahren :-( <\/p>\n<p>Falls ich ein Vorabfazit machen soll &#8211; viele der Skigebiete besuch ich ja auch haupts\u00e4chlich wg. des Panoramas, sei es Hochplateaus oder Flachlandpanos &#8211; das ist bei so viel Schlechtwettertagen also ziemlich in die Hose gegangen, somit hab ich ein \u00e4hnliches Gef\u00fchl wie nach meiner Skandinavientour vor 2 Jahren, aber die Erkenntnis ist ja auch was wert: Am besten gef\u00e4llt&#8217;s mir halt in Italien und n\u00e4chstes Jahr will ich wieder in den Appennin bis runter zum \u00c4tna ;-) (Wobei dort bisher heuer kaum Schnee lag und vor kurzem wieder ein Ausbruch war, der mehr Asche ins Skigebiet wehte als bei meinem Besuch vor 1 Jahr, also da hab ich heuer nichts verpasst.)<\/p>\n<p>Unbest\u00e4tigt blieben diverse andere Bef\u00fcrchtungen: Die Reise durch die ehemaligen jugoslawischen L\u00e4nder war absolut problemlos, Schneeketten hab ich auch keine aufziehen m\u00fcssen.<\/p>\n<p>Hier eine Auswahl einiger Fotos als &#8220;Teaser&#8221; bzw. &#8220;Best-Of&#8221;. Sind diesmal etwas mehr geworden, war doch einiges Sehenswertes dabei.<\/p>\n<p><img src=http:\/\/extra.inmontanis.info\/d\/15770-2\/DSC00437.jpg \/><br \/>\nNevegal<\/p>\n<p><img src=http:\/\/extra.inmontanis.info\/d\/15774-2\/DSC00513.jpg \/><br \/>\nAvena<\/p>\n<p><img src=http:\/\/extra.inmontanis.info\/d\/15778-2\/DSC00576.jpg \/><br \/>\nAvena<\/p>\n<p><img src=http:\/\/extra.inmontanis.info\/d\/15782-2\/DSC00594.jpg \/><br \/>\nItalien<\/p>\n<p><img src=http:\/\/extra.inmontanis.info\/d\/15786-2\/DSC07479.jpg \/><br \/>\nPlatak \/ Kroatien<\/p>\n<p><img src=http:\/\/extra.inmontanis.info\/d\/15790-2\/DSC00715.jpg \/><br \/>\nZagreb<\/p>\n<p><img src=http:\/\/extra.inmontanis.info\/d\/15794-2\/DSC00773.jpg \/><br \/>\nZagreb<\/p>\n<p><img src=http:\/\/extra.inmontanis.info\/d\/15798-2\/DSC00819.jpg \/><br \/>\nBosnien<\/p>\n<p><img src=http:\/\/extra.inmontanis.info\/d\/15802-2\/DSC00833.jpg \/><br \/>\nMontenegro<\/p>\n<p><img src=http:\/\/extra.inmontanis.info\/d\/15806-2\/DSC00847.jpg \/><br \/>\nMontenegro<\/p>\n<p><img src=http:\/\/extra.inmontanis.info\/d\/15810-2\/DSC00894.jpg \/><br \/>\nZabljak (Schabljak)<\/p>\n<p><img src=http:\/\/extra.inmontanis.info\/d\/15814-2\/DSC00907.jpg \/><br \/>\nZabljak<\/p>\n<p><img src=http:\/\/extra.inmontanis.info\/d\/15818-2\/DSC00933.jpg \/><br \/>\nZabljak<\/p>\n<p><img src=http:\/\/extra.inmontanis.info\/d\/15822-2\/DSC00993.jpg \/><br \/>\nZabljak<\/p>\n<p><img src=http:\/\/extra.inmontanis.info\/d\/15826-2\/DSC00984.jpg \/><br \/>\nZabljak<\/p>\n<p><img src=http:\/\/extra.inmontanis.info\/d\/15830-2\/DSC01011.jpg \/><br \/>\nMontenegro<\/p>\n<p><img src=http:\/\/extra.inmontanis.info\/d\/15834-2\/DSC01020.jpg \/><br \/>\nMontenegro<\/p>\n<p><img src=http:\/\/extra.inmontanis.info\/d\/15838-2\/DSC01047.jpg \/><br \/>\nLokve \/ Montenegro<\/p>\n<p><img src=http:\/\/extra.inmontanis.info\/d\/15842-2\/DSC01077.jpg \/><br \/>\nLokve \/ Montenegro<\/p>\n<p><img src=http:\/\/extra.inmontanis.info\/d\/15846-2\/DSC01180.jpg \/><br \/>\nKosovo<\/p>\n<p><img src=http:\/\/extra.inmontanis.info\/d\/15850-2\/DSC01211.jpg \/><br \/>\nMavrovo \/ Mazedonien<\/p>\n<p><img src=http:\/\/extra.inmontanis.info\/d\/15854-2\/DSC01265.jpg \/><br \/>\nMavrovo<\/p>\n<p><img src=http:\/\/extra.inmontanis.info\/d\/15858-2\/DSC01291.jpg \/><br \/>\nMavrovo<\/p>\n<p><img src=http:\/\/extra.inmontanis.info\/d\/15862-2\/DSC01384.jpg \/><br \/>\nPopova Shapka \/ Mazedonien<\/p>\n<p><img src=http:\/\/extra.inmontanis.info\/d\/15866-2\/DSC01400.jpg \/><br \/>\nPopova Shapka<\/p>\n<p><img src=http:\/\/extra.inmontanis.info\/d\/15870-2\/DSC01420.jpg \/><br \/>\nPopova Shapka<\/p>\n<p><img src=http:\/\/extra.inmontanis.info\/d\/15874-2\/DSC01435.jpg \/><br \/>\nMazedonien<\/p>\n<p><img src=http:\/\/extra.inmontanis.info\/d\/15878-2\/DSC01454.jpg \/><br \/>\nVitosha\/Sofia \/ Bulgarien<\/p>\n<p><img src=http:\/\/extra.inmontanis.info\/d\/15882-2\/DSC01485.jpg \/><br \/>\nVitosha<\/p>\n<p><img src=http:\/\/extra.inmontanis.info\/d\/15886-2\/DSC01499.jpg \/><br \/>\nVitosha<\/p>\n<p><img src=http:\/\/extra.inmontanis.info\/d\/15890-2\/DSC01526.jpg \/><br \/>\nVitosha<\/p>\n<p><img src=http:\/\/extra.inmontanis.info\/d\/15894-2\/DSC01647.jpg \/><br \/>\nBorovets \/ Bulgarien<\/p>\n<p><img src=http:\/\/extra.inmontanis.info\/d\/15898-2\/DSC01669.jpg \/><br \/>\nBorovets<\/p>\n<p><img src=http:\/\/extra.inmontanis.info\/d\/15902-2\/DSC01737.jpg \/><br \/>\nKartala \/ Bulgarien<\/p>\n<p><img src=http:\/\/extra.inmontanis.info\/d\/15906-2\/DSC01814.jpg \/><br \/>\nBulgarien<\/p>\n<p><img src=http:\/\/extra.inmontanis.info\/d\/15910-2\/DSC01947.jpg \/><br \/>\nDonau, Grenze Serbien-Rum\u00e4nien<\/p>\n<p><img src=http:\/\/extra.inmontanis.info\/d\/15914-2\/DSC02025.jpg \/><br \/>\nN\u00e4he Petrosani (Petroschani) \/ Rum\u00e4nien<\/p>\n<p><img src=http:\/\/extra.inmontanis.info\/d\/15918-2\/DSC02054.jpg \/><br \/>\nStraja \/ Rum\u00e4nien<\/p>\n<p><img src=http:\/\/extra.inmontanis.info\/d\/15922-2\/DSC02063.jpg \/><br \/>\nStraja<\/p>\n<p><img src=http:\/\/extra.inmontanis.info\/d\/15926-2\/DSC02068.jpg \/><br \/>\nStraja (Das Seil konnte man mit blo\u00dfen H\u00e4nden greifen ;-) )<\/p>\n<p><img src=http:\/\/extra.inmontanis.info\/d\/15930-2\/DSC02182.jpg \/><br \/>\nBusteni (Buschteni) \/ Rum\u00e4nien<\/p>\n<p><img src=http:\/\/extra.inmontanis.info\/d\/15934-2\/DSC02312.jpg \/><br \/>\nSinaia \/ Rum\u00e4nien<\/p>\n<p><img src=http:\/\/extra.inmontanis.info\/d\/15938-2\/DSC02345.jpg \/><br \/>\nSinaia<\/p>\n<p><img src=http:\/\/extra.inmontanis.info\/d\/15942-2\/DSC02424.jpg \/><br \/>\nSinaia<\/p>\n<p><img src=http:\/\/extra.inmontanis.info\/d\/15946-2\/DSC02489.jpg \/><br \/>\nSinaia<\/p>\n<p><img src=http:\/\/extra.inmontanis.info\/d\/15950-2\/DSC02532.jpg \/><br \/>\nKronstadt (Brasov) \/ Rum\u00e4nien<\/p>\n<p><img src=http:\/\/extra.inmontanis.info\/d\/15954-2\/DSC02587.jpg \/><br \/>\nPoiana Brasov (Braschov) \/ Rum\u00e4nien<\/p>\n<p><img src=http:\/\/extra.inmontanis.info\/d\/15958-2\/DSC07631.jpg \/><br \/>\nPoiana Brasov<\/p>\n<p><img src=http:\/\/extra.inmontanis.info\/d\/15962-2\/DSC02611.jpg \/><br \/>\nPoiana Brasov<\/p>\n<p><img src=http:\/\/extra.inmontanis.info\/d\/15966-2\/DSC02670.jpg \/><br \/>\nRum\u00e4nien<\/p>\n<p><img src=http:\/\/extra.inmontanis.info\/d\/15970-2\/DSC02714.jpg \/><br \/>\nBorsa (Borscha) \/ Rum\u00e4nien<\/p>\n<p><img src=http:\/\/extra.inmontanis.info\/d\/15974-2\/DSC02797.jpg \/><br \/>\nCavnic \/ Rum\u00e4nien<\/p>\n<p><img src=http:\/\/extra.inmontanis.info\/d\/15978-2\/DSC02939.jpg \/><br \/>\nMogosa \/ Rum\u00e4nien<\/p>\n<p><img src=http:\/\/extra.inmontanis.info\/d\/15982-2\/DSC03028.jpg \/><br \/>\nRum\u00e4nien<\/p>\n<p><img src=http:\/\/extra.inmontanis.info\/d\/15986-2\/DSC03080.jpg \/><br \/>\nPoprad \/ Slowakei<\/p>\n<p><img src=http:\/\/extra.inmontanis.info\/d\/15990-2\/DSC03119.jpg \/><br \/>\nTatranska Lomnica \/ Slowakei<\/p>\n<p><img src=http:\/\/extra.inmontanis.info\/d\/15994-2\/DSC03183.jpg \/><br \/>\nTatranska Lomnica <\/p>\n<p>Obwohl mein Auto im Kosovo (gratis) gewaschen wurde, schaut es mittlerweile so aus:<br \/>\n<img src=http:\/\/extra.inmontanis.info\/d\/15998-2\/DSC03191.jpg \/><br \/>\n.. momentan fahr ich diese Schmutzkruste aber eher mit Stolz herum, das hat nicht jeder und in den Alpen bekommt man so &#8216;was nicht ;-) <\/p>\n<p><img src=http:\/\/extra.inmontanis.info\/d\/16002-2\/DSC03248.jpg \/><br \/>\nDoch weniger als ich gedacht h\u00e4tte! Aber gut, ich hab ja auch Griechenland ausgelassen.<\/p>\n<p>Naja, und da ich ja in so vielen L\u00e4ndern unterwegs war &#8230;.<br \/>\nErnsthaft, ich hab mich zur\u00fcckgehalten, bei weitem nicht jeden Riegel und jedes Croissant in den Einkaufswagen getan. Und ich war auch nicht in jedem Land einkaufen! Aber es ist doch etwas viel geworden diesmal:<\/p>\n<p><img src=http:\/\/extra.inmontanis.info\/d\/16006-2\/DSC03280.jpg \/><\/p>\n<p>Detailberichte folgen.<\/p>\n","protected":false},"excerpt":{"rendered":"<p>S\u00fcdosteuropa 2013, Tag 0: Intro<\/p>\n<p>Vom 15.2.-4.3.2013 ging&#8217;s in den S\u00fcdosten Europas. Vor 3 Jahren war ich ja schon mal in der Gegend, damaliger Schwerpunkt war Griechenland und Bulgarien. Rum\u00e4nien hatte ich damals aufgrund von Schneemangel und vmtl. zweifelhaftem Wetter auslassen. <\/p>\n<p>Diesmal wollte ich das Verpasste in Rum\u00e4nien nachholen, und auf den Weg in <a href=\"http:\/\/blog.inmontanis.info\/?p=2294\">[&#8230;]<\/a><\/p>\n","protected":false},"author":1,"featured_media":0,"comment_status":"open","ping_status":"closed","sticky":false,"template":"","format":"standard","meta":{"footnotes":""},"categories":[117,27],"tags":[],"class_list":["post-2294","post","type-post","status-publish","format-standard","hentry","category-201302sos","category-skifahren-winterskiing-winter","odd"],"_links":{"self":[{"href":"http:\/\/blog.inmontanis.info\/index.php?rest_route=\/wp\/v2\/posts\/2294","targetHints":{"allow":["GET"]}}],"collection":[{"href":"http:\/\/blog.inmontanis.info\/index.php?rest_route=\/wp\/v2\/posts"}],"about":[{"href":"http:\/\/blog.inmontanis.info\/index.php?rest_route=\/wp\/v2\/types\/post"}],"author":[{"embeddable":true,"href":"http:\/\/blog.inmontanis.info\/index.php?rest_route=\/wp\/v2\/users\/1"}],"replies":[{"embeddable":true,"href":"http:\/\/blog.inmontanis.info\/index.php?rest_route=%2Fwp%2Fv2%2Fcomments&post=2294"}],"version-history":[{"count":6,"href":"http:\/\/blog.inmontanis.info\/index.php?rest_route=\/wp\/v2\/posts\/2294\/revisions"}],"predecessor-version":[{"id":2300,"href":"http:\/\/blog.inmontanis.info\/index.php?rest_route=\/wp\/v2\/posts\/2294\/revisions\/2300"}],"wp:attachment":[{"href":"http:\/\/blog.inmontanis.info\/index.php?rest_route=%2Fwp%2Fv2%2Fmedia&parent=2294"}],"wp:term":[{"taxonomy":"category","embeddable":true,"href":"http:\/\/blog.inmontanis.info\/index.php?rest_route=%2Fwp%2Fv2%2Fcategories&post=2294"},{"taxonomy":"post_tag","embeddable":true,"href":"http:\/\/blog.inmontanis.info\/index.php?rest_route=%2Fwp%2Fv2%2Ftags&post=2294"}],"curies":[{"name":"wp","href":"https:\/\/api.w.org\/{rel}","templated":true}]}}