{"id":2291,"date":"2013-01-28T23:44:40","date_gmt":"2013-01-28T22:44:40","guid":{"rendered":"http:\/\/blog.inmontanis.info\/?p=2291"},"modified":"2023-08-03T22:14:15","modified_gmt":"2023-08-03T20:14:15","slug":"crevacol-28-1-2013","status":"publish","type":"post","link":"http:\/\/blog.inmontanis.info\/?p=2291","title":{"rendered":"Crevacol, 28.1.2013"},"content":{"rendered":"<p><strong>Randgebiete &#8211; letzter Tag 11: Montag, 28.1.2013 &#8211; Ala di Stura, Champorcher, Crevacol<\/strong><\/p>\n<p>Geplantes Ziel war heute Ala di Stura. Letzter Eintrag auf deren Homepage von Anfang Januar, dass die Abfahrt ab St\u00fctze 5 offen w\u00e4re. Aber seitdem sind 2 Wochen vergangen, es hat im Piemont \u00f6fters geschneit, also sollte es ja inzwischen genug geben, dass der SL auf ganzer L\u00e4nge in Betrieb ist?<\/p>\n<p>Einfahrt ins Tal. Hui, wenig Schnee hier. Kurz vor Ala, Zoom ins Skigebiet. Ne, der SL ist nicht ab oben ge\u00f6ffnet. Und fahren tut er auch nicht. (Lt. Homepage ist montags ganztags Betrieb.) <!--more--><\/p>\n<p>(Fotos anklicken zum Vergr\u00f6\u00dfern, soweit nicht vergr\u00f6\u00dfert gepostet.)<\/p>\n<p><img src=http:\/\/extra.inmontanis.info\/d\/15454-2\/ge_randgebiete201301f.jpg \/><br \/>\nM: Crevacol<\/p>\n<p><a href='http:\/\/extra.inmontanis.info\/d\/15744-2\/DSC00184.jpg'><img src=http:\/\/extra.inmontanis.info\/d\/15742-3\/DSC00184.jpg \/><\/a><br \/>\n^ Das Val di Ala pr\u00e4sentiert sich etwas schneearm &#8230;.<\/p>\n<p><a href='http:\/\/ski.inmontanis.info\/d\/157842-2\/DSC00187.jpg'><img src=http:\/\/ski.inmontanis.info\/d\/157841-3\/DSC00187.jpg \/><\/a><br \/>\n^ Skigebiet Ala di Stura \/ Karfen<\/p>\n<p>Also umkehren. Wohin? Gibt hier nicht all zu viel Auswahl in der Gegend, die ich nicht gerade besucht hatte (Usseglio), die ich besuchen will, die offen haben und die nicht in der entgegengesetzten Richtung liegen.<\/p>\n<p><a href='http:\/\/extra.inmontanis.info\/d\/15748-2\/DSC00190.jpg'><img src=http:\/\/extra.inmontanis.info\/d\/15746-3\/DSC00190.jpg \/><\/a><br \/>\n^ Von weiter weg sieht man immer nur das rote Licht und verlangsamt &#8211; irgendwie ungut, diese italienische Ampel-Eigenart.<\/p>\n<p>Hab mich f\u00fcr Champorcher entschieden, am Anfang des Aostatals, mit der Agudio-EUB. War ich ja schon mal dort, aber das halbe Skigebiet war damals gesperrt, u.a. die lange 4KSB wg. Wind. Um 12:20 angekommen, die Zeit bis zur Halbtageskarte um 12:30 mit Fotos \u00fcberbr\u00fcckt und dann gesagt bekommen, dass Wind ist und die obere 4KSB eingestellt wurde. Na dann brauch ich nicht rauf.<\/p>\n<p><a href='http:\/\/ski.inmontanis.info\/d\/157846-2\/DSC00196.jpg'><img src=http:\/\/ski.inmontanis.info\/d\/157845-3\/DSC00196.jpg \/><\/a><br \/>\n^ 6EUB in Champorcher<\/p>\n<p><a href='http:\/\/ski.inmontanis.info\/d\/157850-2\/DSC00200.jpg'><img src=http:\/\/ski.inmontanis.info\/d\/157849-3\/DSC00200.jpg \/><\/a><br \/>\n^ Talstation<\/p>\n<p><a href='http:\/\/ski.inmontanis.info\/d\/157854-2\/DSC00203.jpg'><img src=http:\/\/ski.inmontanis.info\/d\/157853-3\/DSC00203.jpg \/><\/a><br \/>\n^ Der talseitige Ausgang wurde im Laufe der Zeit wohl hier hin verlegt, die Treppe unten wurde einfach zugebaut :)<\/p>\n<p><a href='http:\/\/ski.inmontanis.info\/d\/157858-2\/DSC00205.jpg'><img src=http:\/\/ski.inmontanis.info\/d\/157857-3\/DSC00205.jpg \/><\/a><br \/>\n^ Talstation<\/p>\n<p>Wohin jetzt? Das Aostatal ist meinerseits die am wenigsten beachtete Region Italiens, allerdings gab&#8217;s von den kleineren Gebieten doch 2, die ich durchaus mal besuchen wollte: Cogne und Crevacol. Ins Raster der &#8220;Randgebiete&#8221; passt keines mehr, insofern muss ich zum Schluss doch noch eine Ausnahme machen. Anfahrzeit war ident, aber Crevacol liegt direkt am Gr.St.Bernard-Tunnel, da k\u00f6nnte man ja dar\u00fcber heimfahren. <\/p>\n<p>Um 14 Uhr an der DSB angekommen. Aushang an der Talstation: Nur die untere DSB ist offen. Naja, jetzt noch wo anders hin, hat keinen Sinn. Halbtageskarte um 16,- gekauft und gesagt bekommen, es sei zwar starker Wind, aber die obere 3SB wurde gerade ge\u00f6ffnet. Supi.<\/p>\n<p>Die Lage des Skigebiets ist relativ interessant und von der Bergstation der 3SB sieht man direkt hinter auf den Pass. Die Abfahrten gehen teilweise im weiten Bogen und in verschiedenen Gel\u00e4ndekammern runter, sind allerdings tw. modellierter und verst\u00e4rkt mit Fangz\u00e4unen versehen. Leider war der Wind nicht nur stark, sondern auch eisig kalt, so dass es nur begrenzt Spa\u00df machte. Hab mich aber doch zusammengerissen und bis zum Schluss um 16:30 geblieben. Die schwarze Talabfahrt war leider gesperrt und mangels Einsicht und Erfahrung bin ich sie nicht gefahren (k\u00f6nnte ja auch wg. Lawinengefahr gesperrt gewesen sein.)<\/p>\n<p><img src=http:\/\/extra.inmontanis.info\/d\/15752-2\/DSC00208.jpg \/><br \/>\n^ Aostatal<\/p>\n<p><img src=http:\/\/extra.inmontanis.info\/d\/15756-2\/DSC00211.jpg \/><br \/>\n^ Talschluss auf der Gr.-St.Bernard-Stra\u00dfe<\/p>\n<p><a href='http:\/\/ski.inmontanis.info\/d\/157870-2\/DSC00213.jpg'><img src=http:\/\/ski.inmontanis.info\/d\/157869-3\/DSC00213.jpg \/><\/a><br \/>\n^ Talstation DSB<\/p>\n<p><img src=http:\/\/ski.inmontanis.info\/d\/157874-2\/DSC00214.jpg \/><br \/>\n^ Strecke DSB<\/p>\n<p><a href='http:\/\/ski.inmontanis.info\/d\/157878-2\/DSC00215.jpg'><img src=http:\/\/ski.inmontanis.info\/d\/157877-3\/DSC00215.jpg \/><\/a><br \/>\n^ Pistenplan, Abfahrt 1 war heute gesperrt.<\/p>\n<p><img src=http:\/\/ski.inmontanis.info\/d\/157961-2\/ge_crevacol2013.jpg \/><br \/>\n^ GPS-Track<\/p>\n<p><img src=http:\/\/ski.inmontanis.info\/d\/157882-2\/DSC00218.jpg \/><br \/>\n^ DSB und Stra\u00dfe<\/p>\n<p><img src=http:\/\/ski.inmontanis.info\/d\/157886-2\/DSC00221.jpg \/><br \/>\n^ Gr.St.Bernard-Stra\u00dfe (zum Tunnel)<\/p>\n<p><img src=http:\/\/ski.inmontanis.info\/d\/157890-2\/DSC00223.jpg \/><br \/>\n^ Talabfahrt neben der Stra\u00dfe<\/p>\n<p><a href='http:\/\/ski.inmontanis.info\/d\/157894-2\/DSC00224.jpg'><img src=http:\/\/ski.inmontanis.info\/d\/157893-3\/DSC00224.jpg \/><\/a><br \/>\n^ Die direkte Talabfahrt<\/p>\n<p><img src=http:\/\/ski.inmontanis.info\/d\/157898-2\/DSC00225.jpg \/><br \/>\n^ DSB und Stra\u00dfe<\/p>\n<p><img src=http:\/\/ski.inmontanis.info\/d\/157952-2\/DSC00227.jpg \/><br \/>\n^ DSB und Stra\u00dfe<\/p>\n<p><img src=http:\/\/ski.inmontanis.info\/d\/157903-2\/DSC00230.jpg \/><br \/>\n^ Pano Talschluss<\/p>\n<p><img src=http:\/\/ski.inmontanis.info\/d\/157907-2\/DSC00231.jpg \/><br \/>\n^ In der 3SB mit ungew\u00f6hnlicher Farbgebung<\/p>\n<p><img src=http:\/\/ski.inmontanis.info\/d\/157911-2\/DSC00234.jpg \/><br \/>\n^ Blick von der 3SB zur DSB Bergstation<\/p>\n<p><a href='http:\/\/ski.inmontanis.info\/d\/157915-2\/DSC00237.jpg'><img src=http:\/\/ski.inmontanis.info\/d\/157914-3\/DSC00237.jpg \/><\/a><br \/>\n^ 3SB und Blick talausw\u00e4rts<\/p>\n<p><img src=http:\/\/ski.inmontanis.info\/d\/157957-2\/DSC00240.jpg \/><br \/>\n^ 3SB oberer Teil<\/p>\n<p><a href='http:\/\/ski.inmontanis.info\/d\/157920-2\/DSC00241.jpg'><img src=http:\/\/ski.inmontanis.info\/d\/157919-3\/DSC00241.jpg \/><\/a><br \/>\n^ Tunnelabfahrt &#8230;&#8230;<\/p>\n<p><a href='http:\/\/ski.inmontanis.info\/d\/157924-2\/DSC00246.jpg'><img src=http:\/\/ski.inmontanis.info\/d\/157923-3\/DSC00246.jpg \/><\/a><br \/>\n^ 3SB Bergstation, immerhin maximal oben.<\/p>\n<p><img src=http:\/\/ski.inmontanis.info\/d\/157928-2\/DSC00249.jpg \/><br \/>\n^ Blick zur Gr.-St-Bernard-Passstra\u00dfe<\/p>\n<p><a href='http:\/\/ski.inmontanis.info\/d\/157932-2\/DSC00250.jpg'><img src=http:\/\/ski.inmontanis.info\/d\/157931-3\/DSC00250.jpg \/><\/a><br \/>\n^ Rechte Abfahrt<\/p>\n<p><img src=http:\/\/ski.inmontanis.info\/d\/157936-2\/DSC00252.jpg \/><br \/>\n^ Abfahrten an der 3SB, die rechten enden in zwei kurzen Waldst\u00fccken<\/p>\n<p><img src=http:\/\/ski.inmontanis.info\/d\/157940-2\/DSC00253.jpg \/><br \/>\n^ 3SB<\/p>\n<p><img src=http:\/\/ski.inmontanis.info\/d\/157944-2\/DSC00256.jpg \/><br \/>\n^ Talabfahrt, Talstation, Parkplatz, &#8230;<\/p>\n<p><img src=http:\/\/ski.inmontanis.info\/d\/157948-2\/DSC00257.jpg \/><br \/>\n^ Abfahrt unter der Stra\u00dfe, DSB dar\u00fcber.<\/p>\n<p>Fazit: Irgendwie ganz nett, das Gebiet.<\/p>\n<p>Zur\u00fcck ging&#8217;s diesmal also ausnahmsweise \u00fcber den kostenpflichtigen Gr.St.Bernhard-Tunnel, mit 25,- \u20ac f\u00fcr meinen Geschmack grenzwertig. Daf\u00fcr war die Autobahnfahrt durch die Schweiz recht angenehm stressfrei. Am Genfersee entlang hab ich mich kurz ge\u00e4rgert, nicht doch heute statt letzter Woche in Thollon gewesen zu sein, zumindest w\u00e4re das Wetter etwas besser gewesen. <\/p>\n<p><a href='http:\/\/extra.inmontanis.info\/d\/15760-2\/DSC00269.jpg'><img src=http:\/\/extra.inmontanis.info\/d\/15758-3\/DSC00269.jpg \/><\/a><br \/>\n^ Ui, Vollmond, oder fast.<\/p>\n<p>In der Rastst\u00e4tte Rheintal &#8211; wer wei\u00df, wann ich wieder da vorbei komm &#8211; um 21 Uhr noch &#8216;ne Portion \u00c4lplermakkaroni gegessen. Dann ein Erlebnis an der Grenze in Feldkirch die &#8211; im Gegensatz zu den letzten Malen &#8211; besetzt war. Und wenn die besetzt ist, werd ich da auch angehalten. <\/p>\n<p>Hatte mich diesmal gefragt, wo ich herkomme. Denkpause. &#8220;Ja, wo war ich heut eigentlich.&#8221; Mist. Wenn mir das nicht bald einf\u00e4llt, werd ich doch sicherlich l\u00e4nger \u00fcberpr\u00fcft. Aber was muss der mich auch fragen, wo ich heut war. Nach 6h Autobahnfahrt, nur noch die Zukunft in Gedanken, wissen sollen, wo ich heut gewesen bin &#8230;. Denkpause. &#8220;Italien!&#8221; &#8211;  &#8220;Sie kommen aus Italien?&#8221; &#8211; &#8220;Ja, war heut in Italien Skifahren.&#8221; &#8211; &#8220;Okeh, fahren&#8217;s weiter.&#8221; ..  Zum Gl\u00fcck hat der nicht weiter gefragt, mir w\u00e4re der Name des Skigebiets heute ja nie eingefallen ;)<\/p>\n<p>Am Arlbergpass hab ich in Stuben noch einen kurzen Fotostopp eingelegt, nachdem ich mir das schon l\u00e4nger mal vorgenommen hatte &#8230; war aber glaub ich \u00fcber Weihnachten alles sch\u00f6ner beleuchtet. Aber Mond hat gepasst.<\/p>\n<p><img src=http:\/\/ski.inmontanis.info\/d\/157862-3\/DSC00289.jpg \/><br \/>\n^ Stuben am Arlberg bei Vollmond (20sec). Vollmond mit Halo hatte ich jetzt auch noch nie fotografiert.<\/p>\n<p><img src=http:\/\/ski.inmontanis.info\/d\/157866-3\/DSC00296.jpg \/><br \/>\n^ Stuben bei Nacht (20sec)<\/p>\n<p>Hat nat\u00fcrlich nochmal etwas Zeit gekostet, so dass ich erst um 0:20 Uhr daheim war. Lt. Navi waren&#8217;s 2.800km, aber es k\u00f6nnte sein, dass die ersten 2 Tage, wo ich von Innsbruck nach DE gefahren bin, nicht dabei waren.<\/p>\n<p>(Ende)<\/p>\n","protected":false},"excerpt":{"rendered":"<p>Randgebiete &#8211; letzter Tag 11: Montag, 28.1.2013 &#8211; Ala di Stura, Champorcher, Crevacol<\/p>\n<p>Geplantes Ziel war heute Ala di Stura. Letzter Eintrag auf deren Homepage von Anfang Januar, dass die Abfahrt ab St\u00fctze 5 offen w\u00e4re. Aber seitdem sind 2 Wochen vergangen, es hat im Piemont \u00f6fters geschneit, also sollte es ja inzwischen genug geben, <a href=\"http:\/\/blog.inmontanis.info\/?p=2291\">[&#8230;]<\/a><\/p>\n","protected":false},"author":1,"featured_media":0,"comment_status":"open","ping_status":"closed","sticky":false,"template":"","format":"standard","meta":{"footnotes":""},"categories":[116,498,15,27],"tags":[55,39,79,38,100],"class_list":["post-2291","post","type-post","status-publish","format-standard","hentry","category-201301-randgebiete","category-crevacol","category-italienitaly","category-skifahren-winterskiing-winter","tag-3sb","tag-6eub","tag-agudio","tag-dsb","tag-langzeitbelichtung","odd"],"_links":{"self":[{"href":"http:\/\/blog.inmontanis.info\/index.php?rest_route=\/wp\/v2\/posts\/2291","targetHints":{"allow":["GET"]}}],"collection":[{"href":"http:\/\/blog.inmontanis.info\/index.php?rest_route=\/wp\/v2\/posts"}],"about":[{"href":"http:\/\/blog.inmontanis.info\/index.php?rest_route=\/wp\/v2\/types\/post"}],"author":[{"embeddable":true,"href":"http:\/\/blog.inmontanis.info\/index.php?rest_route=\/wp\/v2\/users\/1"}],"replies":[{"embeddable":true,"href":"http:\/\/blog.inmontanis.info\/index.php?rest_route=%2Fwp%2Fv2%2Fcomments&post=2291"}],"version-history":[{"count":3,"href":"http:\/\/blog.inmontanis.info\/index.php?rest_route=\/wp\/v2\/posts\/2291\/revisions"}],"predecessor-version":[{"id":9033,"href":"http:\/\/blog.inmontanis.info\/index.php?rest_route=\/wp\/v2\/posts\/2291\/revisions\/9033"}],"wp:attachment":[{"href":"http:\/\/blog.inmontanis.info\/index.php?rest_route=%2Fwp%2Fv2%2Fmedia&parent=2291"}],"wp:term":[{"taxonomy":"category","embeddable":true,"href":"http:\/\/blog.inmontanis.info\/index.php?rest_route=%2Fwp%2Fv2%2Fcategories&post=2291"},{"taxonomy":"post_tag","embeddable":true,"href":"http:\/\/blog.inmontanis.info\/index.php?rest_route=%2Fwp%2Fv2%2Ftags&post=2291"}],"curies":[{"name":"wp","href":"https:\/\/api.w.org\/{rel}","templated":true}]}}