{"id":2288,"date":"2013-01-27T23:42:41","date_gmt":"2013-01-27T22:42:41","guid":{"rendered":"http:\/\/blog.inmontanis.info\/?p=2288"},"modified":"2023-08-02T22:14:13","modified_gmt":"2023-08-02T20:14:13","slug":"saint-gree-lurisia-27-1-2013","status":"publish","type":"post","link":"http:\/\/blog.inmontanis.info\/?p=2288","title":{"rendered":"Saint Gr\u00e9\u00e9 &#038; Lurisia, 27.1.2013"},"content":{"rendered":"<p><strong>Randgebiete &#8211; Tag 10: Sonntag, 27.1.2013 &#8211; Saint Gr\u00e9\u00e9 &#038; Lurisia<\/strong><\/p>\n<p>Nachdem ich mich so einigerma\u00dfen entschieden hab, wo es morgen auf keine Fall hingeht, wollte ich morgens doch noch schnell ein Hotel buchen. Umgebung Turin, dann h\u00e4tte ich morgen noch einige Variationsm\u00f6glichkeiten. Dadurch kam ich aber leider ca. 20 Minuten sp\u00e4ter weg als geplant, und dazu f\u00fchrten mich meine beiden Navis auch noch auf einen Schleichweg nach Saint Gr\u00e9\u00e9, der im Winter nicht ger\u00e4umt wird. Also, bis zu einem Teil schon, danach kommt man aber nur noch zu einem Privatweg. Super. <!--more--><\/p>\n<p><img src=http:\/\/extra.inmontanis.info\/d\/15454-2\/ge_randgebiete201301f.jpg \/><br \/>\nK: Saint Gr\u00e9\u00e9<br \/>\nL: Lurisia<\/p>\n<p><a href='http:\/\/extra.inmontanis.info\/d\/15680-2\/DSC09990.jpg'><img src=http:\/\/extra.inmontanis.info\/d\/15678-3\/DSC09990.jpg \/><\/a><br \/>\n^ Da hat mich mein Navi in die Irre geleitet (das wusste ich zum Fotozeitpunkt noch nicht!) &#8211; ab dort oben war die Stra\u00dfe nicht mehr ger\u00e4umt und ich musste umkehren &#8230;<\/p>\n<p>Der R\u00e4umdienst hatte zwei Nischen am Rand gemacht. Grenzwertig. Aber bevor ich hier ewig lang im R\u00fcckw\u00e4rtsgang retour muss, muss ich&#8217;s versuchen. Ging sich gerade so aus, wobei die Eisplatten auf der Stra\u00dfe von Vorteil waren, denn so konnte ich mich quasi auf dem Fleck drehen. Naja, so schlimm war&#8217;s nicht, die Hinterr\u00e4der standen fest auf Schnee und die Vorderreifen rutschten halt seitlich ab, bis sie von der Eisplatte unten waren und man wieder geradeaus die Stra\u00dfe runter fahren konnte. Ohne der Eisplatte h\u00e4tte ich halt 1x mehr vor-zur\u00fcck-setzen m\u00fcssen :) Arx. Einmal pro Saison muss mir irgend so ein Schei\u00df doch immer passieren.<\/p>\n<p>Jedenfalls war das in Summe noch mal 20 Minuten Zeitverlust, so dass ich erst um 10:20 Uhr am Parkplatz in Saint Gr\u00e9\u00e9 ankam. Halbtageskarte um 11,- \u20ac gekauft (Tageskarte h\u00e4tte 16,- gekostet) und 6x die DSB gefahren. Eine Runde DSB+Abfahrt bedeutet ungef\u00e4hr 20 Minuten (mit Zwischenhalte und paar Fotos). Glaub wenn der Vallone-SL oben wie geplant wieder errichtet werden sollte, w\u00fcrd ich mir hier &#8216;ne Tageskarte kaufen. Die 2 Hauptabfahrten sind echt nett. Wobei die eine unten sogar verl\u00e4ngert wurde im Vergleich zu vor 2 Jahren!<\/p>\n<p>(Fotos anklicken zum Vergr\u00f6\u00dfern, soweit nicht vergr\u00f6\u00dfert gepostet.)<\/p>\n<p><a href='http:\/\/ski.inmontanis.info\/d\/157708-2\/DSC09994.jpg'><img src=http:\/\/ski.inmontanis.info\/d\/157707-3\/DSC09994.jpg \/><\/a><br \/>\n^ In der DSB<\/p>\n<p><img src=http:\/\/ski.inmontanis.info\/d\/157712-2\/DSC09999.jpg \/><br \/>\n^ Pano mit DSB<\/p>\n<p><a href='http:\/\/ski.inmontanis.info\/d\/157716-2\/DSC00001.jpg'><img src=http:\/\/ski.inmontanis.info\/d\/157715-3\/DSC00001.jpg \/><\/a><br \/>\n^ Blick zur ehemaligen ESL-Bergstation &#8211; und die neue H\u00fctte rechts<\/p>\n<p><a href='http:\/\/ski.inmontanis.info\/d\/157767-2\/DSC00002.jpg'><img src=http:\/\/ski.inmontanis.info\/d\/157766-3\/DSC00002.jpg \/><\/a><br \/>\n^ Abfahrt<\/p>\n<p><a href='http:\/\/ski.inmontanis.info\/d\/157721-2\/DSC00005.jpg'><img src=http:\/\/ski.inmontanis.info\/d\/157720-3\/DSC00005.jpg \/><\/a><br \/>\n^ Neu reaktivierte Abfahrtsvariante (GPS-Track unten rechts)<\/p>\n<p><img src=http:\/\/ski.inmontanis.info\/d\/157725-2\/DSC00006.jpg \/><br \/>\n^ Auf der neu reaktivierten Abfahrtsvariante<\/p>\n<p><img src=http:\/\/ski.inmontanis.info\/d\/157729-2\/DSC00008.jpg \/><br \/>\n^ Verlassene Geb\u00e4ude von der ersten Epoche<\/p>\n<p><img src=http:\/\/ski.inmontanis.info\/d\/157771-2\/DSC00009.jpg \/><br \/>\n^ Mitten durch die verlassenen Geb\u00e4ude .. naja, fast &#8230;<\/p>\n<p><img src=http:\/\/ski.inmontanis.info\/d\/157734-2\/DSC00016.jpg \/><br \/>\n^ Verlassener Komplex .. sogar &#8216;ne Rolltreppe gab&#8217;s hier!<\/p>\n<p><img src=http:\/\/ski.inmontanis.info\/d\/157738-2\/DSC00018.jpg \/><br \/>\n^ Ex-ESL-Talstation, dahinter die neue DSB<\/p>\n<p><img src=http:\/\/ski.inmontanis.info\/d\/157742-2\/DSC00022.jpg \/><br \/>\n^ Alter Plan, leider wurde hier und da etwas ausradiert ..<\/p>\n<p><a href='http:\/\/ski.inmontanis.info\/d\/157746-2\/DSC00025.jpg'><img src=http:\/\/ski.inmontanis.info\/d\/157745-3\/DSC00025.jpg \/><\/a><br \/>\n^ Ex-Talstation des ESL<\/p>\n<p><img src=http:\/\/ski.inmontanis.info\/d\/157775-2\/DSC00027.jpg \/><br \/>\n^ Verfallene \u00dcberreste der alten Zeit<\/p>\n<p><img src=http:\/\/ski.inmontanis.info\/d\/157751-2\/DSC00030.jpg \/><br \/>\n^ Verlassen und verfallen &#8230;<\/p>\n<p><img src=http:\/\/ski.inmontanis.info\/d\/157755-2\/DSC00031.jpg \/><br \/>\n^ Neue DSB samt schwarzer Abfahrt<\/p>\n<p><img src=http:\/\/ski.inmontanis.info\/d\/157759-2\/DSC07445.jpg \/><br \/>\n^ \u00dcber den Wolken (IR)<\/p>\n<p><a href='http:\/\/ski.inmontanis.info\/d\/157763-2\/ge_gree2013.jpg'><img src=http:\/\/ski.inmontanis.info\/d\/157762-3\/ge_gree2013.jpg \/><\/a><br \/>\n^ GPS-Track 2013<\/p>\n<p>Um 12:30 ging&#8217;s weiter nach Lurisia, wo ich um 13:30 ankam. Wir erinnern uns: Lurisia h\u00e4tte heuer gar nicht \u00f6ffnen sollen, dann sprangen die Betreiber von Crissolo ein (das ja egtl. selbst auch immer haarscharf an der Schlie\u00dfung vorbeischlittert und vor einigen Jahren um den rechten Teil kastriert wurde). Kurioserweise gibt&#8217;s als Skip\u00e4sse sogar die Aufkleber-Skip\u00e4sse von Crissolo, mit Crissolo-Aufschrift :) Und das, wo man in Lurisia doch erst die alten Skidata-Leser mit neuen ersetzt und auf Funkkarten umgestellt hatte&#8230;. <\/p>\n<p>Halbtageskarte kostete 15,50 \u20ac. Dass die linke Seite zu war, wusste ich ja. Allerdings geht man wohl auch mit dem Rest sehr fragw\u00fcrdig um. Ok, es ist positiv, dass die Arbeiten am Blaust\u00fctzen-SL Genzianella angefangen wurden und er im Februar in Betrieb gehen soll, ebenso wie der Rest! Aber, und jetzt der Kritikpunkt: Man hat von den in Betrieb befindlichen beiden langen Haupt-SL Betulla und Pineta die meisten Abfahrten geschlossen oder zumindest unpr\u00e4pariert. Beide Steilh\u00e4nge am Betulla, und alle 3 rechten Abfahrten am Pineta. Selbst am geschlossenen Genzianella hatte man nur 1 Abfahrt offen. Ja, es gab letzte Woche 70-100cm Neuschnee, aber dann f\u00e4ngt man halt schon am Donnerstag oder Freitag mit dem Pr\u00e4parieren an, und nicht erst am Samstag fr\u00fch, so wie es jetzt den Anschein macht?! Zwei der genannten Abfahrten waren grundpr\u00e4pariert. Wenn das 1 Tag fr\u00fcher gemacht worden w\u00e4re, h\u00e4tte es doch reichen m\u00fcssen, sie Samstag abend richtig pr\u00e4parieren zu k\u00f6nnen?<\/p>\n<p><img src=http:\/\/ski.inmontanis.info\/d\/157779-2\/DSC00037.jpg \/><br \/>\n^ Heute nur der Gondellift (rechts) in Betrieb.<br \/>\n(Nein, das ist nicht mein Auto)<\/p>\n<p><a href='http:\/\/ski.inmontanis.info\/d\/157783-2\/DSC00038.jpg'><img src=http:\/\/ski.inmontanis.info\/d\/157782-3\/DSC00038.jpg \/><\/a><br \/>\n^ .. aber die restlichen Lifte sollen diese Saison auch noch \u00f6ffnen, man m\u00f6cht&#8217;s kaum glauben!<\/p>\n<p><img src=http:\/\/ski.inmontanis.info\/d\/157833-2\/DSC00046.jpg \/><br \/>\n^ Im Gondellift<\/p>\n<p><a href='http:\/\/ski.inmontanis.info\/d\/157788-2\/DSC00049.jpg'><img src=http:\/\/ski.inmontanis.info\/d\/157787-3\/DSC00049.jpg \/><\/a><br \/>\n^ Gondelkabine<\/p>\n<p><img src=http:\/\/ski.inmontanis.info\/d\/157792-2\/DSC00074.jpg \/><br \/>\n^ SL Betulla<\/p>\n<p><img src=http:\/\/ski.inmontanis.info\/d\/157796-2\/DSC00079.jpg \/><br \/>\n^ Ski mit Logo<\/p>\n<p><img src=http:\/\/ski.inmontanis.info\/d\/157838-2\/DSC00081.jpg \/><br \/>\n^ Gondellift \/ Eiergondelbahn \/ Ovovia<\/p>\n<p><img src=http:\/\/ski.inmontanis.info\/d\/157801-2\/DSC00087.jpg \/><br \/>\n^ SL Betulla<\/p>\n<p><img src=http:\/\/ski.inmontanis.info\/d\/157805-2\/DSC00090.jpg \/><br \/>\n^ SL Betulla<\/p>\n<p><img src=http:\/\/ski.inmontanis.info\/d\/157809-2\/DSC00091.jpg \/><br \/>\n^ SL Pineta (rechts) und SL Genzianella (noch nicht in Betrieb). Die Abfahrt daneben war erst grundpr\u00e4pariert&#8230;.<\/p>\n<p><img src=http:\/\/ski.inmontanis.info\/d\/157813-2\/DSC00093.jpg \/><br \/>\n^ SL Betulla und Gondellift<\/p>\n<p><img src=http:\/\/ski.inmontanis.info\/d\/157817-2\/DSC00097.jpg \/><br \/>\n^ SL Betulla und Gondellift<\/p>\n<p><img src=http:\/\/ski.inmontanis.info\/d\/157821-2\/DSC00106.jpg \/><br \/>\n^ Konnte es nicht lassen &#8230; ehemalige Abfahrt am SL Pineta<\/p>\n<p><img src=http:\/\/ski.inmontanis.info\/d\/157825-2\/DSC00125.jpg \/><br \/>\n^ Zoom Monviso mit SL Pineta<\/p>\n<p><a href='http:\/\/ski.inmontanis.info\/d\/157829-2\/DSC00169.jpg'><img src=http:\/\/ski.inmontanis.info\/d\/157828-3\/DSC00169.jpg \/><\/a><br \/>\n^ Anstatt alte Karten von Lurisia zu verwenden, haben die neuen Betreiber aus Crissolo sogar ihre  Skip\u00e4sse mitgenommen &#8230;<\/p>\n<p>Video Mitfahrt SL Pineta &#038; Betulla:<br \/>\n<object style=\"height: 500px; width: 900px\"><param name=\"movie\" value=\"http:\/\/www.youtube.com\/v\/YMeOZUrPtdY\"><\/param><param name=\"wmode\" value=\"transparent\"><\/param><embed src=\"http:\/\/www.youtube.com\/v\/YMeOZUrPtdY\" type=\"application\/x-shockwave-flash\" wmode=\"transparent\"  width=\"900\" height=\"480\"><\/embed><\/object><\/p>\n<p>Wie schon gesagt, hatte ich heute morgen noch ein Hotel in der Umgebung von Turin gebucht (via booking.com). Diesmal nicht f\u00fcr&#8217;s g\u00fcnstigste entschieden, sondern f\u00fcr eines, wo \u00dcF 50,40 \u20ac gekostet hat. Allerdings ist das hier ein 4-Sterne-Hotel, und wenn man so &#8216;was um den Preis kriegen kann&#8230; und ja, der Aufpreis zum Eurhotel ist es wert. Allerdings, wie beim Eurhotel (Silvester), zickt das WLan. Mit iPhone geht&#8217;s (wenn auch nur im Vorraum der Empfang gut genug ist), mit dem Netbook bzw. Ultrabook nicht. Komische Seuche hier. <\/p>\n<p>Jedenfalls war das Hotel gar nicht so einfach zu finden, beide Navis hatten es zumindet nicht unter diesem Namen drin. Gab dann zum Gl\u00fcck Stra\u00dfenschilder. Und w\u00e4re doch fast vorbei. Denn das &#8220;Turin Airport Hotel-Residence&#8221; liegt im Obergeschoss eines kleinen Einkaufszentrums. Bis ich da die Rezeption gefunden hab!<\/p>\n<p>.. allerdings ist das echt ein Schn\u00e4ppchenpreis. Der Maximalpreise f\u00fcr&#8217;s Zimmer &#8211; ohne Fr\u00fchst\u00fcck &#8211; ist in der Hochsaison 250,- \u20ac pro Tag!! Ein riesiges, modern eingerichtes Zimmer, sogar mit Kochnische, und gro\u00dfem Baderaum. Ziemlich geil. Noch geiler w\u00e4re es, wenn das WLan mit Windows 8 funktionieren w\u00fcrde. Und wenn es im Bad einen F\u00f6n g\u00e4be. Ein 4-Sterne-Hotel und kein F\u00f6n im Bad? Na liegt sicher an dem Supersonderpreiszimmer&#8230; :)<\/p>\n<p><img src=http:\/\/extra.inmontanis.info\/d\/15684-2\/DSC00132.jpg \/><br \/>\n^ Riesiges Hotelzimmer<\/p>\n<p><a href='http:\/\/extra.inmontanis.info\/d\/15688-2\/DSC00135.jpg'><img src=http:\/\/extra.inmontanis.info\/d\/15686-3\/DSC00135.jpg \/><\/a><br \/>\n^ .. sogar mit Kochnische &#8230;<\/p>\n<p><a href='http:\/\/extra.inmontanis.info\/d\/15692-2\/DSC00134.jpg'><img src=http:\/\/extra.inmontanis.info\/d\/15690-3\/DSC00134.jpg \/><\/a><br \/>\n^ .. und gro\u00dfem Bad. Aber ohne F\u00f6n!?<\/p>\n<p><a href='http:\/\/extra.inmontanis.info\/d\/15696-2\/DSC00137.jpg'><img src=http:\/\/extra.inmontanis.info\/d\/15694-3\/DSC00137.jpg \/><\/a><br \/>\n^ Normalpreis f\u00fcr das Zimmer bis zu 250,- \u0080 ohne Fr\u00fchst\u00fcck (ich hab 50,40 inkl. Fr\u00fchst\u00fcck bezahlt &#8230;) &#8211; man beachte auch die Monatspreise &#8230;.<\/p>\n<p>Nebenbei ist das mindestens das 2. Hotel in diesem Urlaub, wo ich an meinem Zimmer vorbei gegangen bin, weil es kein Zimmer mit der Nummer 113 gibt :)<\/p>\n<p>Die Schallisolierung zum Einkaufszentrum ist sehr gut. Das Fr\u00fchst\u00fccksbuffet dagegen hinterlie\u00df mich eher etwas zweifeln. Ok, es gab Wurst, Schinken, K\u00e4se, Marmeladen, Yoghurt, M\u00fcsli\/Cerealien, Croissants, kleiner Kuchen, S\u00e4fte, Obst &#8230; aber: Die Semmeln (nur Sesam) waren so klein wie H\u00fchnereier, Marmeladen (2 Sorten) &#038; Yoghurt waren nur offen &#8211; und es gab kein Nutella o.\u00e4. Ich wei\u00df ja nicht, was das Fr\u00fchst\u00fcck normalerweise hier kosten w\u00fcrde, aber da war das Buffet um 5,95 in den franz\u00f6sische Ibis-Budgets doch wesentlich kompatibler zu meinem Geschmack. Allein wenn ich an diese leckeren knusprigen franz\u00f6sischen Baguettes denke ;-)<\/p>\n<p>Restaurant hat&#8217;s direkt im Hotel auch keins, allerdings kann man sich Pizza bringen lassen, eine kleine Speisekarte liegt im Zimmer. Bzw. gibt&#8217;s unten im Einkaufszentrum einen Pizza-Imbiss. Und unweit im Ort ist ein richtiges Restaurant (Pizzeria). Sehr sch\u00f6n eingerichtet, die W\u00e4nde in schimmernden Gold- und Kupfer gestrichen, mit steinernen (und mit Moos dekorierten) Torb\u00f6gen an der Wand mit gro\u00dfen Landschaftsmalerein. <\/p>\n<p><a href='http:\/\/extra.inmontanis.info\/d\/15700-2\/IMG_0308.jpg'><img src=http:\/\/extra.inmontanis.info\/d\/15698-3\/IMG_0308.jpg \/><\/a><br \/>\n^ H\u00fcbsche Pizzeria in der N\u00e4he des Hotels<\/p>\n<p><a href='http:\/\/extra.inmontanis.info\/d\/15704-2\/IMG_0310.jpg'><img src=http:\/\/extra.inmontanis.info\/d\/15702-3\/IMG_0310.jpg \/><\/a><br \/>\n^ Leckere Pizza Salsiccia e Peperoni (Bratwurst und Paprika)<\/p>\n<p>Zwei Kritikpunkte muss ich aber doch wieder loswerden:<br \/>\nErstens wird zumindest einem Touristen wie mir das Gedeck um 2,- \u20ac verrechnet, wobei, wie \u00fcblich, wenn man eine Pizza bestellt, kein Bortkorb hingestellt wird.<br \/>\nUnd zweitens die in der Karte und der Rechnung vermerkten &#8220;1 l Mineralwasser&#8221; um 2,- \u20ac (und damit doppelt so teuer wie der halbe Liter), der in einer Art Karaffenflasche gebracht wird, auf dessen Boden &#8220;70 cl&#8221; eingraviert steht. Da muss ich mich nicht wundern, dass nach Pizza und Dessert die Flasche schon leer war&#8230; W\u00e4re mal interessant, ob man beim halben Liter dann eine 0,33er Flasche bekommt, oder ob man tats\u00e4chlcih einen halben Liter bekommt. Denn dann w\u00e4ren zwei halbe Liter \u00e0 1 \u20ac g\u00fcnstiger als 0,7 Liter um 2,- \u20ac. Aber ansonsten ist das Restaurant empfehlenswert, genauso wie das Hotel (zumindest wenn man&#8217;s um den Preis online buchen kann ;) ).<\/p>\n<p><a href='http:\/\/extra.inmontanis.info\/d\/15708-2\/DSC00138.jpg'><img src=http:\/\/extra.inmontanis.info\/d\/15706-3\/DSC00138.jpg \/><\/a><br \/>\n^ Das Hotel befindet sich im ersten Stock \u00fcber den Gesch\u00e4ften<\/p>\n<p><a href='http:\/\/extra.inmontanis.info\/d\/15712-2\/DSC00166.jpg'><img src=http:\/\/extra.inmontanis.info\/d\/15710-3\/DSC00166.jpg \/><\/a><br \/>\n^ Schrank und Griff<\/p>\n<p><img src=http:\/\/extra.inmontanis.info\/d\/15716-2\/DSC00142.jpg \/><br \/>\n^ T\u00fcrgriff &#8211; vom Design her genial, aber mit den harten Kanten absolut bl\u00f6d an zu fassen (scharf!) &#8230;<\/p>\n<p><a href='http:\/\/extra.inmontanis.info\/d\/15720-2\/DSC00145.jpg'><img src=http:\/\/extra.inmontanis.info\/d\/15718-3\/DSC00145.jpg \/><\/a><br \/>\n^ Heizungssteuerung<\/p>\n<p><img src=http:\/\/extra.inmontanis.info\/d\/15724-2\/DSC00149.jpg \/><br \/>\n^ Mein neues Vaio Duo 11 &#8230;<\/p>\n<p><img src=http:\/\/extra.inmontanis.info\/d\/15728-2\/DSC00156.jpg \/><br \/>\n^ &#8230; kann man &#8230;<\/p>\n<p><img src=http:\/\/extra.inmontanis.info\/d\/15732-2\/DSC00178.jpg \/><br \/>\n^ .. bei dieser Einrichtung ..<\/p>\n<p><img src=http:\/\/extra.inmontanis.info\/d\/15736-2\/DSC00171.jpg \/><br \/>\n^ .. sehr stilvoll ..<\/p>\n<p><img src=http:\/\/extra.inmontanis.info\/d\/15740-2\/DSC00164.jpg \/><br \/>\n^ .. fotografieren :-)<\/p>\n<p>(N\u00e4chster Teil: von Ala bis Aosta)<\/p>\n","protected":false},"excerpt":{"rendered":"<p>Randgebiete &#8211; Tag 10: Sonntag, 27.1.2013 &#8211; Saint Gr\u00e9\u00e9 &#038; Lurisia<\/p>\n<p>Nachdem ich mich so einigerma\u00dfen entschieden hab, wo es morgen auf keine Fall hingeht, wollte ich morgens doch noch schnell ein Hotel buchen. Umgebung Turin, dann h\u00e4tte ich morgen noch einige Variationsm\u00f6glichkeiten. Dadurch kam ich aber leider ca. 20 Minuten sp\u00e4ter weg als geplant, <a href=\"http:\/\/blog.inmontanis.info\/?p=2288\">[&#8230;]<\/a><\/p>\n","protected":false},"author":1,"featured_media":0,"comment_status":"open","ping_status":"closed","sticky":false,"template":"","format":"standard","meta":{"footnotes":""},"categories":[116,15,231,27,233,32],"tags":[44,51,38,80,47],"class_list":["post-2288","post","type-post","status-publish","format-standard","hentry","category-201301-randgebiete","category-italienitaly","category-lurisia","category-skifahren-winterskiing-winter","category-st-gree","category-lostplaces","tag-2eub","tag-architektur","tag-dsb","tag-marchisio","tag-sl","odd"],"_links":{"self":[{"href":"http:\/\/blog.inmontanis.info\/index.php?rest_route=\/wp\/v2\/posts\/2288","targetHints":{"allow":["GET"]}}],"collection":[{"href":"http:\/\/blog.inmontanis.info\/index.php?rest_route=\/wp\/v2\/posts"}],"about":[{"href":"http:\/\/blog.inmontanis.info\/index.php?rest_route=\/wp\/v2\/types\/post"}],"author":[{"embeddable":true,"href":"http:\/\/blog.inmontanis.info\/index.php?rest_route=\/wp\/v2\/users\/1"}],"replies":[{"embeddable":true,"href":"http:\/\/blog.inmontanis.info\/index.php?rest_route=%2Fwp%2Fv2%2Fcomments&post=2288"}],"version-history":[{"count":3,"href":"http:\/\/blog.inmontanis.info\/index.php?rest_route=\/wp\/v2\/posts\/2288\/revisions"}],"predecessor-version":[{"id":8572,"href":"http:\/\/blog.inmontanis.info\/index.php?rest_route=\/wp\/v2\/posts\/2288\/revisions\/8572"}],"wp:attachment":[{"href":"http:\/\/blog.inmontanis.info\/index.php?rest_route=%2Fwp%2Fv2%2Fmedia&parent=2288"}],"wp:term":[{"taxonomy":"category","embeddable":true,"href":"http:\/\/blog.inmontanis.info\/index.php?rest_route=%2Fwp%2Fv2%2Fcategories&post=2288"},{"taxonomy":"post_tag","embeddable":true,"href":"http:\/\/blog.inmontanis.info\/index.php?rest_route=%2Fwp%2Fv2%2Ftags&post=2288"}],"curies":[{"name":"wp","href":"https:\/\/api.w.org\/{rel}","templated":true}]}}