{"id":2285,"date":"2013-01-26T23:41:01","date_gmt":"2013-01-26T22:41:01","guid":{"rendered":"http:\/\/blog.inmontanis.info\/?p=2285"},"modified":"2023-02-22T20:03:18","modified_gmt":"2023-02-22T19:03:18","slug":"garessio-26-1-2013","status":"publish","type":"post","link":"http:\/\/blog.inmontanis.info\/?p=2285","title":{"rendered":"Garessio, 26.1.2013"},"content":{"rendered":"<p><strong>Randgebiete &#8211; Tag 9: Samstag, 26.1.2013 &#8211; Garessio<\/strong><\/p>\n<p>Da ich gestern keine Lust mehr hatte, hab ich heut fr\u00fch nach Hotels im Internet gesucht. Dreiviertelstunde lang, aber nix gefunden, zumindest nicht bei booking.com, zumindest nicht, was mich angesprochen h\u00e4tte. Entweder kein gratis Wlan, oder keine gratis Parkpl\u00e4tze, oder zu teuer (bzw. im Endeffekt auch dann zu teuer, wenn Wlan+Parkplatzgeb\u00fchren dazu k\u00e4men) etc. Also dann eben auf die altmodische Tour, 2 Hotels via Homepages in Santo Stefano, wo ich morgen hin wollte, notiert, deren Preise gepasst hatten.<\/p>\n<p>Dadurch kam ich nat\u00fcrlich &#8216;ne halbe Stunde sp\u00e4ter weg als gedacht, und so kam ich nach 2,5h Fahrt erst um 10 Uhr in Garessio an.<!--more--><\/p>\n<p><img src=http:\/\/extra.inmontanis.info\/d\/15454-2\/ge_randgebiete201301f.jpg \/><br \/>\nJ: Garessio<\/p>\n<p><img src=http:\/\/extra.inmontanis.info\/d\/15672-2\/DSC09852.jpg \/><br \/>\n^ Morgend\u00e4mmerung vom Hotelzimmer<\/p>\n<p><img src=http:\/\/extra.inmontanis.info\/d\/15676-2\/DSC09863.jpg \/><br \/>\n^ Autobahn am Meer<\/p>\n<p>Tageskarte kostete 17,- \u20ac plus 5,- Pfand f\u00fcr eine RFID-Karte, f\u00fcr die aber (noch?) keine Zutrittsleser installiert sind. Stattdessen \u00fcberpr\u00fcft ein Mitarbeiter sporadisch mittels eines Handlesers. Ich wurde aber nur ein einziges Mal \u00fcberpr\u00fcft, scheint also eher selten gemacht zu werden. Seltsam&#8230;<\/p>\n<p>Im Gegensatz zur Facebook-Meldung von getern Abend waren nat\u00fcrlich mal wieder nicht alle Abfahrten ge\u00f6ffnet. Die 2. Abfahrt am Kurven-SL war noch geschlossen.<br \/>\n<em>&#8220;Domani sabato 26 gennaio tutte le piste ed impianti aperti&#8230;.freeride su Primo Sole e Direttissima&#8221;<\/em><\/p>\n<p>Was die hier immer f\u00fcr ein Theater haben. Schon Weihnachten haben sie knapp &#8216;ne Woche lang vermeldet &#8220;der Lift ist fast betriebsbereit&#8221;, &#8220;bald geht er auf&#8221;, &#8220;am Wochenende geht er endlich in Betrieb&#8221; usw.  Au\u00dferdem gibt&#8217;s etliche Abfahrtsschneisen, die aufgelassen wurden oder heute unpr\u00e4pariert waren. Faulheit? <\/p>\n<p>Schlimmer war allerdings, dass das Meer mal wieder unter einer Dunstschicht steckte. Sogar die ganze Po-Ebene war unter einer hohen Dunstschicht, so dass man selbst die Gipfel des Appennins erst am sp\u00e4ten Nachmittag sehen konnte. Leider kam ich auch in Infrarot nicht viel besser durch die Suppe. Schade. Allerding hat&#8217;s nachmittags so ausgesehen, als w\u00e4re alles Meer, die ganze Po-Ebene und dort wo das richtige w\u00e4re, da es einen ungew\u00f6hnlich scharfen Rand zum Himmel gab.<\/p>\n<p>(Fotos anklicken zum Vergr\u00f6\u00dfern, soweit nicht vergr\u00f6\u00dfert gepostet.)<\/p>\n<p><img src=http:\/\/ski.inmontanis.info\/d\/157523-2\/ge_garessio2013.jpg \/><br \/>\n^ GPS-Track 2013<\/p>\n<p><a href='http:\/\/ski.inmontanis.info\/d\/157527-2\/DSC09872.jpg'><img src=http:\/\/ski.inmontanis.info\/d\/157526-3\/DSC09872.jpg \/><\/a><br \/>\n^ SL Praietto, wurde seit meinem letzten Besuch neu von CCM gebaut<\/p>\n<p><a href='http:\/\/ski.inmontanis.info\/d\/157531-2\/DSC09873.jpg'><img src=http:\/\/ski.inmontanis.info\/d\/157530-3\/DSC09873.jpg \/><\/a><br \/>\n^ DSB Berlino<\/p>\n<p><img src=http:\/\/ski.inmontanis.info\/d\/157678-2\/DSC09876.jpg \/><br \/>\n^ DSB Berlino und links die ehemaligen Korblift-St\u00fctzen. Seit meinem letzten Besuch, 2008, wurde das Seil entfernt!<\/p>\n<p><img src=http:\/\/ski.inmontanis.info\/d\/157536-2\/DSC09880.jpg \/><br \/>\n^ Meer-Pano, ganz rechts unten sah man es etwas schimmernd, der Rest war leider unter der Dunstdecke.<\/p>\n<p><img src=http:\/\/ski.inmontanis.info\/d\/157540-2\/DSC09888.jpg \/><br \/>\n^ Panorama-Abfahrt am SL Mussiglione<\/p>\n<p><img src=http:\/\/ski.inmontanis.info\/d\/157544-2\/DSC07410.jpg \/><br \/>\n^ SL Mussiglione und Po-Ebene (IR)<\/p>\n<p><a href='http:\/\/ski.inmontanis.info\/d\/157682-2\/DSC09902.jpg'><img src=http:\/\/ski.inmontanis.info\/d\/157681-3\/DSC09902.jpg \/><\/a><br \/>\n^ Abfahrt am SL Mussiglione und Blick zur DSB-Bergstation<\/p>\n<p><a href='http:\/\/ski.inmontanis.info\/d\/157549-2\/DSC09904.jpg'><img src=http:\/\/ski.inmontanis.info\/d\/157548-3\/DSC09904.jpg \/><\/a><br \/>\n^ DSB Berlino Mittelstation (Ausstieg)<\/p>\n<p><a href='http:\/\/ski.inmontanis.info\/d\/157553-2\/DSC09908.jpg'><img src=http:\/\/ski.inmontanis.info\/d\/157552-3\/DSC09908.jpg \/><\/a><br \/>\n^ SL Giassetti<\/p>\n<p><a href='http:\/\/ski.inmontanis.info\/d\/157700-2\/DSC09910.jpg'><img src=http:\/\/ski.inmontanis.info\/d\/157699-3\/DSC09910.jpg \/><\/a><br \/>\n^ SL Giassetti mit neuen metallic-roten CCM-Geh\u00e4ngen\/Stangen<\/p>\n<p><img src=http:\/\/ski.inmontanis.info\/d\/157558-2\/DSC09918.jpg \/><br \/>\n^ SL Praietto, der neue wurde ein St\u00fcck verl\u00e4ngert.<br \/>\nSo sah es 2008 hier aus:<br \/>\n<a href='http:\/\/ski.inmontanis.info\/d\/56816-3\/P1250115.JPG'><img src=http:\/\/ski.inmontanis.info\/d\/56815-4\/P1250115.JPG \/><\/a><\/p>\n<p><a href='http:\/\/ski.inmontanis.info\/d\/157562-2\/DSC09920.jpg'><img src=http:\/\/ski.inmontanis.info\/d\/157561-3\/DSC09920.jpg \/><\/a><br \/>\n^ SL Praietto, hier war der alte Ausstieg, jetzt geht er noch ein St\u00fcck weiter hinauf.<\/p>\n<p><img src=http:\/\/ski.inmontanis.info\/d\/157687-2\/DSC09921.jpg \/><br \/>\n^ Ex-Korbliftst\u00fctze und Tiefschneeabfahrt (offiziell fahrbar)<\/p>\n<p><a href='http:\/\/ski.inmontanis.info\/d\/157567-2\/DSC09925.jpg'><img src=http:\/\/ski.inmontanis.info\/d\/157566-3\/DSC09925.jpg \/><\/a><br \/>\n^ Unpr\u00e4parierte Abfahrt Sole<\/p>\n<p><img src=http:\/\/ski.inmontanis.info\/d\/157571-2\/DSC09927.jpg \/><br \/>\n^ SL Praietto hat sehr ungew\u00f6hnliche Rundrohrst\u00fctzen<\/p>\n<p><img src=http:\/\/ski.inmontanis.info\/d\/157575-2\/DSC09928.jpg \/><br \/>\n^ 2 Abfahrten und eine aufgelassene<\/p>\n<p><img src=http:\/\/ski.inmontanis.info\/d\/157579-2\/DSC09929.jpg \/><br \/>\n^ Bergstation Kurven-SL Mussiglione mit Blick zum Monviso<\/p>\n<p><img src=http:\/\/ski.inmontanis.info\/d\/157583-2\/DSC09930.jpg \/><br \/>\n^ Kurven-SL Mussiglione (keine Ahnung, ob die H\u00fctte in Bildmitte mal zu einem weiteren SL geh\u00f6rt hat)<\/p>\n<p><img src=http:\/\/ski.inmontanis.info\/d\/157704-2\/DSC09934.jpg \/><br \/>\n^ Die beiden Kurven am SL Mussiglione<\/p>\n<p><a href='http:\/\/ski.inmontanis.info\/d\/157588-2\/DSC09938.jpg'><img src=http:\/\/ski.inmontanis.info\/d\/157587-3\/DSC09938.jpg \/><\/a><br \/>\n^ Auf der unpr\u00e4parierten Direttissima. Konnte meinen Skistecken (115cm) problemlos versenken &#8230;.<\/p>\n<p><a href='http:\/\/ski.inmontanis.info\/d\/157692-2\/DSC09941.jpg'><img src=http:\/\/ski.inmontanis.info\/d\/157691-3\/DSC09941.jpg \/><\/a><br \/>\n^ Blick von der ehemaligen Korblift-Bergstation zu den Kurven vom SL Mussiglione<\/p>\n<p><a href='http:\/\/ski.inmontanis.info\/d\/157593-2\/DSC09942.jpg'><img src=http:\/\/ski.inmontanis.info\/d\/157592-3\/DSC09942.jpg \/><\/a><br \/>\n^ Ex-Bergstation(en)<\/p>\n<p><img src=http:\/\/ski.inmontanis.info\/d\/157597-2\/DSC09945.jpg \/><br \/>\n^ Ex-Bergstation Korblift<\/p>\n<p><img src=http:\/\/ski.inmontanis.info\/d\/157601-2\/DSC09958.jpg \/><br \/>\n^ Pano Po-Ebene<\/p>\n<p><img src=http:\/\/ski.inmontanis.info\/d\/157605-2\/DSC09959.jpg \/><br \/>\n^ Pano Po-Ebene mit ehemaligen St\u00fctzen<\/p>\n<p><img src=http:\/\/ski.inmontanis.info\/d\/157609-2\/DSC09962.jpg \/><br \/>\n^ Ex-St\u00fctze vom Korblift<\/p>\n<p><img src=http:\/\/ski.inmontanis.info\/d\/157613-2\/DSC09949.jpg \/><br \/>\n^ Ex-St\u00fctze<\/p>\n<p><img src=http:\/\/ski.inmontanis.info\/d\/157617-2\/DSC09955.jpg \/><br \/>\n^ Ex-St\u00fctze<\/p>\n<p><img src=http:\/\/ski.inmontanis.info\/d\/157621-2\/DSC09961.jpg \/><br \/>\n^ Ex-St\u00fctze<\/p>\n<p><img src=http:\/\/ski.inmontanis.info\/d\/157625-2\/DSC09964.jpg \/><br \/>\n^ Ex-Korblift-St\u00fctzen (Teletrasporti)<\/p>\n<p><img src=http:\/\/ski.inmontanis.info\/d\/157629-2\/DSC09965.jpg \/><br \/>\n^ Ex-St\u00fctzen<\/p>\n<p><img src=http:\/\/ski.inmontanis.info\/d\/157633-2\/DSC09966.jpg \/><br \/>\n^ St\u00fctzendetail<\/p>\n<p><a href='http:\/\/ski.inmontanis.info\/d\/157637-2\/DSC09968.jpg'><img src=http:\/\/ski.inmontanis.info\/d\/157636-3\/DSC09968.jpg \/><\/a><br \/>\n^ Ex-Bergstation Korblift<\/p>\n<p><a href='http:\/\/ski.inmontanis.info\/d\/157696-2\/DSC09970.jpg'><img src=http:\/\/ski.inmontanis.info\/d\/157695-3\/DSC09970.jpg \/><\/a><br \/>\n^ Ex-Bergstation Korblift (Teletrasporti)<\/p>\n<p><img src=http:\/\/ski.inmontanis.info\/d\/157642-2\/DSC09972.jpg \/><br \/>\n^ Ex-St\u00fctze in der anderen Richtung<\/p>\n<p><a href='http:\/\/ski.inmontanis.info\/d\/157646-2\/DSC09975.jpg'><img src=http:\/\/ski.inmontanis.info\/d\/157645-3\/DSC09975.jpg \/><\/a><br \/>\n^ Ex-Bergstation<\/p>\n<p><a href='http:\/\/ski.inmontanis.info\/d\/157650-2\/DSC09978.jpg'><img src=http:\/\/ski.inmontanis.info\/d\/157649-3\/DSC09978.jpg \/><\/a><br \/>\n^ Ex-Bergstation<\/p>\n<p><a href='http:\/\/ski.inmontanis.info\/d\/157654-2\/DSC09979.jpg'><img src=http:\/\/ski.inmontanis.info\/d\/157653-3\/DSC09979.jpg \/><\/a><br \/>\n^ Ex-Bergstation &#8211; hier wird wohl mal eine Bar gewesen sein &#8230;<\/p>\n<p><img src=http:\/\/ski.inmontanis.info\/d\/157658-2\/DSC09980.jpg \/><br \/>\n^ Pano Po-Ebene<\/p>\n<p><img src=http:\/\/ski.inmontanis.info\/d\/157662-2\/DSC09982.jpg \/><br \/>\n^ Ex-Bergstation<\/p>\n<p><img src=http:\/\/ski.inmontanis.info\/d\/157666-2\/DSC09984.jpg \/><br \/>\n^ Ex-Bergstation<\/p>\n<p><img src=http:\/\/ski.inmontanis.info\/d\/157670-2\/DSC07435.jpg \/><br \/>\n^ SL Mussiglione (IR). Die Dunstdecke macht den Anschein, als sei heut alles Meer da unten ;-)<\/p>\n<p><img src=http:\/\/ski.inmontanis.info\/d\/157674-2\/DSC07436.jpg \/><br \/>\n^ Dank IR kann man das Meer doch noch etwas sehen heute. Dahinter die schneebedeckten Gipfel des Appennino (sind alles keine Wolken!)<\/p>\n<p>Hab mir tags\u00fcber immer mal wieder \u00fcberlegt, noch zu wechseln &#8211; aber wohin? Nach Lurisia f\u00e4hrt man &#8216;ne Stunde, dann h\u00e4tte ich um 13 Uhr weg m\u00fcssen, aber da war ich noch nicht &#8220;satt&#8221;. Am n\u00e4chsten gelegen w\u00e4re Saint Gree, f\u00fcr die DSB reichen auch eineinhalb Stunden. Aber dann: Karte zur\u00fcckgeben und die 5,- Pfand kassieren &#8211; oder behalten, weil es ja evtl. sein k\u00f6nnte, dass die DSB in St. Gree warum auch immer nicht in Betrieb ist?<\/p>\n<p>Und wie geht&#8217;s die n\u00e4chsten, letzten 2 Tage noch weiter? Montag soll&#8217;s im Appennin pl\u00f6tzlich wieder schlecht werden. Macht&#8217;s dann einen Sinn, morgen nach Santo Stefano d&#8217;Aveto zu fahren? Und \u00fcberhaupt, vmtl. wird ja morgen auch kein Meerpano dort sein, glaub kaum, dass es morgen keine Dunstschicht geben wird&#8230; Also doch hier bleiben? Frabosa? Oder Lurisia? Lurisia k\u00f6nnte halt doch die allerletzte Saison sein, wenn&#8217;s bl\u00f6d hergeht. Aber der momentan noch offene Rest ist nicht genug f\u00fcr einen Tag. Womit kombinieren? St. Gree? Dann darf ich heute dort nicht mehr vorbei &#8230;.<\/p>\n<p>Nunja, irgendwann hab ich mich dann entschlossen &#8211; hier zu bleiben und die Lurisia-Gree-Kombi morgen zu machen. \u00dcbernachtet wird mal wieder (zum 3. Mal) im del Peso. Kosten waren ja vor 2 Jahren ident zu dem i Gelsi, wo ich vor ein paar Wochen \u00fcber Weihnachten war (jeweils 55,- \u20ac inkl. Abendessen). Allerdings ist das Abendessen im Peso besser gewesen (beim Fr\u00fchst\u00fcck ist&#8217;s umgekehrt). Au\u00dferdem liegt es n\u00e4her an St. Gree, womit ich morgen starten w\u00fcrde. <\/p>\n<p>Hab diesmal ein anders aufgebautes Zimmer bekommen, mit Balkon, das gratis WLan zickt leider, und netterweise hat mich der Wirt erkannt, dass ich schon mal da war.<\/p>\n<p>Da WIFI auch nach dem Essen nicht funktioniert hat, hat man mir den Telekom-Zugangscode gegeben, so dass ich die Wetterberichte f\u00fcr Montag abchecken konnte&#8230;<\/p>\n<p>.. \u00e4rgerlich: Ausgerechent in den franz\u00f6sischen S\u00fcdalpen soll&#8217;s am Montag wieder am sonnigsten werden. Ausgerechnet dort, wo ich bis gestern war. Ausgerechnet dort, wo ich den weitesten Weg nach Hause h\u00e4tte. Und ausgerechnet scheint momentan der Colle Maddalena \/ Larche gesperrt zu sein. Und via Tende oder Autobahn f\u00e4hrt man tw. noch l\u00e4nger als via Monginevro. Ist mir das bi\u00dfchen Sonne der Umweg wert? Oder fahr ich auf gut gl\u00fcck nach Ala di Stura oder irgendwo ins Aostatal? Nachmittags soll&#8217;s dort ja auch etwas sonniger werden &#8230; <\/p>\n<p>(N\u00e4chster Teil: St. Gree &#038; Lurisia)<\/p>\n","protected":false},"excerpt":{"rendered":"<p>Randgebiete &#8211; Tag 9: Samstag, 26.1.2013 &#8211; Garessio<\/p>\n<p>Da ich gestern keine Lust mehr hatte, hab ich heut fr\u00fch nach Hotels im Internet gesucht. Dreiviertelstunde lang, aber nix gefunden, zumindest nicht bei booking.com, zumindest nicht, was mich angesprochen h\u00e4tte. Entweder kein gratis Wlan, oder keine gratis Parkpl\u00e4tze, oder zu teuer (bzw. im Endeffekt auch dann <a href=\"http:\/\/blog.inmontanis.info\/?p=2285\">[&#8230;]<\/a><\/p>\n","protected":false},"author":1,"featured_media":0,"comment_status":"open","ping_status":"closed","sticky":false,"template":"","format":"standard","meta":{"footnotes":""},"categories":[116,232,15,27,32],"tags":[51,38,90,37,47],"class_list":["post-2285","post","type-post","status-publish","format-standard","hentry","category-201301-randgebiete","category-garessio","category-italienitaly","category-skifahren-winterskiing-winter","category-lostplaces","tag-architektur","tag-dsb","tag-infrarot","tag-meer","tag-sl","odd"],"_links":{"self":[{"href":"http:\/\/blog.inmontanis.info\/index.php?rest_route=\/wp\/v2\/posts\/2285","targetHints":{"allow":["GET"]}}],"collection":[{"href":"http:\/\/blog.inmontanis.info\/index.php?rest_route=\/wp\/v2\/posts"}],"about":[{"href":"http:\/\/blog.inmontanis.info\/index.php?rest_route=\/wp\/v2\/types\/post"}],"author":[{"embeddable":true,"href":"http:\/\/blog.inmontanis.info\/index.php?rest_route=\/wp\/v2\/users\/1"}],"replies":[{"embeddable":true,"href":"http:\/\/blog.inmontanis.info\/index.php?rest_route=%2Fwp%2Fv2%2Fcomments&post=2285"}],"version-history":[{"count":3,"href":"http:\/\/blog.inmontanis.info\/index.php?rest_route=\/wp\/v2\/posts\/2285\/revisions"}],"predecessor-version":[{"id":8563,"href":"http:\/\/blog.inmontanis.info\/index.php?rest_route=\/wp\/v2\/posts\/2285\/revisions\/8563"}],"wp:attachment":[{"href":"http:\/\/blog.inmontanis.info\/index.php?rest_route=%2Fwp%2Fv2%2Fmedia&parent=2285"}],"wp:term":[{"taxonomy":"category","embeddable":true,"href":"http:\/\/blog.inmontanis.info\/index.php?rest_route=%2Fwp%2Fv2%2Fcategories&post=2285"},{"taxonomy":"post_tag","embeddable":true,"href":"http:\/\/blog.inmontanis.info\/index.php?rest_route=%2Fwp%2Fv2%2Ftags&post=2285"}],"curies":[{"name":"wp","href":"https:\/\/api.w.org\/{rel}","templated":true}]}}