{"id":2281,"date":"2013-01-25T23:38:46","date_gmt":"2013-01-25T22:38:46","guid":{"rendered":"http:\/\/blog.inmontanis.info\/?p=2281"},"modified":"2023-07-31T18:33:30","modified_gmt":"2023-07-31T16:33:30","slug":"valberg-25-1-2013","status":"publish","type":"post","link":"http:\/\/blog.inmontanis.info\/?p=2281","title":{"rendered":"Valberg, 25.1.2013"},"content":{"rendered":"<p><strong>Randgebiete &#8211; Tag 8: Freitag, 25.1.2013 &#8211; Valberg<\/strong><\/p>\n<p>Heute ging&#8217;s nach Valberg. Die Doppelschluchtstrecke dorthin war ja schon mal mehr als genial. Die erste Schlucht hatte teilweise getrennte, zweispurige Stra\u00dfen pro Richtung, die zweite Schlucht war teilweise noch enger und bestand haupts\u00e4chlich aus rotem Gestein.<!--more--><\/p>\n<p><img src=http:\/\/extra.inmontanis.info\/d\/15454-2\/ge_randgebiete201301f.jpg \/><br \/>\nI: Valberg<\/p>\n<p>(Fotos anklicken zum Vergr\u00f6\u00dfern, soweit nicht vergr\u00f6\u00dfert gepostet.)<\/p>\n<p><a href='http:\/\/extra.inmontanis.info\/d\/15620-2\/DSC09703.jpg'><img src=http:\/\/extra.inmontanis.info\/d\/15618-3\/DSC09703.jpg \/><\/a><br \/>\n^ Morgendliches Pano vom Balkon inkl. Meer. War mal wieder nix mit &#8216;nem gescheiten Sonnenaufgang.<\/p>\n<p><a href='http:\/\/extra.inmontanis.info\/d\/15624-2\/DSC09713.jpg'><img src=http:\/\/extra.inmontanis.info\/d\/15622-3\/DSC09713.jpg \/><\/a><br \/>\n^ Auf der D6202 im Tin\u00e9e-Tal<\/p>\n<p><a href='http:\/\/extra.inmontanis.info\/d\/15628-2\/DSC09715.jpg'><img src=http:\/\/extra.inmontanis.info\/d\/15626-3\/DSC09715.jpg \/><\/a><br \/>\n^ Alte, aufgelassene Fina-Tankstelle. Schon lang nicht mehr gesehen, so &#8216;was.<\/p>\n<p><a href='http:\/\/extra.inmontanis.info\/d\/15632-2\/DSC09718.jpg'><img src=http:\/\/extra.inmontanis.info\/d\/15630-3\/DSC09718.jpg \/><\/a><br \/>\n^ Auf der D28<\/p>\n<p><a href='http:\/\/extra.inmontanis.info\/d\/15636-2\/DSC09726.jpg'><img src=http:\/\/extra.inmontanis.info\/d\/15634-3\/DSC09726.jpg \/><\/a><br \/>\n^ D28, Gorges du Cians. Gef\u00e4hrliche Eiszapfen &#8230;<\/p>\n<p><a href='http:\/\/extra.inmontanis.info\/d\/15640-2\/DSC09727.jpg'><img src=http:\/\/extra.inmontanis.info\/d\/15638-3\/DSC09727.jpg \/><\/a><br \/>\n^ D28, Gorges du Cians<\/p>\n<p><a href='http:\/\/extra.inmontanis.info\/d\/15644-2\/DSC09733.jpg'><img src=http:\/\/extra.inmontanis.info\/d\/15642-3\/DSC09733.jpg \/><\/a><br \/>\n^ D28, Gorges du Cians<\/p>\n<p>Kurz vor 10 Uhr am KSSL in Launes angekommen, Tageskarte kostete 28,90 (+ 3,- \u20ac Pfad). <\/p>\n<p>Das Skigebiet ist ganz nett, insbesondere die hinterste Ecke mit den 2 KSSL. Die einzelnen Gipfel sind teilweise recht \u00e4hnlich und besonderes bei den rechten zweien kann man sich leicht vertun. Ansonsten etwas zu viel kalte 3SBs &#038; 4SBs. Abfahrtsm\u00f6glichkeiten gibt&#8217;s gen\u00fcgend (immerhin 9 verschiedene Gipfel\/Hochpunkte, wobei die ganz linke Seite um den KSSL Condamine in Beuil vmtl. unter der Woche nicht in Betrieb ist.). <\/p>\n<p>Alle Abfahrten bin ich dann gar nicht mehr gefahren, da ich nachmittags lieber oben in der Sonne blieb. Wobei ich auch einige unpr\u00e4parierte schwarze ausgelassen hab, weil der Schnee dort heute nicht besonders gut fahrbar war. Au\u00dferdem war ich von den letzten Tagen eh schon ziemlich schlapp &#8230;<\/p>\n<p>An den oberen beiden KSSL (und auch nur dort) hat man auch ein annehmbares Meer-Pano. Man sollte allerdings zur Mittagszeit dort sein, denn dann spiegelt sich die Sonne im Meer. Ansonsten kann man&#8217;s eher schwer erkennen.<\/p>\n<p><img src=http:\/\/ski.inmontanis.info\/d\/157363-2\/DSC09745.jpg \/><br \/>\n^ Pistenplan<\/p>\n<p><img src=http:\/\/ski.inmontanis.info\/d\/157367-2\/ge_valberg2013.jpg \/><br \/>\n^ GPS-Track (nicht alle Abfahrten gefahren)<\/p>\n<p><a href='http:\/\/ski.inmontanis.info\/d\/157494-2\/DSC09743.jpg'><img src=http:\/\/ski.inmontanis.info\/d\/157493-3\/DSC09743.jpg \/><\/a><br \/>\n^ KSSL Launes-Olympic<\/p>\n<p><img src=http:\/\/ski.inmontanis.info\/d\/157372-2\/DSC09746.jpg \/><br \/>\n^ Blick nahe der Bergstation der beiden KSSL zu T\u00eate des Eguilles (mit der 6KSB, rechts) und links dahinter Dreccia, von wo aus man in den hintersten Teil mit den beiden KSSL kommt.<\/p>\n<p><a href='http:\/\/ski.inmontanis.info\/d\/157376-2\/DSC09747.jpg'><img src=http:\/\/ski.inmontanis.info\/d\/157375-3\/DSC09747.jpg \/><\/a><br \/>\n^ KSSL St. Jean<\/p>\n<p><a href='http:\/\/ski.inmontanis.info\/d\/157380-2\/DSC09751.jpg'><img src=http:\/\/ski.inmontanis.info\/d\/157379-3\/DSC09751.jpg \/><\/a><br \/>\n^ KSSL St. Jean<\/p>\n<p><a href='http:\/\/ski.inmontanis.info\/d\/157384-2\/DSC09753.jpg'><img src=http:\/\/ski.inmontanis.info\/d\/157383-3\/DSC09753.jpg \/><\/a><br \/>\n^ 6KSB Eguilles<\/p>\n<p><img src=http:\/\/ski.inmontanis.info\/d\/157388-2\/DSC09754.jpg \/><br \/>\n^ 6KSB Eguilles mit Funpark und etwas zu breit geratenen Pisten&#8230;<\/p>\n<p><img src=http:\/\/ski.inmontanis.info\/d\/157392-2\/DSC09755.jpg \/><br \/>\n^ Verbindung von der Bergstation der 6KSB zur 4SB Dreccia, die etliche Abfahrtsvarianten bietet.<\/p>\n<p><img src=http:\/\/ski.inmontanis.info\/d\/157396-2\/DSC09760.jpg \/><br \/>\n^ 4SB Dreccia, links Bergstation KSSL Raton<\/p>\n<p><img src=http:\/\/ski.inmontanis.info\/d\/157400-2\/DSC09762.jpg \/><br \/>\n^ Abfahrt Aigles, die modellierste der Abfahrten, f\u00fchrt aber zu den beiden genialsten KSSL (und der 3SB)<\/p>\n<p><img src=http:\/\/ski.inmontanis.info\/d\/157404-2\/DSC09765.jpg \/><br \/>\n^ KSSL Pra Br\u00fble<\/p>\n<p><img src=http:\/\/ski.inmontanis.info\/d\/157408-2\/DSC09772.jpg \/><br \/>\n^ Blick zum schimmernden Meer<\/p>\n<p><img src=http:\/\/ski.inmontanis.info\/d\/157412-2\/DSC09774.jpg \/><br \/>\n^ Blick von der Bergstation KSSL Pra Br\u00fble zu KSSL Raton (rechts) usw., (sowie zur pervers modellierte Aigles-Abfahrt)<\/p>\n<p><img src=http:\/\/ski.inmontanis.info\/d\/157416-2\/DSC09775.jpg \/><br \/>\n^ Das Meer-Pano l\u00e4dt zum Fotografieren ein ;-)<\/p>\n<p><img src=http:\/\/ski.inmontanis.info\/d\/157420-2\/DSC09776.jpg \/><br \/>\n^ Schwarze coqs de bruy\u00e8re am KSSL Pra Br\u00fble<\/p>\n<p><img src=http:\/\/ski.inmontanis.info\/d\/157424-2\/DSC09778.jpg \/><br \/>\n^ KSSL Pra Br\u00fble, ziemlich steil!<\/p>\n<p><img src=http:\/\/ski.inmontanis.info\/d\/157498-2\/DSC09779.jpg \/><br \/>\n^ Bergstation KSSL Pra Br\u00fble mit Meerpano<\/p>\n<p><img src=http:\/\/ski.inmontanis.info\/d\/157429-2\/DSC09780.jpg \/><br \/>\n^ KSSL Raton mit Off-Piste-H\u00e4ngen<\/p>\n<p><img src=http:\/\/ski.inmontanis.info\/d\/157433-2\/DSC09783.jpg \/><br \/>\n^ Meer-Pano auch am KSSL Raton<\/p>\n<p><img src=http:\/\/ski.inmontanis.info\/d\/157437-2\/DSC09784.jpg \/><br \/>\n^ Abfahrt KSSL Raton mit Blick zu den Abfahrten vom KSSL Pra Br\u00fble<\/p>\n<p><img src=http:\/\/ski.inmontanis.info\/d\/157502-2\/DSC09787.jpg \/><br \/>\n^ KSSL Raton und Meer-Blick<\/p>\n<p><img src=http:\/\/ski.inmontanis.info\/d\/157442-2\/DSC09794.jpg \/><br \/>\n^ KSSL T\u00eate du Sapet, heute leider nicht in Betrieb (Redundant zu 3SB Rages)<\/p>\n<p><img src=http:\/\/ski.inmontanis.info\/d\/157446-2\/DSC09795.jpg \/><br \/>\n^ KSSL T\u00eate du Sapet<\/p>\n<p><a href='http:\/\/ski.inmontanis.info\/d\/157450-2\/DSC09796.jpg'><img src=http:\/\/ski.inmontanis.info\/d\/157449-3\/DSC09796.jpg \/><\/a><br \/>\n^ 3SB Rages. Schade, dass nur die 3SB und nicht der KSSL in Betrieb war.<\/p>\n<p><a href='http:\/\/ski.inmontanis.info\/d\/157454-2\/DSC09797.jpg'><img src=http:\/\/ski.inmontanis.info\/d\/157453-3\/DSC09797.jpg \/><\/a><br \/>\n^ 3SB Rages und schwarze Jean Pazzi<\/p>\n<p><img src=http:\/\/ski.inmontanis.info\/d\/157458-2\/DSC09800.jpg \/><br \/>\n^ Blick vom T\u00eate de Sapet zu Dreccia mit 4SB und 3SB (links) und Pra Br\u00fble mit der KSSL-Trasse rechts dahinter<\/p>\n<p><img src=http:\/\/ski.inmontanis.info\/d\/157506-2\/DSC09804.jpg \/><br \/>\n^ Am Croix du Sapet lief dankenswerterweise auch der parallel zur 3SB Clot de Maty befindliche KSSL Vasson<\/p>\n<p><img src=http:\/\/ski.inmontanis.info\/d\/157463-2\/DSC09805.jpg \/><br \/>\n^ Abfahrt Violettes<\/p>\n<p><img src=http:\/\/ski.inmontanis.info\/d\/157519-2\/DSC09810.jpg \/><br \/>\n^ 4SB Croix du Sapet<\/p>\n<p><img src=http:\/\/ski.inmontanis.info\/d\/157468-2\/DSC09812.jpg \/><br \/>\n^ Blick vom Off-Piste-Bereich am KSSL Raton zu den Verbindungsabfahrten vom KSSL Pra Br\u00fble<\/p>\n<p><img src=http:\/\/ski.inmontanis.info\/d\/157511-2\/DSC07405.jpg \/><br \/>\n^ Von der Bergstation KSSL Pra Br\u00fble aus sieht man doch um einiges mehr Meer, als ich erwartet h\u00e4tte! (IR)<\/p>\n<p><img src=http:\/\/ski.inmontanis.info\/d\/157473-2\/DSC09813.jpg \/><br \/>\n^ Verbindung von der Bergstation KSSL Raton mit 3SB  Barzes (links) und 4SB Dreccia (rechts)<\/p>\n<p><img src=http:\/\/ski.inmontanis.info\/d\/157515-2\/DSC09816.jpg \/><br \/>\n^ Im Plan nicht befindliche, sehr nette Abfahrt am KSSL Pra Br\u00fble (auch vom KSSL Raton erreichbar)<\/p>\n<p><a href='http:\/\/ski.inmontanis.info\/d\/157478-2\/DSC09818.jpg'><img src=http:\/\/ski.inmontanis.info\/d\/157477-3\/DSC09818.jpg \/><\/a><br \/>\n^ Vmtl. eine ehemalige Abfahrt (ich sitze in der 3SB Barzes)<\/p>\n<p><img src=http:\/\/ski.inmontanis.info\/d\/157482-2\/DSC09819.jpg \/><br \/>\n^ 3SB Barzes,k\u00f6nnte auch ein paar nette Off-Piste-Varianten bieten.<\/p>\n<p><img src=http:\/\/ski.inmontanis.info\/d\/157486-2\/DSC09822.jpg \/><br \/>\n^ 3SB Barzes (und KSSL Pra Br\u00fble diagonal nach links im Schatten)<\/p>\n<p><img src=http:\/\/ski.inmontanis.info\/d\/157490-2\/DSC09823.jpg \/><br \/>\n^ Les Launes. Die Abfahrten am kurzen KSSL, wo ich mein Auto parkte, waren auch um 16:30 noch sehr jungfr\u00e4ulich!<\/p>\n<p>Fazit: Valberg hat ein paar nette Ecken, wobei mir Gr\u00e9oli\u00e8res gestern besser gefiel.<\/p>\n<p>Retour wieder die nette Schluchstra\u00dfen &#8211; also nette Stra\u00dfen gibt&#8217;s im s\u00fcdlichen Teil der franz\u00f6sischen Alpen zur Gen\u00fcge!<\/p>\n<p><a href='http:\/\/extra.inmontanis.info\/d\/15648-2\/DSC09825.jpg'><img src=http:\/\/extra.inmontanis.info\/d\/15646-3\/DSC09825.jpg \/><\/a><br \/>\n^ D28, Gorges du Cians<\/p>\n<p><a href='http:\/\/extra.inmontanis.info\/d\/15652-2\/DSC09829.jpg'><img src=http:\/\/extra.inmontanis.info\/d\/15650-3\/DSC09829.jpg \/><\/a><br \/>\n^ D28, Gorges du Cians, Grande Clue<\/p>\n<p><img src=http:\/\/extra.inmontanis.info\/d\/15656-2\/DSC09830.jpg \/><br \/>\n^ D28, Gorges du Cians, Grande Clue<\/p>\n<p><img src=http:\/\/extra.inmontanis.info\/d\/15660-2\/DSC09833.jpg \/><br \/>\n^ D28, Gorges du Cians, Grande Clue, alte Strecke. Etwas verfallen &#8230;.<\/p>\n<p><img src=http:\/\/extra.inmontanis.info\/d\/15664-2\/DSC09838.jpg \/><br \/>\n^ D28, Gorges du Cians<\/p>\n<p>Da ich abends keine Lust mehr hatte, ein Restaurant zu suchen oder gar diese verkehr- und kurvenreiche Stra\u00dfe zur\u00fcck zum McDonalds zu fahren, bin ich nur in dem &#8211; eher kleineren &#8211; Intermarch\u00e9 &#8211; Supermarkt nahe des Hotels (bin ja im gleichen wie gestern) gegangen und hab mir dort &#8216;was zum Abendessen mitgenommen (wenn man schon &#8216;mal &#8216;ne Mikrowelle im Hotelzimmer hat!). Und ein paar Quiche f\u00fcr daheim, die ich ja letztens im Leclerc nicht bekam. Wobei ich schon auch \u00fcberlegt hatte, noch zu einem Leclerc zu fahren, w\u00e4re in der N\u00e4he gewesen (und zwar nicht runter bis Nizza, wo z.B. der n\u00e4chste Super U gewesen w\u00e4re. Egtl. fehlen mir diesmal noch ein paar Sachen&#8230;. naja, sp\u00e4testens Ende Juni bin ich ja vmtl. wieder Sommerskifahren in Frankreich &#8230;).<\/p>\n<p>Somit hatte ich am Abend wenigstens mal etwas mehr Zeit &#8211; allerdings musste ich auch noch ein wenig die Ziele und Hotels der n\u00e4chsten Tage abkl\u00e4ren&#8230;..<\/p>\n<p><img src=http:\/\/extra.inmontanis.info\/d\/15668-2\/DSC09847.jpg \/><br \/>\n^ Abendliches Pano vom Balkon (10 sec)<\/p>\n<p>(N\u00e4chster Teil: Garessio, Italien)<\/p>\n","protected":false},"excerpt":{"rendered":"<p>Randgebiete &#8211; Tag 8: Freitag, 25.1.2013 &#8211; Valberg<\/p>\n<p>Heute ging&#8217;s nach Valberg. Die Doppelschluchtstrecke dorthin war ja schon mal mehr als genial. Die erste Schlucht hatte teilweise getrennte, zweispurige Stra\u00dfen pro Richtung, die zweite Schlucht war teilweise noch enger und bestand haupts\u00e4chlich aus rotem Gestein.<\/p>\n<p> <a href=\"http:\/\/blog.inmontanis.info\/?p=2281\">[&#8230;]<\/a><\/p>\n","protected":false},"author":1,"featured_media":0,"comment_status":"open","ping_status":"closed","sticky":false,"template":"","format":"standard","meta":{"footnotes":""},"categories":[116,16,27,342],"tags":[55,49,56,87,48,100,37],"class_list":["post-2281","post","type-post","status-publish","format-standard","hentry","category-201301-randgebiete","category-france","category-skifahren-winterskiing-winter","category-valberg","tag-3sb","tag-4sb","tag-6sb","tag-grotteklamm","tag-kssl","tag-langzeitbelichtung","tag-meer","odd"],"_links":{"self":[{"href":"http:\/\/blog.inmontanis.info\/index.php?rest_route=\/wp\/v2\/posts\/2281","targetHints":{"allow":["GET"]}}],"collection":[{"href":"http:\/\/blog.inmontanis.info\/index.php?rest_route=\/wp\/v2\/posts"}],"about":[{"href":"http:\/\/blog.inmontanis.info\/index.php?rest_route=\/wp\/v2\/types\/post"}],"author":[{"embeddable":true,"href":"http:\/\/blog.inmontanis.info\/index.php?rest_route=\/wp\/v2\/users\/1"}],"replies":[{"embeddable":true,"href":"http:\/\/blog.inmontanis.info\/index.php?rest_route=%2Fwp%2Fv2%2Fcomments&post=2281"}],"version-history":[{"count":4,"href":"http:\/\/blog.inmontanis.info\/index.php?rest_route=\/wp\/v2\/posts\/2281\/revisions"}],"predecessor-version":[{"id":8951,"href":"http:\/\/blog.inmontanis.info\/index.php?rest_route=\/wp\/v2\/posts\/2281\/revisions\/8951"}],"wp:attachment":[{"href":"http:\/\/blog.inmontanis.info\/index.php?rest_route=%2Fwp%2Fv2%2Fmedia&parent=2281"}],"wp:term":[{"taxonomy":"category","embeddable":true,"href":"http:\/\/blog.inmontanis.info\/index.php?rest_route=%2Fwp%2Fv2%2Fcategories&post=2281"},{"taxonomy":"post_tag","embeddable":true,"href":"http:\/\/blog.inmontanis.info\/index.php?rest_route=%2Fwp%2Fv2%2Ftags&post=2281"}],"curies":[{"name":"wp","href":"https:\/\/api.w.org\/{rel}","templated":true}]}}