{"id":2278,"date":"2013-01-24T23:53:39","date_gmt":"2013-01-24T22:53:39","guid":{"rendered":"http:\/\/blog.inmontanis.info\/?p=2278"},"modified":"2023-07-30T21:42:19","modified_gmt":"2023-07-30T19:42:19","slug":"greolieres-nahe-nizza-24-1-2013","status":"publish","type":"post","link":"http:\/\/blog.inmontanis.info\/?p=2278","title":{"rendered":"Gr\u00e9oli\u00e8res (n\u00e4he Nizza), 24.1.2013"},"content":{"rendered":"<p><strong>Randgebiete &#8211; Tag 7: Donnerstag, 24.1.2013 &#8211; Gr\u00e9oli\u00e8res<\/strong><\/p>\n<p>Heute ging&#8217;s nach Gr\u00e9oli\u00e8res, wo ich 2010 schon einmal war. W\u00e4hrend der Fahrt kam&#8217;s mir, dass ich von heute an die letzten 5 Tage voraussichtlich nur noch in Skigebieten sein werde, die Meerpano haben! Genial &#8230;.<\/p>\n<p>Nach 2,5h Fahrt kam ich um 10:30 an. Die letzten ca. 50 km der Anfahrt war die Stra\u00dfe schneebedeckt, kein Salz hier. Richtig skandinavisch! Genial &#8230;.<!--more--><\/p>\n<p><img src=http:\/\/extra.inmontanis.info\/d\/15454-2\/ge_randgebiete201301f.jpg \/><br \/>\nH: Gr\u00e9oli\u00e8res<\/p>\n<p><a href='http:\/\/extra.inmontanis.info\/d\/15584-2\/DSC09503.jpg'><img src=http:\/\/extra.inmontanis.info\/d\/15582-3\/DSC09503.jpg \/><\/a><br \/>\n^ Auf der N85<\/p>\n<p><a href='http:\/\/extra.inmontanis.info\/d\/15588-2\/DSC09507.jpg'><img src=http:\/\/extra.inmontanis.info\/d\/15586-3\/DSC09507.jpg \/><\/a><br \/>\n^ N85, Schlucht vor Chabri\u00e8res<\/p>\n<p><a href='http:\/\/extra.inmontanis.info\/d\/15592-2\/DSC09509.jpg'><img src=http:\/\/extra.inmontanis.info\/d\/15590-3\/DSC09509.jpg \/><\/a><br \/>\n^ Schluchtstra\u00dfe am Col des L\u00e8ques (D4085)<\/p>\n<p><img src=http:\/\/extra.inmontanis.info\/d\/15596-2\/DSC09514.jpg \/><br \/>\n^ Irgendwo auf der D4085<\/p>\n<p><img src=http:\/\/extra.inmontanis.info\/d\/15600-2\/DSC09518.jpg \/><br \/>\n^ Die letzten ca. 50km war die Stra\u00dfe schneebedeckt. Fahren wie in Skandinavien, geil :)<\/p>\n<p><img src=http:\/\/extra.inmontanis.info\/d\/15604-2\/DSC09519.jpg \/><br \/>\n^ Das Departement Alpes Maritimes gibt sich heute winterlich!<\/p>\n<p><img src=http:\/\/extra.inmontanis.info\/d\/15608-2\/DSC09521.jpg \/><br \/>\n^ Lang gezogenes Tal bei Valderoure mit weiterhin skandinavischen Stra\u00dfenverh\u00e4ltnissen. Lange Geraden, langgezogene Kurven, fester Schnee &#8211; da kann man mit 90 km\/h problemlos fahren.<\/p>\n<p>Nach der Abzweigung ins Skigebiet hab ich an die 15 Autos mit montierten Ketten \u00fcberholt &#8211; w\u00e4hrend mein ASR nur an 1 oder 2 Kehren sich mal kurz bemerkbar machte. Fahren die alle mit Sommerreifen?!<\/p>\n<p><a href='http:\/\/ski.inmontanis.info\/d\/157142-2\/DSC09522.jpg'><img src=http:\/\/ski.inmontanis.info\/d\/157141-3\/DSC09522.jpg \/><\/a><br \/>\n^ Auffahrt zu Gr\u00e9oli\u00e8res-les-Neiges. <\/p>\n<p>Oben angekommen &#8211; aber die Lifte standen, kaum Spuren auf den Pisten, ein paar Geh\u00e4nge in den KSSL, nachgefragt: Stromausfall! <\/p>\n<p>NEEEEIIIIIN!!! Und nun? Bis Valberg f\u00e4hrt man 2h von hier aus, das lohnt sich nicht. Einziges Gebiet in der N\u00e4he, was Sinn macht, w\u00e4re Audibergue, in 30 Minuten erreichbar. Aber da hat man halt leidere nur dann Meerpano, wenn man die paar Meter zum Gipfel aufsteigt. Und au\u00dferdem reicht es dort f\u00fcr einen halben Tag. Also blieb ich erst mal hier und wartete. Mist, ausgerechnet bei dem geilen Wetter heut: Wolkenloser Sonnenschein.<\/p>\n<p><img src=http:\/\/ski.inmontanis.info\/d\/157301-2\/DSC09527.jpg \/><br \/>\n^ Gr\u00e9oli\u00e8res-les-Neiges. Wegen eines Stromausfalls steht bis 12 Uhr leider alles &#8230;<\/p>\n<p><img src=http:\/\/ski.inmontanis.info\/d\/157146-2\/DSC09525.jpg \/><br \/>\n^ 4SB komplette Strecke<\/p>\n<p>Bis 12 Uhr hab ich gewartet, aber die Lifte blieben stehen. Schade, dass es hier nicht wenigstens einen KSSL mit Dieselantrieb gibt :)<\/p>\n<p>Um 5 nach 12, als ich wegfahren wollte, fuhr der Sani- \u00e4h &#8220;Elektrizit\u00e4ter&#8221; wieder herum, hielt an der Zentrumstalstation und rannte zum Lift. Wenig sp\u00e4ter lief der KSSL und dann auch die 4SB. Schnell wieder runter zum Parkplatz und zur Kasse &#8211; wo man erst mal warten musste (bis die EDV hochgefahren war?) und schlussendlich die Nachmittagsskip\u00e4sse verfr\u00fcht um 14,- \u20ac verkauft wurden (Tageskarte 18,- \u20ac unter der Woche).<\/p>\n<p>Das Warten hatte sich gelohnt &#8211; im Gegensatz zum letzten Besuch hatte ich heute astreinen Blick zum Meer! Nur Korsika war undefiniert in einer Wolkenschicht.<\/p>\n<p>Hatte dann M\u00fche, noch alle Abfahrten zu fahren, wobei ich die eine oder andere kurze Variante nicht mehr geschaft hatte. Denn obwohl die Lifte bis 16:30 \/ 16:45 fuhren, h\u00f6rte ich schon um 16 Uhr auf &#8230;<\/p>\n<p>&#8230; und stieg zum seitlichen Gipfel am linken Rand auf, um sp\u00e4ter nicht irgendeinen Stress mit der Pistenwacht zu bekommen, und wartete auf den Sonnenuntergang, der um 17:30 angek\u00fcndigt war.<\/p>\n<p>(Fotos anklicken zum Vergr\u00f6\u00dfern, soweit nicht vergr\u00f6\u00dfert gepostet)<\/p>\n<p><img src=http:\/\/ski.inmontanis.info\/d\/157151-2\/DSC09699.jpg \/><br \/>\n^ Pistenplan und Halbtageskarte um 14,- \u0080<\/p>\n<p><img src=http:\/\/ski.inmontanis.info\/d\/157305-2\/ge_greolieres2013.jpg \/><br \/>\n^ GPS-Track 2013, rosa hinterlegt 2010.<\/p>\n<p><img src=http:\/\/ski.inmontanis.info\/d\/157156-2\/DSC09530.jpg \/><br \/>\n^ Zone oberhalb der 4SB, u.a. mit den kurzen KSSL Cr\u00eates und Cime (wobei man auch die \u00e4u\u00dferen KSSL Jas und Cheiron sieht)<\/p>\n<p><img src=http:\/\/ski.inmontanis.info\/d\/157160-2\/DSC09534.jpg \/><br \/>\n^ Hier verstellen keine Fangz\u00e4une den Blick zum Mittelmeer &#8230;<\/p>\n<p><img src=http:\/\/ski.inmontanis.info\/d\/157309-2\/DSC09538.jpg \/><br \/>\n^ Meerblick<\/p>\n<p><img src=http:\/\/ski.inmontanis.info\/d\/157165-2\/DSC09539.jpg \/><br \/>\n^ Zoom zum Mittelmeer und Cannes (30km)<\/p>\n<p><img src=http:\/\/ski.inmontanis.info\/d\/157169-2\/DSC09542.jpg \/><br \/>\n^ Zoom zu einem Schiff vor Cannes<\/p>\n<p><img src=http:\/\/ski.inmontanis.info\/d\/157336-2\/DSC09543.jpg \/><br \/>\n^ Schnee und Meer<\/p>\n<p><img src=http:\/\/ski.inmontanis.info\/d\/157174-2\/DSC09551.jpg \/><br \/>\n^ Die schwarze Mur im oberen Bereich<\/p>\n<p><img src=http:\/\/ski.inmontanis.info\/d\/157178-2\/DSC09558.jpg \/><br \/>\n^ Nicht nur das Meer hat heut geglitzert, auch der Schnee ;-)<\/p>\n<p><a href='http:\/\/ski.inmontanis.info\/d\/157182-2\/DSC09561.jpg'><img src=http:\/\/ski.inmontanis.info\/d\/157181-3\/DSC09561.jpg \/><\/a><br \/>\n^ Die schwarze Mur im unteren Bereich<\/p>\n<p><img src=http:\/\/ski.inmontanis.info\/d\/157186-2\/DSC09565.jpg \/><br \/>\n^ Ausstieg KSSL Cheiron mit Blick zum KSSL de la Cime und dem Meer links (blau) und rechts (schimmernd)<\/p>\n<p><img src=http:\/\/ski.inmontanis.info\/d\/157314-2\/DSC09567.jpg \/><br \/>\n^ Die kurze Verbindungsabfahrt vom KSSL Cheiron zur Au\u00dfenrumabfahrt Les Combes mit Meerblick<\/p>\n<p><img src=http:\/\/ski.inmontanis.info\/d\/157199-2\/DSC09569.jpg \/><br \/>\n^ .. ebenso. Die Abfahrt Combes ist leider im Tal im Vordergrund, w\u00e4re ja cool, wenn die auf der anderen Seite der Felsen w\u00e4re..<\/p>\n<p><img src=http:\/\/ski.inmontanis.info\/d\/157190-2\/DSC07356.jpg \/><br \/>\n^ KSSL Jas, Cr\u00eates, Cime und das Mittelmeer (bei Nizza) in IR<\/p>\n<p><img src=http:\/\/ski.inmontanis.info\/d\/157194-2\/DSC07355.jpg \/><br \/>\n^ KSSL Cime und das Mittelmeer (bei Nizza) in IR<\/p>\n<p><img src=http:\/\/ski.inmontanis.info\/d\/157203-2\/DSC09570.jpg \/><br \/>\n^ Schimmerndes Mittelmeer<\/p>\n<p><img src=http:\/\/ski.inmontanis.info\/d\/157318-2\/DSC09571.jpg \/><br \/>\n^ Verschneite Berge und schimmerndes Meer<\/p>\n<p><img src=http:\/\/ski.inmontanis.info\/d\/157208-2\/DSC09573.jpg \/><br \/>\n^ Ausstieg KSSL Cheiron mit Blick zum KSSL de la Cime und dem Meer bei Nizza<\/p>\n<p><img src=http:\/\/ski.inmontanis.info\/d\/157212-2\/DSC07358.jpg \/><br \/>\n^ KSSL Cime, K\u00fcste bei Nizza und  Mittelmeer (IR)<\/p>\n<p><img src=http:\/\/ski.inmontanis.info\/d\/157216-2\/DSC09577.jpg \/><br \/>\n^ Blick vom KSSL Cr\u00eates zu KSSL Cime und Cheiron<\/p>\n<p><img src=http:\/\/ski.inmontanis.info\/d\/157345-2\/DSC09578.jpg \/><br \/>\n^ Abfahrt links vom KSSL du Jas, mal wieder mit Meerblick. Links das St\u00fcck zum Gipfel bin ich \u00fcbrigens zum Schluss noch aufgestiegen<\/p>\n<p><img src=http:\/\/ski.inmontanis.info\/d\/157221-2\/DSC07362.jpg \/><br \/>\n^ Gleicher Standort, in IR<\/p>\n<p><img src=http:\/\/ski.inmontanis.info\/d\/157225-2\/DSC09579.jpg \/><br \/>\n^ Blick zur K\u00fcste und Meer bei Nizza<\/p>\n<p><img src=http:\/\/ski.inmontanis.info\/d\/157229-2\/DSC07364.jpg \/><br \/>\n^ .. und in IR<\/p>\n<p><img src=http:\/\/ski.inmontanis.info\/d\/157233-2\/DSC09586.jpg \/><br \/>\n^ Zoom Nizza \/ Nice<\/p>\n<p><img src=http:\/\/ski.inmontanis.info\/d\/157323-2\/DSC09590.jpg \/><br \/>\n^ Abfahrten links vom KSSL du Jas<\/p>\n<p><img src=http:\/\/ski.inmontanis.info\/d\/157238-2\/DSC09591.jpg \/><br \/>\n^ Skigebietspano von nahe der Bergstation KSSL Jas aus<\/p>\n<p><img src=http:\/\/ski.inmontanis.info\/d\/157242-2\/DSC09592.jpg \/><br \/>\n^ Nach dem Aufstieg zu diesem Gipfel war ich etwas erstaunt: Hier gingen einst 2 KSSL rauf! (Im GPS-Track rot eingezeichnet)<\/p>\n<p><img src=http:\/\/ski.inmontanis.info\/d\/157246-2\/DSC09594.jpg \/><br \/>\n^ S\u00fcdpano zum Mittelmeer, das abends leider nicht mehr so gut erkennbar ist.<\/p>\n<p><img src=http:\/\/ski.inmontanis.info\/d\/157250-2\/DSC07367.jpg \/><br \/>\n^ IR-Pano mit Meer<\/p>\n<p><img src=http:\/\/ski.inmontanis.info\/d\/157254-2\/DSC09597.jpg \/><br \/>\n^ West-Pano<\/p>\n<p><img src=http:\/\/ski.inmontanis.info\/d\/157327-2\/DSC09603.jpg \/><br \/>\n^ .. da k\u00f6nnte man das Skigebiet noch ein St\u00fcck erweitern ..<\/p>\n<p><img src=http:\/\/ski.inmontanis.info\/d\/157259-2\/DSC09609.jpg \/><br \/>\n^ Leichter Zoom nach Cannes<\/p>\n<p><img src=http:\/\/ski.inmontanis.info\/d\/157263-2\/DSC09633.jpg \/><br \/>\n^ Abendlicher Blick nach Nizza<\/p>\n<p><img src=http:\/\/ski.inmontanis.info\/d\/157267-2\/DSC09622.jpg \/><br \/>\n^ Zoom nach Nizza \/ Nice<\/p>\n<p><img src=http:\/\/ski.inmontanis.info\/d\/157271-2\/DSC09618.jpg \/><br \/>\n^ Zoom nach Nizza \/ Nice<\/p>\n<p><img src=http:\/\/ski.inmontanis.info\/d\/157275-2\/DSC09626.jpg \/><br \/>\n^ Zoom nach Nizza \/ Nice (Flughafen)<\/p>\n<p><img src=http:\/\/ski.inmontanis.info\/d\/157280-2\/DSC07375.jpg \/><br \/>\n^ Nizza und Mittelmeer in IR<\/p>\n<p><img src=http:\/\/ski.inmontanis.info\/d\/157331-2\/DSC07387.jpg \/><br \/>\n^ IR-Pano mit Meer<\/p>\n<p><img src=http:\/\/ski.inmontanis.info\/d\/157284-2\/DSC09647.jpg \/><br \/>\n^ Sonnenuntergang<\/p>\n<p><img src=http:\/\/ski.inmontanis.info\/d\/157288-2\/DSC09650.jpg \/><br \/>\n^ Abendrot<\/p>\n<p><img src=http:\/\/ski.inmontanis.info\/d\/157292-2\/DSC09651.jpg \/><br \/>\n^ Sonnenuntergang und Mittelmeer<\/p>\n<p><img src=http:\/\/ski.inmontanis.info\/d\/157341-2\/DSC09662.jpg \/><br \/>\n^ Sonnenuntergang<\/p>\n<p><a href='http:\/\/ski.inmontanis.info\/d\/157297-2\/DSC09689.jpg'><img src=http:\/\/ski.inmontanis.info\/d\/157296-3\/DSC09689.jpg \/><\/a><br \/>\n^ Als letzter im Tal &#8211; um kurz vor 18 Uhr&#8230;<\/p>\n<p>Fazit: Greolieres bleibt auch beim Wiederholungsbesuch genial!<\/p>\n<p>Hotelm\u00e4\u00dfig hab ich mich in La Gaude oder so einquartiert, im Hotel Baou, um 42,- \u20ac \u00dcbernachtung ohne Fr\u00fchst\u00fcck (via booking.com), das mit 9,50 dazu kommen w\u00fcrde, wenn man will. Muss ja nicht sein. Au\u00dferdem bleib ich f\u00fcr 2 N\u00e4chte, da ich gestern nichts vern\u00fcnftiges zwischen hier und Monesi, wo ich evtl. am Samstag fahren m\u00f6chte, gefunden habe. <\/p>\n<p>Ja, die Hotels an den K\u00fcstenst\u00e4dten sind schon g\u00fcnstig jetzt im Winter, aber das ist ja alles so eng da unten und dann muss man tw. f\u00fcr&#8217;s Parken 10,- \u20ac zahlen, und was n\u00fctzt mir ein Hotel am Meer, wenn ich Freitag Abend bei Dunkelheit komme und Samstag fr\u00fch ja bei Dunkelheit wieder fahren will?<\/p>\n<p>Obschon ich das g\u00fcnstigste Zimmer gebucht hatte, ist hier wohl dzt. so wenig los, dass ich ein besseres Zimmer bekam, das sonst um 82-120,- \u20ac (f\u00fcr 2 Personen) vermietet wird. Kleiner Panorama-Balkon und Kochgelegenheit (inkl. Mikrowelle), sowie WLAN inklusive. Da werd ich mir f\u00fcr morgen doch das Fr\u00fchst\u00fcck um die 9,50 g\u00f6nnen, denn 52,- \u20ac ist f\u00fcr das Zimmer als EZ\/\u00dcF immer noch ein sehr guter Preis ;-)<\/p>\n<p>Zum Abendessen ging&#8217;s in das Restaurant (Pizzeria) unterhalb des Hotels, das mich jedoch nicht sonderlich \u00fcberzeugen konnte. Ok, wenn ich in Frankreich in eine Pizzeria geh, will ich keine Standard-Pizzen, sondern z.B. eine Savoyarde oder so &#8216;was kurioses wie damals in Tignes mit Ziegenk\u00e4se und Honig ;-)<\/p>\n<p><a href='http:\/\/extra.inmontanis.info\/d\/15612-2\/DSC09696.jpg'><img src=http:\/\/extra.inmontanis.info\/d\/15610-3\/DSC09696.jpg \/><\/a><br \/>\n^ Hotelzimmer, g\u00fcnstig, modern, riesig.<\/p>\n<p><img src=http:\/\/extra.inmontanis.info\/d\/15616-2\/DSC09701.jpg \/><br \/>\n^ Abendliches Pano vom Balkon (20 sec)<\/p>\n<p>(N\u00e4chster Teil: Valberg)<\/p>\n","protected":false},"excerpt":{"rendered":"<p>Randgebiete &#8211; Tag 7: Donnerstag, 24.1.2013 &#8211; Gr\u00e9oli\u00e8res<\/p>\n<p>Heute ging&#8217;s nach Gr\u00e9oli\u00e8res, wo ich 2010 schon einmal war. W\u00e4hrend der Fahrt kam&#8217;s mir, dass ich von heute an die letzten 5 Tage voraussichtlich nur noch in Skigebieten sein werde, die Meerpano haben! Genial &#8230;.<\/p>\n<p>Nach 2,5h Fahrt kam ich um 10:30 an. Die letzten ca. <a href=\"http:\/\/blog.inmontanis.info\/?p=2278\">[&#8230;]<\/a><\/p>\n","protected":false},"author":1,"featured_media":0,"comment_status":"open","ping_status":"closed","sticky":false,"template":"","format":"standard","meta":{"footnotes":""},"categories":[116,16,308,27],"tags":[90,48,100,37],"class_list":["post-2278","post","type-post","status-publish","format-standard","hentry","category-201301-randgebiete","category-france","category-greolieres","category-skifahren-winterskiing-winter","tag-infrarot","tag-kssl","tag-langzeitbelichtung","tag-meer","odd"],"_links":{"self":[{"href":"http:\/\/blog.inmontanis.info\/index.php?rest_route=\/wp\/v2\/posts\/2278","targetHints":{"allow":["GET"]}}],"collection":[{"href":"http:\/\/blog.inmontanis.info\/index.php?rest_route=\/wp\/v2\/posts"}],"about":[{"href":"http:\/\/blog.inmontanis.info\/index.php?rest_route=\/wp\/v2\/types\/post"}],"author":[{"embeddable":true,"href":"http:\/\/blog.inmontanis.info\/index.php?rest_route=\/wp\/v2\/users\/1"}],"replies":[{"embeddable":true,"href":"http:\/\/blog.inmontanis.info\/index.php?rest_route=%2Fwp%2Fv2%2Fcomments&post=2278"}],"version-history":[{"count":2,"href":"http:\/\/blog.inmontanis.info\/index.php?rest_route=\/wp\/v2\/posts\/2278\/revisions"}],"predecessor-version":[{"id":2280,"href":"http:\/\/blog.inmontanis.info\/index.php?rest_route=\/wp\/v2\/posts\/2278\/revisions\/2280"}],"wp:attachment":[{"href":"http:\/\/blog.inmontanis.info\/index.php?rest_route=%2Fwp%2Fv2%2Fmedia&parent=2278"}],"wp:term":[{"taxonomy":"category","embeddable":true,"href":"http:\/\/blog.inmontanis.info\/index.php?rest_route=%2Fwp%2Fv2%2Fcategories&post=2278"},{"taxonomy":"post_tag","embeddable":true,"href":"http:\/\/blog.inmontanis.info\/index.php?rest_route=%2Fwp%2Fv2%2Ftags&post=2278"}],"curies":[{"name":"wp","href":"https:\/\/api.w.org\/{rel}","templated":true}]}}