{"id":2265,"date":"2013-01-20T22:53:37","date_gmt":"2013-01-20T21:53:37","guid":{"rendered":"http:\/\/blog.inmontanis.info\/?p=2265"},"modified":"2023-08-05T14:46:40","modified_gmt":"2023-08-05T12:46:40","slug":"rigi-20-1-2013","status":"publish","type":"post","link":"http:\/\/blog.inmontanis.info\/?p=2265","title":{"rendered":"Rigi, 20.1.2013"},"content":{"rendered":"<p><strong>Randgebiete &#8211; Tag 3: Sonntag, 20.1.2013 &#8211; Rigi<\/strong><\/p>\n<p>(Vorabend)<\/p>\n<p>Nach Hochfelln h\u00e4tte ich am Sonntag egtl. Kampenwand fahren wollen. Aber nat\u00fcrlich erst mal Wetterberichts-Check. Hm. In Ligurien am Montag doch Chance auf Sonne, und Santo Stefano hat ja von Sa-Mo offen. Dienstag solls auch gut werden, Mittwoch allerdings schlechter. Dienstag Abetone und dann Mittwoch wieder raus aus dem Appennin. W\u00e4re eine M\u00f6glichkeit.<\/p>\n<p>Thollon meldete f\u00fcr Montag zumindest vormittags auch aufgelockert. Und, ach was, f\u00fcr Sonntag vormittag jetzt auch? Hm. 6,5h Fahrzeit, da muss ich arg fr\u00fch aufstehen, wollte ich dort vormittags sein. Ne, nicht machbar. Was macht das Wetter in der Schweiz, so auf dem Weg? Aha, ja, da ist hier und da ein bissl Sonne zu erwarten. Eywald? Scheint interessant, da muss ich mal vorbei.<\/p>\n<p>Schlussendlich fiel die Wahl auf die Rigi am Vierwaldst\u00e4ttersee. Erstens, weils mir dort vor 9 Jahren so gut gefallen hat. Und zweitens, weil es dort mit am sonnigsten werden soll. Und drittens, weil es ohne zu viel Umweg quasi auf halben Weg nach Thollon liegt.<\/p>\n<p>Dann noch ein Hotel f\u00fcr Sonntag Abend klar gemacht und Sachen gepackt und leider erst um 0:30 Uhr ins Bett gekommen. Wetterbericht meldete f\u00fcr Vormittag besser, und der Skipass ist ja auch teuer genug, die Z\u00fcge fahren nur alle Stunde, also sollte man schon mit der Zahnradbahn um 9:03 fahren. 3,5-4h Anfahrtszeit, macht also genau &#8230;<\/p>\n<p>&#8230; 4 Stunden Schlaf. Na toll. Vorsichtshalber 3 statt 2 Wecker gestellt, um ja um 4:30 Uhr raus zu kommen. Aber ging doch problemloser als bef\u00fcrchtet. Um 5 kam ich weg, und trotz Arlbergpass und Tankpause war ich schon um 8:30 in Goldau am Parkplatz. Nein, nicht ganz, ich w\u00e4re es gewesen. Bl\u00f6derweise ist die Abzweigung so knapp und uneinsichtig hinter der Autobahnzufahrt, dass ich wieder auf die Autobahn gefahren bin und somit 12 km Umweg machen musste, bis ich am Parkplatz ankam. Aber ich hatte ja eh Zeit bis 9:03. Tageskarte um 47,- CH gekauft, was lt. Kurs knapp unter meinen grenzwertigen 40,- \u20ac liegt. Allerdings kamen noch 8,- CHF Parkgeb\u00fchren dazu. Und Mittags nat\u00fcrlich &#8216;ne Portion \u00c4lpermaggronen mit Cola um 20,- \u20ac. \u00c4hja. Aber die Rigi ist mir das Wert&#8230; <\/p>\n<p><img src=http:\/\/extra.inmontanis.info\/d\/15454-2\/ge_randgebiete201301f.jpg \/><br \/>\nD: Rigi<\/p>\n<p>Das Wetter war netterweise wesentlich besser, fast den ganzen Tag Sonnenschein! Daf\u00fcr aber kein See-Pano, sondern &#8220;nur&#8221; Nebelmeer. Sonne und kein Nebelmeer \u00fcber den Vierwaldst\u00e4ttersee d\u00fcrfte &#8211; zumindest im Winter &#8211; mindestens so selten wie am Bodensee zu sein, vmtl. sogar noch seltener? Jedenfalls seltener als an den s\u00fcdlichen Seen wie Maggiore oder Genfer, zumindest gem\u00e4\u00df meiner bescheidenen Erfahrung. Wenn das wirklich so ist, warum eigentlich? <\/p>\n<p>Skigebietsm\u00e4\u00dfig hat&#8217;s mir hier immer noch so gut gefallen wie beim letzten Mal. Abwechslungsreiche, schmale, unmodellierte, unbeschneite Abfahrten, tolles Pano, der Doppelkurven-SL (egtl. 3 Kurven, da ja r\u00fcckw\u00e4rtig noch eine Bananenkurve), die Zahnradbahnen, geiles Pano &#8230; Wobei, den ganze Tag SL fahren strengt dann doch etwas an.<\/p>\n<p>(Fotos anklicken zum Vergr\u00f6\u00dfern, soweit nicht vergr\u00f6\u00dfert gepostet.)<\/p>\n<p><img src=http:\/\/ski.inmontanis.info\/d\/155502-2\/DSC00305.jpg \/><br \/>\n^ Skipass und Pistenplan. Die linken und rechten Skigebiete sind vmtl nicht in der Tageskarte enthalten.<\/p>\n<p><img src=http:\/\/ski.inmontanis.info\/d\/155506-2\/ge_rigi2013b.jpg \/><br \/>\n^ GPS-Track 2013<\/p>\n<p><a href='http:\/\/ski.inmontanis.info\/d\/155671-2\/DSC08827.jpg'><img src=http:\/\/ski.inmontanis.info\/d\/155670-3\/DSC08827.jpg \/><\/a><br \/>\n^ Bahnhof Goldau direkt an der Autobahn A4<\/p>\n<p><img src=http:\/\/ski.inmontanis.info\/d\/155511-2\/DSC08833.jpg \/><br \/>\n^ Bahnhof Rigi-Kulm Bergstation<\/p>\n<p><img src=http:\/\/ski.inmontanis.info\/d\/155515-2\/DSC08834.jpg \/><br \/>\n^ Blick von Rigi-Kulm r\u00fcber ins Teilskigebiet Rotstock mit dem kurzen SL zur rechten und 2 schr\u00e4gen Abfahrten bis ganz nach links.<\/p>\n<p><img src=http:\/\/ski.inmontanis.info\/d\/155675-2\/DSC08837.jpg \/><br \/>\n^ Bahnhof Rigi-Kulm<\/p>\n<p><img src=http:\/\/ski.inmontanis.info\/d\/155520-2\/DSC08841.jpg \/><br \/>\n^ Sendemast<\/p>\n<p><img src=http:\/\/ski.inmontanis.info\/d\/155524-2\/DSC08838.jpg \/><br \/>\n^ Gipfel-Pano<\/p>\n<p><img src=http:\/\/ski.inmontanis.info\/d\/155528-2\/DSC08851.jpg \/><br \/>\n^ Gipfel-Pano<\/p>\n<p><img src=http:\/\/ski.inmontanis.info\/d\/155532-2\/DSC08846.jpg \/><br \/>\n^ Gipfel-Pano ins Flachland<\/p>\n<p><img src=http:\/\/ski.inmontanis.info\/d\/155536-2\/DSC08853.jpg \/><br \/>\n^ Gipfel-Pano zum See (unterm Nebel)<\/p>\n<p><img src=http:\/\/ski.inmontanis.info\/d\/155540-2\/DSC08857.jpg \/><br \/>\n^ Auf dem Rodelweg (fr\u00fch gut zu fahren, nachmittags grausig); das Skigebiet gegen\u00fcber ist aufgelassen<\/p>\n<p><a href='http:\/\/ski.inmontanis.info\/d\/155544-2\/DSC08863.jpg'><img src=http:\/\/ski.inmontanis.info\/d\/155543-3\/DSC08863.jpg \/><\/a><br \/>\n^ Kurven-SL<\/p>\n<p><a href='http:\/\/ski.inmontanis.info\/d\/155548-2\/DSC08864.jpg'><img src=http:\/\/ski.inmontanis.info\/d\/155547-3\/DSC08864.jpg \/><\/a><br \/>\n^ Kurven-SL mit seinen beiden Abfahrten zur linken<\/p>\n<p><img src=http:\/\/ski.inmontanis.info\/d\/155679-2\/DSC08871.jpg \/><br \/>\n^ Interessantes Foto-Wetter heute &#8230;<\/p>\n<p><img src=http:\/\/ski.inmontanis.info\/d\/155553-2\/DSC08877.jpg \/><br \/>\n^ Interessantes Foto-Wetter heute &#8230;<\/p>\n<p><img src=http:\/\/ski.inmontanis.info\/d\/155557-2\/DSC08883.jpg \/><br \/>\n^ Vorne die Quer-Abfahrten vom SL Rotstock zum Kurven-SL, dessen Talstation man im unteren Bilddrittel sehen kann<\/p>\n<p><img src=http:\/\/ski.inmontanis.info\/d\/155561-2\/DSC08888.jpg \/><br \/>\n^ Am Kurven-SL<\/p>\n<p><img src=http:\/\/ski.inmontanis.info\/d\/155565-2\/DSC08891.jpg \/><br \/>\n^ Die Verbindung zum steilen SL Rotstock geht \u00fcber die Gleise .. kurze Wartezeiten.<\/p>\n<p><img src=http:\/\/ski.inmontanis.info\/d\/155569-2\/DSC08909.jpg \/><br \/>\n^ .. sozusagen der umgekehrte Blick, alle 3 SL, ZRB und Gipfel<\/p>\n<p><img src=http:\/\/ski.inmontanis.info\/d\/155573-2\/DSC08910.jpg \/><br \/>\n^ SL Rotstock, die direkte Abfahrt ist sch\u00f6n steil und hatte den besten Schnee<\/p>\n<p><img src=http:\/\/ski.inmontanis.info\/d\/155683-2\/DSC08914.jpg \/><br \/>\n^ Zahnradbahn<\/p>\n<p><img src=http:\/\/ski.inmontanis.info\/d\/155578-2\/DSC08915.jpg \/><br \/>\n^ SL Rotstock, Zahnradbahn, Staffel, Kulm<\/p>\n<p><img src=http:\/\/ski.inmontanis.info\/d\/155582-2\/DSC08920.jpg \/><br \/>\n^ Abfahrt W\u00f6lfertschent\u00e4li<\/p>\n<p><img src=http:\/\/ski.inmontanis.info\/d\/155687-2\/DSC08922.jpg \/><br \/>\n^ Zahnradbahn<\/p>\n<p><img src=http:\/\/ski.inmontanis.info\/d\/155691-2\/DSC08926.jpg \/><br \/>\n^ Talstation Kurven-SL<\/p>\n<p><img src=http:\/\/ski.inmontanis.info\/d\/155587-2\/DSC08930.jpg \/><br \/>\n^ Abfahrt W\u00f6lfertschent\u00e4li<\/p>\n<p><img src=http:\/\/ski.inmontanis.info\/d\/155592-2\/DSC08932.jpg \/><br \/>\n^ Hier queren die Abfahrten vom SL Rotstock zum Kurven-SL die Zahnradbahn<\/p>\n<p><a href='http:\/\/ski.inmontanis.info\/d\/155596-2\/DSC08933.jpg'><img src=http:\/\/ski.inmontanis.info\/d\/155595-3\/DSC08933.jpg \/><\/a><br \/>\n^ Der Kurven-SL hat auf der Auffahrtsseite 2 derartige Kurven, sowie eine Bananenkurve auf der talw\u00e4rts laufenden Strecke.<\/p>\n<p><a href='http:\/\/ski.inmontanis.info\/d\/155600-2\/DSC08935.jpg'><img src=http:\/\/ski.inmontanis.info\/d\/155599-3\/DSC08935.jpg \/><\/a><br \/>\n^ SL-Trasse, inkl. Absturzgefahr ins Bachbett ;-)<\/p>\n<p><a href='http:\/\/ski.inmontanis.info\/d\/155695-2\/DSC08946.jpg'><img src=http:\/\/ski.inmontanis.info\/d\/155694-3\/DSC08946.jpg \/><\/a><br \/>\n^ Bahnhof Rigi-Staffel<\/p>\n<p><img src=http:\/\/ski.inmontanis.info\/d\/155605-2\/DSC08947.jpg \/><br \/>\n^ Ankommende Z\u00fcge am Bahnhof Staffel &#8211; links nach Vitznau, rechts nach Goldau.<\/p>\n<p><img src=http:\/\/ski.inmontanis.info\/d\/155609-2\/DSC08954.jpg \/><br \/>\n^ Am Bahnhof Staffelh\u00f6he<\/p>\n<p><img src=http:\/\/ski.inmontanis.info\/d\/155613-2\/DSC08957.jpg \/><br \/>\n^ SL Rigi Kaltbad, vergleichsweise uninteressant<\/p>\n<p><img src=http:\/\/ski.inmontanis.info\/d\/155617-2\/DSC08960.jpg \/><br \/>\n^ SL Rigi Kaltbad, dahinter Rigi-Kulm und Rotstock<\/p>\n<p><a href='http:\/\/ski.inmontanis.info\/d\/155621-2\/DSC08963.jpg'><img src=http:\/\/ski.inmontanis.info\/d\/155620-3\/DSC08963.jpg \/><\/a><br \/>\n^ Im Zug<\/p>\n<p><img src=http:\/\/ski.inmontanis.info\/d\/155625-2\/DSC08968.jpg \/><br \/>\n^ Nachmitt\u00e4gliches Pano vom Gipfelbahnhof; unter der Nebeldecke w\u00e4re der Vierwaldst\u00e4ttersee.<\/p>\n<p><img src=http:\/\/ski.inmontanis.info\/d\/155699-2\/DSC08974.jpg \/><br \/>\n^ SL Rigi Kaltbad und nachmitt\u00e4gliches Nebelmeer<\/p>\n<p><img src=http:\/\/ski.inmontanis.info\/d\/155630-2\/DSC08977.jpg \/><br \/>\n^ Rigi Gipfel und Nebelmeer<\/p>\n<p><img src=http:\/\/ski.inmontanis.info\/d\/155634-2\/DSC08980.jpg \/><br \/>\n^ Bahnhof Staffel im Miniatur-Effekt<\/p>\n<p><img src=http:\/\/ski.inmontanis.info\/d\/155638-2\/DSC08981.jpg \/><br \/>\n^ Blau und Rot, die zweigleisige Strecke zum Gipfel<\/p>\n<p><img src=http:\/\/ski.inmontanis.info\/d\/155642-2\/DSC08991.jpg \/><br \/>\n^ Bahnhof Staffel und Bergstation Kurven-SL<\/p>\n<p><img src=http:\/\/ski.inmontanis.info\/d\/155646-2\/DSC08992.jpg \/><br \/>\n^ Gipfel<\/p>\n<p><img src=http:\/\/ski.inmontanis.info\/d\/155650-2\/DSC08996.jpg \/><br \/>\n^ Nebel \u00fcbern See<\/p>\n<p><img src=http:\/\/ski.inmontanis.info\/d\/155654-2\/DSC09004.jpg \/><br \/>\n^ Bald geht die Sonne unter &#8211; aber ich muss leider vom Viewaldst\u00e4ttersee (der ohne dem Nebel hier sch\u00f6n schimmern w\u00fcrde) noch zum Genfersee, also &#8211; leider kann ich nicht l\u00e4nger hier oben bleiben :-(<\/p>\n<p>Zum Thema See &#8211; Foto von 2004:<br \/>\n<img src=http:\/\/ski.inmontanis.info\/d\/134342-3\/01100056.jpg \/><\/p>\n<p><img src=http:\/\/ski.inmontanis.info\/d\/155658-2\/DSC07331.jpg \/><br \/>\n^ Der Nebel w\u00fcrde sich jetzt langsam aufl\u00f6sen &#8230; (IR)<\/p>\n<p><img src=http:\/\/ski.inmontanis.info\/d\/155703-2\/DSC07332.jpg \/><br \/>\n^ IR-Pano mit Gipfel und leichtem See-Blick zur linken.<\/p>\n<p><a href='http:\/\/ski.inmontanis.info\/d\/155663-2\/DSC09011.jpg'><img src=http:\/\/ski.inmontanis.info\/d\/155662-3\/DSC09011.jpg \/><\/a><br \/>\n^ Zugsteuerung<\/p>\n<p><a href='http:\/\/ski.inmontanis.info\/d\/155667-2\/DSC00304.jpg'><img src=http:\/\/ski.inmontanis.info\/d\/155666-3\/DSC00304.jpg \/><\/a><br \/>\n^ Zahnstangen-Schoggi. Schon etwas arg teuer f\u00fcr das bisschen &#8230;.<\/p>\n<p>Fazit: Rigi? Gerne wieder. Vielleicht zur Abwechslung mal mit Sonne+Seepano &#8230;<\/p>\n<p>Da es bis nach Thollon noch \u00fcber 3h Fahrzeit waren, bin ich bereits mit dem Zug um 16:15 talw\u00e4rts (zur Verst\u00e4rkung fuhren zwei gleichzeitg). Au\u00dferdem w\u00e4re der Sonnenuntergang erst f\u00fcr 17:10 vorhergesagt, d.h. der Zug vom Gipfel um 17 Uhr w\u00e4re auch noch zu fr\u00fch gewesen, und der um 18 Uhr w\u00e4re dann mal definitiv zu sp\u00e4t f\u00fcr mich heute gewesen. Schade irgendwie, das muss ich n\u00e4chstes Mal hier anders einplanen. Wenn die Z\u00fcge schon so sp\u00e4t fahren, dass man den Sonnenuntergang am Gipfel verbringen k\u00f6nnte&#8230;.<\/p>\n<p>Auf der Autobahn in den S\u00fcden kam ich an einem franz\u00f6sischen Auto vorbei, das doch tats\u00e4chlich noch schwarze Kennzeichentafeln hatte! Wow. Wenn man sich \u00fcberlegt, dass fr\u00fcher evtl. sogar die Mehrheit der europ\u00e4ischen L\u00e4nder schwarze Tafeln hatte &#8211; mittlerweile ist ja leider nur noch Liechtenstein \u00fcbrig? Auch irgendwie schade.<\/p>\n<p>Eins meiner Navis meinte dann noch, dass die Stra\u00dfe in St. Gingolph wg. eines Erdrutsches gesperrt sei und ich somit nicht \u00fcber Montreux, sondern \u00fcber Genf fahren solle, 15 Minuten und 50km l\u00e4nger. Das andere Navi wusste davon nichts. Und im Radio h\u00f6rte ich auch nichts. Aber wenn ich dort vor Ort stehen sollte und die Stra\u00dfe tats\u00e4chlich gesperrt sein sollte, w\u00e4re der Umweg \u00fcber Genf oder Morgins (?) ja ewig. Dann lieber gleich die 15 Minuten als \u00fcber 1 Stunde. (Am n\u00e4chsten Tag hab ich tats\u00e4chlich einige Umleitungsschilder auf den Weg richtung Thollon gesehen, also irgendwo war da mal definitiv was gesperrt, wo genau auch immer.)<\/p>\n<p>Vor Thonon w\u00e4re ich an einem Buffalo Grill vorbei gekommen &#8211; aber da ich erst nach 14 Uhr Mittag a\u00df (und die Portion recht s\u00e4ttigend war), w\u00e4re mir das heute und so sp\u00e4t zu viel geworden. Am McDonalds standen mir zu viel am Drive-In, aber zum Gl\u00fcck war am n\u00e4chsten Kreisverkehr noch ein Quick, wo ich mir doch noch einen Burger mitnahm. <\/p>\n<p>Einquartiert hab ich mich im Etap (jetzt ibis budget) in Thonon. 35,- \u20ac das Zimmer, mit Abgaben und Fr\u00fchst\u00fcck sind&#8217;s 41,15 \u20ac, gratis WLAN inklusive. Wozu also in ein teureres Hotel gehen &#8230; gut, die Zimmer bestechen insbesondere aufgrund ihrer kurzen Wege &#8211; aus dem Bett aufstehen, steht man bereits halb im Bad :) Allein geht&#8217;s schon, aber zu Dritt k\u00f6nnt ich&#8217;s mir hier nicht vorstellen. Die etap-Hotels letztes Jahr waren besser. \u00dcbrigens: Es gibt kein Zimmer mit der Nummer 113 :-)<\/p>\n<p><a href='http:\/\/extra.inmontanis.info\/d\/15540-2\/DSC09018.jpg'><img src=http:\/\/extra.inmontanis.info\/d\/15538-3\/DSC09018.jpg \/><\/a><br \/>\n^ Hotelzimmer<\/p>\n<p>Das &#8220;schlimmste&#8221; ist allerdings, dass ich noch gar nicht wei\u00df, wie es weiter gehen soll. Morgen Thollon, halt vmtl. ohne Genfersee und nur mit Nebelmeer, aber dann? Muss ich ja bis sp\u00e4testens morgen fr\u00fch wissen, wo ich \u00fcbermorgen hin will, um evtl. Hotels ab zu checken und ggf. noch zu reservieren. Aber das geht dank meines neuen Ultrabooks mit dem gr\u00f6\u00dferen Full-HD-Bildschirm und der gr\u00f6\u00dferen Tastatur alles viel besser.<\/p>\n<p>(N\u00e4chster Teil: Thollon, Frankreich)<\/p>\n","protected":false},"excerpt":{"rendered":"<p>Randgebiete &#8211; Tag 3: Sonntag, 20.1.2013 &#8211; Rigi<\/p>\n<p>(Vorabend)<\/p>\n<p>Nach Hochfelln h\u00e4tte ich am Sonntag egtl. Kampenwand fahren wollen. Aber nat\u00fcrlich erst mal Wetterberichts-Check. Hm. In Ligurien am Montag doch Chance auf Sonne, und Santo Stefano hat ja von Sa-Mo offen. Dienstag solls auch gut werden, Mittwoch allerdings schlechter. Dienstag Abetone und dann Mittwoch wieder <a href=\"http:\/\/blog.inmontanis.info\/?p=2265\">[&#8230;]<\/a><\/p>\n","protected":false},"author":1,"featured_media":0,"comment_status":"open","ping_status":"closed","sticky":false,"template":"","format":"standard","meta":{"footnotes":""},"categories":[116,715,14,27],"tags":[90,77,47,41],"class_list":["post-2265","post","type-post","status-publish","format-standard","hentry","category-201301-randgebiete","category-rigi","category-swiss","category-skifahren-winterskiing-winter","tag-infrarot","tag-nebelmeer","tag-sl","tag-zahnradbahn","odd"],"_links":{"self":[{"href":"http:\/\/blog.inmontanis.info\/index.php?rest_route=\/wp\/v2\/posts\/2265","targetHints":{"allow":["GET"]}}],"collection":[{"href":"http:\/\/blog.inmontanis.info\/index.php?rest_route=\/wp\/v2\/posts"}],"about":[{"href":"http:\/\/blog.inmontanis.info\/index.php?rest_route=\/wp\/v2\/types\/post"}],"author":[{"embeddable":true,"href":"http:\/\/blog.inmontanis.info\/index.php?rest_route=\/wp\/v2\/users\/1"}],"replies":[{"embeddable":true,"href":"http:\/\/blog.inmontanis.info\/index.php?rest_route=%2Fwp%2Fv2%2Fcomments&post=2265"}],"version-history":[{"count":2,"href":"http:\/\/blog.inmontanis.info\/index.php?rest_route=\/wp\/v2\/posts\/2265\/revisions"}],"predecessor-version":[{"id":2267,"href":"http:\/\/blog.inmontanis.info\/index.php?rest_route=\/wp\/v2\/posts\/2265\/revisions\/2267"}],"wp:attachment":[{"href":"http:\/\/blog.inmontanis.info\/index.php?rest_route=%2Fwp%2Fv2%2Fmedia&parent=2265"}],"wp:term":[{"taxonomy":"category","embeddable":true,"href":"http:\/\/blog.inmontanis.info\/index.php?rest_route=%2Fwp%2Fv2%2Fcategories&post=2265"},{"taxonomy":"post_tag","embeddable":true,"href":"http:\/\/blog.inmontanis.info\/index.php?rest_route=%2Fwp%2Fv2%2Ftags&post=2265"}],"curies":[{"name":"wp","href":"https:\/\/api.w.org\/{rel}","templated":true}]}}