{"id":2262,"date":"2013-01-19T22:51:47","date_gmt":"2013-01-19T21:51:47","guid":{"rendered":"http:\/\/blog.inmontanis.info\/?p=2262"},"modified":"2023-07-30T18:26:47","modified_gmt":"2023-07-30T16:26:47","slug":"hochfelln-hochschwarzeck-19-1-2013","status":"publish","type":"post","link":"http:\/\/blog.inmontanis.info\/?p=2262","title":{"rendered":"Hochfelln-Hochschwarzeck, 19.1.2013"},"content":{"rendered":"<p><strong>Randgebiete &#8211; Tag 2: Samstag, 19.1.2013 &#8211; Hochfelln &#038; Hochschwarzeck<\/strong><\/p>\n<p>Nun, wohin heute.. Kampenwand? Oder Hochfelln? Die machen auf dieses WE. Und da wollt ich ja schon l\u00e4nger mal hin. Gut. Und f\u00fcr nachmittags noch irgendwo? Hab mich dann mit Alpinforum-user &#8220;m\u00fcnchner&#8221; f\u00fcr nachmittagas am Hochschwarzeck verabredet. Das ist klein genug f\u00fcr 2 Stunden.<br \/>\n<!--more--><br \/>\n<img src=http:\/\/extra.inmontanis.info\/d\/15454-2\/ge_randgebiete201301f.jpg \/><br \/>\nB: Hochfelln<br \/>\nC: Hochschwarzeck<\/p>\n<p>Um kurz nach 9 war ich an der Talstation der PB und kaufte mir eine Halbtageskarte um 21,- (plus 2,- Parken) und durfte noch schnell mit der Gondel mit, weil sie wohl etwas Versp\u00e4tung hatte. Nat\u00fcrlich gleich bis rauf und die Abfahrten und SL ausgetestet.<\/p>\n<p>Schnee war stellenweise perfekt, im oberen Steilhang allerdings etwas zu hart. Off-Piste bin ich erst mal die im Plan schwarz eingezeichnete Variante gefahren. Wow. Das Ding ist wirklich steil. Schon l\u00e4nger her, dass ich so ein steiles Teil gefahren bin. Glaub das d\u00fcrfte hier und da 40\u00b0 oder mehr haben. Leider war der Schnee nicht ganz so geil, da unter dem Neuschnee eine vereiste Schicht war, und dort wo sie abgefahren war, war das sehr rutschig. <\/p>\n<p>Sp\u00e4ter bin ich dennoch auch noch den Off-Piste-Hang unter der Seilbahn gefahren. Auch steil, aber angenehmer zu fahren, Schneem\u00e4\u00dfig vielleicht etwas besser. <\/p>\n<p>Zum Schluss bin ich noch die Talabfahrt runter. Ganz sch\u00f6n lang, schneem\u00e4\u00dfig war&#8217;s hier aber besser. Dass man unten dann nur schiebend und zu Fu\u00df richtung PB kommt, wusste ich. Allerdings h\u00e4tte ich nicht mehr im Kopf, dass es doch SO weit ist (knapp 4 km lt. GE-Nachmessen). Und man ja wirklich die ganze Zeit skaten muss, um vorw\u00e4rts zu kommen, weil die Stra\u00dfe zu flach ist. Kurve um Kurve, pl\u00f6tzlich (nach \u00fcber 10 Minuten) hielt eine Autofahrerin, die noch einen Platz frei hatte und fragte mich, ob ich nicht mit will. Ja, wie weit ists denn noch? Schon noch ein St\u00fcck. Ok. Puh, was f\u00fcr ein Gl\u00fcck. Das zog sich noch ewig weit raus, glaub da h\u00e4tte ich noch locker 20 Minuten gebraucht! <\/p>\n<p>Schade. Talabfahrt w\u00e4re echt cool, aber ohne Buspendelverkehr oder anderweitiger Mitfahrgelegenheit &#8211; also zu Fu\u00df da vor kann man vergessen.<\/p>\n<p>(Fotos anklicken zum Vergr\u00f6\u00dfern, soweit nicht vergr\u00f6\u00dfert gepostet.)<\/p>\n<p><img src=http:\/\/ski.inmontanis.info\/d\/155312-2\/ge_hochfelln2013a.jpg \/><br \/>\n^ GPS-Track Hochfelln 2013<\/p>\n<p><img src=http:\/\/ski.inmontanis.info\/d\/155430-2\/DSC08691.jpg \/><br \/>\n^ Talblick an der Bergstation PB Sektion II<\/p>\n<p><img src=http:\/\/ski.inmontanis.info\/d\/155434-2\/DSC08695.jpg \/><br \/>\n^ Abfahrt an der PB<\/p>\n<p><img src=http:\/\/ski.inmontanis.info\/d\/155317-2\/DSC08696.jpg \/><br \/>\n^ Was w\u00e4re Italien und Bayern ohne einen aufgelassenen Gipfel- oder S\u00fcdhang-Lift&#8230;.<\/p>\n<p><img src=http:\/\/ski.inmontanis.info\/d\/155322-2\/DSC08699.jpg \/><br \/>\n^ Abfahrt an der PB<\/p>\n<p><img src=http:\/\/ski.inmontanis.info\/d\/155326-2\/DSC08701.jpg \/><br \/>\n^ Abfahrt an der PB<\/p>\n<p><img src=http:\/\/ski.inmontanis.info\/d\/155330-2\/DSC08703.jpg \/><br \/>\n^ Umfahrung Steilhang<\/p>\n<p><img src=http:\/\/ski.inmontanis.info\/d\/155334-2\/DSC08706.jpg \/><br \/>\n^ Abfahrt, PB und das Gel\u00e4nde der beiden Br\u00fcndling-SL an der Mittelstation<\/p>\n<p><img src=http:\/\/ski.inmontanis.info\/d\/155338-2\/DSC08707.jpg \/><br \/>\n^ Teller-SL Br\u00fcndling II<\/p>\n<p><img src=http:\/\/ski.inmontanis.info\/d\/155342-2\/DSC08708.jpg \/><br \/>\n^ Abfahrt am SL Br\u00fcndling I bzw. zur Mittelstation<\/p>\n<p><img src=http:\/\/ski.inmontanis.info\/d\/155346-2\/DSC08709.jpg \/><br \/>\n^ PB Sektion II und Abfahrten, von der Mittelstation aus, also fast das komplette Skigebiet&#8230;<\/p>\n<p><img src=http:\/\/ski.inmontanis.info\/d\/155350-2\/DSC08713.jpg \/><br \/>\n^ Pano mit Bergstation der PB und Chiemsee (links)<\/p>\n<p><img src=http:\/\/ski.inmontanis.info\/d\/155354-2\/DSC07304.jpg \/><br \/>\n^ Chiemsee (IR)<\/p>\n<p><img src=http:\/\/ski.inmontanis.info\/d\/155358-2\/DSC07306.jpg \/><br \/>\n^ Chiemsee (IR)<\/p>\n<p><img src=http:\/\/ski.inmontanis.info\/d\/155438-2\/DSC08714.jpg \/><br \/>\n^ Pano R\u00fcckseite<\/p>\n<p><img src=http:\/\/ski.inmontanis.info\/d\/155363-2\/DSC08718.jpg \/><br \/>\n^ Pano<\/p>\n<p><img src=http:\/\/ski.inmontanis.info\/d\/155367-2\/DSC08720.jpg \/><br \/>\n^ Ex-SL, dahinter in Bildmitte das Skigebiet Steinplatte<\/p>\n<p><img src=http:\/\/ski.inmontanis.info\/d\/155455-2\/DSC08727.jpg \/><br \/>\n^ Zoom Steinplatte \/ Winklmoosalm vom Hochfelln<\/p>\n<p><img src=http:\/\/ski.inmontanis.info\/d\/155498-2\/DSC08722.jpg \/><br \/>\n^ Zoom K\u00f6ssen vom Hochfelln<\/p>\n<p><img src=http:\/\/ski.inmontanis.info\/d\/155371-2\/DSC07312.jpg \/><br \/>\n^ IR-Pano richtung Osten<\/p>\n<p><a href='http:\/\/ski.inmontanis.info\/d\/155375-2\/DSC08734.jpg'><img src=http:\/\/ski.inmontanis.info\/d\/155374-3\/DSC08734.jpg \/><\/a><br \/>\n^ Ex-SL Bergstation<\/p>\n<p><a href='http:\/\/ski.inmontanis.info\/d\/155379-2\/DSC08735.jpg'><img src=http:\/\/ski.inmontanis.info\/d\/155378-3\/DSC08735.jpg \/><\/a><br \/>\n^ Ex-SL St\u00fctze<\/p>\n<p><img src=http:\/\/ski.inmontanis.info\/d\/155383-2\/DSC08743.jpg \/><br \/>\n^ Ex-SL Talstation<\/p>\n<p><img src=http:\/\/ski.inmontanis.info\/d\/155387-2\/DSC08744.jpg \/><br \/>\n^ Ex-SL Strecke. Ok, bissl kurz, aber trotzdem schad, ist der beste Schnee hier.<\/p>\n<p><img src=http:\/\/ski.inmontanis.info\/d\/155391-2\/DSC08746.jpg \/><br \/>\n^ Die im Plan eingezeichnete schwarze Variante ist krass steil&#8230;<\/p>\n<p><img src=http:\/\/ski.inmontanis.info\/d\/155395-2\/DSC08752.jpg \/><br \/>\n^ Rechts die krass steile Schwarze<\/p>\n<p><img src=http:\/\/ski.inmontanis.info\/d\/155442-2\/DSC08756.jpg \/><br \/>\n^ Einfahrt zu den Steilrinnen unter der Seilbahn<\/p>\n<p><img src=http:\/\/ski.inmontanis.info\/d\/155400-2\/DSC08759.jpg \/><br \/>\n^ Einfahrt zu den Steilrinnen unter der Seilbahn<\/p>\n<p><img src=http:\/\/ski.inmontanis.info\/d\/155404-2\/DSC08760.jpg \/><br \/>\n^ Steilrinne unter der Seilbahn. Fand ich nicht ganz so steil wie die untere schwarze, Schnee war auch minimal besser.<\/p>\n<p><img src=http:\/\/ski.inmontanis.info\/d\/155408-2\/DSC08767.jpg \/><br \/>\n^ Off-Piste Steilrinnen unter der PB<\/p>\n<p><a href='http:\/\/ski.inmontanis.info\/d\/155451-2\/DSC08769.jpg'><img src=http:\/\/ski.inmontanis.info\/d\/155450-3\/DSC08769.jpg \/><\/a><br \/>\n^ Talabfahrt<\/p>\n<p><a href='http:\/\/ski.inmontanis.info\/d\/155413-2\/DSC08773.jpg'><img src=http:\/\/ski.inmontanis.info\/d\/155412-3\/DSC08773.jpg \/><\/a><br \/>\n^ Talabfahrt<\/p>\n<p><a href='http:\/\/ski.inmontanis.info\/d\/155417-2\/DSC08776.jpg'><img src=http:\/\/ski.inmontanis.info\/d\/155416-3\/DSC08776.jpg \/><\/a><br \/>\n^ Talabfahrt<\/p>\n<p><a href='http:\/\/ski.inmontanis.info\/d\/155447-2\/DSC08777.jpg'><img src=http:\/\/ski.inmontanis.info\/d\/155446-3\/DSC08777.jpg \/><\/a><br \/>\n^ Talabfahrt Ende<\/p>\n<p><a href='http:\/\/ski.inmontanis.info\/d\/155422-2\/DSC08780.jpg'><img src=http:\/\/ski.inmontanis.info\/d\/155421-3\/DSC08780.jpg \/><\/a><br \/>\n^ .. von hier geht&#8217;s nur auf einer Stra\u00dfe retour, aber zu Fu\u00df oder zum Skaten krass lang (inkl. Weg durch den Ort 4 km)<\/p>\n<p><img src=http:\/\/ski.inmontanis.info\/d\/155426-2\/ge_hochfelln2013b.jpg \/><br \/>\n^ GPS-Track mit Talabfahrt und der langen Stra\u00dfe. Schade, die Talabfahrt w\u00e4r echt cool.<\/p>\n<p>Fazit: Schmale steile Abfahrten, Flachlandpano, hier kann man&#8217;s mal nochmal einen Tag aushalten.<\/p>\n<p>Um kurz nach 14 Uhr kam ich an der DSB Hochschwarzeck an, wo m\u00fcnchner bereits an der Kasse anstand und ich mich so vordr\u00e4ngeln konnte ;) <\/p>\n<p>2h-Skipass kostete 12,- \u20ac. Abfahrt an der DSB ist ganz nett, allerdings f\u00e4hrt die wg. den Rodlern sehr langsam. Die SL dr\u00fcben wurden um einen gestutzt, sind jetzt nur noch 2, die allesamt nicht sehr schnell liefen und jeweils nur eine Abfahrt haben. Ganz nette Erg\u00e4nzung, aber ob ich jetzt noch ein zweites Mal hier her muss, darf bezweifelt werden &#8211; da gibt&#8217;s in S\u00fcdbayern doch interessanteres.<\/p>\n<p><a href='http:\/\/ski.inmontanis.info\/d\/155461-2\/ge_hochschwarzeck.jpg'><img src=http:\/\/ski.inmontanis.info\/d\/155459-3\/ge_hochschwarzeck.jpg \/><\/a><br \/>\n^ GPS-Track Hochschwarzeck<\/p>\n<p><a href='http:\/\/ski.inmontanis.info\/d\/155494-2\/DSC08781.jpg'><img src=http:\/\/ski.inmontanis.info\/d\/155493-3\/DSC08781.jpg \/><\/a><br \/>\n^ DSB<\/p>\n<p><img src=http:\/\/ski.inmontanis.info\/d\/155466-2\/DSC08784.jpg \/><br \/>\n^ DSB-Abfahrt, sch\u00f6n schmal und kupiert<\/p>\n<p><a href='http:\/\/ski.inmontanis.info\/d\/155470-2\/DSC08786.jpg'><img src=http:\/\/ski.inmontanis.info\/d\/155469-3\/DSC08786.jpg \/><\/a><br \/>\n^ DSB-Abfahrt<\/p>\n<p><a href='http:\/\/ski.inmontanis.info\/d\/155474-2\/DSC08789.jpg'><img src=http:\/\/ski.inmontanis.info\/d\/155473-3\/DSC08789.jpg \/><\/a><br \/>\n^ SL Schmucken<\/p>\n<p><a href='http:\/\/ski.inmontanis.info\/d\/155478-2\/DSC08798.jpg'><img src=http:\/\/ski.inmontanis.info\/d\/155477-3\/DSC08798.jpg \/><\/a><br \/>\n^ SL Fronwies<\/p>\n<p><a href='http:\/\/ski.inmontanis.info\/d\/155482-2\/DSC08793.jpg'><img src=http:\/\/ski.inmontanis.info\/d\/155481-3\/DSC08793.jpg \/><\/a><br \/>\n^ SL Fronwies Bergstation, links die Hauptabfahrt, hier der kleine Aufstieg zur Nebenabfahrt<\/p>\n<p><a href='http:\/\/ski.inmontanis.info\/d\/155486-2\/DSC08795.jpg'><img src=http:\/\/ski.inmontanis.info\/d\/155485-3\/DSC08795.jpg \/><\/a><br \/>\n^ Alternative Abfahrt am Fronwies-SL<\/p>\n<p><img src=http:\/\/ski.inmontanis.info\/d\/155490-2\/DSC08799.jpg \/><br \/>\n^ SL Fronwies, dahinter die DSB samt Abfahrt<\/p>\n","protected":false},"excerpt":{"rendered":"<p>Randgebiete &#8211; Tag 2: Samstag, 19.1.2013 &#8211; Hochfelln &#038; Hochschwarzeck<\/p>\n<p>Nun, wohin heute.. Kampenwand? Oder Hochfelln? Die machen auf dieses WE. Und da wollt ich ja schon l\u00e4nger mal hin. Gut. Und f\u00fcr nachmittags noch irgendwo? Hab mich dann mit Alpinforum-user &#8220;m\u00fcnchner&#8221; f\u00fcr nachmittagas am Hochschwarzeck verabredet. Das ist klein genug f\u00fcr 2 Stunden.<\/p>\n<p> <a href=\"http:\/\/blog.inmontanis.info\/?p=2262\">[&#8230;]<\/a><\/p>\n","protected":false},"author":1,"featured_media":0,"comment_status":"open","ping_status":"closed","sticky":false,"template":"","format":"standard","meta":{"footnotes":""},"categories":[116,12,263,265,27],"tags":[38,90,52,45,47],"class_list":["post-2262","post","type-post","status-publish","format-standard","hentry","category-201301-randgebiete","category-germany","category-hochfelln","category-hochschwarzeck","category-skifahren-winterskiing-winter","tag-dsb","tag-infrarot","tag-pb","tag-see","tag-sl","odd"],"_links":{"self":[{"href":"http:\/\/blog.inmontanis.info\/index.php?rest_route=\/wp\/v2\/posts\/2262","targetHints":{"allow":["GET"]}}],"collection":[{"href":"http:\/\/blog.inmontanis.info\/index.php?rest_route=\/wp\/v2\/posts"}],"about":[{"href":"http:\/\/blog.inmontanis.info\/index.php?rest_route=\/wp\/v2\/types\/post"}],"author":[{"embeddable":true,"href":"http:\/\/blog.inmontanis.info\/index.php?rest_route=\/wp\/v2\/users\/1"}],"replies":[{"embeddable":true,"href":"http:\/\/blog.inmontanis.info\/index.php?rest_route=%2Fwp%2Fv2%2Fcomments&post=2262"}],"version-history":[{"count":4,"href":"http:\/\/blog.inmontanis.info\/index.php?rest_route=\/wp\/v2\/posts\/2262\/revisions"}],"predecessor-version":[{"id":8890,"href":"http:\/\/blog.inmontanis.info\/index.php?rest_route=\/wp\/v2\/posts\/2262\/revisions\/8890"}],"wp:attachment":[{"href":"http:\/\/blog.inmontanis.info\/index.php?rest_route=%2Fwp%2Fv2%2Fmedia&parent=2262"}],"wp:term":[{"taxonomy":"category","embeddable":true,"href":"http:\/\/blog.inmontanis.info\/index.php?rest_route=%2Fwp%2Fv2%2Fcategories&post=2262"},{"taxonomy":"post_tag","embeddable":true,"href":"http:\/\/blog.inmontanis.info\/index.php?rest_route=%2Fwp%2Fv2%2Ftags&post=2262"}],"curies":[{"name":"wp","href":"https:\/\/api.w.org\/{rel}","templated":true}]}}