{"id":2258,"date":"2013-01-18T22:49:58","date_gmt":"2013-01-18T21:49:58","guid":{"rendered":"http:\/\/blog.inmontanis.info\/?p=2258"},"modified":"2023-07-30T18:54:00","modified_gmt":"2023-07-30T16:54:00","slug":"randgebiete-intro-tag-1-taubenstein-18-1-2013","status":"publish","type":"post","link":"http:\/\/blog.inmontanis.info\/?p=2258","title":{"rendered":"Randgebiete &#8211; Intro &#038; Tag 1: Taubenstein, 18.1.2013"},"content":{"rendered":"<p><strong>&#8220;Randgebiete&#8221;, 18.-28.1.2013 &#8211; Intro<\/strong><\/p>\n<p>Der \u00dcberbegriff &#8220;Randgebiete&#8221; f\u00fcr diese Tour fiel mir ca. am 4. Tag ein, als ich festgestellt hatte, dass ich voraussichtlich nur Randgebiete ansteuern werde, weil ich in den letzten Jahren gemerkt hab, dass mir derartige Gebiete am besten gefallen.<\/p>\n<p>Was zeichnet Randgebiete aus?<\/p>\n<p>&#8211; weites Pano, meist sowohl ins Flachland, wie auch in die Berge<br \/>\n&#8211; meist uriger \/ altmodischer (alte Lifte, unmodellierte Abfahrten)<br \/>\n&#8211; meist leerer<br \/>\n&#8211; meist g\u00fcnstiger<br \/>\n&#8211; meist kleiner<br \/>\n&#8211; meist keine oder nur wenig Beschneiung<br \/>\n&#8211; meist bessere Schneeverh\u00e4ltnisse (wg. Kombination leerer + weniger Beschneiung)<\/p>\n<p>Hier ein \u00dcberblick der Tour:<\/p>\n<p><img src=http:\/\/extra.inmontanis.info\/d\/15454-2\/ge_randgebiete201301f.jpg \/><br \/>\nT\u00fcrkis: die aktuelle Route<br \/>\nPink: die 5 Tage \u00fcber Weihnachten<br \/>\nRot: die 4 Tage \u00fcber Silvester<br \/>\nOrange: das WE 5.\/6.1.<\/p>\n<p>A: Taubenstein<br \/>\nB: Hochfelln (Chiemsee)<br \/>\nC: Hochschwarzeck<br \/>\nD: Rigi (Vierwaldst\u00e4ttersee)<br \/>\nE: Thollon-les-M\u00e9mises (Genfersee)<br \/>\nF: Col de Rousset (Dr\u00f4me)<br \/>\nG: C\u00e9\u00fcze (Gap)<br \/>\nH: Gr\u00e9oli\u00e8res-les-Neiges (Am Mittelmeer, n\u00e4he Nizza)<br \/>\nI: Valberg<br \/>\nJ: Garessio 2000 (Mondov\u00ed)<br \/>\nK: Saint Gr\u00e9\u00e9 (Mondov\u00ed)<br \/>\nL: Lurisia (Mondov\u00ed)<br \/>\nM: Cr\u00e9vacol (Etroubles, Aosta)<\/p>\n<p>Weiter unten starte ich auch gleich mit dem ersten Ziel &#8220;A&#8221;: Taubenstein, aber zuerst noch ein paar Best-Of-Bilder:<\/p>\n<p>D: (Rigi)<br \/>\n<img src=http:\/\/extra.inmontanis.info\/d\/15496-2\/DSC09006.jpg \/><\/p>\n<p>E: (Thollon)<br \/>\n<img src=http:\/\/extra.inmontanis.info\/d\/15500-2\/DSC09155.jpg \/><\/p>\n<p>F: (Col de Rousset)<br \/>\n<img src=http:\/\/extra.inmontanis.info\/d\/15504-2\/DSC09267.jpg \/><\/p>\n<p><img src=http:\/\/extra.inmontanis.info\/d\/15508-2\/DSC09352.jpg \/><\/p>\n<p>G: (Gap &#8211; C\u00e9\u00fcze)<br \/>\n<img src=http:\/\/extra.inmontanis.info\/d\/15512-2\/DSC09441.jpg \/><\/p>\n<p><img src=http:\/\/extra.inmontanis.info\/d\/15516-2\/DSC09451.jpg \/><\/p>\n<p>H: (Gr\u00e9oli\u00e8res)<br \/>\n<img src=http:\/\/extra.inmontanis.info\/d\/15520-2\/DSC07355.jpg \/><\/p>\n<p><img src=http:\/\/extra.inmontanis.info\/d\/15524-2\/DSC09584.jpg \/><br \/>\n(Flughafen Nice\/Nizza im Zoom vom Skigebiet aus!)<\/p>\n<p>J: (Garessio)<br \/>\n<img src=http:\/\/extra.inmontanis.info\/d\/15532-2\/DSC09932.jpg \/><\/p>\n<p><img src=http:\/\/extra.inmontanis.info\/d\/15536-2\/DSC09948.jpg \/><\/p>\n<p>Ok, los geht&#8217;s!<\/p>\n<p><strong>Tag 1: Freitag, 18.1.2013 &#8211; Taubenstein<\/strong><\/p>\n<p>&#8220;Eigentlich wollte ich ja &#8230;&#8221;<\/p>\n<p>.. dieses WE in den Appennin. Oder wenigstens Piemont. Hauptsache Skigebiete, die nur am WE offen sind.<\/p>\n<p>Aber der Wetterbericht meldete f\u00fcr SA+SO in diesen Zielgebieten extrem schlecht. Nur Freitag h\u00e4tte es sehr sonnig sein sollen. Also Freitag Abetone und dann? Die ganze n\u00e4chste Woche soll&#8217;s schlecht bleiben. In Frankreich soll&#8217;s auch nicht viel besser werden, und schon gar nicht f\u00fcr&#8217;s WE. Hm. Rum\u00e4nien? Auch nicht besser. Slowakei? Polen? Auch keine wirklich sonnigen Aussichten. Schottland? Liegt zu wenig Schnee. Norwegen? Hmja, f\u00fcr den S\u00fcden w\u00e4re tats\u00e4chlich Sonne pur gemeldet. Aber .. f\u00fcr 10 Tage bis nach Norwegen? Und dann nicht bis rauf in die Polarlichtregion? Da Wetterbericht nix gut. Bringt&#8217;s ja auch nicht.<\/p>\n<p>Ok, wie wird das Wetter egtl. in \u00d6sterreich. Ach? Im Osten einigerma\u00dfen sonnig am WE? Und f\u00fcr S\u00fcdbayern auch nicht so \u00fcbel? Na dann bleib ich halt erst mal daheim.<\/p>\n<p>Wohin? Allg\u00e4u? Tegelberg? Brauneck? Kampenwand? Hochfelln? Obwohl f\u00fcr&#8217;s Allg\u00e4u sonniger, hab ich mich f\u00fcr den Taubenstein entschieden. Getreu dem Motto &#8211; wer wei\u00df, wie lang die noch Skibetrieb haben&#8230; Und wenn schon am Hochgrat noch zu wenig Schnee ist, komm ich wenigstens hier zu einer alten PHB-4EUB. <\/p>\n<p>Um 10:20 Uhr war ich an der Talstation und kaufte mir die 6h-Karte um 30,- \u20ac und blieb auch den ganzen Tag hier, ohne auf das modernisierte Teilgebiet gegen\u00fcber zu wechseln. Schneeverh\u00e4ltnisse waren im gro\u00dfen und ganzen recht gut, nachmittags bin ich auch schwerpunktm\u00e4\u00dfig abseits der Pisten gefahren &#8211; tiefer Tiefschnee aber so locker, dass er mit Racecarvern problemlos fahrbar war. Damit hatte man noch mal einige Variationen mehr. Nervig ist halt leider das Schiebest\u00fcck an der Talabfahrt, so dass man die 4EUB nicht so oft f\u00e4hrt, wie man sie eigentlich gerne fahren w\u00fcrde. Im unteren Bereich war&#8217;s auch etwas steinig. <\/p>\n<p>(Fotos anklicken zum Vergr\u00f6\u00dfern, soweit nicht vergr\u00f6\u00dfert gepostet)<\/p>\n<p><img src=http:\/\/ski.inmontanis.info\/d\/155174-2\/ge_taubenstein2013.jpg \/><br \/>\n^ GPS-Track Taubenstein 2013<\/p>\n<p><img src=http:\/\/ski.inmontanis.info\/d\/155291-2\/DSC08559.jpg \/><br \/>\n^ Talstation 4EUB Taubenstein<\/p>\n<p><img src=http:\/\/ski.inmontanis.info\/d\/155179-2\/DSC08564.jpg \/><br \/>\n^ 4EUB Flachst\u00fcck<\/p>\n<p><a href='http:\/\/ski.inmontanis.info\/d\/155183-2\/DSC08567.jpg'><img src=http:\/\/ski.inmontanis.info\/d\/155182-3\/DSC08567.jpg \/><\/a><br \/>\n^ Oberer Teil der 4EUB mit SL Lochgraben<\/p>\n<p><a href='http:\/\/ski.inmontanis.info\/d\/155187-2\/DSC08569.jpg'><img src=http:\/\/ski.inmontanis.info\/d\/155186-3\/DSC08569.jpg \/><\/a><br \/>\n^ 4EUB und SL<\/p>\n<p><img src=http:\/\/ski.inmontanis.info\/d\/155191-2\/DSC08577.jpg \/><br \/>\n^ 4EUB und SL Lochgraben<\/p>\n<p><img src=http:\/\/ski.inmontanis.info\/d\/155195-2\/DSC08579.jpg \/><br \/>\n^ 4EUB Bergstation<\/p>\n<p><img src=http:\/\/ski.inmontanis.info\/d\/155308-2\/DSC08580.jpg \/><br \/>\n^ Verschneite B\u00e4ume<\/p>\n<p><img src=http:\/\/ski.inmontanis.info\/d\/155200-2\/DSC08583.jpg \/><br \/>\n^ Die beiden SL an der Oberen Maxlreineralm (&#8220;OMA&#8221;)<\/p>\n<p><img src=http:\/\/ski.inmontanis.info\/d\/155204-2\/DSC08584.jpg \/><br \/>\n^ 4EUB Bergstation<\/p>\n<p><img src=http:\/\/ski.inmontanis.info\/d\/155208-2\/DSC08588.jpg \/><br \/>\n^ OMA-Abfahrten<\/p>\n<p><img src=http:\/\/ski.inmontanis.info\/d\/155296-2\/DSC08590.jpg \/><br \/>\n^ 4EUB Talstation<\/p>\n<p><img src=http:\/\/ski.inmontanis.info\/d\/155213-2\/DSC08614.jpg \/><br \/>\n^ 4EUB Talstation<\/p>\n<p><a href='http:\/\/ski.inmontanis.info\/d\/155217-2\/DSC08617.jpg'><img src=http:\/\/ski.inmontanis.info\/d\/155216-3\/DSC08617.jpg \/><\/a><br \/>\n^ 4EUB Talstation<\/p>\n<p><img src=http:\/\/ski.inmontanis.info\/d\/155221-2\/DSC07296.jpg \/><br \/>\n^ 4EUB in IR<\/p>\n<p><a href='http:\/\/ski.inmontanis.info\/d\/155225-2\/DSC08634.jpg'><img src=http:\/\/ski.inmontanis.info\/d\/155224-3\/DSC08634.jpg \/><\/a><br \/>\n^ In der Kabine<\/p>\n<p><img src=http:\/\/ski.inmontanis.info\/d\/155229-2\/DSC08625.jpg \/><br \/>\n^ Ausblick aus der 4EUB<\/p>\n<p><img src=http:\/\/ski.inmontanis.info\/d\/155233-2\/DSC08641.jpg \/><br \/>\n^ Bergstation 4EUB<\/p>\n<p><img src=http:\/\/ski.inmontanis.info\/d\/155237-2\/DSC08645.jpg \/><br \/>\n^ H\u00e4tte man den Kurzb\u00fcgel-SL OMA nicht einfach geradeaus verl\u00e4ngern k\u00f6nnen bis auf H\u00f6he der 4EUB-Bergstation, anstatt einen 2. verkr\u00fcpelten SL zu bauen?!<\/p>\n<p><img src=http:\/\/ski.inmontanis.info\/d\/155241-2\/DSC08647.jpg \/><br \/>\n^ Tiefschnee am OMA-SL<\/p>\n<p><a href='http:\/\/ski.inmontanis.info\/d\/155245-2\/DSC08648.jpg'><img src=http:\/\/ski.inmontanis.info\/d\/155244-3\/DSC08648.jpg \/><\/a><br \/>\n^ Talstation OMA-SL<\/p>\n<p><a href='http:\/\/ski.inmontanis.info\/d\/155249-2\/DSC08652.jpg'><img src=http:\/\/ski.inmontanis.info\/d\/155248-3\/DSC08652.jpg \/><\/a><br \/>\n^ St\u00fctze Oberermaxlraineralmlift. Hat anscheinend eine eingebaute Materialseilbahn auf der rechten Seite.<\/p>\n<p><a href='http:\/\/ski.inmontanis.info\/d\/155253-2\/DSC08655.jpg'><img src=http:\/\/ski.inmontanis.info\/d\/155252-3\/DSC08655.jpg \/><\/a><br \/>\n^ Talstation OMA-SL<\/p>\n<p><img src=http:\/\/ski.inmontanis.info\/d\/155300-2\/DSC08656.jpg \/><br \/>\n^ 4EUB Bergstation<\/p>\n<p><a href='http:\/\/ski.inmontanis.info\/d\/155258-2\/DSC08661.jpg'><img src=http:\/\/ski.inmontanis.info\/d\/155257-3\/DSC08661.jpg \/><\/a><br \/>\n^ Aufstieg vom SL. Dem gemeinen Bayer ist anscheinend weder ein Totpunkt-\/Seilscheibenausstieg, noch ein KSSL zumutbar. Schade.<\/p>\n<p><img src=http:\/\/ski.inmontanis.info\/d\/155262-2\/DSC08666.jpg \/><br \/>\n^ Taubenstein Gipfel<\/p>\n<p><img src=http:\/\/ski.inmontanis.info\/d\/155266-2\/DSC08668.jpg \/><br \/>\n^ Off-Piste am SL Lochgraben<\/p>\n<p><img src=http:\/\/ski.inmontanis.info\/d\/155304-2\/DSC08675.jpg \/><br \/>\n^ Am SL Rauhkopf hat man viele Off-Piste-M\u00f6glichkeiten &#8230;<\/p>\n<p><img src=http:\/\/ski.inmontanis.info\/d\/155271-2\/DSC08679.jpg \/><br \/>\n^ Schimmernder Eisnebel und vertikale Halos? Mal was neues&#8230;.<\/p>\n<p><img src=http:\/\/ski.inmontanis.info\/d\/155275-2\/DSC07299.jpg \/><br \/>\n^ SL Rauhkopf in IR<\/p>\n<p><img src=http:\/\/ski.inmontanis.info\/d\/155279-2\/DSC08680.jpg \/><br \/>\n^ Off-Piste am SL Rauhkopf. Definitiv der wichtigste Lift hier.<\/p>\n<p><img src=http:\/\/ski.inmontanis.info\/d\/155283-2\/DSC08681.jpg \/><br \/>\n^ SL Rauhkopf<\/p>\n<p><img src=http:\/\/ski.inmontanis.info\/d\/155287-2\/DSC08686.jpg \/><br \/>\n^ SL Rauhkopf. Schluss is&#8217;, schee war&#8217;s.<\/p>\n<p>Kurzes Video der 4EUB:<br \/>\n<object style=\"height: 500px; width: 900px\"><param name=\"movie\" value=\"http:\/\/www.youtube.com\/v\/_XEtLacIctY\"><\/param><param name=\"wmode\" value=\"transparent\"><\/param><embed src=\"http:\/\/www.youtube.com\/v\/_XEtLacIctY\" type=\"application\/x-shockwave-flash\" wmode=\"transparent\"  width=\"900\" height=\"480\"><\/embed><\/object><\/p>\n<p>Fazit: Leider war das Wetter nicht ganz so sonnig wie gemeldet (\u00fcber Mittag hat&#8217;s l\u00e4ngere Zeit sogar leicht geschneit), aber in Summe war&#8217;s ganz gut, auch beim 3. Mal am Taubenstein. Jedenfalls ein mehr als ad\u00e4quater Ersatz f\u00fcr Italien :)<\/p>\n<p>(N\u00e4chster Teil: Hochfelln+Hochschwarzeck, Deutschland)<\/p>\n","protected":false},"excerpt":{"rendered":"<p>&#8220;Randgebiete&#8221;, 18.-28.1.2013 &#8211; Intro<\/p>\n<p>Der \u00dcberbegriff &#8220;Randgebiete&#8221; f\u00fcr diese Tour fiel mir ca. am 4. Tag ein, als ich festgestellt hatte, dass ich voraussichtlich nur Randgebiete ansteuern werde, weil ich in den letzten Jahren gemerkt hab, dass mir derartige Gebiete am besten gefallen.<\/p>\n<p>Was zeichnet Randgebiete aus?<\/p>\n<p>&#8211; weites Pano, meist sowohl ins Flachland, wie <a href=\"http:\/\/blog.inmontanis.info\/?p=2258\">[&#8230;]<\/a><\/p>\n","protected":false},"author":1,"featured_media":0,"comment_status":"open","ping_status":"closed","sticky":false,"template":"","format":"standard","meta":{"footnotes":""},"categories":[116,12,59,27,277],"tags":[42,90,47],"class_list":["post-2258","post","type-post","status-publish","format-standard","hentry","category-201301-randgebiete","category-germany","category-nostalgie","category-skifahren-winterskiing-winter","category-spitzingsee","tag-4eub","tag-infrarot","tag-sl","odd"],"_links":{"self":[{"href":"http:\/\/blog.inmontanis.info\/index.php?rest_route=\/wp\/v2\/posts\/2258","targetHints":{"allow":["GET"]}}],"collection":[{"href":"http:\/\/blog.inmontanis.info\/index.php?rest_route=\/wp\/v2\/posts"}],"about":[{"href":"http:\/\/blog.inmontanis.info\/index.php?rest_route=\/wp\/v2\/types\/post"}],"author":[{"embeddable":true,"href":"http:\/\/blog.inmontanis.info\/index.php?rest_route=\/wp\/v2\/users\/1"}],"replies":[{"embeddable":true,"href":"http:\/\/blog.inmontanis.info\/index.php?rest_route=%2Fwp%2Fv2%2Fcomments&post=2258"}],"version-history":[{"count":2,"href":"http:\/\/blog.inmontanis.info\/index.php?rest_route=\/wp\/v2\/posts\/2258\/revisions"}],"predecessor-version":[{"id":2261,"href":"http:\/\/blog.inmontanis.info\/index.php?rest_route=\/wp\/v2\/posts\/2258\/revisions\/2261"}],"wp:attachment":[{"href":"http:\/\/blog.inmontanis.info\/index.php?rest_route=%2Fwp%2Fv2%2Fmedia&parent=2258"}],"wp:term":[{"taxonomy":"category","embeddable":true,"href":"http:\/\/blog.inmontanis.info\/index.php?rest_route=%2Fwp%2Fv2%2Fcategories&post=2258"},{"taxonomy":"post_tag","embeddable":true,"href":"http:\/\/blog.inmontanis.info\/index.php?rest_route=%2Fwp%2Fv2%2Ftags&post=2258"}],"curies":[{"name":"wp","href":"https:\/\/api.w.org\/{rel}","templated":true}]}}