{"id":2252,"date":"2013-01-05T22:41:55","date_gmt":"2013-01-05T21:41:55","guid":{"rendered":"http:\/\/blog.inmontanis.info\/?p=2252"},"modified":"2023-08-02T21:43:09","modified_gmt":"2023-08-02T19:43:09","slug":"passo-presolana-monte-pora-5-1-2013","status":"publish","type":"post","link":"http:\/\/blog.inmontanis.info\/?p=2252","title":{"rendered":"Passo Presolana &#038; Monte Pora, 5.1.2013"},"content":{"rendered":"<p>Nachdem ich die letzten beiden verl\u00e4ngerten Wochenenden \u00fcber Weihnachten und Silvester unversch\u00e4mte 9 Tage im Piemont war (ohne einen zus\u00e4tzlichen Tag Urlaub zu nehmen), wollte ich dieses WE ja wirklich nicht schon wieder in den S\u00fcden &#8230;<\/p>\n<p>.. aber die Wetterberichte meldeten f\u00fcr Nordtirol ziemlich schlecht &#8230; und f\u00fcr die Lombardei sehr sch\u00f6n, in den s\u00fcdlicheren Gebirgsgruppen auch nicht so windig und inzwischen soll in einigen Gebieten auch endlich Voll- oder Fast-Vollbetrieb herrschen.<!--more--><\/p>\n<p>Tja, also musste ich halt abermals sehr fr\u00fch, um 4:20 Uhr aufstehen, um um 4:45 weg zu kommen &#8211; und um 10:15 anzukommen. Obwohl Luftlinie kaum weiter weg als Salzburg, braucht man in die Alpi Orobie (Bergamo \/ Brescia) ganz sch\u00f6n lang. OK, via Brenner- und Mail\u00e4nder-Autobahn bis Bergamo und dann wieder rauf ist man ca. ne halbe Stunde schneller bzw. kommt das nat\u00fcrlich darauf an, wo genau man hin will, muss aber halt ganz sch\u00f6n viel f\u00fcr die Maut blechen. Und mein heutiges Ziel war von Bernina \/ Aprica \/ Edolo kommend gut zu erreichen. <\/p>\n<p><img src=http:\/\/extra.inmontanis.info\/d\/15460-2\/ge_201301orobie2.jpg \/><br \/>\n^ Fahrstrecke und Ziele am 5.+ 6.1.2013.<br \/>\n(Montecampione hab ich nicht besucht, nur weiter unten erw\u00e4hnt und einige Fotos von Pora\/Presolana gemacht, daher auf der Karte erg\u00e4nzt.)<\/p>\n<p><a href='http:\/\/extra.inmontanis.info\/d\/15464-2\/DSC09962.jpg'><img src=http:\/\/extra.inmontanis.info\/d\/15462-3\/DSC09962.jpg \/><\/a><br \/>\n^ D\u00e4mmerung und Schneeverwehungen am Bernina<\/p>\n<p><a href='http:\/\/extra.inmontanis.info\/d\/15468-2\/DSC09976.jpg'><img src=http:\/\/extra.inmontanis.info\/d\/15466-3\/DSC09976.jpg \/><\/a><br \/>\n^ Auf dem Weg von Edolo nach Breno<\/p>\n<p><a href='http:\/\/extra.inmontanis.info\/d\/15472-2\/DSC00005.jpg'><img src=http:\/\/extra.inmontanis.info\/d\/15470-3\/DSC00005.jpg \/><\/a><br \/>\n^ Blick zur Presolana; auf der Stra\u00dfe von Borno kommend, gegen\u00fcber die Stra\u00dfe zum Passo Presolana<\/p>\n<p>Passo Presolana und Monte Pora haben einen gemeinsamen Skipass. Tageskarte kostete 29,- plus 3,- \u20ac Pfand f\u00fcr die Axxess-Karte. \tAngekommen am Passo Presolana .. ufz. Doch weniger Schnee als gedacht. Zum Gl\u00fcck waren Temperaturen im zweistelligen Plus-Bereich, ansonsten h\u00e4tte man man wohl die reinen Eisplatten hier nicht fahren k\u00f6nnen. Und von wegen &#8220;alle Abfahrten ge\u00f6ffnet&#8221; (auf der Homepage waren alle gr\u00fcn) &#8211; an der DSB ist egtl. nur 1 offen, die anderen wurden heuer noch nicht pr\u00e4pariert. Und die, die offen war, war im oberen Skiwegbereich so extrem steinig, dass ich sie kein zweites Mal fahren wollte. (Hatte mich schon gewundert, warum sich der Liftw\u00e4rter unten wg. den Pistenverh\u00e4ltnissen entschuldigt hat, denn der untere Teil ging vorher egtl. ganz gut zu fahren :) )<\/p>\n<p>(Fotos anklicken zum Vergr\u00f6\u00dfern, soweit nicht vergr\u00f6\u00dfert gepostet.)<\/p>\n<p><img src=http:\/\/ski.inmontanis.info\/d\/154598-2\/DSC00003.jpg \/><br \/>\n^ Blick zum Monte Pora mit der DSB Vareno<\/p>\n<p><img src=http:\/\/ski.inmontanis.info\/d\/154602-2\/DSC00334.jpg \/><br \/>\n^ Pistenplan<\/p>\n<p><a href='http:\/\/ski.inmontanis.info\/d\/65866-3\/P1290865.JPG'><img src=http:\/\/ski.inmontanis.info\/d\/65864-4\/P1290865.JPG \/><\/a><br \/>\n^ Alter Plan. Die guten alten Zeiten, mit einigen ESL und haufenweise SL &#8230; <\/p>\n<p><a href='http:\/\/ski.inmontanis.info\/d\/154606-2\/ge_presolana2013.jpg'><img src=http:\/\/ski.inmontanis.info\/d\/154605-3\/ge_presolana2013.jpg \/><\/a><br \/>\n^ GPS-Track Passo Presolana, mehr war aus Schneemangel leider nicht offen. Was wohl die kurvenreiche Waldstrecke einst war, oder ist die neu? Die Sommerrodelbahn geht ja aktuell weiter rechts .. evtl. ist das fr\u00fcher eine gewesen? Oder es w\u00e4re eine geplant? Oder war dort gar mal eine sommerliche Mattenskipiste?<\/p>\n<p><a href='http:\/\/ski.inmontanis.info\/d\/154610-2\/DSC00012.jpg'><img src=http:\/\/ski.inmontanis.info\/d\/154609-3\/DSC00012.jpg \/><\/a><br \/>\n^ DSB Scanap\u00e0 (MEB)<\/p>\n<p><a href='http:\/\/ski.inmontanis.info\/d\/154614-2\/DSC00015.jpg'><img src=http:\/\/ski.inmontanis.info\/d\/154613-3\/DSC00015.jpg \/><\/a><br \/>\n^ 4SB Paghera Giogo<\/p>\n<p><a href='http:\/\/ski.inmontanis.info\/d\/154618-2\/DSC00018.jpg'><img src=http:\/\/ski.inmontanis.info\/d\/154617-3\/DSC00018.jpg \/><\/a><br \/>\n^ SL Donico V<\/p>\n<p><a href='http:\/\/ski.inmontanis.info\/d\/154622-2\/DSC00019.jpg'><img src=http:\/\/ski.inmontanis.info\/d\/154621-3\/DSC00019.jpg \/><\/a><br \/>\n^ 4SB &#8211; SL<\/p>\n<p><a href='http:\/\/ski.inmontanis.info\/d\/154626-2\/DSC00022.jpg'><img src=http:\/\/ski.inmontanis.info\/d\/154625-3\/DSC00022.jpg \/><\/a><br \/>\n^ DSB Scanap\u00e0. Die Abfahrt hier unten ging ganz gut, nur grasig\/dreckig und nicht steinig, das war weiter oben anders &#8230;<\/p>\n<p><a href='http:\/\/ski.inmontanis.info\/d\/154630-2\/DSC00024.jpg'><img src=http:\/\/ski.inmontanis.info\/d\/154629-3\/DSC00024.jpg \/><\/a><br \/>\n^ DSB Scanap\u00e0<\/p>\n<p><a href='http:\/\/ski.inmontanis.info\/d\/154634-2\/DSC00032.jpg'><img src=http:\/\/ski.inmontanis.info\/d\/154633-3\/DSC00032.jpg \/><\/a><br \/>\n^ Pano Bergstation DSB Scanap\u00e0<\/p>\n<p><img src=http:\/\/ski.inmontanis.info\/d\/154638-2\/DSC00035.jpg \/><br \/>\n^ DSB Scanap\u00e0 Bergstation<\/p>\n<p><a href='http:\/\/ski.inmontanis.info\/d\/154642-2\/DSC00037.jpg'><img src=http:\/\/ski.inmontanis.info\/d\/154641-3\/DSC00037.jpg \/><\/a><br \/>\n^ Umfahrung Steilhang an der DSB Scanap\u00e0, leider extrem steinig<\/p>\n<p><a href='http:\/\/ski.inmontanis.info\/d\/154646-2\/DSC00040.jpg'><img src=http:\/\/ski.inmontanis.info\/d\/154645-3\/DSC00040.jpg \/><\/a><br \/>\n^ Blick zum Passo Presolana. Eine der Abfahrten an der DSB, leider wg. Schneemangel (?) nicht pr\u00e4pariert. Wobei, weniger Schnee wie unten liegt hier auch nicht :) Rechts der kurze SL Giogo<\/p>\n<p><a href='http:\/\/ski.inmontanis.info\/d\/154650-2\/DSC00044.jpg'><img src=http:\/\/ski.inmontanis.info\/d\/154649-3\/DSC00044.jpg \/><\/a><br \/>\n^ SL Giogo, recht neuer MEB mit den h\u00fcbschen blauen Alu-Stangen<\/p>\n<p><a href='http:\/\/ski.inmontanis.info\/d\/154654-2\/DSC00048.jpg'><img src=http:\/\/ski.inmontanis.info\/d\/154653-3\/DSC00048.jpg \/><\/a><br \/>\n^ Talstation Vorg\u00e4nger der DSB Scanapa<\/p>\n<p><a href='http:\/\/ski.inmontanis.info\/d\/154658-2\/DSC00049.jpg'><img src=http:\/\/ski.inmontanis.info\/d\/154657-3\/DSC00049.jpg \/><\/a><br \/>\n^ Herstellerschilder<\/p>\n<p>Nun, das war also schnell abgehakt, weiter zum Monte Pora. Auch dort war&#8217;s hier und da etwas steinig, zumeist aber nur dreckig und somit problemlos zu fahren. Die lange alte Meb-DSB war nat\u00fcrlich das Highlight, glaub so eine alte Meb-DSB bin ich noch gar nicht gefahren. Auch der Doppel-SL entz\u00fcckte im ersten Moment, bis ich ihn fuhr &#8211; B\u00fcgel-SL, zu langsam, unbequem. Schade, ein schneller Tellerschlepper h\u00e4tte mir hier besser gefallen.<\/p>\n<p>Von den beiden 4 SBS kann man eine egtl. komplett auslassen, die l\u00e4ngere dagegen bietet etliche Abfahrtsvarianten, ganz nett. Der hinterste Teil mit der neu ersetzten DSB und dem SL dagegen wusste nicht ganz zu \u00fcberzeugen &#8211; einerseits erweitert es das Skigebiet nat\u00fcrlich um ein sch\u00f6nes St\u00fcck, andererseits fand ich die modellierte Abfahrt an der DSB recht langweilig und der SL ist ja leider komplett flach. <\/p>\n<p>Das beste am Skigebiet hab ich aber noch gar nicht genannt, und da hat es mich wirklich \u00fcberrascht: Das Panorama. Der Blick in die Poebene, zu den Westalpen mit Monte Rosa und Monte Viso, in die S\u00fcd(Meer)alpen, zum ligurischen Appennin und den restlichen n\u00f6rdliche Appennin weiter, hier und da bis zu 300 km entfernt, das alles nicht nur an einem Punkt, sondern \u00fcber fast das gesamte Almplateau hier oben, das hatte ich so nicht erwartet. Zudem ist es nachmittags sehr sonnig dank westlich ausgerichteter Pisten. <\/p>\n<p><img src=http:\/\/ski.inmontanis.info\/d\/154662-2\/ge_pora2013.jpg \/><br \/>\n^ GPS-Track Monte Pora.<\/p>\n<p><a href='http:\/\/ski.inmontanis.info\/d\/154666-2\/DSC00064.jpg'><img src=http:\/\/ski.inmontanis.info\/d\/154665-3\/DSC00064.jpg \/><\/a><br \/>\n^ DSB Vareno, eine schon \u00e4ltere DSB von MEB.<\/p>\n<p><a href='http:\/\/ski.inmontanis.info\/d\/154670-2\/DSC00066.jpg'><img src=http:\/\/ski.inmontanis.info\/d\/154669-3\/DSC00066.jpg \/><\/a><br \/>\n^ DSB Vareno, hat 2 Portalst\u00fctzen-Niederhalter im Mittelteil<\/p>\n<p><img src=http:\/\/ski.inmontanis.info\/d\/154832-2\/DSC00070.jpg \/><br \/>\n^ DSB Vareno<\/p>\n<p><a href='http:\/\/ski.inmontanis.info\/d\/154674-2\/DSC00073.jpg'><img src=http:\/\/ski.inmontanis.info\/d\/154673-3\/DSC00073.jpg \/><\/a><br \/>\n^ Die Lawinenverbauung schaut auch schon leicht l\u00e4diert aus&#8230;<\/p>\n<p><img src=http:\/\/ski.inmontanis.info\/d\/154679-2\/DSC00082.jpg \/><br \/>\n^ Blick ins Skigebiet von der DSB aus. Schaut ja schon mal nett aus.<\/p>\n<p><img src=http:\/\/ski.inmontanis.info\/d\/154683-2\/DSC00084.jpg \/><br \/>\n^ Bergstation DSB Vareno<\/p>\n<p><img src=http:\/\/ski.inmontanis.info\/d\/154687-2\/DSC00087.jpg \/><br \/>\n^ Bergstation DSB Vareno<\/p>\n<p><img src=http:\/\/ski.inmontanis.info\/d\/154691-2\/DSC00090.jpg \/><br \/>\n^ Abfahrten von der Bergstation DSB Vareno zum Doppel-SL Pian dell&#8217;Asen<\/p>\n<p><img src=http:\/\/ski.inmontanis.info\/d\/154836-2\/DSC00091.jpg \/><br \/>\n^ Doppel-SL Pian del Asen, dahinter die 4SB Cima Pora<\/p>\n<p><a href='http:\/\/ski.inmontanis.info\/d\/154696-2\/DSC00101.jpg'><img src=http:\/\/ski.inmontanis.info\/d\/154695-3\/DSC00101.jpg \/><\/a><br \/>\n^ Doppel-SL Pian del Asen, leider kein Tellerlift und leider etwas langsam.<\/p>\n<p><a href='http:\/\/ski.inmontanis.info\/d\/154700-2\/DSC00102.jpg'><img src=http:\/\/ski.inmontanis.info\/d\/154699-3\/DSC00102.jpg \/><\/a><br \/>\n^ SL Pian del Asen &#8211; 4SB Cima. Sch\u00f6ne, unmodellierte H\u00e4nge hier.<\/p>\n<p>.. und dann gibt&#8217;s hier auch noch See-Pano!<\/p>\n<p><img src=http:\/\/ski.inmontanis.info\/d\/154704-2\/DSC00107.jpg \/><br \/>\n^ Lago d&#8217;Iseo, dahinter der Appennino<\/p>\n<p><img src=http:\/\/ski.inmontanis.info\/d\/154708-2\/DSC00110.jpg \/><br \/>\n^ Lago d&#8217;Iseo<\/p>\n<p><img src=http:\/\/ski.inmontanis.info\/d\/154840-2\/DSC00124.jpg \/><br \/>\n^ Blick zum Monte Rosa.<\/p>\n<p><img src=http:\/\/ski.inmontanis.info\/d\/154712-2\/DSC07220.jpg \/><br \/>\n^ Lago d&#8217;Iseo und Appennin in IR<\/p>\n<p><img src=http:\/\/ski.inmontanis.info\/d\/154716-2\/DSC00117.jpg \/><br \/>\n^ Lago d&#8217;Iseo und Appennin<\/p>\n<p><img src=http:\/\/ski.inmontanis.info\/d\/154721-2\/DSC00146.jpg \/><br \/>\n^ S\u00fcdpano mit Lago d&#8217;Iseo<\/p>\n<p><img src=http:\/\/ski.inmontanis.info\/d\/154725-2\/DSC00149.jpg \/><br \/>\n^ Skigbiet Monte Pora von nahe der Bergstation der 4SB aus, dehnt sich doch weiter aus, als ich erwartet h\u00e4tte.<\/p>\n<p><a href='http:\/\/ski.inmontanis.info\/d\/154729-2\/DSC00151.jpg'><img src=http:\/\/ski.inmontanis.info\/d\/154728-3\/DSC00151.jpg \/><\/a><br \/>\n^ 4SB Pian del Termen, deren Abfahrten man komplett mit der 4SB Cima umgehen kann.<\/p>\n<p><a href='http:\/\/ski.inmontanis.info\/d\/154733-2\/DSC00152.jpg'><img src=http:\/\/ski.inmontanis.info\/d\/154732-3\/DSC00152.jpg \/><\/a><br \/>\n^ DSB Valzelli mit leider extrem modellierter Abfahrt. Ich will lieber kein Vergleichsfoto vom Vorg\u00e4nger-SL hier sehen :-(<\/p>\n<p><img src=http:\/\/ski.inmontanis.info\/d\/154737-2\/DSC00161.jpg \/><br \/>\n^ Blick von der DSB Valzelli zum Monte Pora mit der 4SB CIma<\/p>\n<p><img src=http:\/\/ski.inmontanis.info\/d\/154741-2\/DSC00160.jpg \/><br \/>\n^ SL Magnolini, kurz, flach und uninteressant, aber doch wichtig, da er das Skigebiet noch um einen Tick nach S\u00fcden erweitert. Auf der R\u00fcckseite stand fr\u00fcher ein noch k\u00fcrzerer flacher SL.<\/p>\n<p><img src=http:\/\/ski.inmontanis.info\/d\/154745-2\/DSC00164.jpg \/><br \/>\n^ Bergstation SL Magnolini, hinten ein Rifugio. Schade, dass der linke Berg nicht noch mit einem SL erschlossen ist.<\/p>\n<p><img src=http:\/\/ski.inmontanis.info\/d\/154749-2\/DSC07231.jpg \/><br \/>\n^ IR-Zoom in den Appennin (und ja, ich wei\u00df, sehr verschmutzt, ist inzwischen sauberer.)<\/p>\n<p><img src=http:\/\/ski.inmontanis.info\/d\/154844-2\/DSC07222.jpg \/><br \/>\n^ IR-Pano \u00fcber die Po-Ebene in die Westalpen mit dem markanten Monviso, 272 km entfernt.<\/p>\n<p><img src=http:\/\/ski.inmontanis.info\/d\/154753-2\/DSC07227.jpg \/><br \/>\n^ IR-Pano Po-Ebene und Alpenbogen<\/p>\n<p><img src=http:\/\/ski.inmontanis.info\/d\/154757-2\/DSC07238.jpg \/><br \/>\n^ IR-Zoom \u00fcber die Po-Ebene zu den Alpi Marittime, 260-290 km entfernt.<\/p>\n<p><img src=http:\/\/ski.inmontanis.info\/d\/154762-2\/DSC07239.jpg \/><br \/>\n^ IR-Zoom \u00fcber die Po-Ebene zum Monte Viso und s\u00fcdlicher (270-300 km entfernt!)<\/p>\n<p><a href='http:\/\/ski.inmontanis.info\/d\/154766-2\/DSC00134.jpg'><img src=http:\/\/ski.inmontanis.info\/d\/154765-3\/DSC00134.jpg \/><\/a><br \/>\n^ Zoom Monte Viso (270 km), auch ohne IR heute sichtbar.<\/p>\n<p><img src=http:\/\/ski.inmontanis.info\/d\/154770-2\/DSC00170.jpg \/><br \/>\n^ Talstation 4SB Cima Pora<\/p>\n<p><a href='http:\/\/ski.inmontanis.info\/d\/154774-2\/DSC00172.jpg'><img src=http:\/\/ski.inmontanis.info\/d\/154773-3\/DSC00172.jpg \/><\/a><br \/>\n^ Bereich 4SB Cima &#8211; 4SB Termen<\/p>\n<p><img src=http:\/\/ski.inmontanis.info\/d\/154778-2\/DSC00183.jpg \/><br \/>\n^ 4SB Cima Pora und Lago d&#8217;Iseo<\/p>\n<p><img src=http:\/\/ski.inmontanis.info\/d\/154858-2\/DSC00137.jpg \/><br \/>\n^ Skigebiet Montecampione von Monte Pora aus gesehen<\/p>\n<p><img src=http:\/\/ski.inmontanis.info\/d\/154862-2\/DSC00114.jpg \/><br \/>\n^ Blick ins Skigebiet Montecampione<\/p>\n<p><img src=http:\/\/ski.inmontanis.info\/d\/154866-2\/DSC00125.jpg \/><br \/>\n^ Blick ins Skigebiet Montecampione vom Monte Pora aus; lt. Pistenplan \/ Pisten\u00f6ffnungsstatus scheint die linke steile Abfahrt nicht mehr existent zu sein?!<\/p>\n<p>Nat\u00fcrlich hab ich die Chance genutzt und bin anstatt bis 16:30 mit dem Lift um 16:15 lieber zu Fu\u00df das bissl zum Gipfel aufgestiegen und dort bis 17:15 geblieben, Sonnenuntergang war gegen 16:50 Uhr. Allerdings war oben ein starker Sturm, durchwegs um die 60-80 km\/h. <\/p>\n<p><img src=http:\/\/ski.inmontanis.info\/d\/154848-2\/DSC00191.jpg \/><br \/>\n^ Presolana und Doppel-SL Pian dell&#8217;Asen<\/p>\n<p><img src=http:\/\/ski.inmontanis.info\/d\/154783-2\/DSC00194.jpg \/><br \/>\n^ Abendliches Pano mit der 4SB Cima<\/p>\n<p><img src=http:\/\/ski.inmontanis.info\/d\/154787-2\/DSC00216.jpg \/><br \/>\n^ Lago d&#8217;Iseo und Po-Ebene kurz vor Sonnenuntergang<\/p>\n<p><img src=http:\/\/ski.inmontanis.info\/d\/154791-2\/DSC00230.jpg \/><br \/>\n^ Kurz vor Sonnenuntergang<\/p>\n<p><img src=http:\/\/ski.inmontanis.info\/d\/154795-2\/DSC00236.jpg \/><br \/>\n^ Lago d&#8217;Iseo und Appennino im Abendrot<\/p>\n<p><img src=http:\/\/ski.inmontanis.info\/d\/154799-2\/DSC00248.jpg \/><br \/>\n^ Sonnenuntergang am Monte Pora<\/p>\n<p><img src=http:\/\/ski.inmontanis.info\/d\/154803-2\/DSC00270.jpg \/><br \/>\n^ Abendrot<\/p>\n<p><img src=http:\/\/ski.inmontanis.info\/d\/154852-2\/DSC00281.jpg \/><br \/>\n^ Sonnenuntergang<\/p>\n<p><img src=http:\/\/ski.inmontanis.info\/d\/154808-2\/DSC00282.jpg \/><br \/>\n^ Lago d&#8217;Iseo<\/p>\n<p><img src=http:\/\/ski.inmontanis.info\/d\/154812-2\/DSC00302.jpg \/><br \/>\n^ 4SB Cima Pora<\/p>\n<p><img src=http:\/\/ski.inmontanis.info\/d\/154816-2\/DSC00306.jpg \/><br \/>\n^ 4SB Cima Pora<\/p>\n<p>Wie halt \u00fcblich hab ich mal wieder meine Stirnlampe vergessen und musste mich jetzt langsam auf zur Talabfahrt machen, bevor ich nix mehr seh &#8230; (Die Kassen f\u00fcr die R\u00fcckgabe der Axxess-Karte sind nat\u00fcrlich eh schon zu, werd ich halt nochmal her m\u00fcssen.)<\/p>\n<p><img src=http:\/\/ski.inmontanis.info\/d\/154820-2\/DSC00317.jpg \/><br \/>\n^ SL Pian dell&#8217;Asen<\/p>\n<p><img src=http:\/\/ski.inmontanis.info\/d\/154824-2\/DSC00319.jpg \/><br \/>\n^ SL Pian dell&#8217;Asen<\/p>\n<p><a href='http:\/\/ski.inmontanis.info\/d\/154828-2\/DSC00328.jpg'><img src=http:\/\/ski.inmontanis.info\/d\/154827-3\/DSC00328.jpg \/><\/a><br \/>\n^ Colle Vareno<\/p>\n<p>Fazit: In Summe ein Skigebiet, das ich gern wieder besuchen w\u00fcrde. Auch die DSB am Passo Presolana k\u00f6nnte, so die ganzen Abfahrtsvarianten fahrbar sind, ganz nett sein.<\/p>\n<p>Einquartiert hab ich mich in Darfo Boario Terme, unten im Tal. EZ mit \u00dcF kostet im Hotel mit dem ungew\u00f6hlichen Namen Sorriso (&#8220;L\u00e4cheln&#8221;) nur 38,-, Gratis WLan ist auch noch dabei, und auch sonst passt hier alles. Da hab ich schon wesentlich mehr f\u00fcr wesentlich weniger bezahlt&#8230;.<\/p>\n<p>Ungew\u00f6hnlich an dem Hotel sind z.B. die Duftst\u00e4bchen im Zimmer und als Beilage zum 2. Gang Polenta (maximal das 2. Mal, wenn \u00fcberhaupt, dass ich das mal im Hotel zum Men\u00fc bekommen hab). Die Belegschaft ist sehr zahlreich und h\u00f6flich. Abendessen gibt&#8217;s schon ab 19 Uhr, und auch das Fr\u00fchst\u00fcck gibt&#8217;s bereits ab 7 Uhr (!). Kaum gibt&#8217;s ein paar Hotels in einem gr\u00f6\u00dferen Ort, sind pl\u00f6tzlich alle Hotels etwas g\u00fcnstiger und besser, kommt mir vor :)<\/p>\n<p>Bzgl. Skigebietswahl f\u00fcr morgen bin ich mir noch unsicher. Wollte ja erst Montecampione, aber da hat man ja ein \u00e4hnliches Panorama und auch eine \u00e4hnliche gute Sicht in die Poebene. W\u00fcrde wohl Sinn machen, das an einem anderen Wochenende zu machen und morgen eins der kleineren Skigebiete ohne Po-Ebenen-Pano zu besuchen, auch wenn der Weg vom Hotel (und abends retour) etwas weiter sein sollte&#8230; Andererseits stand in Lizzola heute die hintere (neue) s\u00fcdseitige DSB auf &#8220;chiuso&#8221;. Und die neue DSB samt SL am Maniva steht auf deren Homepage auch noch auf rot &#8230;.<\/p>\n<p><a href='http:\/\/extra.inmontanis.info\/d\/15476-2\/DSC00331.jpg'><img src=http:\/\/extra.inmontanis.info\/d\/15474-3\/DSC00331.jpg \/><\/a><br \/>\n^ Hotelzimmer in Boario<\/p>\n<p>Das Fr\u00fchst\u00fccksbuffet war reichhaltig &#8211; Semmeln, Wei\u00dfbrot zum Selbstschneiden, Marmeladen, Nutealla, Croissants, Joghurt + M\u00fcsli\/Flakes, sowie K\u00e4se + Schinken (wurde individuell angeboten, war nicht am Buffet).<\/p>\n<p>Als es zur Rechnung ging, noch eine \u00dcberraschung, die einem ein L\u00e4cheln entlockt. 38,- \u00dcF war klar. G\u00fcnstige 14,- \u20ac f\u00fcr das Men\u00fc hatte ich auch damit gerechnet (weil im Internet genannt). Macht zusammen 52,- \u20ac. Das wurde aber gro\u00dfz\u00fcgig auf 50,- abgerundet!! Also das Hotel ist echt empfehlenswert :-)<\/p>\n","protected":false},"excerpt":{"rendered":"<p>Nachdem ich die letzten beiden verl\u00e4ngerten Wochenenden \u00fcber Weihnachten und Silvester unversch\u00e4mte 9 Tage im Piemont war (ohne einen zus\u00e4tzlichen Tag Urlaub zu nehmen), wollte ich dieses WE ja wirklich nicht schon wieder in den S\u00fcden &#8230;<\/p>\n<p>.. aber die Wetterberichte meldeten f\u00fcr Nordtirol ziemlich schlecht &#8230; und f\u00fcr die Lombardei sehr sch\u00f6n, in den <a href=\"http:\/\/blog.inmontanis.info\/?p=2252\">[&#8230;]<\/a><\/p>\n","protected":false},"author":1,"featured_media":0,"comment_status":"open","ping_status":"closed","sticky":false,"template":"","format":"standard","meta":{"footnotes":""},"categories":[15,450,415,27,81],"tags":[49,38,45,47],"class_list":["post-2252","post","type-post","status-publish","format-standard","hentry","category-italienitaly","category-monte-pora","category-presolana","category-skifahren-winterskiing-winter","category-kurztrips","tag-4sb","tag-dsb","tag-see","tag-sl","odd"],"_links":{"self":[{"href":"http:\/\/blog.inmontanis.info\/index.php?rest_route=\/wp\/v2\/posts\/2252","targetHints":{"allow":["GET"]}}],"collection":[{"href":"http:\/\/blog.inmontanis.info\/index.php?rest_route=\/wp\/v2\/posts"}],"about":[{"href":"http:\/\/blog.inmontanis.info\/index.php?rest_route=\/wp\/v2\/types\/post"}],"author":[{"embeddable":true,"href":"http:\/\/blog.inmontanis.info\/index.php?rest_route=\/wp\/v2\/users\/1"}],"replies":[{"embeddable":true,"href":"http:\/\/blog.inmontanis.info\/index.php?rest_route=%2Fwp%2Fv2%2Fcomments&post=2252"}],"version-history":[{"count":3,"href":"http:\/\/blog.inmontanis.info\/index.php?rest_route=\/wp\/v2\/posts\/2252\/revisions"}],"predecessor-version":[{"id":8986,"href":"http:\/\/blog.inmontanis.info\/index.php?rest_route=\/wp\/v2\/posts\/2252\/revisions\/8986"}],"wp:attachment":[{"href":"http:\/\/blog.inmontanis.info\/index.php?rest_route=%2Fwp%2Fv2%2Fmedia&parent=2252"}],"wp:term":[{"taxonomy":"category","embeddable":true,"href":"http:\/\/blog.inmontanis.info\/index.php?rest_route=%2Fwp%2Fv2%2Fcategories&post=2252"},{"taxonomy":"post_tag","embeddable":true,"href":"http:\/\/blog.inmontanis.info\/index.php?rest_route=%2Fwp%2Fv2%2Ftags&post=2252"}],"curies":[{"name":"wp","href":"https:\/\/api.w.org\/{rel}","templated":true}]}}