{"id":2246,"date":"2013-01-01T22:00:53","date_gmt":"2013-01-01T21:00:53","guid":{"rendered":"http:\/\/blog.inmontanis.info\/?p=2246"},"modified":"2023-08-01T21:59:57","modified_gmt":"2023-08-01T19:59:57","slug":"oropa-1-1-2013-2","status":"publish","type":"post","link":"http:\/\/blog.inmontanis.info\/?p=2246","title":{"rendered":"Oropa, 1.1.2013"},"content":{"rendered":"<p>Na, das Jahr f\u00e4ngt ja gut an &#8230; war heut mal wieder einer dieser Nerv-Tage&#8230;<!--more--><\/p>\n<p>Um 7:30 ging&#8217;s los. Erst mal diskutieren m\u00fcssen mit dem M\u00e4del an der Rezeption, dass 103-72,40 \u20ac eben nicht 27,60 \u20ac Retourgeld gibt. Hab mir dann meine 3,- Euro wieder genommen. Glaub sie hatte es danach immer noch nicht ganz gecheckt und wollte meine 3,- \u20ac wieder .. ich war dann aber doch \u00fcberzeugend genug, dass sie mich gehen lie\u00df. <\/p>\n<p><img src=http:\/\/extra.inmontanis.info\/d\/15416-2\/DSC09693.jpg \/><br \/>\n^ Sonnenaufgang in den Bergen nordwestlich von Biella<\/p>\n<p><img src=http:\/\/extra.inmontanis.info\/d\/15420-2\/DSC09712.jpg \/><br \/>\n^ Hohe, steile Berge und dann gleich die flache Ebene.<\/p>\n<p><img src=http:\/\/ski.inmontanis.info\/d\/154412-2\/DSC09714.jpg \/><br \/>\n^ Zoom ins Skigebiet von Bielmonte von der Ebene aus<\/p>\n<p><img src=http:\/\/ski.inmontanis.info\/d\/154416-2\/DSC09715.jpg \/><br \/>\n^ Zoom ins Skigebiet von Oropa (Korblift Monte Camino, etwas links der Bildmitte) von der Ebene aus<\/p>\n<p>Gegen 9:15 Uhr kam ich &#8211; mautfrei, da kaum l\u00e4nger, in Oropa an. \u00dcberrascht war ich, dass die Tal- und Bergstation der PB renoviert wird (\u00e4h? Aber fast h\u00e4tten ein paar Tausender gefehlt um heuer \u00fcberhaupt den Betrieb aufnehmen zu k\u00f6nnen?). Tageskarte kostete 22,- \u20ac und die meisten gingen heute zu Fu\u00df hinauf (bzw. mit Tourenski), glaub es gab kaum mehr als 2 andere, die sich eine Tageskarte gekauft hatten. Ob sich damit der Neubau des Korblifts n\u00e4chstes Jahr finanzieren l\u00e4sst? Puh..<\/p>\n<p>Entt\u00e4uscht wurde ich dann einerseits vom Wetter &#8211; egtl. h\u00e4tte es bis Mittag einigerma\u00dfen sonnig sein sollen, sp\u00e4testens ab Mittag dann bedeckt\/bew\u00f6lkt ohne Chance auf Sonne. Zweite Entt\u00e4uschung: Die Abfahrt schien ewig nich mehr pr\u00e4pariert. Was bei den aktuellen Verh\u00e4ltnissen (Tauwetter\/Regen von letzer Woche) leider gar nicht geht. Die Abfahrt war extrem hart und stw. eisig. Dazu die schon relativ schlechte Sicht. Bei meiner 3. oder 4. Abfahrt um kurz vor 12 Uhr war dann auch der letzte Kontrast gewichen und man konnte die harten von den noch h\u00e4rteren Pistenst\u00fccken \u00fcberhaupt nicht mehr unterscheiden. War heilfroh, als ich an der Mittelstation ankam. <\/p>\n<p>(Fotos anklicken zum Vergr\u00f6\u00dfern, soweit nicht vergr\u00f6\u00dfert gepostet.)<\/p>\n<p><a href='http:\/\/ski.inmontanis.info\/d\/154420-2\/DSC09717.jpg'><img src=http:\/\/ski.inmontanis.info\/d\/154419-3\/DSC09717.jpg \/><\/a><br \/>\n^ Umbauarbeiten an der PB-Talstation<\/p>\n<p><a href='http:\/\/ski.inmontanis.info\/d\/154424-2\/DSC09718.jpg'><img src=http:\/\/ski.inmontanis.info\/d\/154423-3\/DSC09718.jpg \/><\/a><br \/>\n^ .. auch die Bar wurde umgebaut<\/p>\n<p><a href='http:\/\/ski.inmontanis.info\/d\/154428-2\/DSC09723.jpg'><img src=http:\/\/ski.inmontanis.info\/d\/154427-3\/DSC09723.jpg \/><\/a><br \/>\n^ An der Bergstation wurden sogar die Scheiben zur alten PB-Bergstation geputzt :)<\/p>\n<p><img src=http:\/\/ski.inmontanis.info\/d\/154432-2\/DSC09726.jpg \/><br \/>\n^ Ex-Bergstation<\/p>\n<p><img src=http:\/\/ski.inmontanis.info\/d\/154436-2\/DSC09732.jpg \/><br \/>\n^ Echt schad, dass man den Korb auf meinen Skiern nicht besser erkennen kann.<\/p>\n<p><a href='http:\/\/ski.inmontanis.info\/d\/154440-2\/DSC09731.jpg'><img src=http:\/\/ski.inmontanis.info\/d\/154439-3\/DSC09731.jpg \/><\/a><br \/>\n^ Man sieht schon, der Schnee war heute nicht optimal &#8230;<\/p>\n<p><a href='http:\/\/ski.inmontanis.info\/d\/154444-2\/DSC09742.jpg'><img src=http:\/\/ski.inmontanis.info\/d\/154443-3\/DSC09742.jpg \/><\/a><br \/>\n^ Flachlandpano<\/p>\n<p><a href='http:\/\/ski.inmontanis.info\/d\/154448-2\/DSC09750.jpg'><img src=http:\/\/ski.inmontanis.info\/d\/154447-3\/DSC09750.jpg \/><\/a><br \/>\n^ Korbliftst\u00fctze<\/p>\n<p><img src=http:\/\/ski.inmontanis.info\/d\/154452-2\/DSC09753.jpg \/><br \/>\n^ K\u00f6rbe \u00fcber der Ebene<\/p>\n<p><img src=http:\/\/ski.inmontanis.info\/d\/154456-2\/DSC09754.jpg \/><br \/>\n^ Abfahrt. Leider waren heute mehr Tourengeher als Skipasszahler unterwegs :-(<\/p>\n<p><img src=http:\/\/ski.inmontanis.info\/d\/154460-2\/DSC09761.jpg \/><br \/>\n^ Talstation Korblift mit Rifugio, wo \u00fcber die gestrige Silvesternacht einige gen\u00e4chtigt hatten. (Hatte ich ja ganz vergessen, dass ich hier h\u00e4tte n\u00e4chtigen k\u00f6nnen)<\/p>\n<p><img src=http:\/\/ski.inmontanis.info\/d\/154464-2\/DSC09762.jpg \/><br \/>\n^ Korblift und Abfahrt<\/p>\n<p><img src=http:\/\/ski.inmontanis.info\/d\/154468-2\/DSC09767.jpg \/><br \/>\n^ Im Korblift<\/p>\n<p><img src=http:\/\/ski.inmontanis.info\/d\/154472-2\/DSC09770.jpg \/><br \/>\n^ Bergstation<\/p>\n<p><img src=http:\/\/ski.inmontanis.info\/d\/154476-2\/DSC09774.jpg \/><br \/>\n^ Bergstation<\/p>\n<p><img src=http:\/\/ski.inmontanis.info\/d\/154480-2\/DSC09779.jpg \/><br \/>\n^ St\u00fctzen 24 bis 26<\/p>\n<p><img src=http:\/\/ski.inmontanis.info\/d\/154484-2\/DSC09787.jpg \/><br \/>\n^ Ausgang. Wird wohl mit dem Neubau nicht mehr ganz so urig sein.<\/p>\n<p><img src=http:\/\/ski.inmontanis.info\/d\/154488-2\/DSC09792.jpg \/><br \/>\n^ Einfahrt Bergstation<\/p>\n<p><img src=http:\/\/ski.inmontanis.info\/d\/154492-2\/DSC09793.jpg \/><br \/>\n^ Alte und neue PB-Strecke. Wer findet die Gondelkabine?<\/p>\n<p><img src=http:\/\/ski.inmontanis.info\/d\/154496-2\/DSC09802.jpg \/><br \/>\n^ Korblift und Abfahrt<\/p>\n<p><img src=http:\/\/ski.inmontanis.info\/d\/154500-2\/DSC09805.jpg \/><br \/>\n^ St\u00fctze 12<\/p>\n<p><img src=http:\/\/ski.inmontanis.info\/d\/154504-2\/DSC09813.jpg \/><br \/>\n^ St\u00fctzen 14-16<\/p>\n<p><img src=http:\/\/ski.inmontanis.info\/d\/154508-2\/DSC09816.jpg \/><br \/>\n^ St\u00fctze 15<\/p>\n<p><img src=http:\/\/ski.inmontanis.info\/d\/154512-2\/DSC09817.jpg \/><br \/>\n^ St\u00fctze 16<\/p>\n<p><img src=http:\/\/ski.inmontanis.info\/d\/154516-2\/DSC09821.jpg \/><br \/>\n^ St\u00fctzen 14-16<\/p>\n<p><img src=http:\/\/ski.inmontanis.info\/d\/154520-2\/DSC09823.jpg \/><br \/>\n^ St\u00fctze 17-18<\/p>\n<p><img src=http:\/\/ski.inmontanis.info\/d\/154524-2\/DSC09825.jpg \/><br \/>\n^ St\u00fctze 17-18<\/p>\n<p><img src=http:\/\/ski.inmontanis.info\/d\/154528-2\/DSC09828.jpg \/><br \/>\n^ St\u00fctze 18<\/p>\n<p><img src=http:\/\/ski.inmontanis.info\/d\/154532-2\/DSC09829.jpg \/><br \/>\n^ St\u00fctze 17<\/p>\n<p><img src=http:\/\/ski.inmontanis.info\/d\/154536-2\/DSC09833.jpg \/><br \/>\n^ St\u00fctze 17-18 und mittlere Trasse<\/p>\n<p><img src=http:\/\/ski.inmontanis.info\/d\/154540-2\/DSC09835.jpg \/><br \/>\n^ Obere Trasse<\/p>\n<p><img src=http:\/\/ski.inmontanis.info\/d\/154544-2\/DSC09844.jpg \/><br \/>\n^ St\u00fctze 26 Einfahrt Bergstation<\/p>\n<p><img src=http:\/\/ski.inmontanis.info\/d\/154548-2\/DSC09846.jpg \/><br \/>\n^ St\u00fctze 24-25<\/p>\n<p><img src=http:\/\/ski.inmontanis.info\/d\/154593-2\/DSC09851.jpg \/><br \/>\n^ Zoom r\u00fcber zum Monte Viso<\/p>\n<p><img src=http:\/\/ski.inmontanis.info\/d\/154553-2\/DSC09868.jpg \/><br \/>\n^ Spiegelbild. Das erst Mal das ich mit meinem Skidesign am Aufnahmeort eines meiner Bilder vorbei kam. Gezeigt hatte ich das \u00fcbrigens nur einem Mitarbeiter vor Ort, hat sich irgendwie nicht ergeben.<\/p>\n<p><img src=http:\/\/ski.inmontanis.info\/d\/154557-2\/DSC09872.jpg \/><br \/>\n^ Original und Kopie. Das Bild werd ich so n\u00e4chstes Jahr wohl nicht mehr machen k\u00f6nnen :-(<\/p>\n<p><img src=http:\/\/ski.inmontanis.info\/d\/154561-2\/DSC09879.jpg \/><br \/>\n^ Korblift und Flachland<\/p>\n<p><img src=http:\/\/ski.inmontanis.info\/d\/154565-2\/DSC09878.jpg \/><br \/>\n^ Korblift und Flachland. Ob man die neuen St\u00fctzen auch so schr\u00e4g stellen wird? Oder ist das auch eher so eine altmodische Sache, an der man alte Lifte erkennt?<\/p>\n<p><img src=http:\/\/ski.inmontanis.info\/d\/154569-2\/DSC09881.jpg \/><br \/>\n^ Das einzig interessante an dem Wetter heute war, dass man ganztags das Gef\u00fchl von Abendrot hatte &#8230;<\/p>\n<p>Es war 5 vor 12 als ich an der Mittelstation war. Was tun? Essen gehen und danach noch 1-2x fahren und dann eben fr\u00fcher heim? Oder jetzt um 12 Uhr gleich ab und noch ein anderes Skigebiet mitnehmen? Man m\u00fcsste doch in ca. 2,5h in Formazza sein, die dortige DSB mit der einen Abfahrt interessierte mich zwar nie, aber f\u00fcr 1-1,5h w\u00e4re das doch noch ok.<\/p>\n<p>Also nahm ich &#8211; \u00fcberst\u00fcrzt und ohne mich richtig vom Korblift verabschieden zu k\u00f6nnen &#8211; die relativ volle Gondel um 12 Uhr talw\u00e4rts. <\/p>\n<p>Leider meinte mein Navi, dass die Fahrzeit eher 3 Stunden sind. Und das h\u00e4tte sich dann nicht mehr gelohnt. Also bin ich noch kurz auf Spurensuche in Oropa gegangen &#8211; Stichwort omin\u00f6ser Tal-SL &#8230; hab aber keine Anzeichen gefunden. Vmtl. gab&#8217;s den doch nie.<\/p>\n<p><a href='http:\/\/ski.inmontanis.info\/d\/154573-2\/DSC09884.jpg'><img src=http:\/\/ski.inmontanis.info\/d\/154572-3\/DSC09884.jpg \/><\/a><br \/>\n^ Umbauarbeiten an der Talstation<\/p>\n<p><a href='http:\/\/ski.inmontanis.info\/d\/154577-2\/DSC09886.jpg'><img src=http:\/\/ski.inmontanis.info\/d\/154576-3\/DSC09886.jpg \/><\/a><br \/>\n^ Der ganze gro\u00dfe Parkplatz ist heuer anscheinend gesperrt, weil man ein neues F\u00f6rderband installiert hat. \u00c4h, ja, und wo sollen dann die neuen G\u00e4ste parken? Der Parkplatz war sonst am WE voll!<\/p>\n<p><a href='http:\/\/ski.inmontanis.info\/d\/154581-2\/DSC09889.jpg'><img src=http:\/\/ski.inmontanis.info\/d\/154580-3\/DSC09889.jpg \/><\/a><br \/>\n^ Strecke der alten PB<\/p>\n<p><a href='http:\/\/ski.inmontanis.info\/d\/154585-2\/DSC09891.jpg'><img src=http:\/\/ski.inmontanis.info\/d\/154584-3\/DSC09891.jpg \/><\/a><br \/>\n^ PB alt und neu<\/p>\n<p><a href='http:\/\/ski.inmontanis.info\/d\/154589-2\/DSC09892.jpg'><img src=http:\/\/ski.inmontanis.info\/d\/154588-3\/DSC09892.jpg \/><\/a><br \/>\n^ Spurensuche im Wald<\/p>\n<p>Noch ein kurzes Filmchen vom Korblift:<br \/>\n<object style=\"height: 500px; width: 900px\"><param name=\"movie\" value=\"http:\/\/www.youtube.com\/v\/aOehHIobfOo\"><\/param><param name=\"wmode\" value=\"transparent\"><\/param><embed src=\"http:\/\/www.youtube.com\/v\/aOehHIobfOo\" type=\"application\/x-shockwave-flash\" wmode=\"transparent\"  width=\"900\" height=\"480\"><\/embed><\/object><\/p>\n<p>Danach kam jedoch der \u00c4rger, es war gegen 12:45 Uhr und pl\u00f6tzlich das sch\u00f6nste Wetter des ganzen Tages, Sonnenschein \u00fcber die gesamte Korbliftstrecke und ein gro\u00dfes St\u00fcck blauer Himmel. Danke, du bl\u00f6der Wetterbericht! Seit 3 Tagen meldet er ab 10\/12 Uhr keine Sonne mehr, und was ist, genau von 12-13 Uhr war&#8217;s am sonnigsten. Grrr!! Aber jetzt nochmal rauf? Bis ich mit der PB und dem Korblift oben bin, ist die Sonne garantiert wieder weg. Und die Abfahrt ist ja heute wirklich absolut zum Vergessen.<\/p>\n<p>Also, was ist noch in der N\u00e4he, wo ich nicht die Tage war (Bielmonte), wo es gen\u00fcged Schnee gibt (nicht Mottarone) und was einigerma\u00dfen auf dem Weg lag (nicht Richtung Aosta). Vigezzo? War zwar etwas k\u00fcrzer als Formazza, aber 15:15 Uhr Ankunft bringts auch nicht mehr. In der Not fuhr ich dann ins Valsesia zur Alpe Mera. Dort wollte ich nach den neuesten Sesselbahn-Neubauten zwar nicht mehr hin, aber Ankunft um 14:30 Uhr bedeutete immerhin noch 2 Stunden Skifahren, evtl. war der Schnee dort etwas besser.<\/p>\n<p>Als ich ankam, wurde ich jedoch abermals entt\u00e4uscht. Gab es doch keine Stundenkarten (hatte ich wohl falsch in Erinnerung, oder es gab sie fr\u00fcher), sondern nur Halbtageskarten. Und die kostete 20,- \u20ac. Nachdem die Zubringer-DSB sicher auch 15-20 Minuten f\u00e4hrt, blieben mir also noch ca. 1,5h Zeit zum Skifahren. Daf\u00fcr die gesamte Nachmittagskarte um 20,- \u20ac kaufen? N\u00f6, keine Lust. Verbuchen wir den Abstecher ins Valsesia eben als sinnlosen Umweg. Also erneut ge\u00e4rgert, um 12 Uhr nicht doch in Oropa oben essen gegangen zu sein und dann noch 0,5-1,5h bei besserem Wetter am Korblfit gewesen zu sein. Aber ok, die Abfahrt war heut doch eh zu vergessen &#8230; sagte ich so vor mich hin um mich zu beruhigen &#8230;<\/p>\n<p>Dadurch hatte ich pl\u00f6tzlich einen fr\u00fchen geplanten Ankunftstermin daheim auf dem Navi stehen: geplante Ankunftzeit ca. 21:30 Uhr. Der Weg f\u00fchrte \u00fcber den Lago Maggiore, besser gesagt Verbania-Locarno (m\u00fchselig, aber das Centovalli ist ja auch nicht weniger m\u00fchselig), und da ich zeitlich praktisch in der Schweiz war, wollte ich noch nach einem Abendessen ausschau halten.<\/p>\n<p><img src=http:\/\/extra.inmontanis.info\/d\/15424-2\/DSC09902.jpg \/><br \/>\n^ Am Lago Maggiore<\/p>\n<p>Also, Schweiz + Essen, d.h. f\u00fcr mich i.d.R. \u00c4lplermaccaroni oder McDonalds. Das Gasthaus an der Roflaschlucht hatte &#8211; wie erwartet &#8211; Betriebsferien, die Rastst\u00e4tte in Thusis, wo ich schon mal \u00c4lplermakkaroni essen durfte, hatte selbige leider nicht mehr auf der Speisekarte.<\/p>\n<p>So entschied ich mich, ein paar Autobahnausfahrten lang auf der Landstra\u00dfe zu fahren. Allerdings war dies nicht von Erfolg gekr\u00f6nt. Erstens ein Restaurant als solches zu erkennen, in Sekundenbruchteilen zu erkennen, hat es offen, schaut es annehmbar aus, kann ich so schnell bremsen und auf den Parkplatz fahren &#8211; das ist schon nicht einfach. In einem Fall bin ich sogar kurz umgekehrt, nur um festzustellen, dass sich die ausgelobten &#8220;Nationalen Spezialit\u00e4ten&#8221; auf eine einzige Variation R\u00f6sti und einen Teller B\u00fcndnerfleisch beschr\u00e4nkte. Indische Gerichte gab&#8217;s mehr, sowie Spaghetti in 10 verschiedenen Geschmacksrichtungen.<\/p>\n<p>Also fuhr ich wieder auf die Autobahn und gab die Hoffnung auf. Rastst\u00e4tte Heidiland war March\u00e9, die hatten noch nie \u00c4lplermaccaroni auf der Speisekarte, wenn ich es an so einer mal probiert hatte. Die letzte Rastst\u00e4tte, Rheintal, dachte ich auch erst, schon mal geschaut zu haben, bin dann aber doch raus. Zu meiner Verwunderung stand an der Speisekarte vor der T\u00fcr:<\/p>\n<p><a href='http:\/\/extra.inmontanis.info\/d\/15428-2\/IMG_0300.jpg'><img src=http:\/\/extra.inmontanis.info\/d\/15426-3\/IMG_0300.jpg \/><\/a><\/p>\n<p>\u00c4lplermaccaroni! Yippie! Nix wie rein &#8211; am Tisch lag eine &#8220;Abendkarte&#8221; mit 3 Gerichten. Nee, ne? Gefragt, ob das alles sei. Ja, hier schon, aber auf der anderen Seite gibt&#8217;s die normale Karte. Muss man nur \u00fcber die Br\u00fccke gehen. Hmpf. Was macht man nicht alles&#8230;.<\/p>\n<p><a href='http:\/\/extra.inmontanis.info\/d\/15432-2\/IMG_0299.jpg'><img src=http:\/\/extra.inmontanis.info\/d\/15430-3\/IMG_0299.jpg \/><\/a><\/p>\n<p>Nun, lange Rede kurzer Sinn &#8211; ich kam dann doch noch zu meinen \u00c4lplermaccaroni mit Apfelmus. H\u00e4tten zwar etwas mehr Kartoffeln sein k\u00f6nnen, und den Preis rechne ich lieber mal nicht in Euro um (allein das Getr\u00e4nk 4,60 CHF, schauder), allerdings war die Portion sehr s\u00e4ttigend &#8211; und in meiner ewigen Bestenliste der Liga der gegessenen \u00c4lplermakkaroni durchaus im oberen Drittel.<\/p>\n<p><a href='http:\/\/extra.inmontanis.info\/d\/15436-2\/IMG_0298.jpg'><img src=http:\/\/extra.inmontanis.info\/d\/15434-3\/IMG_0298.jpg \/><\/a><br \/>\n^ So, jetzt ist alles wieder gut. Wobei, ein paar Kartoffeln mehr h\u00e4tten&#8217;s schon sein d\u00fcrfen.<\/p>\n<p>Um fr\u00fche 22:30 Uhr kam ich schlie\u00dflich daheim an &#8211; ja, da h\u00e4tte man schon noch 2 Stunden auf der Alpe Mera fahren k\u00f6nnen, wenn es einen annehmbaren Skipass gegeben h\u00e4tte.<\/p>\n<p>Fazit zum Silvesterwochenende: Leider nur 1 genialer Skitag, 2 durchschnittliche und 1 unterdurchschnittlicher. Zusammen mit dem Weihnachtswochenende muss ich wohl feststellen, dass es sowohl vom Wetter wie auch von den Schneeverh\u00e4ltnissen her unter den Erwartungen blieb. Einzig von den nicht vorhandenen Wartezeiten wurde ich positiv \u00fcberrascht. Was mich allerdings auch etwas traurig stimmt: Denn wenn in vielen dieser kleinen piemonteser Skigebiete selbst zur H\u00f6chstsaison in den Weihnachtsferien so wenig los ist &#8230;..<\/p>\n<p><img src=http:\/\/extra.inmontanis.info\/d\/15440-2\/ge_201212b1.jpg \/><br \/>\n^ Route und Gebiete am Silvesterwochenende. Rosa ein Teil der Strecke vom vorherigen Wochenende. Gab in Italien also kaum Ber\u00fchrungspunkte.<\/p>\n<p>Gefahrene km an diesen 4 Tagen: ca. 1450 km (bei 5,3l Durchschnittsverbrauch). \u00dcber Weihnachten waren&#8217;s ca. 2000 km (mit 5,6 l Verbrauch).<\/p>\n<p>\u00dcbrigens, s\u00e4mtliche Fotos an diese beiden Wochenenden wurden mit neuen und alten, aber allesamt &#8220;manuellen&#8221; Objektiven gemacht &#8211; nix Autofokus oder Bildstabilisator!<\/p>\n","protected":false},"excerpt":{"rendered":"<p>Na, das Jahr f\u00e4ngt ja gut an &#8230; war heut mal wieder einer dieser Nerv-Tage&#8230;<\/p>\n<p> <a href=\"http:\/\/blog.inmontanis.info\/?p=2246\">[&#8230;]<\/a><\/p>\n","protected":false},"author":1,"featured_media":0,"comment_status":"open","ping_status":"closed","sticky":false,"template":"","format":"standard","meta":{"footnotes":""},"categories":[115,15,59,443,27],"tags":[63,80,52,45],"class_list":["post-2246","post","type-post","status-publish","format-standard","hentry","category-201212-piemont","category-italienitaly","category-nostalgie","category-oropa","category-skifahren-winterskiing-winter","tag-korblift","tag-marchisio","tag-pb","tag-see","odd"],"_links":{"self":[{"href":"http:\/\/blog.inmontanis.info\/index.php?rest_route=\/wp\/v2\/posts\/2246","targetHints":{"allow":["GET"]}}],"collection":[{"href":"http:\/\/blog.inmontanis.info\/index.php?rest_route=\/wp\/v2\/posts"}],"about":[{"href":"http:\/\/blog.inmontanis.info\/index.php?rest_route=\/wp\/v2\/types\/post"}],"author":[{"embeddable":true,"href":"http:\/\/blog.inmontanis.info\/index.php?rest_route=\/wp\/v2\/users\/1"}],"replies":[{"embeddable":true,"href":"http:\/\/blog.inmontanis.info\/index.php?rest_route=%2Fwp%2Fv2%2Fcomments&post=2246"}],"version-history":[{"count":4,"href":"http:\/\/blog.inmontanis.info\/index.php?rest_route=\/wp\/v2\/posts\/2246\/revisions"}],"predecessor-version":[{"id":5035,"href":"http:\/\/blog.inmontanis.info\/index.php?rest_route=\/wp\/v2\/posts\/2246\/revisions\/5035"}],"wp:attachment":[{"href":"http:\/\/blog.inmontanis.info\/index.php?rest_route=%2Fwp%2Fv2%2Fmedia&parent=2246"}],"wp:term":[{"taxonomy":"category","embeddable":true,"href":"http:\/\/blog.inmontanis.info\/index.php?rest_route=%2Fwp%2Fv2%2Fcategories&post=2246"},{"taxonomy":"post_tag","embeddable":true,"href":"http:\/\/blog.inmontanis.info\/index.php?rest_route=%2Fwp%2Fv2%2Ftags&post=2246"}],"curies":[{"name":"wp","href":"https:\/\/api.w.org\/{rel}","templated":true}]}}