{"id":2231,"date":"2012-12-26T22:25:17","date_gmt":"2012-12-26T21:25:17","guid":{"rendered":"http:\/\/blog.inmontanis.info\/?p=2231"},"modified":"2023-08-01T21:49:25","modified_gmt":"2023-08-01T19:49:25","slug":"pian-del-frais-26-12-2012","status":"publish","type":"post","link":"http:\/\/blog.inmontanis.info\/?p=2231","title":{"rendered":"Pian del Frais, 26.12.2012"},"content":{"rendered":"<p>Wollte ja heute egtl. Lurisia und Garessio kombinieren. Wetterbericht meldete f\u00fcr nachmittags sonnig und kein Nebel, h\u00e4tte man also vmtl. ein traumhaftes Meer-Pano in Garessio gehabt (Genua bis Korsika).<\/p>\n<p>Erste Meldung auf Facebook: Der Kurven-SL ist erst ab morgen betriebsbereit. Daf\u00fcr, dass es am Sonntag schon hie\u00df &#8220;quasi pronto&#8221;&#8230;. <\/p>\n<p>&#8216;Ne halbe Stunde sp\u00e4ter dann der Eintrag, dass man aufgrund der Temperaturen heute gar nicht \u00f6ffnen wird &#8211; nur das F\u00f6rderband (das daf\u00fcr gratis) &#8230; <!--more--><\/p>\n<p><a href='http:\/\/extra.inmontanis.info\/d\/15336-2\/IMG_0295.jpg'><img src=http:\/\/extra.inmontanis.info\/d\/15334-3\/IMG_0295.jpg \/><\/a><br \/>\n^ Hm, welche Objektive und Filter nehm ich denn heut mit &#8230; und .. da fehlt doch ein Objektiv? Ach das liegt noch im Auto&#8230;.<\/p>\n<p>Mal schauen, was in Lurisia geht. Ist ja von meinem Hotel aus recht schnell anzufahren. Gondellift fuhr. Aushang an der Kassa: Nur Telecabina &#038; SK Margherita in Betrieb. Und das ist der kurze, flache \u00dcbungs-SL. Da half auch der Tageskartenpreis um 8,- nicht, mich zu \u00fcberzeugen, zumal ja auch das nachmitt\u00e4gliche Ziel Garessio wegfiel.<\/p>\n<p>Was nun? Frabosa\/Artesina? Da sind in den letzten Tagen auch ein paar Abfahrten geschlossen wurden. Und der ESL f\u00e4hrt ja auch noch nicht. <\/p>\n<p>Also ging&#8217;s &#8220;endlich&#8221; nach Chiomonte im Susatal zum Pian del Frais. Damit w\u00e4re es amtlich &#8211; mein Unterkunftspunkt war falsch gew\u00e4hlt. Statt an 3 Tagen in den Alpi Mondov\u00ec Ski zu fahren war ich nur 1 Tag &#8230; Egal. <\/p>\n<p>Chiomonte ist ein eher kleines Skigebiet, im Sommer 2007 war ich mal dort. Highlight ist der SL Pian Mesd\u00ec, der fr\u00fcher ein ESL war und irgendwann vmtl. von CCM zum SL umfunktioniert wurde. Evtl. war er auch fr\u00fcher schon ein SL im Winter und nur im Sommer ein ESL. Jedenfalls kurios mit den breiten Fachwerkst\u00fctzen, um die man immer fahren muss, da sie teilweise halb in die SL-Spur stehen :)<\/p>\n<p><img src=http:\/\/ski.inmontanis.info\/d\/46022-3\/P1180805.JPG \/><\/p>\n<p>Allerdings ist das nicht die einzige Besonderheit des SL, denn: er macht ca. 630 H\u00f6henmeter und ist 2 km lang. Ordentlich. Damit kann man allerdings auch alle Abfahrten fahren, die es hier gibt.<\/p>\n<p>Wobei der obere Teil im Pistenplan nur als Freeride ausgeschrieben ist &#8211; und zus\u00e4tzlich Abfahrtsschneisen sind, die gar nicht mehr im Plan auftauchen. Allerdings sah ich vor Ort, dass der obere Teil doch irgendwann mal pr\u00e4pariert wurde.<\/p>\n<p>Um 11:30 war ich in Chiomonte, den vor kurzem neu gebauten Sessellift ohne Beschilderung zuf\u00e4llig auf Anhieb gefunden. Viel Parkpl\u00e4tze hat&#8217;s da nicht. Die meisten fahren doch mit dem Auto rauf. Tageskarte um 22,- \u20ac gekauft. Oben erst mal gefreut, dass der kuriose SL in Betrieb ist, dann aber leider gesehen, dass der SL nicht bis oben ge\u00f6ffnet war, die oberen 500m L\u00e4nge waren zu. Die SL-Trasse und die Abfahrt waren wg. des Regens vorgestern einfach zu eisig. Wie egtl. auch alle anderen Abfahrten.<\/p>\n<p>Nach 2 Fahrten hab ich mich entschlossen, die Piste zur Bergstation des SL aufzusteigen (die Ski geschultert), was ich aufgrund der Anstrengung ja immer \u00e4u\u00dferst ungern mach. F\u00fcr die 200 hm hab ich knapp &#8216;ne Stunde gebraucht. Oben angekommen war die alte ESL-Station die Anstrengungen schon wert, aber w\u00e4re ich am Samstag gefahren, w\u00e4re der SL vermutlich bis oben ge\u00f6ffnet gewesen. Die steile vereiste Abfahrt hier war aber heute definitiv nicht Massen tauglich.<\/p>\n<p>Bin noch die anderen ge\u00f6ffneten Abfahrten gefahren und hab es gegen 15:15 Uhr gelassen, die Pisten waren einfach extrem vereist durch Regen und Tauwetter. Noch kurz Essen gegangen und mit der DSB wieder runter (Der Mitarbeiter an der Bergstation hat meine Carpani Skier beim Rauf- und Runterfahren interessiert begutachtet ;-) ). <\/p>\n<p>Warum die hier &#8216;ne DSB gebaut haben, versteh ich auch nicht ganz. 2er Gondelkabinen \u00e0 la Lurisia w\u00e4ren sinnvoller gewesen: Man k\u00f6nnte die Ski einfacher verladen, man k\u00f6nnte Kinder einfacher transportiern und w\u00e4rmer w\u00e4re es auch, da der Lift im Winter sehr schattig liegt. Talabfahrt gibt&#8217;s ja eh keine.<\/p>\n<p>Fotos anklicken zum Vergr\u00f6\u00dfern, soweit nicht vergr\u00f6\u00dfert gepostet:<\/p>\n<p><img src=http:\/\/ski.inmontanis.info\/d\/45978-3\/P1180801.JPG \/><br \/>\n(Plan im Sommer 2007 fotografiert; nicht mehr aktuell; auch die rechte Au\u00dfenrumabfahrt von ganz oben wird leider nicht mehr im Plan gef\u00fchrt.<\/p>\n<p><a href='http:\/\/ski.inmontanis.info\/d\/153682-2\/DSC08908.jpg'><img src=http:\/\/ski.inmontanis.info\/d\/153681-3\/DSC08908.jpg \/><\/a><br \/>\n^ Talstation der neuen DSB in Chiomonte, hat kaum Parkpl\u00e4tze, die meisten fahren mit dem Auto rauf.<\/p>\n<p><a href='http:\/\/ski.inmontanis.info\/d\/153686-2\/DSC08918.jpg'><img src=http:\/\/ski.inmontanis.info\/d\/153685-3\/DSC08918.jpg \/><\/a><br \/>\n^ Bergstation am Pian del Frais<\/p>\n<p><img src=http:\/\/ski.inmontanis.info\/d\/153805-2\/DSC08919.jpg \/><br \/>\n^ Skigebiet im \u00dcberblick<\/p>\n<p><img src=http:\/\/ski.inmontanis.info\/d\/153691-2\/DSC08922.jpg \/><br \/>\n^ Alle 3 Lifte gehen parallel hinauf, aber unterschiedlich lang. Der SL hier war fr\u00fcher mal ein ESL, die St\u00fctzen wurden \u00fcbernommen, was f\u00fcr einen SL irgendwie unpassend ist ;-)<\/p>\n<p><a href='http:\/\/ski.inmontanis.info\/d\/153695-2\/DSC08923.jpg'><img src=http:\/\/ski.inmontanis.info\/d\/153694-3\/DSC08923.jpg \/><\/a><br \/>\n^ Mittlerer Teil des SL<\/p>\n<p><img src=http:\/\/ski.inmontanis.info\/d\/153699-2\/DSC08924.jpg \/><br \/>\n^ Die Bergstation der gebrauchten DSB, erst seit kurzem in Betrieb<\/p>\n<p><img src=http:\/\/ski.inmontanis.info\/d\/153703-2\/DSC08929.jpg \/><br \/>\n^ Oberer Teil des SL, der heute leider nur bis zur Mitte des Steilhangs ge\u00f6ffnet war<\/p>\n<p><a href='http:\/\/ski.inmontanis.info\/d\/153707-2\/DSC08931.jpg'><img src=http:\/\/ski.inmontanis.info\/d\/153706-3\/DSC08931.jpg \/><\/a><br \/>\n^ SL und Abfahrt<\/p>\n<p><a href='http:\/\/ski.inmontanis.info\/d\/153809-2\/DSC08935.jpg'><img src=http:\/\/ski.inmontanis.info\/d\/153808-3\/DSC08935.jpg \/><\/a><br \/>\n^ Abfahrten, die in Bildmitte war heute geschlossen (war wohl zu steil und zu eisig)<\/p>\n<p><img src=http:\/\/ski.inmontanis.info\/d\/153711-2\/DSC09007.jpg \/><br \/>\n^ Oberer Teil des SL, ab hier heute leider geschlossen; dies ist auch einer der H\u00e4nge, die im Plan nicht mehr eingezeichnet sind.<\/p>\n<p><a href='http:\/\/ski.inmontanis.info\/d\/153716-2\/DSC08939.jpg'><img src=http:\/\/ski.inmontanis.info\/d\/153715-3\/DSC08939.jpg \/><\/a><br \/>\n^ Talstation eines ehemaligen SL<\/p>\n<p><img src=http:\/\/ski.inmontanis.info\/d\/153720-2\/DSC08940.jpg \/><br \/>\n^ Pian del Frais<\/p>\n<p><img src=http:\/\/ski.inmontanis.info\/d\/153724-2\/DSC07124.jpg \/><br \/>\n^ .. in Falschfarb-IR ..<\/p>\n<p><img src=http:\/\/ski.inmontanis.info\/d\/153728-2\/DSC08941.jpg \/><br \/>\n^ Der kurze SL, dahinter die DSB<\/p>\n<p><img src=http:\/\/ski.inmontanis.info\/d\/153813-2\/DSC08944.jpg \/><br \/>\n^ Der lange SL<\/p>\n<p><img src=http:\/\/ski.inmontanis.info\/d\/153733-2\/DSC08946.jpg \/><br \/>\n^ Gepolstert&#8230;<\/p>\n<p><img src=http:\/\/ski.inmontanis.info\/d\/153737-2\/mah09004e.jpg \/><br \/>\n^ Im SL (Bild aus dem Video)<\/p>\n<p><img src=http:\/\/ski.inmontanis.info\/d\/153741-2\/mah09004h.jpg \/><br \/>\n^ Im SL (Bild aus dem Video)<\/p>\n<p><a href='http:\/\/ski.inmontanis.info\/d\/153745-2\/DSC08958.jpg'><img src=http:\/\/ski.inmontanis.info\/d\/153744-3\/DSC08958.jpg \/><\/a><br \/>\n^ Oberste Abfahrt, entgegen der Angabe im Pistenplan (Freeride) wird die wohl doch zumindest ab &#038; zu pr\u00e4pariert.<\/p>\n<p><img src=http:\/\/ski.inmontanis.info\/d\/153749-2\/DSC08963.jpg \/><br \/>\n^ .. aber steil ist die schon &#8230;<\/p>\n<p><img src=http:\/\/ski.inmontanis.info\/d\/153753-2\/DSC08967.jpg \/><br \/>\n^ Oben gibt&#8217;s auch noch mal einen sch\u00f6nen Hang<\/p>\n<p><img src=http:\/\/ski.inmontanis.info\/d\/153757-2\/DSC08968.jpg \/><br \/>\n^ Oberer Teil vom SL (Ausstieg)<\/p>\n<p><img src=http:\/\/ski.inmontanis.info\/d\/153761-2\/DSC08969.jpg \/><br \/>\n^ SL Bergstation<\/p>\n<p><img src=http:\/\/ski.inmontanis.info\/d\/153830-2\/DSC08972.jpg \/><br \/>\n^ SL Bergstation (und ehemalige ESL-Bergstation)<\/p>\n<p><img src=http:\/\/ski.inmontanis.info\/d\/153818-2\/DSC08974.jpg \/><br \/>\n^ Bergstation. Die Bar ist ge\u00f6ffnet ;-)<\/p>\n<p><img src=http:\/\/ski.inmontanis.info\/d\/153766-2\/DSC08978.jpg \/><br \/>\n^ SL Bergstation, die St\u00fctze ist teilweise einbetoniert &#8230;<\/p>\n<p><a href='http:\/\/ski.inmontanis.info\/d\/153771-2\/DSC08976.jpg'><img src=http:\/\/ski.inmontanis.info\/d\/153770-3\/DSC08976.jpg \/><\/a><br \/>\n^ Wandmalereien &#8230;<\/p>\n<p><a href='http:\/\/ski.inmontanis.info\/d\/153822-2\/DSC08981.jpg'><img src=http:\/\/ski.inmontanis.info\/d\/153821-3\/DSC08981.jpg \/><\/a><br \/>\n^ Zoom in die Bar<\/p>\n<p><img src=http:\/\/ski.inmontanis.info\/d\/153776-2\/DSC08987.jpg \/><br \/>\n^ Eingang zur Bar<\/p>\n<p><img src=http:\/\/ski.inmontanis.info\/d\/153780-2\/DSC08995.jpg \/><br \/>\n^ Eingang zur Bar, im Fenster hinten liegt ein Buch<\/p>\n<p><img src=http:\/\/ski.inmontanis.info\/d\/153784-2\/DSC08996.jpg \/><br \/>\n^ Oberer Abfahrtsteil<\/p>\n<p><img src=http:\/\/ski.inmontanis.info\/d\/153788-2\/DSC09000.jpg \/><br \/>\n^ SL Einstieg und Antrieb<\/p>\n<p><img src=http:\/\/ski.inmontanis.info\/d\/153826-2\/DSC09013.jpg \/><br \/>\n^ DSB talw\u00e4rts. Warum man hier nicht 2er Gondelkabinen \u00e0 la Lurisia hingeh\u00e4ngt hat, kann ich nicht verstehen. Mit Skiern im Sessel talw\u00e4rts ist immer umst\u00e4ndlich, auch wenn man sie bei dem wenigen Andrang heute nicht selbst halten musste sondern sie in einem leeren Sessel hinter her fuhren.<\/p>\n<p><a href='http:\/\/ski.inmontanis.info\/d\/153793-2\/DSC09023.jpg'><img src=http:\/\/ski.inmontanis.info\/d\/153792-3\/DSC09023.jpg \/><\/a><br \/>\n^ Skipass (und DSB im Hintergrund ;) )<\/p>\n<p><img src=http:\/\/ski.inmontanis.info\/d\/153797-2\/DSC09031.jpg \/><br \/>\n^ Talstation DSB in Chiomonte mit Mini-Parkplatz<\/p>\n<p><img src=http:\/\/ski.inmontanis.info\/d\/153801-2\/ge_frais2012c.jpg \/><br \/>\n^ GPS-Track, dunkelblau der heute geschlossene SL-Teil, rot und pink die ehemaligen Lifte, links das seit Jahrzehnten aufgelassene (interessantere) Skigebiet Pian Gelassa, das ich vor kurzem mal besucht hatte, online z.B.:<br \/>\nhttp:\/\/www.alpinforum.com\/forum\/viewtopic.php?f=32&#038;t=31463<\/p>\n<p>Video-Mitfahrt vom SL (teilweise beschleunigt):<br \/>\n<object style=\"height: 500px; width: 900px\"><param name=\"movie\" value=\"http:\/\/www.youtube.com\/v\/OVuZ1_AG9mo\"><\/param><param name=\"wmode\" value=\"transparent\"><\/param><embed src=\"http:\/\/www.youtube.com\/v\/OVuZ1_AG9mo\" type=\"application\/x-shockwave-flash\" wmode=\"transparent\"  width=\"900\" height=\"480\"><\/embed><\/object><\/p>\n<p>Mein Fazit w\u00e4re bei besseren Schneeverh\u00e4ltnissen und komplett ge\u00f6ffnetem Lift sicherlich anders ausgefallen, aber warm werd ich mit dem Skigebiet nicht. Nur ein Hang, der mit 3 unterschiedlich langen Liften erschlossen ist, die aber nicht auf einen Gipfel fahren, Panom\u00e4\u00dfig ist man ebenfalls sehr eingeschr\u00e4nkt &#8211; das nebendran liegende und seit 40 Jahren geschlossene Skigebiete Pian Gelassa w\u00e4re m.E. wesentlich interessanter gewesen. <\/p>\n<p>Dass ich Pian del Frais also erst jetzt, in meinem 7. Jahr im Piemont, besuche, und nicht schon fr\u00fcher, war kein Fehler. Den SL h\u00e4tte ich aber dennoch nicht verpassen wollen. Auch wenn er leider etwas langsam f\u00e4hrt.<\/p>\n<p>Kurz nach 16:15 ging&#8217;s auf die Heimreise. Mautsparend bis Avigliano die Bundesstra\u00dfe, dann auf der Autobahn wie \u00fcblich bis Varese. Und da es dort aufgrund der Bauarbeiten der Verl\u00e4ngerung der Tangenziale (endlich!) etwas chaotisch ist, und dichter Nebel war, hab ich mich mal wieder kurz verfahren :) Das ist aber auch h\u00f6llisch dort..<\/p>\n<p>Weiter wie \u00fcblich &#8211; Stabio, Schweiz, Autobahn \u00fcber den San Bernardino, durch Feldkirch, \u00fcber den Arlberg, und um Mitternacht war ich daheim. Was ich in ca. 2 Jahren machen werde, wenn die Schweizer die AB-Vignette verteuern, ob ich weiterhin die etwas l\u00e4ngere Strecke \u00fcber den Bernardino nehmen werde? Ich fahr die Strecke ja nicht nur wg. den Mauteinsparungen, sondern auch weil sie zig mal angenehmer und weniger erm\u00fcdend zu fahren ist als die Autobahn via Mailand &#8211; Brenner &#8230; Mautfreie Alternative w\u00e4re nat\u00fcrlich noch via St. Moritz, aber das dauert noch&#8217;mal &#8216;ne Spur l\u00e4nger.<\/p>\n<p>Gegen Mitternacht war ich daheim, in den 5 Tagen hab ich ziemlich genau 2.000 km verfahren.<\/p>\n<p><img src=http:\/\/extra.inmontanis.info\/d\/15340-2\/ge_route201212a.jpg \/><br \/>\n^ Autostrecke am 5-Tage-Weihnachtswochenende 2012<\/p>\n","protected":false},"excerpt":{"rendered":"<p>Wollte ja heute egtl. Lurisia und Garessio kombinieren. Wetterbericht meldete f\u00fcr nachmittags sonnig und kein Nebel, h\u00e4tte man also vmtl. ein traumhaftes Meer-Pano in Garessio gehabt (Genua bis Korsika).<\/p>\n<p>Erste Meldung auf Facebook: Der Kurven-SL ist erst ab morgen betriebsbereit. Daf\u00fcr, dass es am Sonntag schon hie\u00df &#8220;quasi pronto&#8221;&#8230;. <\/p>\n<p>&#8216;Ne halbe Stunde sp\u00e4ter dann <a href=\"http:\/\/blog.inmontanis.info\/?p=2231\">[&#8230;]<\/a><\/p>\n","protected":false},"author":1,"featured_media":0,"comment_status":"open","ping_status":"closed","sticky":false,"template":"","format":"standard","meta":{"footnotes":""},"categories":[115,15,431,27],"tags":[38,80,47],"class_list":["post-2231","post","type-post","status-publish","format-standard","hentry","category-201212-piemont","category-italienitaly","category-pian-del-frais","category-skifahren-winterskiing-winter","tag-dsb","tag-marchisio","tag-sl","odd"],"_links":{"self":[{"href":"http:\/\/blog.inmontanis.info\/index.php?rest_route=\/wp\/v2\/posts\/2231","targetHints":{"allow":["GET"]}}],"collection":[{"href":"http:\/\/blog.inmontanis.info\/index.php?rest_route=\/wp\/v2\/posts"}],"about":[{"href":"http:\/\/blog.inmontanis.info\/index.php?rest_route=\/wp\/v2\/types\/post"}],"author":[{"embeddable":true,"href":"http:\/\/blog.inmontanis.info\/index.php?rest_route=\/wp\/v2\/users\/1"}],"replies":[{"embeddable":true,"href":"http:\/\/blog.inmontanis.info\/index.php?rest_route=%2Fwp%2Fv2%2Fcomments&post=2231"}],"version-history":[{"count":2,"href":"http:\/\/blog.inmontanis.info\/index.php?rest_route=\/wp\/v2\/posts\/2231\/revisions"}],"predecessor-version":[{"id":2233,"href":"http:\/\/blog.inmontanis.info\/index.php?rest_route=\/wp\/v2\/posts\/2231\/revisions\/2233"}],"wp:attachment":[{"href":"http:\/\/blog.inmontanis.info\/index.php?rest_route=%2Fwp%2Fv2%2Fmedia&parent=2231"}],"wp:term":[{"taxonomy":"category","embeddable":true,"href":"http:\/\/blog.inmontanis.info\/index.php?rest_route=%2Fwp%2Fv2%2Fcategories&post=2231"},{"taxonomy":"post_tag","embeddable":true,"href":"http:\/\/blog.inmontanis.info\/index.php?rest_route=%2Fwp%2Fv2%2Ftags&post=2231"}],"curies":[{"name":"wp","href":"https:\/\/api.w.org\/{rel}","templated":true}]}}