{"id":2218,"date":"2012-12-23T00:32:34","date_gmt":"2012-12-22T23:32:34","guid":{"rendered":"http:\/\/blog.inmontanis.info\/?p=2218"},"modified":"2023-08-04T18:43:17","modified_gmt":"2023-08-04T16:43:17","slug":"argentera-23-12-2012","status":"publish","type":"post","link":"http:\/\/blog.inmontanis.info\/?p=2218","title":{"rendered":"Argentera, 23.12.2012"},"content":{"rendered":"<p>Heute ging&#8217;s nach <strong>Argentera<\/strong>, kurz unterhalb des Colle della Maddalena (Grenzpass nach Frankreich auf \u00fcber 2000m, im Winter auf italienischer Seite gern mal einige Tage nach Schneefall gesperrt) &#8211; von meinem Hotel aus aber schon ein St\u00fcckchen weiter, etwas \u00fcber 1,5 Stunden. <\/p>\n<p>Ich war ja 2008 schon mal da, aber nur f\u00fcr einen halben Tag, war aber so positiv \u00fcberrascht, dass ich unbedingt nochmals her musste.<br \/>\n<!--more--><br \/>\nKann man es einen ganzen Tag nur an einer DSB und einem SL aushalten? <\/p>\n<p>Ja, im Falle von Argentera kann man das:<\/p>\n<p>&#8211; Die DSB macht auf ca. 1,9km L\u00e4nge ca. 660 hm und erschlie\u00dft ca. 4 abwechslungsreiche Abfahrten,<\/p>\n<p>&#8211; der anschlie\u00dfende Portalst\u00fctzen-SL erschlie\u00dft in einer komplett eigenen Gel\u00e4ndekammer auf ca. 1,5km L\u00e4nge ca. 250 hm und hat 2-3 Abfahrten. Ok, er ist nicht sehr steil, man f\u00e4hrt und genie\u00dft ihn gem\u00fctlich, aber er f\u00e4hrt recht z\u00fcgig, Trasse wie Abfahrten sind dank zahlreicher auf&#038;abs interessant, und au\u00dferdem extrem einsam und hochalpin gelegen, geh\u00f6rt zu einer der einsamsten und stillsten Gel\u00e4ndekammern aller mir bekannten Skigebiete. Au\u00dfer des SL und der Bergstation der DSB ist da oben nichts, kein Blick ins Tal, kein Haus, keine Zivilisation, kein Baum.<\/p>\n<p>In Summe also ca. 900 H\u00f6henmeter, die l\u00e4ngste Abfahrt ist ca. 6 km lang, wobei man am R\u00fcckweg vom SL mal kurz ein St\u00fcck bergauf schieben muss (allerdings bei weitem nicht so extrem wie in Z\u00fcrs).<\/p>\n<p>Schnee\/Pisten waren wie gestern wieder optimalst. Egtl. k\u00f6nnen die n\u00e4chsten 3 Tage nur noch schlechter werden&#8230;.<\/p>\n<p>(Fotos anklicken zum Vergr\u00f6\u00dfern, soweit nicht vergr\u00f6\u00dfert gepostet.)<\/p>\n<p><img src=http:\/\/ski.inmontanis.info\/d\/153214-2\/ge20121223.jpg \/><br \/>\n^ GPS-Track 23.12.2012 (Hellblau hinterlegt der Track von 2008)<\/p>\n<p><img src=http:\/\/ski.inmontanis.info\/d\/153218-2\/DSC08621.jpg \/><br \/>\n^ Unterer Streckenteil der DSB<\/p>\n<p><a href='http:\/\/ski.inmontanis.info\/d\/153222-2\/DSC08623.jpg'><img src=http:\/\/ski.inmontanis.info\/d\/153221-3\/DSC08623.jpg \/><\/a><br \/>\n^ DSB Talstation, der linke Doppel-SL war nicht angeb\u00fcgelt und ist ggf. nicht mehr in Betrieb.<\/p>\n<p><a href='http:\/\/ski.inmontanis.info\/d\/153226-2\/DSC08624.jpg'><img src=http:\/\/ski.inmontanis.info\/d\/153225-3\/DSC08624.jpg \/><\/a><br \/>\n^ Talblick<\/p>\n<p><img src=http:\/\/ski.inmontanis.info\/d\/153230-2\/DSC08628.jpg \/><br \/>\n^ DSB kurz vor der Bergstation<\/p>\n<p><img src=http:\/\/ski.inmontanis.info\/d\/153234-2\/DSC08630.jpg \/><br \/>\n^ DSB mit Gegenhang<\/p>\n<p><img src=http:\/\/ski.inmontanis.info\/d\/153402-2\/DSC08632.jpg \/><br \/>\n^ DSB Bergstation<\/p>\n<p><img src=http:\/\/ski.inmontanis.info\/d\/153239-2\/DSC08634.jpg \/><br \/>\n^ SL Andelplan in kompletter L\u00e4nge (1,5km), erschlie\u00dft ein einsames, h\u00fcgeliges, nicht zu schmales, nicht zu breites, nicht zu steiles, nicht zu flaches Hochplateau bis auf 2.510m. Vielleicht einer der sch\u00f6nsten Skilifte der Alpen.<\/p>\n<p><a href='http:\/\/ski.inmontanis.info\/d\/153243-2\/DSC08643.jpg'><img src=http:\/\/ski.inmontanis.info\/d\/153242-3\/DSC08643.jpg \/><\/a><br \/>\n^ Start der DSB-Abfahrt<\/p>\n<p><a href='http:\/\/ski.inmontanis.info\/d\/153247-2\/DSC08647.jpg'><img src=http:\/\/ski.inmontanis.info\/d\/153246-3\/DSC08647.jpg \/><\/a><br \/>\n^ Rechter SL, m\u00fcsste prinzipiell noch in Betrieb sein, aber der 23.12. war wohl noch nicht Hauptsaison ;-)<\/p>\n<p><a href='http:\/\/ski.inmontanis.info\/d\/153251-2\/DSC08650.jpg'><img src=http:\/\/ski.inmontanis.info\/d\/153250-3\/DSC08650.jpg \/><\/a><br \/>\n^ Eine der DSB-Abfahrtsvarianten<\/p>\n<p><a href='http:\/\/ski.inmontanis.info\/d\/153255-2\/DSC08651.jpg'><img src=http:\/\/ski.inmontanis.info\/d\/153254-3\/DSC08651.jpg \/><\/a><br \/>\n^ Mittelstation DSB<\/p>\n<p><img src=http:\/\/ski.inmontanis.info\/d\/153259-2\/DSC08652.jpg \/><br \/>\n^ Abfahrtsvariante \u00fcber die DSB-Mittelstation. Urig.<\/p>\n<p><img src=http:\/\/ski.inmontanis.info\/d\/153406-2\/DSC08656.jpg \/><br \/>\n^ Abfahrtsvariante \u00fcber die DSB-Mittelstation, im unteren Teil ein schmaler steiler Skiweg :) Wie gesagt, urig.<\/p>\n<p><a href='http:\/\/ski.inmontanis.info\/d\/153264-2\/DSC08657.jpg'><img src=http:\/\/ski.inmontanis.info\/d\/153263-3\/DSC08657.jpg \/><\/a><br \/>\n^ Doppel-SL und Abfahrten<\/p>\n<p><img src=http:\/\/ski.inmontanis.info\/d\/153410-2\/DSC08658.jpg \/><br \/>\n^ Der \u00dcbungs-SL wurde seit meinem Besuch 2008 ersetzt. Bin ich aber heut auch nicht gefahren.<\/p>\n<p><img src=http:\/\/ski.inmontanis.info\/d\/153269-2\/DSC08664.jpg \/><br \/>\n^ SL Andelplan, rechts der Retour-Skiweg<\/p>\n<p><img src=http:\/\/ski.inmontanis.info\/d\/153414-2\/DSC08666.jpg \/><br \/>\n^ SL Andelplan<\/p>\n<p><img src=http:\/\/ski.inmontanis.info\/d\/153274-2\/DSC08668.jpg \/><br \/>\n^ Der Ausblick von der SL-Bergstation nach hinten ist allerdings eingeschr\u00e4nkt. Andererseits, wenn man hier ins Flachland schauen k\u00f6nnte, w\u00e4re der Abgelegenheits-\/Einsamkeitsfaktor des SL bei weitem niedriger. Also, in dem Fall, passt das so.<\/p>\n<p><a href='http:\/\/ski.inmontanis.info\/d\/153278-2\/mah0865b.jpg'><img src=http:\/\/ski.inmontanis.info\/d\/153277-3\/mah0865b.jpg \/><\/a><br \/>\n^ SL Andelplan (Screenshot aus dem Film)<\/p>\n<p><a href='http:\/\/ski.inmontanis.info\/d\/153282-2\/mah0865g.jpg'><img src=http:\/\/ski.inmontanis.info\/d\/153281-3\/mah0865g.jpg \/><\/a><br \/>\n^ SL Andelplan (Screenshot aus dem Film)<\/p>\n<p><a href='http:\/\/ski.inmontanis.info\/d\/153286-2\/mah08760e.jpg'><img src=http:\/\/ski.inmontanis.info\/d\/153285-3\/mah08760e.jpg \/><\/a><br \/>\n^ Action-Shot (Screenshot aus dem Film)<\/p>\n<p><img src=http:\/\/ski.inmontanis.info\/d\/153290-2\/mah08760i.jpg \/><br \/>\n^ Action-Shot (Screenshot aus dem Film) &#8211; noch tiefer h\u00e4tt ich die Cam nicht halten d\u00fcrfen ;-)<\/p>\n<p><img src=http:\/\/ski.inmontanis.info\/d\/153294-2\/DSC08671.jpg \/><br \/>\n^ Ende der SL-Abfahrt<\/p>\n<p><img src=http:\/\/ski.inmontanis.info\/d\/153298-2\/DSC08672.jpg \/><br \/>\n^ Trassenzoom SL Andelplan nach oben<\/p>\n<p><img src=http:\/\/ski.inmontanis.info\/d\/153302-2\/DSC08674.jpg \/><br \/>\n^ Trassenzoom SL Andelplan nach unten<\/p>\n<p><img src=http:\/\/ski.inmontanis.info\/d\/153306-2\/DSC08673.jpg \/><br \/>\n^ SL Andelplan St\u00fctze 2<\/p>\n<p><img src=http:\/\/ski.inmontanis.info\/d\/153310-2\/DSC08678.jpg \/><br \/>\n^ Zoom von der SL-Bergstation zur DSB<\/p>\n<p><img src=http:\/\/ski.inmontanis.info\/d\/153314-2\/DSC08685.jpg \/><br \/>\n^ Bergstation SL Andelplan<\/p>\n<p><img src=http:\/\/ski.inmontanis.info\/d\/153318-2\/DSC08686.jpg \/><br \/>\n^ Letzte St\u00fctze SL Andelplan<\/p>\n<p><img src=http:\/\/ski.inmontanis.info\/d\/153322-2\/DSC08682.jpg \/><br \/>\n^ Letzte St\u00fctze SL Andelplan<\/p>\n<p><img src=http:\/\/ski.inmontanis.info\/d\/153326-2\/DSC08688.jpg \/><br \/>\n^ SL Andelplan, gesamte Trasse von der Bergstation<\/p>\n<p><img src=http:\/\/ski.inmontanis.info\/d\/153330-2\/DSC08689.jpg \/><br \/>\n^ Panoramafenster von der SL-Bergstation talausw\u00e4rts<\/p>\n<p><img src=http:\/\/ski.inmontanis.info\/d\/153334-2\/DSC07111.jpg \/><br \/>\n^ SL Andelplan (IR)<\/p>\n<p><img src=http:\/\/ski.inmontanis.info\/d\/153338-2\/DSC08690.jpg \/><br \/>\n^ SL Andelplan, Flachst\u00fcck etwas oberhalb der Talstation<\/p>\n<p><img src=http:\/\/ski.inmontanis.info\/d\/153342-2\/DSC08692.jpg \/><br \/>\n^ SL Andelplan und seine 2 Abfahrtsvarianten<\/p>\n<p><img src=http:\/\/ski.inmontanis.info\/d\/153346-2\/DSC08694.jpg \/><br \/>\n^ SL Andelplan<\/p>\n<p><img src=http:\/\/ski.inmontanis.info\/d\/153350-2\/DSC08697.jpg \/><br \/>\n^ SL Andelplan mit h\u00fcgeliger Liftstrecke im oberen Teil<\/p>\n<p><img src=http:\/\/ski.inmontanis.info\/d\/153354-2\/DSC08699.jpg \/><br \/>\n^ SL Andelplan, oberer Bereich im Zoom\/Tele-Effekt<\/p>\n<p><img src=http:\/\/ski.inmontanis.info\/d\/153358-2\/DSC08700.jpg \/><br \/>\n^ Im SL Andelplan<\/p>\n<p><img src=http:\/\/ski.inmontanis.info\/d\/153362-2\/DSC08707.jpg \/><br \/>\n^ SL Andelplan, letzte St\u00fctzen 17+18. Netterweise sind die meisten St\u00fctzen ohne Polster.<\/p>\n<p><img src=http:\/\/ski.inmontanis.info\/d\/153366-2\/DSC08711.jpg \/><br \/>\n^ SL Andelplan und in Bildmitte die DSB-Bergstation<\/p>\n<p><a href='http:\/\/ski.inmontanis.info\/d\/153370-2\/DSC08715.jpg'><img src=http:\/\/ski.inmontanis.info\/d\/153369-3\/DSC08715.jpg \/><\/a><br \/>\n^ Eine der heute unpr\u00e4parierten DSB-Abfahrtsvarianten<\/p>\n<p><img src=http:\/\/ski.inmontanis.info\/d\/153374-2\/DSC08717.jpg \/><br \/>\n^ DSB Bergstation (auch urig)<\/p>\n<p><img src=http:\/\/ski.inmontanis.info\/d\/153378-2\/DSC08719.jpg \/><br \/>\n^ DSB unterer Streckenteil mit St\u00fctze 10<\/p>\n<p>Gegen 14:45 Uhr hab ich&#8217;s gelassen und bin die 15 min \u00fcber den Colle della Maddalena \/ Col de Larche r\u00fcber nach Frankreich und wollte die KSSL in Larche fahren &#8211; wenn man schon mal in der Gegend ist, au\u00dferdem, KSSL bin ich ja seitdem Sommerski in England nicht mehr gefahren :)<\/p>\n<p>Allerdings war der interessantere, l\u00e4ngere, Kurven-KSSL noch nicht offen &#8211; und auf die kurzen leichteren \u00dcbungs-KSSL hatte ich auch keine Lust. Also bin ich wieder retour nach Argentera und bin dort noch 2x die DSB gefahren &#8211; und hatte noch 2x den SL geschafft (der nur bis 16 Uhr f\u00e4hrt, wobei ich um 5 vor der letzte Skifahrer war.)<\/p>\n<p><img src=http:\/\/ski.inmontanis.info\/d\/153382-2\/DSC08722.jpg \/><br \/>\n^ Colle delle Maddalena<\/p>\n<p><img src=http:\/\/ski.inmontanis.info\/d\/153386-2\/DSC08727.jpg \/><br \/>\n^ Skigebiet in Larche, leider war der rechte SL noch nicht ge\u00f6ffnet. Daher bin ich wieder retour zu Argentera&#8230;<\/p>\n<p><img src=http:\/\/ski.inmontanis.info\/d\/153390-2\/DSC08731.jpg \/><br \/>\n^ Die letzten Sonnenstrahlen an der Bergstation des SL Andelplan<\/p>\n<p><img src=http:\/\/ski.inmontanis.info\/d\/153394-2\/DSC08735.jpg \/><br \/>\n^ Tsch\u00fcss SL Andelplan, ich war heut der letzte Fahrgast.<\/p>\n<p>Ich hoffe, ich konnte die Faszination, die ich bei diesem SL hab, einigerma\u00dfen nachvollziehbar r\u00fcberbringen?<\/p>\n<p><a href='http:\/\/ski.inmontanis.info\/d\/153398-2\/DSC08745.jpg'><img src=http:\/\/ski.inmontanis.info\/d\/153397-3\/DSC08745.jpg \/><\/a><br \/>\n^ Die Tageskarte um 20,- geht &#8211; sehr ungew\u00f6hnlich &#8211; nicht nur auf Magnetkarten, sondern auch auf normalen 1-Mal-Karten, wobei Alfi hier bei der neuesten Generation QR-Codes statt Barcodes nimmt.<\/p>\n<p>Fazit: Auch beim Wiederholungsbesuch wusste Argentera zu gefallen &#8211; auch wenn der rechte SL diesmal nicht in Betrieb war. Denke, ich sollte hier regelm\u00e4\u00dfig einen Besuch abstatten, solang der Portalst\u00fctzen-SL oben noch in Betrieb ist.<\/p>\n<p>Prinzipiell kann man Argentera vom Gebietsaufbau sehr mit Gaver vergleichen, wobei beide hier und da ihre Pluspunkte haben:<br \/>\nGaver ..<br \/>\n.. die weitere Fernsicht (200km, zu Monte Rosa, Paradiso und Flachland)<br \/>\n.. die schwarze Rinnenabfahrt an der DSB<br \/>\n.. den blaust\u00fctzigen Portalst\u00fctzen-R\u00fcckbringer-SL<br \/>\nArgentera ..<br \/>\n.. mehr Abfahrtsvarianten an der DSB<br \/>\n.. mehr Abfahrtsvarianten am SL<br \/>\n.. und im direkten SL- und Abfahrtsvergleich gef\u00e4llt mir der SL Andelplan besser als der SL Gera Uno.<\/p>\n<p>Hier noch das Video, komplette Fahrt im SL Andelplan (2x Geschwindigkeit) + eine der Abfahrten (ebenfalls komplett):<\/p>\n<p><object style=\"height: 500px; width: 900px\"><param name=\"movie\" value=\"http:\/\/www.youtube.com\/v\/Z4lWdtX6UmA\"><\/param><param name=\"wmode\" value=\"transparent\"><\/param><embed src=\"http:\/\/www.youtube.com\/v\/Z4lWdtX6UmA\" type=\"application\/x-shockwave-flash\" wmode=\"transparent\"  width=\"900\" height=\"480\"><\/embed><\/object><\/p>\n","protected":false},"excerpt":{"rendered":"<p>Heute ging&#8217;s nach Argentera, kurz unterhalb des Colle della Maddalena (Grenzpass nach Frankreich auf \u00fcber 2000m, im Winter auf italienischer Seite gern mal einige Tage nach Schneefall gesperrt) &#8211; von meinem Hotel aus aber schon ein St\u00fcckchen weiter, etwas \u00fcber 1,5 Stunden. <\/p>\n<p>Ich war ja 2008 schon mal da, aber nur f\u00fcr einen halben <a href=\"http:\/\/blog.inmontanis.info\/?p=2218\">[&#8230;]<\/a><\/p>\n","protected":false},"author":1,"featured_media":0,"comment_status":"open","ping_status":"closed","sticky":false,"template":"","format":"standard","meta":{"footnotes":""},"categories":[115,530,15,59,27],"tags":[38,47],"class_list":["post-2218","post","type-post","status-publish","format-standard","hentry","category-201212-piemont","category-argentera","category-italienitaly","category-nostalgie","category-skifahren-winterskiing-winter","tag-dsb","tag-sl","odd"],"_links":{"self":[{"href":"http:\/\/blog.inmontanis.info\/index.php?rest_route=\/wp\/v2\/posts\/2218","targetHints":{"allow":["GET"]}}],"collection":[{"href":"http:\/\/blog.inmontanis.info\/index.php?rest_route=\/wp\/v2\/posts"}],"about":[{"href":"http:\/\/blog.inmontanis.info\/index.php?rest_route=\/wp\/v2\/types\/post"}],"author":[{"embeddable":true,"href":"http:\/\/blog.inmontanis.info\/index.php?rest_route=\/wp\/v2\/users\/1"}],"replies":[{"embeddable":true,"href":"http:\/\/blog.inmontanis.info\/index.php?rest_route=%2Fwp%2Fv2%2Fcomments&post=2218"}],"version-history":[{"count":5,"href":"http:\/\/blog.inmontanis.info\/index.php?rest_route=\/wp\/v2\/posts\/2218\/revisions"}],"predecessor-version":[{"id":9058,"href":"http:\/\/blog.inmontanis.info\/index.php?rest_route=\/wp\/v2\/posts\/2218\/revisions\/9058"}],"wp:attachment":[{"href":"http:\/\/blog.inmontanis.info\/index.php?rest_route=%2Fwp%2Fv2%2Fmedia&parent=2218"}],"wp:term":[{"taxonomy":"category","embeddable":true,"href":"http:\/\/blog.inmontanis.info\/index.php?rest_route=%2Fwp%2Fv2%2Fcategories&post=2218"},{"taxonomy":"post_tag","embeddable":true,"href":"http:\/\/blog.inmontanis.info\/index.php?rest_route=%2Fwp%2Fv2%2Ftags&post=2218"}],"curies":[{"name":"wp","href":"https:\/\/api.w.org\/{rel}","templated":true}]}}