{"id":2210,"date":"2012-12-22T22:05:36","date_gmt":"2012-12-22T21:05:36","guid":{"rendered":"http:\/\/blog.inmontanis.info\/?p=2210"},"modified":"2023-02-18T18:57:45","modified_gmt":"2023-02-18T17:57:45","slug":"san-giacomo-di-roburent-22-12-2012","status":"publish","type":"post","link":"http:\/\/blog.inmontanis.info\/?p=2210","title":{"rendered":"San Giacomo di Roburent, 22.12.2012"},"content":{"rendered":"<p>Ich fang mal an wie \u00fcblich: Eigentlich wollte ich ja&#8230;<\/p>\n<p>.. \u00fcber Weihnachten in den n\u00f6rdl. Appennin &#8211; aber sowohl Schneeh\u00f6hen wie auch Wettervorhersage leiteten mich ins s\u00fcdliche Piemont um&#8230;<br \/>\n<!--more--><br \/>\n<img src=http:\/\/extra.inmontanis.info\/d\/15288-2\/ge-suedpiemont2.jpg \/><br \/>\n^ \u00dcberblick \u00fcber die Skigebiete im (schwerpunktm\u00e4\u00dfig s\u00fcdlichen) Piemont und meiner diesmaligen Unterkunft<br \/>\n<em><br \/>\nF\u00fcr unsere SL-Fans, die in den 5 Tagen gefahrenen SL:<\/p>\n<p>&#8211; Graffer mit Marchisio-Fachwerk-Portalst\u00fctzen, 550m<br \/>\n&#8211; Leitner, Portalst\u00fctzen, 700m<br \/>\n&#8211; Leitner, Portalst\u00fctzen, 550m<br \/>\n&#8211; Leitner, Portalst\u00fctzen, 1500m<br \/>\n&#8211; Leitner, Schr\u00e4g-T-St\u00fctzen, 2 Kurvenst\u00fctzen, 1000m<br \/>\n&#8211; Graffer, Rundrohr-T-St\u00fctzen, 1400m<br \/>\n&#8211; Graffer, Rundrohr-T-St\u00fctzen, 500m<br \/>\n&#8211; Marchisio (evtl. CCM), Marchisio-ESL-St\u00fctzen, 2000m (aber am Besuchstag nur auf 1500m offen)<\/p>\n<p>Na, welche Skigebiete habe ich besucht? :)<br \/>\n<\/em><\/p>\n<p>Nachdem auf dem Weg in den S\u00fcden noch keins meiner Wunschziele in ausreichendem Umfang offen hatte &#8211; oder es zeitm\u00e4\u00dfig nur eine halbe Stunde gebracht h\u00e4tte &#8211; wollte ich heute gleich nach Lurisia fahren. Meine \u00fcbliche, angenehme Route &#8211; also \u00fcber Arlberg, Bernardino und Varese &#8211; dauert lt. Routenplaner ca. 8 Stunden. Da hei\u00dft es also fr\u00fc\u00fc\u00fch aufstehen. Und fr\u00fch ins Bett gehen: 21:30 Uhr. Aufstehen 3 Uhr, Abfahrt 3:45. Grenzwertig. Aber da ich gestern auch nur knapp \u00fcber 5 Stunden schlief, war ich um 21:30 eh hundem\u00fcde.<\/p>\n<p><img src=http:\/\/extra.inmontanis.info\/d\/15292-2\/DSC08536.jpg \/><br \/>\n^ Monte Rosa, bei Varese<\/p>\n<p><a href='http:\/\/extra.inmontanis.info\/d\/15296-2\/DSC08539.jpg'><img src=http:\/\/extra.inmontanis.info\/d\/15294-3\/DSC08539.jpg \/><\/a><br \/>\n^ Nebel in der Pianura Padana (italienische Bezeichnug der Po-Ebene) &#8211; ja, die Italiener fahren gern in der Mitte&#8230;<\/p>\n<p>Im Tessin ist mir so gekommen, dass ich ja mal anders fahren k\u00f6nnte als die normale, schnellste Route \u00fcber Turin: einfach die Autobahn geradeaus weiter und \u00fcber Asti. Lt. Navi 20min l\u00e4nger, aber ich vermutete eine nette Einsparung an Mautgeb\u00fchren &#8211; und ob ich jetzt um 11:40 oder 12:00 in Lurisia ankomm, ist ja auch schon wurscht!<\/p>\n<p>Interessanterweise hab ich die 20min wieder eingeholt (und 5min wg. kurzem Rastplatzaufenthalt verloren), so dass ich um 11.45 in Lurisia war. (Mit Tankstopp, Bankomat-Halt und Rastst\u00e4tten-WC-Halt also genau 8 Stunden). <\/p>\n<p>Mautgeb\u00fchren waren 2x zu zahlen, 10,60 vor Asti und dann sp\u00e4ter auf der egtl. mautfreien Autobahn Asti-Cuneo mittendrin vor Alba mal 2,40 \u20ac. Bei Alba f\u00e4hrt man ja von der AB ab und \u00fcber&#8217;s Land &#8211; wobei das wirklich \u00fcbers Land ist, man muss durch keine gr\u00f6\u00dferen Orte durch, und hat kurz vor Mondov\u00ec sogar noch einen kleinen Pass, wo man oben am H\u00fcgel eine tolle Aussicht auf die Meeralpen hat.<\/p>\n<p><img src=http:\/\/extra.inmontanis.info\/d\/15300-2\/DSC08549.jpg \/><br \/>\n^ Blick in die Alpi Marittime von einem H\u00fcgel vor Cuneo<\/p>\n<p><img src=http:\/\/extra.inmontanis.info\/d\/15304-2\/DSC08553.jpg \/><br \/>\n^ .. und der nicht zu \u00fcbersehene Monte Viso (Monviso)<\/p>\n<p><img src=http:\/\/ski.inmontanis.info\/d\/153206-2\/DSC08552.jpg \/><br \/>\n^ Blick in die Skigebiete von Frabosa (links), Artesina (Mitte) und Lurisia (rechts)<\/p>\n<p>Lurisia h\u00e4tte ja heuer gar nicht aufmachen wollen &#8211; aber kurzfristig entschieden sie sich um (mit Hilfe aus Crissolo) und wollten ab heute, 22.12., \u00fcber die Weihnachtsferien offen haben (und danach wochenends). Allerdings &#8230; falls die heute offen hatten, dann unter Ausschluss der \u00d6ffentlichkeit. Als ich ankam, stand der Gondellift, an den Parkpl\u00e4tzen gab es nur Umkehrspuren &#8211; und hier und da verteilt stand ein Auto. Bin noch zum Eingang (Kassenbereich) gegangen, aber da war zu und Zettel hing auch keiner rum. Als ich dann ging, wurde der Lift angeworfen &#8211; keine Ahnung ob die vielleicht erst ab Mittag offen hatten oder mit den Vorarbeiten nicht fertig wurden? Bin dann nicht nochmal rauf gegangen. Ist ja auch zu viel verlangt, einen Zettel vor die T\u00fcr zu h\u00e4ngen, wenn man schon die Homepage nicht aktuell halten will!?<\/p>\n<p><img src=http:\/\/ski.inmontanis.info\/d\/153210-2\/DSC08567.jpg \/><br \/>\n^ Tote Hose in Lurisia<\/p>\n<p>Bin dann nach San Giacomo di Roburent weiter, das ich egtl. im Kombi mit Garessio jeweils f\u00fcr einen halben Tag h\u00e4tte fahren wollen &#8211; dann lass ich halt Garessio weg. Wobei ich schon kurz \u00fcberlegt hatte, ab 15 Uhr doch noch nach Garessio zu fahren, da heute Gratistag war. In der Hoffnung, dass der Kurven-Sl oben (mit Meer-seitiger Abfahrt) offen w\u00e4re &#8230; <\/p>\n<p>In San Giacomo an der DSB Monte Alpet angekommen, war ich erstaunt: ca. 10 Autos standen am Parkplatz. Ok, es ist noch nicht alles offen, das ganze kleine Skigebiet vorne dran, mit dem es auch einen gemeinsamen Skipass gibt, ist noch zu. Und die Talabfahrt zur DSB war auch noch nicht offiziell offen. Aber oben, die 3 Sektionen SL mit ihren Abfahrten, da ging alles. Tageskarte kostete in der noch schneearmen Vorsaison 15,- \u20ac, die Halbtageskarte ab 12:30 (zu der ich gerade rechtzeitig kam) kostete 14,- \u20ac.<\/p>\n<p>Nachdem also das langweilige Teilgebiet noch zu hatte, konnte man sich auf die besten Ecken beschr\u00e4nken &#8211; und nachdem mein 2. Besuch hier eher zwiegespalten war, war ich nun beim 3. wieder sehr \u00fcberzeugt. Quasi s\u00e4mtliche Abfahrten mit Po-Ebenen-Pano, der vermutlich letzte in Betrieb befindliche SL mit den filigranen Marchisio-Portalst\u00fctzen (Rest ist von Graffer), dazu 2 alte Leitner-Portalst\u00fctzen-SL, und bei den oberen beiden SL perfekt pr\u00e4parierte kunstschneefreie Pulverschneeverh\u00e4ltnisse. Solche Pisten hat man meist nur 1x im Jahr. Sehr geil. <\/p>\n<p>W\u00e4hrend ich die erste halbe Stunde fast alleine im Skigebiet war, hab ich im Laufe des Nachmittags dann doch noch um die 15 Personen gez\u00e4hlt. Privatskigebiet um 14,- \u20ac mit alten SL, geilen Abfahrten und Hammer Pano? Die 8 Stunden Anfahrt haben sich schon gelohnt ;-)<\/p>\n<p><img src=http:\/\/ski.inmontanis.info\/d\/153144-2\/ge20121222.jpg \/><br \/>\n^ GPS-Track Monte Alpet (San Giacomo di Roburent)<\/p>\n<p><img src=http:\/\/ski.inmontanis.info\/d\/153148-2\/DSC08568.jpg \/><br \/>\n^ Parkplatz und DSB. Als ich oben war, war ich f\u00fcr einige Zeit alleine auf den Pisten &#8230;<\/p>\n<p><img src=http:\/\/ski.inmontanis.info\/d\/153152-2\/DSC08570.jpg \/><br \/>\n^ Pano von der DSB<\/p>\n<p><img src=http:\/\/ski.inmontanis.info\/d\/153156-2\/DSC08571.jpg \/><br \/>\n^ Blick zu Cardini, wo der SL Alpet startet (und auf dessen Gipfel die vor wenigen Jahren neu gebaute DSB endet, dieses Teilskigebiet, f\u00fcr das es auch eigene Skip\u00e4sse gibt, war heute noch nicht offen)<\/p>\n<p><img src=http:\/\/ski.inmontanis.info\/d\/153160-2\/DSC08575.jpg \/><br \/>\n^ Abfahrt zur Po-Ebene, links geht&#8217;s zum SL Cronista, geradeaus zu den anderen SL<\/p>\n<p><img src=http:\/\/ski.inmontanis.info\/d\/153164-2\/DSC08578.jpg \/><br \/>\n^ Geniale Abfahrt in die Ebene am SL Pianea mit besten Schneeverh\u00e4ltnissen. Erw\u00e4hnte ich schon, dass ich die erste halbe Stunde der einzige an den 3 Liften war?<\/p>\n<p><img src=http:\/\/ski.inmontanis.info\/d\/153168-2\/DSC08579.jpg \/><br \/>\n^ SL Pianea mit der linken Abfahrt. Die rechte war noch weniger befahren ;-)<\/p>\n<p><img src=http:\/\/ski.inmontanis.info\/d\/153172-2\/DSC08580.jpg \/><br \/>\n^ SL Alpet mit seinen filigranen Marchisio-Portalst\u00fctzen (der Rest ist inzwischen von Graffer!)<\/p>\n<p><img src=http:\/\/ski.inmontanis.info\/d\/153176-2\/DSC08581.jpg \/><br \/>\n^ Neue Unterf\u00fchrung am SL Alpet<\/p>\n<p><img src=http:\/\/ski.inmontanis.info\/d\/153198-2\/DSC08605.jpg \/><br \/>\n^ Talstation SL Alpet<\/p>\n<p><img src=http:\/\/ski.inmontanis.info\/d\/153181-2\/DSC08583.jpg \/><br \/>\n^ Die rechte Abfahrt am SL Pianea (Elettrica) pr\u00e4sentierte sich um 13:30 noch quasi jungfr\u00e4ulich<\/p>\n<p><img src=http:\/\/ski.inmontanis.info\/d\/153202-2\/DSC08584.jpg \/><br \/>\n^ SL Cronista, die 3. SL-Sektion, die einem zur\u00fcck zur DSB-Bergstation bringt<\/p>\n<p><img src=http:\/\/ski.inmontanis.info\/d\/153186-2\/DSC08598.jpg \/><br \/>\n^ Talstation SL Cronista<\/p>\n<p><img src=http:\/\/ski.inmontanis.info\/d\/153190-2\/DSC08609.jpg \/><br \/>\n^ SL Pianea mit Blick in die Pianura<\/p>\n<p>Da ich am unteren SL den Schnee abseites der Piste probiert hatte und nicht wirklich zufrieden war, bin ich (um 16 Uhr) mit der DSB wieder abgefahren. <\/p>\n<p><img src=http:\/\/ski.inmontanis.info\/d\/153194-2\/DSC08610.jpg \/><br \/>\n^ Talfahrt mit der DSB. Einige sind die Abfahrt zwar gefahren, aber mich hatte der Schnee abseits der Piste heute nicht \u00fcberzeugt &#8230;<\/p>\n<p>Danach hab ich noch in Frabosa vorbei geschaut, wo ich um 17 Uhr ankam und netterweise die Kassiererin noch anwesend war. Die Dame am ESL versicherte mir leider &#8211; der ESL ist wg. Schneemangels (Oben\/Mitte?) leider noch geschlossen.<\/p>\n<p>Mist. Frabosa\/Mondol\u00e8 ohne den Moro-ESL macht f\u00fcr mich egtl. gar keinen Sinn. Dann lieber in ein anderes Skigebiet, wo mir der eine oder andere geschlossene Lift nicht so sehr schmerzen w\u00fcrde &#8211; und es Ende Januar noch mal hier probieren. Allerdings w\u00e4re dann ein Hotel weiter westlich sinnvoller gewesen &#8211; denn ich hatte ja gedacht, dass ich 3 Tage in den Mondovi verbinge und nur 2 Tage wo anders (Argentera + Limone) &#8211; jetzt wird&#8217;s wohl eher umgekehrt, 2 Tage Mondovi und 3 Tage anderswo&#8230;.<\/p>\n<p>Das Hotel (nach einem kurzen Supermarktbesuch) zu finden war gar nicht mal so einfach &#8211; keines meiner beiden Navis hatte es drin, auch die Stra\u00dfe nicht, zum Gl\u00fcck standen auf der booking.com-Best\u00e4tigung die GPS-Koordinaten&#8230;.<\/p>\n<p>Viel G\u00e4ste scheinen die gerade nicht zu haben, ich war der einzige \u00fcber die Weihnachtsfeiertag. Na, ist&#8217;s ruhiger. HP EZ kostet 55,- \u20ac. Das passt. Abendessen war auch reichlich. WLan ist gratis. Zimmer war etwas kalt &#8211; bis ich gemerkt hab, dass der Vorhang vor der Heizung fast die s\u00e4mtliche Heizleistung blockiert&#8230; also weg damit.<\/p>\n<p>Schreibtisch gibt&#8217;s auch, und Sat-TV &#8230; wobei der Monitor sogar Full-HD ist &#8211; praktisch zum Fotos durchschauen, wenn man das Notebook anschlie\u00dft  ;-)<\/p>\n<p><a href='http:\/\/extra.inmontanis.info\/d\/15316-2\/DSC08619.jpg'><img src=http:\/\/extra.inmontanis.info\/d\/15314-3\/DSC08619.jpg \/><\/a><\/p>\n<p><a href='http:\/\/extra.inmontanis.info\/d\/15308-2\/DSC08614.jpg'><img src=http:\/\/extra.inmontanis.info\/d\/15306-3\/DSC08614.jpg \/><\/a><\/p>\n<p><a href='http:\/\/extra.inmontanis.info\/d\/15312-2\/DSC08615.jpg'><img src=http:\/\/extra.inmontanis.info\/d\/15310-3\/DSC08615.jpg \/><\/a><\/p>\n<p>Hier noch der Film von den SL Alpet &#038; Pianea:<br \/>\n<object style=\"height: 500px; width: 900px\"><param name=\"movie\" value=\"http:\/\/www.youtube.com\/v\/4LLh68ZdNQM\"><\/param><param name=\"wmode\" value=\"transparent\"><\/param><embed src=\"http:\/\/www.youtube.com\/v\/4LLh68ZdNQM\" type=\"application\/x-shockwave-flash\" wmode=\"transparent\"  width=\"900\" height=\"480\"><\/embed><\/object><\/p>\n<p>Fortsetzung folgt .. erst in ein paar Tagen, morgen muss ich das n\u00e4chste verl\u00e4ngerte WE \u00fcber Silvester planen ;-)<\/p>\n","protected":false},"excerpt":{"rendered":"<p>Ich fang mal an wie \u00fcblich: Eigentlich wollte ich ja&#8230;<\/p>\n<p>.. \u00fcber Weihnachten in den n\u00f6rdl. Appennin &#8211; aber sowohl Schneeh\u00f6hen wie auch Wettervorhersage leiteten mich ins s\u00fcdliche Piemont um&#8230;<\/p>\n<p> <a href=\"http:\/\/blog.inmontanis.info\/?p=2210\">[&#8230;]<\/a><\/p>\n","protected":false},"author":1,"featured_media":0,"comment_status":"open","ping_status":"closed","sticky":false,"template":"","format":"standard","meta":{"footnotes":""},"categories":[115,15,59,230,27],"tags":[38,91,80,47],"class_list":["post-2210","post","type-post","status-publish","format-standard","hentry","category-201212-piemont","category-italienitaly","category-nostalgie","category-roburent","category-skifahren-winterskiing-winter","tag-dsb","tag-graffer","tag-marchisio","tag-sl","odd"],"_links":{"self":[{"href":"http:\/\/blog.inmontanis.info\/index.php?rest_route=\/wp\/v2\/posts\/2210","targetHints":{"allow":["GET"]}}],"collection":[{"href":"http:\/\/blog.inmontanis.info\/index.php?rest_route=\/wp\/v2\/posts"}],"about":[{"href":"http:\/\/blog.inmontanis.info\/index.php?rest_route=\/wp\/v2\/types\/post"}],"author":[{"embeddable":true,"href":"http:\/\/blog.inmontanis.info\/index.php?rest_route=\/wp\/v2\/users\/1"}],"replies":[{"embeddable":true,"href":"http:\/\/blog.inmontanis.info\/index.php?rest_route=%2Fwp%2Fv2%2Fcomments&post=2210"}],"version-history":[{"count":7,"href":"http:\/\/blog.inmontanis.info\/index.php?rest_route=\/wp\/v2\/posts\/2210\/revisions"}],"predecessor-version":[{"id":2217,"href":"http:\/\/blog.inmontanis.info\/index.php?rest_route=\/wp\/v2\/posts\/2210\/revisions\/2217"}],"wp:attachment":[{"href":"http:\/\/blog.inmontanis.info\/index.php?rest_route=%2Fwp%2Fv2%2Fmedia&parent=2210"}],"wp:term":[{"taxonomy":"category","embeddable":true,"href":"http:\/\/blog.inmontanis.info\/index.php?rest_route=%2Fwp%2Fv2%2Fcategories&post=2210"},{"taxonomy":"post_tag","embeddable":true,"href":"http:\/\/blog.inmontanis.info\/index.php?rest_route=%2Fwp%2Fv2%2Ftags&post=2210"}],"curies":[{"name":"wp","href":"https:\/\/api.w.org\/{rel}","templated":true}]}}