{"id":2207,"date":"2012-12-09T19:39:40","date_gmt":"2012-12-09T18:39:40","guid":{"rendered":"http:\/\/blog.inmontanis.info\/?p=2207"},"modified":"2023-08-05T20:52:23","modified_gmt":"2023-08-05T18:52:23","slug":"nostalschi-am-wolfgangsee-ii-zwolferhorn-9-12-2012","status":"publish","type":"post","link":"http:\/\/blog.inmontanis.info\/?p=2207","title":{"rendered":"Nostalschi am Wolfgangsee II: Zw\u00f6lferhorn, 9.12.2012"},"content":{"rendered":"<p>Nachdem ich am Samstag &#8211; wie schon am Freitag &#8211; stundenlang diverse Schnee- und Wetterberichte durchgegangen bin und immer wieder nichts gefunden hatte, was schon anst\u00e4ndig Betrieb hatte, was mich interessiert, was akzeptabel anfahrbar und wetterm\u00e4\u00dfig brauchbar ist, bin ich kurz vor Mitternacht auf Brauneck (quasi Vollbetrieb) und Zw\u00f6lferhorn gesto\u00dfen. 20-40 cm Schnee und auf Bergfex gemeldete 40-50 km\/h Wind h\u00f6rten sich zwar nicht sooo toll an, aber die Talabfahrt war als Offen deklariert, und &#8211; Chancen muss man eben nutzen.<!--more--><\/p>\n<p>Vor fast exakt 2 Jahren war ich zuletzt am Zw\u00f6lferhorn und schwer begeistert. (<a href='http:\/\/blog.inmontanis.info\/?p=1459'>http:\/\/blog.inmontanis.info\/?p=1459<\/a>)<\/p>\n<p>Als ich nach 2,5 Stunden Fahrt, Bezahlen der 4,- Parkplatzgeb\u00fchr und Fu\u00dfweg an der Talstation der alten ZUB gegen 10 vor 11 Uhr angekommen bin, h\u00e4tte ich beinahe keine Tageskarte bekommen &#8211; es gab Sturmwarnung, und der Betrieb k\u00f6nnte nachmittags eingestellt werden. Hat mir dann aber doch die Tageskarte ab 11 Uhr um 24,50 \u20ac verkauft, und die Seilbahn sollte den Tag \u00fcber laufen, auch wenn es hier und da mal etwas geschaukelt hat.<\/p>\n<p>Aufgrund des Nordosthangs ist zur momentanen Jahreszeit leider nix mit Sonne im Skigebiet &#8211; aber das hat nat\u00fcrlich den Vorteil des Pulverschnees. Und der war wirklich bestens, die Off-Piste-H\u00e4nge (tw. mit > 60cm Schnee) gingen ohne Fremdkontakt zu fahren. Lediglich die pr\u00e4parierte Piste, und somit auch der komplette untere Waldteil waren mit viel Dreck und Steine gespickt, so dass meine Skier am Abend aussahen wie &#8220;schweizer K\u00e4se&#8221; &#8230; (Bin aber vorsichtshalber mit der \u00e4lteren Generation gefahren)<\/p>\n<p>Hier und da konnte man mit Schuss durch die steinigeren Stellen durchfahren und dann weiter unten im besseren Schnee abbremsen &#8211; einmal allerdings war ich zu weit am Rand unterwegs und blieb mit dem linken Ski h\u00e4ngen, fuhr noch ein paar Meter auf einen Fu\u00df geradeaus und wusste schon &#8211; mist, jetzt wird&#8217;s mich gleich schmei\u00dfen. Zum Gl\u00fcck war kein Baum oder Abhang in der N\u00e4he und der Schnee pulvrig weich :)<\/p>\n<p>Schade, dass ESL und SL oben abgebaut wurden, die h\u00e4tte man bei den Schneeverh\u00e4ltnissen gut brauchen k\u00f6nnen. Egal, der Pulver oben, das Pano, der Seeblick &#8211; alles war viel zu gut, um sich das durch ein paar L\u00f6cher im Ski und Steine auf der Piste versauern zu lassen :-)<\/p>\n<p><img src=http:\/\/ski.inmontanis.info\/d\/153123-3\/ge_zwoelferhorn2012c.jpg \/><br \/>\n^ GPS-Track 2012, f\u00fcr einmal gem\u00fctlich rauf &#038; runter kann man &#8216;ne Stunde rechnen.<\/p>\n<p><img src=http:\/\/ski.inmontanis.info\/d\/152931-3\/DSC08320.jpg \/><br \/>\n^ Ausweich-Parkplatz (4,- pro 24h) n\u00e4he der Talstation<\/p>\n<p><img src=http:\/\/ski.inmontanis.info\/d\/152935-3\/DSC08324.jpg \/><br \/>\n^ St. Gilgen<\/p>\n<p><img src=http:\/\/ski.inmontanis.info\/d\/152939-3\/DSC08326.jpg \/><br \/>\n^ Kabine und See<\/p>\n<p><img src=http:\/\/ski.inmontanis.info\/d\/152943-3\/DSC08334.jpg \/><br \/>\n^ Zwischen St\u00fctze 1 und 2<\/p>\n<p><img src=http:\/\/ski.inmontanis.info\/d\/153127-3\/DSC08342.jpg \/><br \/>\n^ Flachland-Pano mit Seilbahn<\/p>\n<p><img src=http:\/\/ski.inmontanis.info\/d\/152948-3\/DSC08344.jpg \/><br \/>\n^ Bergstation Einfahrt<\/p>\n<p><img src=http:\/\/ski.inmontanis.info\/d\/152952-3\/DSC08345.jpg \/><br \/>\n^ Gipfel-Pano<\/p>\n<p><img src=http:\/\/ski.inmontanis.info\/d\/152956-3\/DSC07082.jpg \/><br \/>\n^ Gipfel-Pano (IR)<\/p>\n<p><img src=http:\/\/ski.inmontanis.info\/d\/152960-3\/DSC08349.jpg \/><br \/>\n^ Abfahrt<\/p>\n<p><img src=http:\/\/ski.inmontanis.info\/d\/152964-3\/DSC08351.jpg \/><br \/>\n^ St\u00fctze 3<\/p>\n<p><img src=http:\/\/ski.inmontanis.info\/d\/152968-3\/DSC08354.jpg \/><br \/>\n^ Zoom zur Talstation. Gem\u00e4\u00df eines alten Fotos war dort, wo jetzt die Bundesstra\u00dfe ist, fr\u00fcher \u00fcbrigens eine Eisenbahn (und ein Bahnhof)<\/p>\n<p><img src=http:\/\/ski.inmontanis.info\/d\/153131-3\/DSC08360.jpg \/><br \/>\n^ St\u00fctze 1 mit Zoom-, pardon, Tele-Effekt<\/p>\n<p><img src=http:\/\/ski.inmontanis.info\/d\/152973-3\/DSC08364.jpg \/><br \/>\n^ See-Zoom<\/p>\n<p><img src=http:\/\/ski.inmontanis.info\/d\/152977-3\/DSC08365.jpg \/><br \/>\n^ St\u00fctze 3 Detail<\/p>\n<p><img src=http:\/\/ski.inmontanis.info\/d\/152981-3\/DSC08367.jpg \/><br \/>\n^ St\u00fctze 3<\/p>\n<p><img src=http:\/\/ski.inmontanis.info\/d\/152985-3\/DSC08368.jpg \/><br \/>\n^ Rote Kabine 34<\/p>\n<p><img src=http:\/\/ski.inmontanis.info\/d\/152989-3\/DSC08374.jpg \/><br \/>\n^ Trassenzoom mit Ex-ESL-Talstation<\/p>\n<p><img src=http:\/\/ski.inmontanis.info\/d\/153135-3\/DSC08377.jpg \/><br \/>\n^ Bergstation<\/p>\n<p><img src=http:\/\/ski.inmontanis.info\/d\/152994-3\/DSC08379.jpg \/><br \/>\n^ Flachland-Pano<\/p>\n<p><img src=http:\/\/ski.inmontanis.info\/d\/152998-3\/DSC08383.jpg \/><br \/>\n^ Gelb-Orangene Kabine 7 mit See<\/p>\n<p><img src=http:\/\/ski.inmontanis.info\/d\/153002-3\/DSC08382.jpg \/><br \/>\n^ Rote Kabine 4 mit See<\/p>\n<p><img src=http:\/\/ski.inmontanis.info\/d\/153006-3\/DSC08384.jpg \/><br \/>\n^ Gelbe Kabine 1 mit See<\/p>\n<p><img src=http:\/\/ski.inmontanis.info\/d\/153010-3\/DSC08390.jpg \/><br \/>\n^ Kabine 23 mit Gipfelpano<\/p>\n<p><img src=http:\/\/ski.inmontanis.info\/d\/153014-3\/DSC08392.jpg \/><br \/>\n^ Kabine \u00fcber den Gipfeln<\/p>\n<p><img src=http:\/\/ski.inmontanis.info\/d\/153018-3\/DSC08393.jpg \/><br \/>\n^ Bergstations-St\u00fctze (Einfahrt)<\/p>\n<p><img src=http:\/\/ski.inmontanis.info\/d\/153140-3\/DSC08400.jpg \/><br \/>\n^ Oberer Hang (mit See und Bergstation), weites Off-Piste-Areal, heute perfekte Schneeverh\u00e4ltnisse und selbst mit Racecarvern butterweich zu fahren&#8230;<\/p>\n<p><img src=http:\/\/ski.inmontanis.info\/d\/153023-3\/DSC08403.jpg \/><br \/>\n^ Off-Piste-Hang unter der Bergstation<\/p>\n<p><img src=http:\/\/ski.inmontanis.info\/d\/153027-3\/DSC08407.jpg \/><br \/>\n^ Talstation<\/p>\n<p><img src=http:\/\/ski.inmontanis.info\/d\/153031-3\/DSC08410.jpg \/><br \/>\n^ Kabine innen<\/p>\n<p><img src=http:\/\/ski.inmontanis.info\/d\/153035-3\/DSC08416.jpg \/><br \/>\n^ Abfahrtsh\u00e4nge oben<\/p>\n<p><img src=http:\/\/ski.inmontanis.info\/d\/153039-3\/DSC08418.jpg \/><br \/>\n^ Wolfgangsee von der Seilbahn aus<\/p>\n<p><img src=http:\/\/ski.inmontanis.info\/d\/153043-3\/DSC07059.jpg \/><br \/>\n^ Wolfgangsee in IR<\/p>\n<p><img src=http:\/\/ski.inmontanis.info\/d\/153047-3\/DSC07061.jpg \/><br \/>\n^ Schiffe am Wolfgangsee (IR)<\/p>\n<p><img src=http:\/\/ski.inmontanis.info\/d\/153051-3\/DSC07063.jpg \/><br \/>\n^ Seilbahn und St. Gilgen (IR)<\/p>\n<p><img src=http:\/\/ski.inmontanis.info\/d\/153055-3\/DSC07074.jpg \/><br \/>\n^ Flachland-Pano (IR)<\/p>\n<p><img src=http:\/\/ski.inmontanis.info\/d\/153059-3\/DSC08420.jpg \/><br \/>\n^ Wolfgangsee<\/p>\n<p><img src=http:\/\/ski.inmontanis.info\/d\/153063-3\/DSC08426.jpg \/><br \/>\n^ Wolfgangsee, an dieser Setelle geht&#8217;s ziemlich steil abw\u00e4rts&#8230;.<\/p>\n<p><img src=http:\/\/ski.inmontanis.info\/d\/153067-3\/DSC08432.jpg \/><br \/>\n^ Im Geb\u00fcsch, grenzwertig. Liegt halt doch noch etwas wenig Schnee heute.<\/p>\n<p><img src=http:\/\/ski.inmontanis.info\/d\/153071-3\/DSC08433.jpg \/><br \/>\n^ Im Geb\u00fcsch<\/p>\n<p><img src=http:\/\/ski.inmontanis.info\/d\/153075-3\/DSC08435.jpg \/><br \/>\n^ See-Seilbahn<\/p>\n<p><img src=http:\/\/ski.inmontanis.info\/d\/153079-3\/DSC08436.jpg \/><br \/>\n^ St. Gilgen<\/p>\n<p><img src=http:\/\/ski.inmontanis.info\/d\/153083-3\/DSC08437.jpg \/><br \/>\n^ See-Seilbahn<\/p>\n<p><img src=http:\/\/ski.inmontanis.info\/d\/153087-3\/DSC08444.jpg \/><br \/>\n^ Wolfgangsee mit Seilbahn<\/p>\n<p><img src=http:\/\/ski.inmontanis.info\/d\/153091-3\/DSC08447.jpg \/><br \/>\n^ Altes Foto vom ESL, h\u00e4ngt in der Talstation<\/p>\n<p><img src=http:\/\/ski.inmontanis.info\/d\/153095-3\/DSC08448.jpg \/><br \/>\n^ Altes Gem\u00e4lde mit ESL und SL; demnach gab es fr\u00fcher auch blaue Kabinen? (Und der SL k\u00f6nnte fr\u00fcher Holzst\u00fctzen gehabt haben, so wie sie gemalt wurden)<\/p>\n<p><img src=http:\/\/ski.inmontanis.info\/d\/153099-3\/DSC08456.jpg \/><br \/>\n^ Schiff kommt an<\/p>\n<p><img src=http:\/\/ski.inmontanis.info\/d\/153103-3\/DSC08459.jpg \/><br \/>\n^ Rote Kabinen 6 und 32 mit See<\/p>\n<p><img src=http:\/\/ski.inmontanis.info\/d\/153107-3\/DSC08463.jpg \/><br \/>\n^ Kabine 32<\/p>\n<p><img src=http:\/\/ski.inmontanis.info\/d\/153111-3\/DSC08466.jpg \/><br \/>\n^ Trasse mit Talstation, St\u00fctze 1 und 2, sowie den gelben Kabinen 15+33<\/p>\n<p><img src=http:\/\/ski.inmontanis.info\/d\/153115-3\/DSC08470.jpg \/><br \/>\n^ St. Gilgen, Ende der Talabfahrt (man kann aber bei gen\u00fcgend Schnee noch ohne Abschnallen ein sch\u00f6nes St\u00fcck weiter runter)<\/p>\n<p><img src=http:\/\/ski.inmontanis.info\/d\/153119-3\/DSC08473.jpg \/><br \/>\n^ Seilbahn in luftiger H\u00f6he<\/p>\n<p>Die diesmal verwendeten Objektive an meinen beiden Sony Nex-5 (alle ohne Autofokus und bis auf&#8217;s Samyang alle alt und gebraucht):<br \/>\n&#8211; Samyang 8mm \/ Pentax (Fisheye, da wo&#8217;s Sinn gemach hatte)<br \/>\n&#8211; Tokina RMC 17mm \/ Canon FD (mein neues Lieblingsobjektiv)<br \/>\n&#8211; Canon FD 28mm \/ Canon FD (Rand k\u00f6nnte sch\u00e4rfer sein, aber im Zentrum sehr scharf)<br \/>\n&#8211; Carl Zeiss Jena Sonnar 135mm \/ M42 (f\u00fcr die ganzen Tele-Fotos)<br \/>\n&#8211; Meyer G\u00f6rlitz Primagon 35mm \/ Exakta (nur Infrarot, weil keine CA)<\/p>\n<p>Fazit wie beim letzten Mal &#8211; sehr gerne wieder! Schade, dass es soweit weg ist .. sonst w\u00fcrd ich definitiv \u00f6fters her. Momentan f\u00fcr mich das beste Skigebiet in \u00d6sterreich. Flachland, See, alte Seilbahn, anspruchsvolle und z.T. unpr\u00e4parierte Abfahrten ohne Kunstschnee, was will man mehr?<\/p>\n","protected":false},"excerpt":{"rendered":"<p>Nachdem ich am Samstag &#8211; wie schon am Freitag &#8211; stundenlang diverse Schnee- und Wetterberichte durchgegangen bin und immer wieder nichts gefunden hatte, was schon anst\u00e4ndig Betrieb hatte, was mich interessiert, was akzeptabel anfahrbar und wetterm\u00e4\u00dfig brauchbar ist, bin ich kurz vor Mitternacht auf Brauneck (quasi Vollbetrieb) und Zw\u00f6lferhorn gesto\u00dfen. 20-40 cm Schnee und auf <a href=\"http:\/\/blog.inmontanis.info\/?p=2207\">[&#8230;]<\/a><\/p>\n","protected":false},"author":1,"featured_media":0,"comment_status":"open","ping_status":"closed","sticky":false,"template":"","format":"standard","meta":{"footnotes":""},"categories":[24,59,13,27,829],"tags":[60,90,45],"class_list":["post-2207","post","type-post","status-publish","format-standard","hentry","category-tagestour","category-nostalgie","category-austria","category-skifahren-winterskiing-winter","category-zwolferhorn","tag-4zub","tag-infrarot","tag-see","odd"],"_links":{"self":[{"href":"http:\/\/blog.inmontanis.info\/index.php?rest_route=\/wp\/v2\/posts\/2207","targetHints":{"allow":["GET"]}}],"collection":[{"href":"http:\/\/blog.inmontanis.info\/index.php?rest_route=\/wp\/v2\/posts"}],"about":[{"href":"http:\/\/blog.inmontanis.info\/index.php?rest_route=\/wp\/v2\/types\/post"}],"author":[{"embeddable":true,"href":"http:\/\/blog.inmontanis.info\/index.php?rest_route=\/wp\/v2\/users\/1"}],"replies":[{"embeddable":true,"href":"http:\/\/blog.inmontanis.info\/index.php?rest_route=%2Fwp%2Fv2%2Fcomments&post=2207"}],"version-history":[{"count":3,"href":"http:\/\/blog.inmontanis.info\/index.php?rest_route=\/wp\/v2\/posts\/2207\/revisions"}],"predecessor-version":[{"id":9183,"href":"http:\/\/blog.inmontanis.info\/index.php?rest_route=\/wp\/v2\/posts\/2207\/revisions\/9183"}],"wp:attachment":[{"href":"http:\/\/blog.inmontanis.info\/index.php?rest_route=%2Fwp%2Fv2%2Fmedia&parent=2207"}],"wp:term":[{"taxonomy":"category","embeddable":true,"href":"http:\/\/blog.inmontanis.info\/index.php?rest_route=%2Fwp%2Fv2%2Fcategories&post=2207"},{"taxonomy":"post_tag","embeddable":true,"href":"http:\/\/blog.inmontanis.info\/index.php?rest_route=%2Fwp%2Fv2%2Ftags&post=2207"}],"curies":[{"name":"wp","href":"https:\/\/api.w.org\/{rel}","templated":true}]}}