{"id":2195,"date":"2012-12-02T22:59:54","date_gmt":"2012-12-02T21:59:54","guid":{"rendered":"http:\/\/blog.inmontanis.info\/?p=2195"},"modified":"2023-08-06T20:42:58","modified_gmt":"2023-08-06T18:42:58","slug":"obergurgl-1-12-kuhtai-2-12-2012","status":"publish","type":"post","link":"http:\/\/blog.inmontanis.info\/?p=2195","title":{"rendered":"Obergurgl, 1.12., + K\u00fchtai 2.12.2012"},"content":{"rendered":"<p>Schlechtes Wetter &#8211; bekannte Gebiete &#8211; wenig Fotos &#8230;:<br \/>\n<!--more--><br \/>\n<strong>1.12.2012<\/strong><br \/>\nOh Mann! Welcher Azubi macht momentan denn bei der ZAMG die Wettervorhersagen f\u00fcr Bergfex!?<\/p>\n<p>Letzte Woche mit Ischgl schon sonnenm\u00e4\u00dfig so weit daneben, aber heute f\u00fcr Obergurgl ja komplett daneben.<\/p>\n<p>Anstatt sehr sonnig den ganzen Tag \u00fcber gab&#8217;s heut keine 2 Minuten Sonne am St\u00fcck, ob das in Summe \u00fcberhaupt 10 Minuten waren?!<\/p>\n<p>Jedenfalls war ziemlich was los. Dreck und\/oder Steine gab&#8217;s an einigen Pisten auch noch, die Talabfahrt nach Pill war nachmittags auch wieder sehr eisig. Ansonsten ging&#8217;s aber recht gut, insb. vormittags am Kirchenkar-SL. Die K\u00e4lte war bis ca. 14 Uhr auch kein Problem (dann wurde es windiger).<\/p>\n<p><img src=http:\/\/ski.inmontanis.info\/d\/152700-2\/DSC08270.jpg \/><br \/>\n^ SL Kirchenkar<br \/>\nUnd da sage noch einer, es wollen keine Leute mehr SL fahren ;-)<\/p>\n<p><strong>2.12.2012<\/strong><br \/>\nExakt 6 Monate nach meinem letzten Skitag im K\u00fchtai (2.6.2012 -> hier: <a href='http:\/\/www.alpinforum.com\/forum\/viewtopic.php?p=4843509#p4843509'>http:\/\/www.alpinforum.com\/forum\/viewtopic.php?p=4843509#p4843509<\/a>) war ich heut f\u00fcr 2 Stunden oben.<\/p>\n<p>War doch einiges los, bes. an der Startbahn gab&#8217;s immer mal wieder Wartezeiten &#8211; daher nicht so oft gefahren, wie sie von den Schneeverh\u00e4ltnissen her wert gewesen w\u00e4re. Netterweise gingen auch die Verbindungen 3-Seen -> Start und Start -> 3-Seen schon, aber ohne Kunstschnee ginge gar nichts.<\/p>\n<p>So gegen halb 12 gab&#8217;s ein paar Auflockerungen &#8211; glaub in Summe hat die Sonne l\u00e4nger geschienen als gestern in Gurgl :-)<\/p>\n<p>Pistenverh\u00e4ltnisse waren in Summe allerdings gestern in Gurgl besser. Trotzdem, so \u00fcbel ging&#8217;s nicht, und wenn&#8217;s sonniger und weniger kalt gewesen w\u00e4re, w\u00e4re ich wohl auch etwas l\u00e4nger geblieben.<\/p>\n<p><img src=http:\/\/ski.inmontanis.info\/d\/152902-2\/DSC08278.jpg \/><\/p>\n<p><img src=http:\/\/ski.inmontanis.info\/d\/152907-2\/DSC08280.jpg \/><\/p>\n<p>(Sowohl wetter- wie auch schneem\u00e4\u00dfig fand ich&#8217;s am 2.6. allerdings sympathischer.)<\/p>\n","protected":false},"excerpt":{"rendered":"<p>Schlechtes Wetter &#8211; bekannte Gebiete &#8211; wenig Fotos &#8230;:<\/p>\n<p> <a href=\"http:\/\/blog.inmontanis.info\/?p=2195\">[&#8230;]<\/a><\/p>\n","protected":false},"author":1,"featured_media":0,"comment_status":"open","ping_status":"closed","sticky":false,"template":"","format":"standard","meta":{"footnotes":""},"categories":[903,902,13,27],"tags":[38,47],"class_list":["post-2195","post","type-post","status-publish","format-standard","hentry","category-kuhtai","category-ober-hochgurgl","category-austria","category-skifahren-winterskiing-winter","tag-dsb","tag-sl","odd"],"_links":{"self":[{"href":"http:\/\/blog.inmontanis.info\/index.php?rest_route=\/wp\/v2\/posts\/2195","targetHints":{"allow":["GET"]}}],"collection":[{"href":"http:\/\/blog.inmontanis.info\/index.php?rest_route=\/wp\/v2\/posts"}],"about":[{"href":"http:\/\/blog.inmontanis.info\/index.php?rest_route=\/wp\/v2\/types\/post"}],"author":[{"embeddable":true,"href":"http:\/\/blog.inmontanis.info\/index.php?rest_route=\/wp\/v2\/users\/1"}],"replies":[{"embeddable":true,"href":"http:\/\/blog.inmontanis.info\/index.php?rest_route=%2Fwp%2Fv2%2Fcomments&post=2195"}],"version-history":[{"count":5,"href":"http:\/\/blog.inmontanis.info\/index.php?rest_route=\/wp\/v2\/posts\/2195\/revisions"}],"predecessor-version":[{"id":9280,"href":"http:\/\/blog.inmontanis.info\/index.php?rest_route=\/wp\/v2\/posts\/2195\/revisions\/9280"}],"wp:attachment":[{"href":"http:\/\/blog.inmontanis.info\/index.php?rest_route=%2Fwp%2Fv2%2Fmedia&parent=2195"}],"wp:term":[{"taxonomy":"category","embeddable":true,"href":"http:\/\/blog.inmontanis.info\/index.php?rest_route=%2Fwp%2Fv2%2Fcategories&post=2195"},{"taxonomy":"post_tag","embeddable":true,"href":"http:\/\/blog.inmontanis.info\/index.php?rest_route=%2Fwp%2Fv2%2Ftags&post=2195"}],"curies":[{"name":"wp","href":"https:\/\/api.w.org\/{rel}","templated":true}]}}