{"id":2192,"date":"2012-11-25T22:56:28","date_gmt":"2012-11-25T21:56:28","guid":{"rendered":"http:\/\/blog.inmontanis.info\/?p=2192"},"modified":"2023-08-06T11:04:16","modified_gmt":"2023-08-06T09:04:16","slug":"stubaier-gletscher-25-11-2012","status":"publish","type":"post","link":"http:\/\/blog.inmontanis.info\/?p=2192","title":{"rendered":"Stubaier Gletscher, 25.11.2012"},"content":{"rendered":"<p>Heute bin ich extra noch &#8216;ne halbe Stunde sp\u00e4ter gefahren &#8211; und was war? Kein Parken in Volderau. Dann h\u00e4tte ich auch fr\u00fcher rauf k\u00f6nnen. Nunja, so hab ich wenigstens einen Platz auf dem B-Parkplatz bekommen ;-)<br \/>\n<!--more--><br \/>\nKurz vor 12 war ich an der Talstation, da sind schon die erste gr\u00f6\u00dferen Mengen wieder runter gefahren. Sonntag halt. Die Lifte, die ich oben gefahren bin, waren dann ebenfalls ohne Wartezeiten. Nur zum Schluss an der Mittelstation musste ich ein paar Gondeln abwarten.<\/p>\n<p>Der Trick zur nachmitt\u00e4glichen Stauvermeidung ist ja &#8211; Samstag sp\u00e4testens um 15 Uhr runter und Sonntags so lang wie m\u00f6glich oben bleiben.<\/p>\n<p>Die inzwischen ge\u00f6ffnete 3&#8217;er Abfahrt vom Gamsgarten zur Mittelstation war grauenhaft. Ansonsten ging&#8217;s aber gr\u00f6\u00dftenteils besser als gestern in Ischgl.<\/p>\n<p>Die Eisfl\u00e4chen an vielen Pistenstarts waren allerdings wesentlich gr\u00f6\u00dfer heute im Vgl. zu den Vorwochen.<\/p>\n<p>Allerdings bin ich heute auch noch zwei noch geschlossene Abfahrten gefahren: Die 2er zur Mittelstation. War inzwischen gut eingefahren und lie\u00df sich sehr gut, wie eine Skiroute, fahren. Hier und da musste man nat\u00fcrlich auf Felsen &#038; Steine aufpassen.<\/p>\n<p>Etwas aufpassen und noch mehr eingefahren war die rote an der Fernau-KSB, wobei selbst die Buckel unten vom Schnee her sehr gut gingen. Unterhalb des Gletschers musste man allerdings etwas \u00fcber einen felsigeren Bereich scheiben. Aber in Summe ging&#8217;s so gut, dass ich die gleich zwei Mal hintereinander gefahren bin.<\/p>\n<p>Am Rand der &#8220;normalen&#8221; Mittelstationsabfahrt ging&#8217;s ebenfalls sehr griffig zu. Sparen k\u00f6nnen h\u00e4tte ich mir den Eisjoch-Steilhang und die Rotadlbahn nach 15 Uhr &#8211; die fuhr mit 11 km\/h arg lahm. Danach r\u00fcber zum Gai\u00dfkar, da waren kaum noch 5 Leute dort, und &#8216;ne halbe Stunde lang konnte ich ewig breite Kurven in die optimal griffige und leere Piste carven. Leider war die Sonne schon hinter den Wolken &#8230;<\/p>\n<p>Zum Abschluss noch mal die geschlossene 2er zur Mittelstation und als Fazit festgestellt, dass das mit der beste Tag dieser Herbstsaison war!<\/p>\n<p><img src=http:\/\/ski.inmontanis.info\/d\/152663-2\/DSC08128.jpg \/><br \/>\n^ Eisgrat<\/p>\n<p><img src=http:\/\/ski.inmontanis.info\/d\/152667-2\/DSC08129.jpg \/><br \/>\n^ SL Gaisskarferner<\/p>\n<p><img src=http:\/\/ski.inmontanis.info\/d\/152671-2\/DSC07011_001.jpg \/><br \/>\n^ Windachferner &#038; Dolomiten (IR)<\/p>\n<p><img src=http:\/\/ski.inmontanis.info\/d\/152675-2\/DSC08135.jpg \/><br \/>\n^ Eisgratbahn<\/p>\n<p><img src=http:\/\/ski.inmontanis.info\/d\/152680-2\/DSC08138.jpg \/><br \/>\n^ SL Gai\u00dfkar, ab ca. 15 Uhr gab&#8217;s dann keine Wartezeiten mehr.<\/p>\n<p><img src=http:\/\/ski.inmontanis.info\/d\/152696-2\/DSC08137.jpg \/><br \/>\n^ Liebe Hochgurgler, SO ein Zaun h\u00e4tte bei euch am Wurmkogel II auch gereicht!!!<\/p>\n<p><img src=http:\/\/ski.inmontanis.info\/d\/152684-2\/DSC08142.jpg \/><br \/>\n^ Die noch gesperrte rote an der Fernau-KSB war super zu fahren (bis auf eine kleine Felsquerung unterhalb des Gletschers)<\/p>\n<p><img src=http:\/\/ski.inmontanis.info\/d\/152688-2\/DSC08144.jpg \/><br \/>\n^ An vielen Pistenstarts war viel Blankeis &#8211; am Windach allerdings der Rekordhalter.<\/p>\n<p><img src=http:\/\/ski.inmontanis.info\/d\/152692-2\/DSC08145.jpg \/><br \/>\n^ Ah, so leer mag ich das ;-)<\/p>\n","protected":false},"excerpt":{"rendered":"<p>Heute bin ich extra noch &#8216;ne halbe Stunde sp\u00e4ter gefahren &#8211; und was war? Kein Parken in Volderau. Dann h\u00e4tte ich auch fr\u00fcher rauf k\u00f6nnen. Nunja, so hab ich wenigstens einen Platz auf dem B-Parkplatz bekommen ;-)<\/p>\n<p> <a href=\"http:\/\/blog.inmontanis.info\/?p=2192\">[&#8230;]<\/a><\/p>\n","protected":false},"author":1,"featured_media":0,"comment_status":"open","ping_status":"closed","sticky":false,"template":"","format":"standard","meta":{"footnotes":""},"categories":[13,27,895],"tags":[39,53,47],"class_list":["post-2192","post","type-post","status-publish","format-standard","hentry","category-austria","category-skifahren-winterskiing-winter","category-stubaier-gletscher","tag-6eub","tag-8eub","tag-sl","odd"],"_links":{"self":[{"href":"http:\/\/blog.inmontanis.info\/index.php?rest_route=\/wp\/v2\/posts\/2192","targetHints":{"allow":["GET"]}}],"collection":[{"href":"http:\/\/blog.inmontanis.info\/index.php?rest_route=\/wp\/v2\/posts"}],"about":[{"href":"http:\/\/blog.inmontanis.info\/index.php?rest_route=\/wp\/v2\/types\/post"}],"author":[{"embeddable":true,"href":"http:\/\/blog.inmontanis.info\/index.php?rest_route=\/wp\/v2\/users\/1"}],"replies":[{"embeddable":true,"href":"http:\/\/blog.inmontanis.info\/index.php?rest_route=%2Fwp%2Fv2%2Fcomments&post=2192"}],"version-history":[{"count":4,"href":"http:\/\/blog.inmontanis.info\/index.php?rest_route=\/wp\/v2\/posts\/2192\/revisions"}],"predecessor-version":[{"id":9243,"href":"http:\/\/blog.inmontanis.info\/index.php?rest_route=\/wp\/v2\/posts\/2192\/revisions\/9243"}],"wp:attachment":[{"href":"http:\/\/blog.inmontanis.info\/index.php?rest_route=%2Fwp%2Fv2%2Fmedia&parent=2192"}],"wp:term":[{"taxonomy":"category","embeddable":true,"href":"http:\/\/blog.inmontanis.info\/index.php?rest_route=%2Fwp%2Fv2%2Fcategories&post=2192"},{"taxonomy":"post_tag","embeddable":true,"href":"http:\/\/blog.inmontanis.info\/index.php?rest_route=%2Fwp%2Fv2%2Ftags&post=2192"}],"curies":[{"name":"wp","href":"https:\/\/api.w.org\/{rel}","templated":true}]}}