{"id":2189,"date":"2012-11-24T22:52:56","date_gmt":"2012-11-24T21:52:56","guid":{"rendered":"http:\/\/blog.inmontanis.info\/?p=2189"},"modified":"2023-08-06T21:26:20","modified_gmt":"2023-08-06T19:26:20","slug":"ischgl-24-11-2012","status":"publish","type":"post","link":"http:\/\/blog.inmontanis.info\/?p=2189","title":{"rendered":"Ischgl, 24.11.2012"},"content":{"rendered":"<p>Heute hab ich einen von den drei Ischgl-Tagen, die in meiner Saisonkarte drin sind, konsumiert. Mangels brauchbarer Alternativen&#8230;.<br \/>\n<!--more--><br \/>\nNaja. Bild ich&#8217;s mir nur ein, oder gab&#8217;s fr\u00fcher, also so vor 10-20 Jahren, zum Saisonstart besseren Schnee? Weil damals noch mehr Naturschnee vom Himmel fiel und weniger beschneit werden musste? Keine Ahnung.<\/p>\n<p>Sehr viele Pisten waren eisig-hart und\/oder mit viel Knollen versehen. Gut bis sehr gut gingen die unbeschneiten Abfahrten im oberen Bereich Zeblas\/Palin und die schwarze 13 von der Greitspitze zur Idjoch-8KSB (der rote, beschneite, untere Teil dagegen war wieder nicht so toll).<\/p>\n<p>Ebenfalls recht gut war die &#8220;Standard&#8221;-Abfahrt in Samnaun (Flimsattel). <\/p>\n<p>Los war hier mal wenig, da mal ziemlich viel &#8211; zumindest auf einigen Pistenabschnitten.<\/p>\n<p>Talabfahrt Samnaun war im Prinzip auch ganz OK, hab mir vorher den Skibusfahrplan rausgesucht und bin das letzte St\u00fcck, wo die Piste dann offiziell geschlossen war, mit dem Bus weiter. Wusste ja nicht, wie weit man sonst h\u00e4tte laufen m\u00fcssen. Zudem bin ich die Talabfahrt immer nur bis hier hin gefahren, da sie immer nur bis hierhin offen war, wenn ich sie mal fahren konnte&#8230;<\/p>\n<p>Talabfahrt Ischgl zum Schluss &#8211; war zwar offiziell noch gesperrt, aber inoffiziell sind viel runter. War stellenweise schon etwas grenzwertig eisig, insb. im unteren Teil.<\/p>\n<p>Dreck &#038; Steine sind auf den ge\u00f6ffneten Pisten in ungef\u00e4hr gleichem Ausma\u00df wie letzte Woche in Gurgl, also generell gab&#8217;s da keine Unterschiede bei den Pistenzust\u00e4nden zwischen den beiden Gebieten. Mehr M\u00f6glichkeiten hat man nat\u00fcrlich in Ischgl\/Samnaun. Wobei etliche Sesselbahnen in Betrieb sind, die man sich schenken kann, wenn man nicht eine schlechte Piste nochmal fahren m\u00f6chte.<\/p>\n<p>Ansonsten ist mir negativ aufgefallen, dass es anscheinend keine einzige Sesselbahn gibt, die ein WC hat?! Zumindest von denen, die ich gefahren bin &#8230; <\/p>\n<p>Positiv dagegen, dass die 4EUB noch l\u00e4uft &#8211; und noch nicht mit der geplanten 3S ersetzt wurde. Und dass der SL Greitspitz schon in Betrieb war. Eh die beste Anlage in Ischgl. Konnt ich heute 4x vern\u00fcnftigerweise mitnehmen, ohne eine Abfahrt doppelt fahren zu m\u00fcssen ;-)<\/p>\n<p>Rest siehe Kommentare zu den Fotos (Anklicken zum Vergr\u00f6\u00dfern, soweit nicht vergr\u00f6\u00dfert gepostet):<\/p>\n<p><a href='http:\/\/ski.inmontanis.info\/d\/152553-2\/DSC08033.jpg'><img src=http:\/\/ski.inmontanis.info\/d\/152552-3\/DSC08033.jpg \/><\/a><br \/>\n^ Talabfahrt mit einer Spur bereits fertig beschneit. Offiziell gesperrt, aber es sind gen\u00fcgend gefahren. Unten teilweise etwas eisig&#8230;<\/p>\n<p><img src=http:\/\/ski.inmontanis.info\/d\/152557-2\/DSC08036.jpg \/><br \/>\n^ Und sie existiert zum Gl\u00fcck doch noch &#8211; 4EUB Pardatschgrat<\/p>\n<p><img src=http:\/\/ski.inmontanis.info\/d\/152561-2\/DSC08038.jpg \/><br \/>\n^ 4EUB Pardatschgrat<\/p>\n<p><img src=http:\/\/ski.inmontanis.info\/d\/152565-2\/DSC08041.jpg \/><br \/>\n^ Der beste Lift in Ischgl &#8211; SL Greitspitz &#8211; war auch schon in Betrieb<\/p>\n<p><img src=http:\/\/ski.inmontanis.info\/d\/152569-2\/DSC08042.jpg \/><br \/>\n^ KSB Lange Wand vorne, Zeblas und Palinkopf KSB hinten<\/p>\n<p>So sehr wie ich fr\u00fcher als Kind die SL im H\u00f6llkar gehasst hab &#8211; so sehr w\u00fcrden sie mir heutzutage gefallen :-(<\/p>\n<p><img src=http:\/\/ski.inmontanis.info\/d\/152573-2\/DSC08045.jpg \/><br \/>\n^ Lange Wand KSB und H\u00f6llkar KSB<\/p>\n<p><img src=http:\/\/ski.inmontanis.info\/d\/152577-2\/DSC08046.jpg \/><br \/>\n^ Palin und Zeblas KSB. Hier gab&#8217;s insb. im oberen, unbeschneiten Teil, tolle Schneeverh\u00e4ltnisse.<\/p>\n<p><img src=http:\/\/ski.inmontanis.info\/d\/152581-2\/DSC08047.jpg \/><br \/>\n^ Talabfahrt Samnaun (80) bereits ge\u00f6ffnet<\/p>\n<p><img src=http:\/\/ski.inmontanis.info\/d\/152585-2\/DSC08048.jpg \/><br \/>\n^ Talabfahrt Samnaun (80)<\/p>\n<p><img src=http:\/\/ski.inmontanis.info\/d\/152589-2\/DSC08055.jpg \/><br \/>\n^ Talstationen PB Samnaun<\/p>\n<p><img src=http:\/\/ski.inmontanis.info\/d\/152593-2\/DSC08056.jpg \/><br \/>\n^ Samnaun<\/p>\n<p><img src=http:\/\/ski.inmontanis.info\/d\/152597-2\/DSC08058.jpg \/><br \/>\n^ Alp Trida &#8211; KSBs<\/p>\n<p><img src=http:\/\/ski.inmontanis.info\/d\/152601-2\/DSC08068.jpg \/><br \/>\n^ Viderjoch I Bergstation mit Zebra-Himmel :-)<\/p>\n<p><img src=http:\/\/ski.inmontanis.info\/d\/152655-2\/DSC08069.jpg \/><br \/>\n^ Greitspitze<\/p>\n<p><img src=http:\/\/ski.inmontanis.info\/d\/152606-2\/DSC08071.jpg \/><br \/>\n^ Flimsattel-KSB<\/p>\n<p><img src=http:\/\/ski.inmontanis.info\/d\/152611-2\/dSC07007.jpg \/><br \/>\n^ Flimsattel-KSB in IR<\/p>\n<p><img src=http:\/\/ski.inmontanis.info\/d\/152615-2\/dSC07008.jpg \/><br \/>\n^ Flimsattel-KSB in IR<\/p>\n<p><img src=http:\/\/ski.inmontanis.info\/d\/152659-2\/DSC08082.jpg \/><br \/>\n^ Greitspitz-KSB und hinten PB-Bergstationen<\/p>\n<p><img src=http:\/\/ski.inmontanis.info\/d\/152619-2\/DSC08085.jpg \/><br \/>\n^ Gipfel-Pano<\/p>\n<p><img src=http:\/\/ski.inmontanis.info\/d\/152623-2\/DSC08102.jpg \/><br \/>\n^ Glitzerschnee und Greitspitz-Abfahrt 70<\/p>\n<p><img src=http:\/\/ski.inmontanis.info\/d\/152627-2\/DSC08101.jpg \/><br \/>\n^ SL Greitzspitz<\/p>\n<p><img src=http:\/\/ski.inmontanis.info\/d\/152631-2\/DSC08112.jpg \/><br \/>\n^ SL Greitzspitz, ging sich heut 4x aus.<\/p>\n<p><img src=http:\/\/ski.inmontanis.info\/d\/152635-2\/DSC08117.jpg \/><br \/>\n^ Idalp-KSBs<\/p>\n<p><img src=http:\/\/ski.inmontanis.info\/d\/152639-2\/DSC08122.jpg \/><br \/>\n^ Zeblas\/H\u00f6llkar\/Idalp<\/p>\n<p><img src=http:\/\/ski.inmontanis.info\/d\/152643-2\/dSC07010.jpg \/><br \/>\n^ .. und in IR<\/p>\n<p><a href='http:\/\/ski.inmontanis.info\/d\/152647-2\/DSC08124.jpg'><img src=http:\/\/ski.inmontanis.info\/d\/152646-3\/DSC08124.jpg \/><\/a><br \/>\n^ (noch geschlossene) Talabfahrt. War stellenweise etwas voll f\u00fcr die geringe Breite (hier nicht sichtbar) &#8230;.<\/p>\n<p><img src=http:\/\/ski.inmontanis.info\/d\/152651-2\/ge20121124.jpg \/><br \/>\n^ GPS-Track 24.11.2012<br \/>\nImmerhin noch 100km, von ca. 10 Uhr bis 16:25 Uhr, inkl. Skibus in Samnaun &#8211; daf\u00fcr dass die Bahnen teilweise recht langsam fuhren &#8230;<br \/>\n(Nicht alle ge\u00f6ffneten Lifte gefahren)<\/p>\n<p>Heute verwendete Objektive (auf meinen Sony Nex-5 Cams):<br \/>\n&#8211; Tokina RMC 17mm (Canon FD)<br \/>\n&#8211; Canon 28mm (Canon FD)<br \/>\n&#8211; Fujian 35mm (C-Mount) (die Bilder mit der Unsch\u00e4rfe-Vignette)<br \/>\n&#8211; Tokina SD 70-210mm (Pentax-K) (das Gipfel-Pano)<br \/>\n&#8211; Meyer Primagon 35mm (Exakta) (die IR-Fotos)<\/p>\n","protected":false},"excerpt":{"rendered":"<p>Heute hab ich einen von den drei Ischgl-Tagen, die in meiner Saisonkarte drin sind, konsumiert. Mangels brauchbarer Alternativen&#8230;.<\/p>\n<p> <a href=\"http:\/\/blog.inmontanis.info\/?p=2189\">[&#8230;]<\/a><\/p>\n","protected":false},"author":1,"featured_media":0,"comment_status":"open","ping_status":"closed","sticky":false,"template":"","format":"standard","meta":{"footnotes":""},"categories":[906,13,27],"tags":[42,49,56,57,90,52,47],"class_list":["post-2189","post","type-post","status-publish","format-standard","hentry","category-ischgl-samnaun","category-austria","category-skifahren-winterskiing-winter","tag-4eub","tag-4sb","tag-6sb","tag-8sb","tag-infrarot","tag-pb","tag-sl","odd"],"_links":{"self":[{"href":"http:\/\/blog.inmontanis.info\/index.php?rest_route=\/wp\/v2\/posts\/2189","targetHints":{"allow":["GET"]}}],"collection":[{"href":"http:\/\/blog.inmontanis.info\/index.php?rest_route=\/wp\/v2\/posts"}],"about":[{"href":"http:\/\/blog.inmontanis.info\/index.php?rest_route=\/wp\/v2\/types\/post"}],"author":[{"embeddable":true,"href":"http:\/\/blog.inmontanis.info\/index.php?rest_route=\/wp\/v2\/users\/1"}],"replies":[{"embeddable":true,"href":"http:\/\/blog.inmontanis.info\/index.php?rest_route=%2Fwp%2Fv2%2Fcomments&post=2189"}],"version-history":[{"count":2,"href":"http:\/\/blog.inmontanis.info\/index.php?rest_route=\/wp\/v2\/posts\/2189\/revisions"}],"predecessor-version":[{"id":2191,"href":"http:\/\/blog.inmontanis.info\/index.php?rest_route=\/wp\/v2\/posts\/2189\/revisions\/2191"}],"wp:attachment":[{"href":"http:\/\/blog.inmontanis.info\/index.php?rest_route=%2Fwp%2Fv2%2Fmedia&parent=2189"}],"wp:term":[{"taxonomy":"category","embeddable":true,"href":"http:\/\/blog.inmontanis.info\/index.php?rest_route=%2Fwp%2Fv2%2Fcategories&post=2189"},{"taxonomy":"post_tag","embeddable":true,"href":"http:\/\/blog.inmontanis.info\/index.php?rest_route=%2Fwp%2Fv2%2Ftags&post=2189"}],"curies":[{"name":"wp","href":"https:\/\/api.w.org\/{rel}","templated":true}]}}