{"id":2180,"date":"2012-11-10T22:47:24","date_gmt":"2012-11-10T21:47:24","guid":{"rendered":"http:\/\/blog.inmontanis.info\/?p=2180"},"modified":"2023-08-06T11:04:25","modified_gmt":"2023-08-06T09:04:25","slug":"stubaier-gletscher-10-11-2012","status":"publish","type":"post","link":"http:\/\/blog.inmontanis.info\/?p=2180","title":{"rendered":"Stubaier Gletscher, 10.11.2012"},"content":{"rendered":"<p>Nachdem am Patscherkofel wg. des Sturms doch nix ging, ging&#8217;s eben auf&#8217;n Stubaier. War ganz nett.<\/p>\n<p>Kurz vor 10 Uhr war ich am Parkplatz, war am E-Parkplatz noch einiges frei. Wartezeiten den ganzen Tag \u00fcber akzeptabel, wenn man bereit war, gewisse Lifte (wie z.B. SL Eisjoch) auszulassen oder sp\u00e4ter zu fahren. Pisten waren hier und da allerdings etwas arg voll.<!--more--><\/p>\n<p>Starker Sturm, DSB Wildspitz von Anfang an nicht offen, Schaufeljochbahn fuhr bis Mittag, Eisjochbahn bis ca. 13 Uhr. Allerdings hat die Rotadlbahn nachmittags die Leute ganz gut weggeschaufelt. <\/p>\n<p>Sicht+Schneeverh\u00e4ltnisse waren ebenfalls ganz gut. Au\u00dfer an der Murmelebahn, da haben&#8217;s mit der Beschneiung einige krasse Eisplatten erzeugt. Im Bereich Schaufeljochbahn \/ Eisjoch war&#8217;s extrem steing, der Wind hat hier massig Steine auf die Piste geweht.<\/p>\n<p>Um 15:30 ging&#8217;s wieder runter, war Wartezeitm\u00e4\u00dfig aber schon ca. 10 Minuten zu sp\u00e4t.<\/p>\n<p><img src=http:\/\/ski.inmontanis.info\/d\/152465-2\/DSC07844.jpg \/><br \/>\n^ Parkplatzsituation, am E-Platz ist noch einiges frei.<\/p>\n<p><img src=http:\/\/ski.inmontanis.info\/d\/152469-2\/DSC07849.jpg \/><br \/>\n^ Fernau 1. Gletscherst\u00fctze<\/p>\n<p><img src=http:\/\/ski.inmontanis.info\/d\/152473-2\/DSC07850.jpg \/><br \/>\n^ \u00dcbliches Crowding an der Fernau-Abfahrt. Aber man kann links und rechts der Piste ausweichen.<\/p>\n<p><img src=http:\/\/ski.inmontanis.info\/d\/152477-2\/DSC07855.jpg \/><br \/>\n^ Fernau-KSB, heute eher voller.<\/p>\n<p><img src=http:\/\/ski.inmontanis.info\/d\/152481-2\/DSC07852.jpg \/><br \/>\n^ Neue Daunjoch-KSB<\/p>\n<p><img src=http:\/\/ski.inmontanis.info\/d\/152485-2\/DSC07854.jpg \/><br \/>\n^ Neue Daunjoch-KSB und Langlauftraining<\/p>\n","protected":false},"excerpt":{"rendered":"<p>Nachdem am Patscherkofel wg. des Sturms doch nix ging, ging&#8217;s eben auf&#8217;n Stubaier. War ganz nett.<\/p>\n<p>Kurz vor 10 Uhr war ich am Parkplatz, war am E-Parkplatz noch einiges frei. Wartezeiten den ganzen Tag \u00fcber akzeptabel, wenn man bereit war, gewisse Lifte (wie z.B. SL Eisjoch) auszulassen oder sp\u00e4ter zu fahren. Pisten waren hier und <a href=\"http:\/\/blog.inmontanis.info\/?p=2180\">[&#8230;]<\/a><\/p>\n","protected":false},"author":1,"featured_media":0,"comment_status":"open","ping_status":"closed","sticky":false,"template":"","format":"standard","meta":{"footnotes":""},"categories":[13,27,895],"tags":[39,114],"class_list":["post-2180","post","type-post","status-publish","format-standard","hentry","category-austria","category-skifahren-winterskiing-winter","category-stubaier-gletscher","tag-6eub","tag-crowding","odd"],"_links":{"self":[{"href":"http:\/\/blog.inmontanis.info\/index.php?rest_route=\/wp\/v2\/posts\/2180","targetHints":{"allow":["GET"]}}],"collection":[{"href":"http:\/\/blog.inmontanis.info\/index.php?rest_route=\/wp\/v2\/posts"}],"about":[{"href":"http:\/\/blog.inmontanis.info\/index.php?rest_route=\/wp\/v2\/types\/post"}],"author":[{"embeddable":true,"href":"http:\/\/blog.inmontanis.info\/index.php?rest_route=\/wp\/v2\/users\/1"}],"replies":[{"embeddable":true,"href":"http:\/\/blog.inmontanis.info\/index.php?rest_route=%2Fwp%2Fv2%2Fcomments&post=2180"}],"version-history":[{"count":3,"href":"http:\/\/blog.inmontanis.info\/index.php?rest_route=\/wp\/v2\/posts\/2180\/revisions"}],"predecessor-version":[{"id":9245,"href":"http:\/\/blog.inmontanis.info\/index.php?rest_route=\/wp\/v2\/posts\/2180\/revisions\/9245"}],"wp:attachment":[{"href":"http:\/\/blog.inmontanis.info\/index.php?rest_route=%2Fwp%2Fv2%2Fmedia&parent=2180"}],"wp:term":[{"taxonomy":"category","embeddable":true,"href":"http:\/\/blog.inmontanis.info\/index.php?rest_route=%2Fwp%2Fv2%2Fcategories&post=2180"},{"taxonomy":"post_tag","embeddable":true,"href":"http:\/\/blog.inmontanis.info\/index.php?rest_route=%2Fwp%2Fv2%2Ftags&post=2180"}],"curies":[{"name":"wp","href":"https:\/\/api.w.org\/{rel}","templated":true}]}}