{"id":2171,"date":"2012-10-26T22:40:04","date_gmt":"2012-10-26T20:40:04","guid":{"rendered":"http:\/\/blog.inmontanis.info\/?p=2171"},"modified":"2023-08-06T11:04:29","modified_gmt":"2023-08-06T09:04:29","slug":"stubaier-gl-26-10-2012","status":"publish","type":"post","link":"http:\/\/blog.inmontanis.info\/?p=2171","title":{"rendered":"Stubaier Gletscher 26.10.2012"},"content":{"rendered":"<p>Da ich gestern 2 P\u00e4ckchen aus China bekommen hab, standen mal wieder ein paar Objektiv-Tests am Plan. 2 winzige CCTV-Objektive (C-Mount, 25mm\/1.4 und 35mm\/1.7 ) und der Exakta-Adapter f\u00fcr das gebrauchte Meyer Primagon 35mm\/4.5 &#8211; der Canon-Adapter f\u00fcr das 28mm Canon-Objektiv ist also noch auf dem Weg, das muss ich sp\u00e4ter testen.<br \/>\n<!--more--><br \/>\nDas 25mm-CCTV-Objektiv kann man ziemlich vergessen, da es die Sensorfl\u00e4che nicht ausn\u00fctzt &#8211; gro\u00dfer schwarzer Rand auf beiden Seiten. <\/p>\n<p>Das 35mm-CCTV-Objektiv ist ganz nett. Dass es eine starke kreisf\u00f6rmige Randunsch\u00e4rfe hat, war mir aus zahlreichen Beispielfotos ja bekannt, kann u.U. aber zu interessanten Herausstellungs- und Miniaritierungseffekten f\u00fchren. Unendlichkeitseinstellung gibt&#8217;s aber keine, man kann weit \u00fcberdrehen, und muss folglich immer auf den Fokus aufpassen.<\/p>\n<p>Mit dem 35mm-Meyer-Primagon bin ich leider noch nicht ganz zufrieden, aber das liegt vmtl. an der Fertigungsqualit\u00e4t des China-Adapters, am rechten und tw. unteren Rand ist das Bild doch recht unscharf. Da werd ich mal wieder versuchen zu basteln &#8230; Auch im \u00fcbrigen Teil k\u00f6nnte die Bildsch\u00e4rfe bei 4,5 wohl besser sein, aber ab 5,6 ist der Gro\u00dfteil des Bildes schon sehr scharf. (Wobei der Blendenring \u00fcbrigens komplett freidrehend ist, keine Einraststellen hat und sich vor dem Fokusring befindet!)<\/p>\n<p>Die Unendlichkeitseinstellung passt mit dem Adapter auch nicht, was aber f\u00fcr Farb-IR-Fotos ja ganz praktisch ist (da w\u00e4re es n\u00f6tig, noch mehr zu \u00fcberdrehen, aber so spart man sich schon die eine oder andere Abblendstufe.) &#8211; vielleicht wird das ja dann mein Haupteinsatzzweck des Objektivs. (Blendensterne konnte ich \u00fcbrigens noch nicht testen)<\/p>\n<p>.. von einem der England-Sommerski-Beitr\u00e4ge:<br \/>\n<img src=http:\/\/ski.inmontanis.info\/d\/150092-2\/DSC03211.jpg \/><br \/>\n^ Der Vorteil an den Permasnow-Matten ist ja, dass sie auch ohne Bew\u00e4sserung einigerma\u00dfen rutschig sind. Die Nachteile: die Plastiklaschen splittern ab, und: der Belag hinter der Kante wird regelrecht abgehobelt. Schon nach 1 Stunde![\/quote]Am Ende des England-Urlaubs sahen die Skier ja noch etwas schlechter aus, der restliche Belag war richtig gl\u00e4nzend schwarz und es gab noch einige tiefe L\u00f6cher. Aufgrund der Sch\u00e4den wollten die Jungs am Stubaier heute den Gratis-Service erst verweigern &#8211; nach einiger Diskussion und gut zureden habens das Service dann doch gemacht &#8211; schauen aktuell wieder aus &#8220;wie neu&#8221; &#8211;  zumindest von unten her :-)<\/p>\n<p>Da ich mich nachmittags nicht wieder mit 2 Paar Ski abschleppen wollte, hab ich mich f\u00fcr einen kleinen Test entschieden und die alten oben stehen lassen &#8211; mal schaun, wie lang die stehen bleiben oder ob die irgendjemand entsorgt oder tats\u00e4chlich klaut? Wenn nicht, hab ich beim n\u00e4chsten Skiservice eben gleich Ersatzski vor Ort, ohne zwei Paar raufschleppen zu m\u00fcssen :-)<\/p>\n<p>&#8220;(M)&#8221; mit dem Meyer Primagon<br \/>\n&#8220;(C)&#8221; mit dem 35mm-CCTV<\/p>\n<p><img src=http:\/\/ski.inmontanis.info\/d\/152266-2\/DSC07542.jpg \/><br \/>\n^ Mittelstationsabfahrt &#8211; wie letzten Sonntag bef\u00fcrchtet, heute nicht mehr machbar.<\/p>\n<p><img src=http:\/\/ski.inmontanis.info\/d\/152321-2\/DSC07545.jpg \/><br \/>\n^ Gamsgarten &#8211; Daunscharte (M)<\/p>\n<p><img src=http:\/\/ski.inmontanis.info\/d\/152271-2\/DSC07546.jpg \/><br \/>\n^ Eisgrat &#8211; Schaufeljoch (von der Gamsgarten-EUB aus) (M)<\/p>\n<p><img src=http:\/\/ski.inmontanis.info\/d\/152275-2\/DSC07548.jpg \/><br \/>\n^ Fernau-KSB <M, starker Crop><\/p>\n<p><img src=http:\/\/ski.inmontanis.info\/d\/152279-2\/DSC07549.jpg \/><br \/>\n^ Rotadl; die Eisjochabfahrt war zwar immer noch gesperrt, aber ging im unteren Bereich besser als am Sonntag. (M)<\/p>\n<p><img src=http:\/\/ski.inmontanis.info\/d\/152283-2\/DSC07550.jpg \/><br \/>\n^ Die Abfahrt Daunferner-Gamsgarten dagegen musste offiziell wieder gesperrt werden. (M)<\/p>\n<p><img src=http:\/\/ski.inmontanis.info\/d\/152325-2\/DSC07552.jpg \/><br \/>\n^ Die Wartezeiten an den Daunferner-SL waren f\u00fcr mich erst nach Mittag akzeptabel.<\/p>\n<p><img src=http:\/\/ski.inmontanis.info\/d\/152288-2\/DSC07555.jpg \/><br \/>\n^ Sch\u00f6n bunt alles ;) (C)<\/p>\n<p><img src=http:\/\/ski.inmontanis.info\/d\/152329-2\/DSC07588.jpg \/><br \/>\n^ Daunferner-Gamsgarten. Offiziell wieder gesperrt. (C)<\/p>\n<p><img src=http:\/\/ski.inmontanis.info\/d\/152292-2\/DSC07556.jpg \/><br \/>\n^ Daunferner-Gamsgarten. Eisig abgefahren, steinig, einige Engstellen wie diese hier.(M)<\/p>\n<p><img src=http:\/\/ski.inmontanis.info\/d\/152297-2\/DSC07565.jpg \/><br \/>\n^ Schaufeljochbahn\/Eisgrat\/Gamsgarten (M)<\/p>\n<p><img src=http:\/\/ski.inmontanis.info\/d\/152301-2\/DSC07576.jpg \/><br \/>\n^ Schaufeljochbahn. Heute sind die Leute doch mehr eingestiegen. Einmal waren wir sogar zu 9. in der Gondel, einer musste stehen &#8230;.(C)<\/p>\n<p><img src=http:\/\/ski.inmontanis.info\/d\/152305-2\/DSC06879.jpg \/><br \/>\n^ Gelbfilter-IR-Pano von oberhalb der Schaufeljochbahnbergstation (M)<\/p>\n<p><img src=http:\/\/ski.inmontanis.info\/d\/152309-2\/DSC07594.jpg \/><br \/>\n^ Mittelstation (C)<\/p>\n<p><img src=http:\/\/ski.inmontanis.info\/d\/152313-2\/DSC07605.jpg \/><br \/>\n^ Parkplatz-Situation (C) (\u00dcbrigens durch die Scheibe fotografiert, die voll mit Regentropfen war)<\/p>\n<p><img src=http:\/\/ski.inmontanis.info\/d\/152317-3\/DSC07609.jpg \/><br \/>\n^ Eisgratbahn. Wird&#8217;s ja leider nicht mehr lang geben. (C)<\/p>\n<p>Ok, noch ein paar Worte zum Schneezustand: Sehr schlecht. Aber das \u00e4ndert sich ja dieses Wochenende hoffentlich.<\/p>\n<p>Schaufeljochbahn-Eisjoch: Teils eisig, sehr steinig<\/p>\n<p>Eisjoch-Eisgrat: oben etwas eisig, Schnee mit vielen kleinen Steinen versetzt, die sich beim Fahren aber nicht bemerkbar machten (weil Schnee relativ aufgefahren war); beste Abfahrt heute<\/p>\n<p>Gai\u00dfkar: Die Abfahrt ist fast keiner gefahren, fast nur die Leute vom Funpark. Der Einstieg zur Abfahrt: Sehr eisig, sehr steinig, ich bin einfach in Schuss durch &#8230;<\/p>\n<p>Eisjoch-Windach\/Wildspitz: Sehr viel Blankeis, schlechteste Abfahrt heute. Auf der anderen Seite des SL war&#8217;s auch ganz gut.<\/p>\n<p>Wildspitz-Daunferner: Ging noch ganz gut, kaum Steine, kaum Eis<\/p>\n<p>SL Daunferner: Ganz oben viel Eis, richtung Rotadl noch mehr Eis, richtung Daunferner etwas besser.<\/p>\n<p>SL Daunscharte: Unterschiedlich &#8211; die eine H\u00e4lfte der Abfahrt recht eisig, die andere ging. Gro\u00dfes Spaltenloch mitten in der Abfahrt.<\/p>\n<p>Rotadl-Daunferner: Ging recht gut<\/p>\n<p>Rotadl-Eisgrat: z.T. sehr steinig<\/p>\n<p>Daunferner-Gamsgarten (geschlossen): Sehr abgefahren, sehr steinig<\/p>\n<p>Eisgrat-Gamsgarten (geschlossen): hier und da eisig<\/p>\n","protected":false},"excerpt":{"rendered":"<p>Da ich gestern 2 P\u00e4ckchen aus China bekommen hab, standen mal wieder ein paar Objektiv-Tests am Plan. 2 winzige CCTV-Objektive (C-Mount, 25mm\/1.4 und 35mm\/1.7 ) und der Exakta-Adapter f\u00fcr das gebrauchte Meyer Primagon 35mm\/4.5 &#8211; der Canon-Adapter f\u00fcr das 28mm Canon-Objektiv ist also noch auf dem Weg, das muss ich sp\u00e4ter testen.<\/p>\n<p> <a href=\"http:\/\/blog.inmontanis.info\/?p=2171\">[&#8230;]<\/a><\/p>\n","protected":false},"author":1,"featured_media":0,"comment_status":"open","ping_status":"closed","sticky":false,"template":"","format":"standard","meta":{"footnotes":""},"categories":[13,27,895],"tags":[39,53,57,90,47],"class_list":["post-2171","post","type-post","status-publish","format-standard","hentry","category-austria","category-skifahren-winterskiing-winter","category-stubaier-gletscher","tag-6eub","tag-8eub","tag-8sb","tag-infrarot","tag-sl","odd"],"_links":{"self":[{"href":"http:\/\/blog.inmontanis.info\/index.php?rest_route=\/wp\/v2\/posts\/2171","targetHints":{"allow":["GET"]}}],"collection":[{"href":"http:\/\/blog.inmontanis.info\/index.php?rest_route=\/wp\/v2\/posts"}],"about":[{"href":"http:\/\/blog.inmontanis.info\/index.php?rest_route=\/wp\/v2\/types\/post"}],"author":[{"embeddable":true,"href":"http:\/\/blog.inmontanis.info\/index.php?rest_route=\/wp\/v2\/users\/1"}],"replies":[{"embeddable":true,"href":"http:\/\/blog.inmontanis.info\/index.php?rest_route=%2Fwp%2Fv2%2Fcomments&post=2171"}],"version-history":[{"count":7,"href":"http:\/\/blog.inmontanis.info\/index.php?rest_route=\/wp\/v2\/posts\/2171\/revisions"}],"predecessor-version":[{"id":9246,"href":"http:\/\/blog.inmontanis.info\/index.php?rest_route=\/wp\/v2\/posts\/2171\/revisions\/9246"}],"wp:attachment":[{"href":"http:\/\/blog.inmontanis.info\/index.php?rest_route=%2Fwp%2Fv2%2Fmedia&parent=2171"}],"wp:term":[{"taxonomy":"category","embeddable":true,"href":"http:\/\/blog.inmontanis.info\/index.php?rest_route=%2Fwp%2Fv2%2Fcategories&post=2171"},{"taxonomy":"post_tag","embeddable":true,"href":"http:\/\/blog.inmontanis.info\/index.php?rest_route=%2Fwp%2Fv2%2Ftags&post=2171"}],"curies":[{"name":"wp","href":"https:\/\/api.w.org\/{rel}","templated":true}]}}