{"id":2164,"date":"2012-10-20T22:32:49","date_gmt":"2012-10-20T20:32:49","guid":{"rendered":"http:\/\/blog.inmontanis.info\/?p=2164"},"modified":"2023-08-06T09:16:00","modified_gmt":"2023-08-06T07:16:00","slug":"kramsach-fieberbrunn-mehr-20-10-2012","status":"publish","type":"post","link":"http:\/\/blog.inmontanis.info\/?p=2164","title":{"rendered":"Kramsach, Fieberbrunn &#038; mehr, 20.10.2012"},"content":{"rendered":"<p>Am 20.10. war mein letzter Tag mit der Kitzb\u00fcheler-Alpe-Sommer-Saisonkarte, da musste ich mich noch dranhalten:<br \/>\n&#8211; Kramsach. Wollte ich egtl. \u00f6fters fahren, also dann wenigstens noch ein zweites Mal!<br \/>\n&#8211; Fieberbrunn. Hatte mir noch gefehlt<br \/>\n&#8211; Kitzb\u00fchel. Die Hahnenkammbahn hab ich ausgelassen (keine Lust gehabt, Parkplatzgeb\u00fchren zu zahlen nur um rauf &#038; runter zu fahren), aber die 4KSB Gaisberg in Kirchberg lag auf dem Weg<br \/>\n&#8211; Hopfgarten. Die 2 Sektionen auf die Hohe Salve fehlten mir ebenfalls noch.<br \/>\n<!--more--><br \/>\nVolles Programm, daher jeweils nur mit den Bahnen rauf &#038; runter und oben nur kurz aufgehalten.<\/p>\n<p>(Fotos anklicken zum Vergr\u00f6\u00dfern, soweit nicht vergr\u00f6\u00dfert gepostet.)<\/p>\n<p>Kramsach:<\/p>\n<p><a href='http:\/\/ski.inmontanis.info\/d\/152781-2\/DSC07119.jpg'><img src=http:\/\/ski.inmontanis.info\/d\/152780-3\/DSC07119.jpg \/><\/a><br \/>\n^ Talstation Sektion I<\/p>\n<p><a href='http:\/\/ski.inmontanis.info\/d\/152785-2\/DSC07122.jpg'><img src=http:\/\/ski.inmontanis.info\/d\/152784-3\/DSC07122.jpg \/><\/a><br \/>\n^ Sektion I, St\u00fctze 7<\/p>\n<p><a href='http:\/\/ski.inmontanis.info\/d\/152789-2\/DSC07125.jpg'><img src=http:\/\/ski.inmontanis.info\/d\/152788-3\/DSC07125.jpg \/><\/a><br \/>\n^ Sektion I, St\u00fctze 8<\/p>\n<p><a href='http:\/\/ski.inmontanis.info\/d\/152793-2\/DSC07131.jpg'><img src=http:\/\/ski.inmontanis.info\/d\/152792-3\/DSC07131.jpg \/><\/a><br \/>\n^ Sektion I<\/p>\n<p><a href='http:\/\/ski.inmontanis.info\/d\/152797-2\/DSC07138.jpg'><img src=http:\/\/ski.inmontanis.info\/d\/152796-3\/DSC07138.jpg \/><\/a><br \/>\n^ Sektion I, St\u00fctze 13<\/p>\n<p><img src=http:\/\/ski.inmontanis.info\/d\/152801-2\/DSC07150.jpg \/><br \/>\n^ Sektion II<\/p>\n<p><a href='http:\/\/ski.inmontanis.info\/d\/152805-2\/DSC07154.jpg'><img src=http:\/\/ski.inmontanis.info\/d\/152804-3\/DSC07154.jpg \/><\/a><br \/>\n^ Sektion I, Bergstation<\/p>\n<p><img src=http:\/\/ski.inmontanis.info\/d\/152809-2\/DSC07157.jpg \/><br \/>\n^ Sektion I, Bergstation. Herrlich altmodisch ;-)<\/p>\n<p><a href='http:\/\/ski.inmontanis.info\/d\/152813-2\/DSC07158.jpg'><img src=http:\/\/ski.inmontanis.info\/d\/152812-3\/DSC07158.jpg \/><\/a><br \/>\n^ Sektion I, Bergstation Klosteralm<\/p>\n<p><img src=http:\/\/ski.inmontanis.info\/d\/152817-2\/DSC07160.jpg \/><br \/>\n^ Mittelstation der beiden Sektionen, links die ehemalige sch\u00f6ne rote Abfahrt.<\/p>\n<p><img src=http:\/\/ski.inmontanis.info\/d\/152821-2\/DSC07176.jpg \/><br \/>\n^ Sektion II<\/p>\n<p><img src=http:\/\/ski.inmontanis.info\/d\/152825-2\/DSC07178.jpg \/><br \/>\n^ Sektion II<\/p>\n<p><img src=http:\/\/ski.inmontanis.info\/d\/152829-2\/DSC07193.jpg \/><br \/>\n^ Zoom zur ehemaligen Trasse des SL. Die Portalst\u00fctzenfundamente sind noch gut sichtbar.<\/p>\n<p><img src=http:\/\/ski.inmontanis.info\/d\/152833-2\/DSC07196.jpg \/><br \/>\n^ Sektion II, Bergstation<\/p>\n<p><img src=http:\/\/ski.inmontanis.info\/d\/152837-2\/DSC07201.jpg \/><br \/>\n^ Pano<\/p>\n<p><img src=http:\/\/ski.inmontanis.info\/d\/152898-2\/DSC07207.jpg \/><br \/>\n^ Sektion II, Bergstation<\/p>\n<p><img src=http:\/\/ski.inmontanis.info\/d\/152842-2\/DSC07210.jpg \/><br \/>\n^ Sektion II mit Inn<\/p>\n<p><img src=http:\/\/ski.inmontanis.info\/d\/152846-2\/DSC07216.jpg \/><br \/>\n^ Sektion II &#8211; Sessel mit unterschiedlich farbigen Rohren<\/p>\n<p><img src=http:\/\/ski.inmontanis.info\/d\/152850-2\/DSC07225.jpg \/><br \/>\n^ Ehemaliger Einstieg zur muldenf\u00f6rmigen Abfahrt zum Kohlstatt-ESL<\/p>\n<p><img src=http:\/\/ski.inmontanis.info\/d\/152854-2\/DSC07226.jpg \/><br \/>\n^ War immer meine Lieblingsabfahrt hier &#8211; die muldenf\u00f6rmige Abfahrt zum Kohlstatt-ESL. Hach, wie ich das Skigebiet hier vermisse :-(<\/p>\n<p><img src=http:\/\/ski.inmontanis.info\/d\/152858-2\/DSC07228.jpg \/><br \/>\n^ Pano talw\u00e4rts. Die steile schwarze Abfahrt hier oben fand ich auch immer sehr nett.<\/p>\n<p><a href='http:\/\/ski.inmontanis.info\/d\/152862-2\/DSC07231.jpg'><img src=http:\/\/ski.inmontanis.info\/d\/152861-3\/DSC07231.jpg \/><\/a><br \/>\n^ Sektion II<\/p>\n<p><a href='http:\/\/ski.inmontanis.info\/d\/152866-2\/DSC07240.jpg'><img src=http:\/\/ski.inmontanis.info\/d\/152865-3\/DSC07240.jpg \/><\/a><br \/>\n^ Sektion II, St\u00fctze 19<\/p>\n<p><img src=http:\/\/ski.inmontanis.info\/d\/152870-2\/DSC07251.jpg \/><br \/>\n^ Sektion I<\/p>\n<p><img src=http:\/\/ski.inmontanis.info\/d\/152874-2\/DSC07253.jpg \/><br \/>\n^ Kurz vor der Mittelstation &#8230;<\/p>\n<p><a href='http:\/\/ski.inmontanis.info\/d\/152878-2\/DSC07266.jpg'><img src=http:\/\/ski.inmontanis.info\/d\/152877-3\/DSC07266.jpg \/><\/a><br \/>\n^ Sektion II<\/p>\n<p><a href='http:\/\/ski.inmontanis.info\/d\/152882-2\/DSC07267.jpg'><img src=http:\/\/ski.inmontanis.info\/d\/152881-3\/DSC07267.jpg \/><\/a><br \/>\n^ Wopfner-Schild<\/p>\n<p><a href='http:\/\/ski.inmontanis.info\/d\/152886-2\/DSC07268.jpg'><img src=http:\/\/ski.inmontanis.info\/d\/152885-3\/DSC07268.jpg \/><\/a><br \/>\n^ Sektion II, Talstation<\/p>\n<p><img src=http:\/\/ski.inmontanis.info\/d\/152890-2\/DSC07278.jpg \/><br \/>\n^ Sektion I, durch den farbigen Herbstwald<\/p>\n<p><img src=http:\/\/ski.inmontanis.info\/d\/152894-2\/DSC07284.jpg \/><br \/>\n^ Bunte B\u00e4ume<\/p>\n<p>Der sp\u00e4te Herbstausflug hat sich rein fotografisch schon mal gelohnt :)<\/p>\n<p>Weiter ging&#8217;s nach Fieberbrunn:<\/p>\n<p><img src=http:\/\/ski.inmontanis.info\/d\/152749-2\/DSC07303.jpg \/><br \/>\n^ Blick von der 1. Sektion zur kompletten Strecke der 2. Sektion<\/p>\n<p><a href='http:\/\/ski.inmontanis.info\/d\/152753-2\/DSC07307.jpg'><img src=http:\/\/ski.inmontanis.info\/d\/152751-3\/DSC07307.jpg \/><\/a><br \/>\n^ 2. Sektion der GUB. Beide Sektionen fahren im Sommer \u00fcbrigens nur mit jeweils 2 Gruppen!<\/p>\n<p>Kommentar in der Gondel: Schau nur, die ganzen B\u00e4ume sind krank &#8211; so braun, und die da haben alle gar keine Nadeln mehr! Das ist doch nicht normal, dass Nadelb\u00e4ume keine Nadeln haben!<br \/>\n(Ufz)<\/p>\n<p><a href='http:\/\/ski.inmontanis.info\/d\/152757-2\/DSC07327.jpg'><img src=http:\/\/ski.inmontanis.info\/d\/152755-3\/DSC07327.jpg \/><\/a><br \/>\n^ Da hat wohl jemand einen Schneehasen gebastelt :-)<\/p>\n<p><img src=http:\/\/ski.inmontanis.info\/d\/152761-2\/DSC07331.jpg \/><br \/>\n^ Erweiterungspotential g\u00e4be es hier sowohl nach links, wie auch nach rechts!!<\/p>\n<p><img src=http:\/\/ski.inmontanis.info\/d\/152765-2\/DSC07322.jpg \/><br \/>\n^ &#8216;ne H\u00fctte und &#8216;ne Seilbahn stehen ja schon ;-)<\/p>\n<p><img src=http:\/\/ski.inmontanis.info\/d\/152769-2\/DSC07332.jpg \/><br \/>\n^ Pano<\/p>\n<p><img src=http:\/\/ski.inmontanis.info\/d\/152773-2\/DSC07342.jpg \/><br \/>\n^ 2. Sektion<\/p>\n<p><a href='http:\/\/ski.inmontanis.info\/d\/152777-2\/DSC07354.jpg'><img src=http:\/\/ski.inmontanis.info\/d\/152775-3\/DSC07354.jpg \/><\/a><br \/>\n^ Zoom zum Coaster auf der R\u00fcckseite der Mittelstation. (Liegt ungew\u00f6hnlich abseits?!)<\/p>\n<p>Weil&#8217;s auf dem Weg lag: 4KSB Gaisberg in Kirchberg:<\/p>\n<p><a href='http:\/\/ski.inmontanis.info\/d\/152737-2\/DSC07375.jpg'><img src=http:\/\/ski.inmontanis.info\/d\/152735-3\/DSC07375.jpg \/><\/a><br \/>\n^ Auch die 4KSB Gaisberg wollte ich noch kurz mitnehmen &#8230;<\/p>\n<p><a href='http:\/\/ski.inmontanis.info\/d\/152741-2\/DSC07394.jpg'><img src=http:\/\/ski.inmontanis.info\/d\/152739-3\/DSC07394.jpg \/><\/a><br \/>\n^ 4KSB Gaisberg<\/p>\n<p><a href='http:\/\/ski.inmontanis.info\/d\/152745-3\/DSC07395.jpg'><img src=http:\/\/ski.inmontanis.info\/d\/152743-4\/DSC07395.jpg \/><\/a><br \/>\n^ Talblick Kirchberg an der 4KSB Gaisberg<\/p>\n<p>Und zum Schluss noch mal auf die Hohe Salve:<\/p>\n<p><a href='http:\/\/ski.inmontanis.info\/d\/152704-2\/DSC07413.jpg'><img src=http:\/\/ski.inmontanis.info\/d\/152702-3\/DSC07413.jpg \/><\/a><br \/>\n^ Historisches an der Talstation in Hopfgarten<\/p>\n<p><a href='http:\/\/ski.inmontanis.info\/d\/152708-2\/DSC07414.jpg'><img src=http:\/\/ski.inmontanis.info\/d\/152706-3\/DSC07414.jpg \/><\/a><br \/>\n^ Historisches an der Talstation in Hopfgarten<\/p>\n<p><a href='http:\/\/ski.inmontanis.info\/d\/152712-2\/DSC07416.jpg'><img src=http:\/\/ski.inmontanis.info\/d\/152710-3\/DSC07416.jpg \/><\/a><br \/>\n^ Historisches an der Talstation in Hopfgarten<\/p>\n<p><a href='http:\/\/ski.inmontanis.info\/d\/152733-2\/DSC07421.jpg'><img src=http:\/\/ski.inmontanis.info\/d\/152731-3\/DSC07421.jpg \/><\/a><br \/>\n^ EUB aus Hopfgarten, 1. Sektion<\/p>\n<p><img src=http:\/\/ski.inmontanis.info\/d\/152717-2\/DSC07428.jpg \/><br \/>\n^ Hohe Salve von Hopfgarten 2. Sektion<\/p>\n<p><img src=http:\/\/ski.inmontanis.info\/d\/152721-2\/DSC07431.jpg \/><br \/>\n^ Gipfelpano zum Hauptkamm<\/p>\n<p><img src=http:\/\/ski.inmontanis.info\/d\/152725-3\/DSC07435.jpg \/><br \/>\n^ Flachland-Pano<\/p>\n<p><img src=http:\/\/ski.inmontanis.info\/d\/152729-2\/DSC06869.jpg \/><br \/>\n^ .. und in IR<\/p>\n","protected":false},"excerpt":{"rendered":"<p>Am 20.10. war mein letzter Tag mit der Kitzb\u00fcheler-Alpe-Sommer-Saisonkarte, da musste ich mich noch dranhalten: &#8211; Kramsach. Wollte ich egtl. \u00f6fters fahren, also dann wenigstens noch ein zweites Mal! &#8211; Fieberbrunn. Hatte mir noch gefehlt &#8211; Kitzb\u00fchel. Die Hahnenkammbahn hab ich ausgelassen (keine Lust gehabt, Parkplatzgeb\u00fchren zu zahlen nur um rauf &#038; runter zu fahren), <a href=\"http:\/\/blog.inmontanis.info\/?p=2164\">[&#8230;]<\/a><\/p>\n","protected":false},"author":1,"featured_media":0,"comment_status":"open","ping_status":"closed","sticky":false,"template":"","format":"standard","meta":{"footnotes":""},"categories":[878,861,59,25,13],"tags":[49,53,35,83,90],"class_list":["post-2164","post","type-post","status-publish","format-standard","hentry","category-fieberbrunn","category-kramsach","category-nostalgie","category-noreport","category-austria","tag-4sb","tag-8eub","tag-esl","tag-gub","tag-infrarot","odd"],"_links":{"self":[{"href":"http:\/\/blog.inmontanis.info\/index.php?rest_route=\/wp\/v2\/posts\/2164","targetHints":{"allow":["GET"]}}],"collection":[{"href":"http:\/\/blog.inmontanis.info\/index.php?rest_route=\/wp\/v2\/posts"}],"about":[{"href":"http:\/\/blog.inmontanis.info\/index.php?rest_route=\/wp\/v2\/types\/post"}],"author":[{"embeddable":true,"href":"http:\/\/blog.inmontanis.info\/index.php?rest_route=\/wp\/v2\/users\/1"}],"replies":[{"embeddable":true,"href":"http:\/\/blog.inmontanis.info\/index.php?rest_route=%2Fwp%2Fv2%2Fcomments&post=2164"}],"version-history":[{"count":5,"href":"http:\/\/blog.inmontanis.info\/index.php?rest_route=\/wp\/v2\/posts\/2164\/revisions"}],"predecessor-version":[{"id":9200,"href":"http:\/\/blog.inmontanis.info\/index.php?rest_route=\/wp\/v2\/posts\/2164\/revisions\/9200"}],"wp:attachment":[{"href":"http:\/\/blog.inmontanis.info\/index.php?rest_route=%2Fwp%2Fv2%2Fmedia&parent=2164"}],"wp:term":[{"taxonomy":"category","embeddable":true,"href":"http:\/\/blog.inmontanis.info\/index.php?rest_route=%2Fwp%2Fv2%2Fcategories&post=2164"},{"taxonomy":"post_tag","embeddable":true,"href":"http:\/\/blog.inmontanis.info\/index.php?rest_route=%2Fwp%2Fv2%2Ftags&post=2164"}],"curies":[{"name":"wp","href":"https:\/\/api.w.org\/{rel}","templated":true}]}}