{"id":2156,"date":"2012-10-14T22:41:54","date_gmt":"2012-10-14T20:41:54","guid":{"rendered":"http:\/\/blog.inmontanis.info\/?p=2156"},"modified":"2023-08-06T20:50:27","modified_gmt":"2023-08-06T18:50:27","slug":"soll-resterhohe-14-10-2012","status":"publish","type":"post","link":"http:\/\/blog.inmontanis.info\/?p=2156","title":{"rendered":"S\u00f6ll &#038; Resterh\u00f6he, 14.10.2012"},"content":{"rendered":"<p><strong>S\u00f6ll, 14.10.2012<\/strong><br \/>\n<!--more--><\/p>\n<p><a href='http:\/\/ski.inmontanis.info\/d\/151997-3\/DSC07014.jpg'><img src=http:\/\/ski.inmontanis.info\/d\/151995-4\/DSC07014.jpg \/><\/a><br \/>\n^ Talstation 8EUB S\u00f6ll<\/p>\n<p><a href='http:\/\/ski.inmontanis.info\/d\/152001-3\/DSC07018.jpg'><img src=http:\/\/ski.inmontanis.info\/d\/151999-4\/DSC07018.jpg \/><\/a><br \/>\n^ Beide 8EUB S\u00f6ll<\/p>\n<p><a href='http:\/\/ski.inmontanis.info\/d\/152005-3\/DSC07025.jpg'><img src=http:\/\/ski.inmontanis.info\/d\/152003-4\/DSC07025.jpg \/><\/a><br \/>\n^ Hochs\u00f6ll<\/p>\n<p><img src=http:\/\/ski.inmontanis.info\/d\/152009-3\/DSC07031.jpg \/><br \/>\n^ Pano von der Hohen Salve zum Alpenhauptkamm<\/p>\n<p><img src=http:\/\/ski.inmontanis.info\/d\/152013-3\/DSC07033.jpg \/><br \/>\n^ Pano von der Hohen Salve (Glockner)<\/p>\n<p><img src=http:\/\/ski.inmontanis.info\/d\/152017-3\/DSC07036.jpg \/><br \/>\n^ S\u00fcdpano (Brixental)<\/p>\n<p><img src=http:\/\/ski.inmontanis.info\/d\/152021-3\/DSC07037.jpg \/><br \/>\n^ Nordpano<\/p>\n<p><img src=http:\/\/ski.inmontanis.info\/d\/152025-3\/DSC07041.jpg \/><br \/>\n^ Ostpano<\/p>\n<p><img src=http:\/\/ski.inmontanis.info\/d\/152029-3\/DSC06826.jpg \/><br \/>\n^ IR-Pano Hohe Salve<\/p>\n<p><a href='http:\/\/ski.inmontanis.info\/d\/152033-3\/DSC07049.jpg'><img src=http:\/\/ski.inmontanis.info\/d\/152031-4\/DSC07049.jpg \/><\/a><br \/>\n^ Bauarbeiten<\/p>\n<p><a href='http:\/\/ski.inmontanis.info\/d\/152037-3\/DSC07051.jpg'><img src=http:\/\/ski.inmontanis.info\/d\/152035-4\/DSC07051.jpg \/><\/a><br \/>\n^ Bauarbeiten<\/p>\n<p><a href='http:\/\/ski.inmontanis.info\/d\/152041-3\/DSC07057.jpg'><img src=http:\/\/ski.inmontanis.info\/d\/152039-4\/DSC07057.jpg \/><\/a><br \/>\n^ Ah, endlich mal einen Parkplatz an der Gondel erwischt ,-)<\/p>\n<p>Danach noch zum Pass Thurn, damit ich die Bahn auch noch abgefahren bin &#8211; zumindest ab Mittelstation&#8230;<\/p>\n<p><strong>Kitzb\u00fchel \/ Resterh\u00f6he, 14.10.2012<\/strong><\/p>\n<p><img src=http:\/\/ski.inmontanis.info\/d\/151961-3\/DSC07061.jpg \/><br \/>\n^ Talpano Resterh\u00f6he<\/p>\n<p><img src=http:\/\/ski.inmontanis.info\/d\/151965-3\/DSC07062.jpg \/><br \/>\n^ Panoramabahn<\/p>\n<p><img src=http:\/\/ski.inmontanis.info\/d\/151969-3\/DSC07070.jpg \/><br \/>\n^ Schneiteich<\/p>\n<p><img src=http:\/\/ski.inmontanis.info\/d\/151973-3\/DSC06840.jpg \/><br \/>\n^ .. und in IR<\/p>\n<p><img src=http:\/\/ski.inmontanis.info\/d\/151977-3\/DSC07079.jpg \/><br \/>\n^ Bereich Resterh\u00f6he bzw. Hanglalm &#8211; 2000er. Vor wenigen Jahren standen dort noch 2x SL und 1x DSB. Jetzt sind&#8217;s dann 1x 6KSB und 2x 8KSB :-(<\/p>\n<p><img src=http:\/\/ski.inmontanis.info\/d\/151981-3\/DSC07081.jpg \/><br \/>\n^ Nordpano Resterh\u00f6he<\/p>\n<p><img src=http:\/\/ski.inmontanis.info\/d\/151993-3\/DSC06846.jpg \/><br \/>\n^ IR-Pano<\/p>\n<p><img src=http:\/\/ski.inmontanis.info\/d\/151985-3\/DSC07089.jpg \/><br \/>\n^ S\u00fcdpano Resterh\u00f6he<\/p>\n<p><img src=http:\/\/ski.inmontanis.info\/d\/151989-3\/DSC07093.jpg \/><br \/>\n^ Ostpano Resterh\u00f6he<\/p>\n","protected":false},"excerpt":{"rendered":"<p>S\u00f6ll, 14.10.2012<\/p>\n<p> <a href=\"http:\/\/blog.inmontanis.info\/?p=2156\">[&#8230;]<\/a><\/p>\n","protected":false},"author":1,"featured_media":0,"comment_status":"open","ping_status":"closed","sticky":false,"template":"","format":"standard","meta":{"footnotes":""},"categories":[904,25,13,898],"tags":[53,90,45],"class_list":["post-2156","post","type-post","status-publish","format-standard","hentry","category-kitzbuhel","category-noreport","category-austria","category-skiwelt-wilder-kaiser","tag-8eub","tag-infrarot","tag-see","odd"],"_links":{"self":[{"href":"http:\/\/blog.inmontanis.info\/index.php?rest_route=\/wp\/v2\/posts\/2156","targetHints":{"allow":["GET"]}}],"collection":[{"href":"http:\/\/blog.inmontanis.info\/index.php?rest_route=\/wp\/v2\/posts"}],"about":[{"href":"http:\/\/blog.inmontanis.info\/index.php?rest_route=\/wp\/v2\/types\/post"}],"author":[{"embeddable":true,"href":"http:\/\/blog.inmontanis.info\/index.php?rest_route=\/wp\/v2\/users\/1"}],"replies":[{"embeddable":true,"href":"http:\/\/blog.inmontanis.info\/index.php?rest_route=%2Fwp%2Fv2%2Fcomments&post=2156"}],"version-history":[{"count":4,"href":"http:\/\/blog.inmontanis.info\/index.php?rest_route=\/wp\/v2\/posts\/2156\/revisions"}],"predecessor-version":[{"id":9285,"href":"http:\/\/blog.inmontanis.info\/index.php?rest_route=\/wp\/v2\/posts\/2156\/revisions\/9285"}],"wp:attachment":[{"href":"http:\/\/blog.inmontanis.info\/index.php?rest_route=%2Fwp%2Fv2%2Fmedia&parent=2156"}],"wp:term":[{"taxonomy":"category","embeddable":true,"href":"http:\/\/blog.inmontanis.info\/index.php?rest_route=%2Fwp%2Fv2%2Fcategories&post=2156"},{"taxonomy":"post_tag","embeddable":true,"href":"http:\/\/blog.inmontanis.info\/index.php?rest_route=%2Fwp%2Fv2%2Ftags&post=2156"}],"curies":[{"name":"wp","href":"https:\/\/api.w.org\/{rel}","templated":true}]}}