{"id":2143,"date":"2012-09-22T00:31:48","date_gmt":"2012-09-21T22:31:48","guid":{"rendered":"http:\/\/blog.inmontanis.info\/?p=2143"},"modified":"2023-08-03T22:18:00","modified_gmt":"2023-08-03T20:18:00","slug":"cortina-dampezzo-forcella-staunies-22-9-2012","status":"publish","type":"post","link":"http:\/\/blog.inmontanis.info\/?p=2143","title":{"rendered":"Cortina d&#8217;Ampezzo: Forcella Staunies, 22.9.2012"},"content":{"rendered":"<p>Am 22.9.2012 war ich &#8211; nach 2 Jahren &#8211; mal wieder am Gondelkorblift Forcella Staunies \/ Monte Cristallo in Cortina d&#8217;Ampezzo. Weil ich vor kurzem gelesen hatte, dass da eine Kombibahn geplant sei.<\/p>\n<p>Was gibt&#8217;s sonst noch zu sagen, von der vielleicht sch\u00f6nsten Seilbahn der Alpen?<!--more--> Nun, seit meinem letzten Besuch im M\u00e4rz 2011 (also in der Sessellift-Variante) hatte die Bahn noch rote Seilrollen an den St\u00fctzen &#8211; heute sind alle grau. Schade, denn die roten Rollen waren vom Style her das i-T\u00fcpfelchen.<\/p>\n<p>Hab nachgefragt &#8211; 2 Jahre soll der Lift noch laufen. Wobei das, im Nachhinein betrachtet, nicht hei\u00dfen muss, dass er auch noch 2 Sommer l\u00e4uft &#8211; schlie\u00dflich wird die neue Bahn ja im Sommer gebaut. K\u00f6nnte also sein, dass die Gondeln nur noch n\u00e4chstes Jahr am Seil h\u00e4ngen.<\/p>\n<p>Nichtsdestotrotz ist sie nach wie vor eine der sch\u00f6nsten, vielleicht sogar die sch\u00f6nste Seilbahn im Alpenraum. Die blauen St\u00fctzen, die roten und gelben Gondeln, in diesem farblosen Fels, hier und da ein Klecks gr\u00fcnes Gras, die runden Eiergondeln zwischen den schroffen Spitzen &#8211; kurzum, wer einen perfekten Platz f\u00fcr diese Seilbahn suchen m\u00f6chte &#8211; sie steht genau richtig.<\/p>\n<p>\u00dcber 400 Fotos hab ich am 22.9.2012 gemacht, als Objektive hatte ich auf meiner Nex 5:<br \/>\n&#8211; das Standard Sony 18-55<br \/>\n&#8211; das Samyang Fisheye (Pentax)<br \/>\n&#8211; das mamiya\/sekor  2.0 \/ 50  (M42), tw. mit ND8<br \/>\n&#8211; das Carl Zeiss Jena Sonnar 3.5 \/ 135 (M42), tw. mit ND8<br \/>\n&#8211; testweise ein Voigtl\u00e4nder 4,0 \/ 21, das ich leider wg. Unsch\u00e4rfe im Randbereich nachher wieder zur\u00fcckschicken musste (um die lila Vignettierung zu vertuschen hab ich fast alle Bilder mit diesem Objektiv seitlich beschnitten und mit einem schwarzen Rahmen versehen)<\/p>\n<p>Da die Sonne erst gegen Mittag so richtig in der Scharte ist, hatte ich es nicht wirklich eilig morgens &#8211; und so war ich auch erst kurz nach Mittag dort. Wodurch ich nachmittags fast etwas in Zeitbedr\u00e4ngnis kam, als ich den Schotter noch 2 St\u00fctzen hinauf lief um die Bahn noch von seitlich zu fotografieren.<\/p>\n<p>Oben lag leider wieder etwas Schnee, aber ich hatte eh keine Zeit, um ins ehemalige Sommerskigebiet abzusteigen. Wenigstens hatte ich diesmal eine gute Sicht, und wenn ich mich nicht t\u00e4usche, war es das erste Mal, dass ich zum Rifugio aufgestiegen bin und gesehen hab, dass dort hinten noch eine Terasse ist, die eine wirklich sch\u00f6ne Aussicht nach Norden und Osten zu bieten hat.<\/p>\n<p>A propos Rifugio, auch dort bin ich eingekehrt. G\u00fcnstig ist es aber nicht&#8230;. Salsiccia con Funghi &#038; Polenta, zugegeben, eine gro\u00dfe Portion, aber 17,- \u20ac plus ein 0.5er Mineralwasser um 3,- \u20ac. Ufz. Wenigstens wurde das Gedeck nicht extra verrechnet&#8230;.<\/p>\n<p>Neben der Bergstation steht ja eine Holzbaracke. Hab durch&#8217;s Fenster geschaut und eine Seilwinde entdeckt. Und unten eine Seilrolle. Kris hat vor ein paar Jahren an der Mittelstation einen Funischlitten entdeckt. Gut m\u00f6glich, dass hier einst eine Slittovia die erste Aufstiegshilfe war. Aber auch m\u00f6glich, dass die Winde damit nichts zu tun hat. Oder dass die Winde nur f\u00fcr den Bau der Seilbahn installiert wurde, und der Schlitten eben irgendwo \u00fcbrig war und zum Bau verwendet wurde.<\/p>\n<p>Zur\u00fcck zu den Fotos. Von den \u00fcber 400 sind jetzt 150 \u00fcbrig geblieben. Und ich hatte diesmal absolut keine Lust, das auf 100 oder 70 oder 50 zu k\u00fcrzen. Denn mir gef\u00e4llt diese Seilbahn an diesem Ort so gut, dass ich mich an Bildern und verschiedenen Motiven gar nicht satt sehen kann. Und weil sie ja eh nur noch maximal 2 Jahre existiert &#8211; da sollte man die restliche Zeit einfach noch m\u00f6glichst intensiv mitnehmen.<\/p>\n<p><img src=http:\/\/ski.inmontanis.info\/d\/151317-2\/DSC06171.jpg \/><br \/>\n^ Stra\u00dfe von Toblach nach Cortina (Alemagna)<\/p>\n<p><img src=http:\/\/ski.inmontanis.info\/d\/151321-2\/DSC06174.jpg \/><br \/>\n^ Cristallo vom Norden, im Kreis zum besseren Finden der Bereich der Bergstation des Gondelkorblifts<\/p>\n<p><img src=http:\/\/ski.inmontanis.info\/d\/151325-2\/DSC06176.jpg \/><br \/>\n^ Skydancer 4KSB<\/p>\n<p><img src=http:\/\/ski.inmontanis.info\/d\/151329-2\/DSC06177.jpg \/><br \/>\n^ Marmolada und Tofana. Auf letztere muss ich im Sommer auch mal wieder rauffahren &#8230;<\/p>\n<p><img src=http:\/\/ski.inmontanis.info\/d\/151313-3\/DSC06194.jpg \/><br \/>\n^ Marmolada im Zoom von Cortina \/ Cristallo<\/p>\n<p>So denn &#8211; lasst sie uns betrachten, die letzte ihrer Art, die zum Aussterben verdammte, die 54-j\u00e4hrige Leitner-Cestovia\/Bidonvia\/Ovovia:<\/p>\n<p><img src=http:\/\/ski.inmontanis.info\/d\/151333-2\/DSC06179.jpg \/><\/p>\n<p><img src=http:\/\/ski.inmontanis.info\/d\/151337-2\/DSC06180.jpg \/><\/p>\n<p><img src=http:\/\/ski.inmontanis.info\/d\/151341-2\/DSC06184.jpg \/><\/p>\n<p><img src=http:\/\/ski.inmontanis.info\/d\/151345-2\/DSC06182.jpg \/><\/p>\n<p><img src=http:\/\/ski.inmontanis.info\/d\/151349-2\/DSC06195.jpg \/><\/p>\n<p><img src=http:\/\/ski.inmontanis.info\/d\/151353-2\/DSC06183.jpg \/><\/p>\n<p><img src=http:\/\/ski.inmontanis.info\/d\/151357-2\/DSC06200.jpg \/><\/p>\n<p><img src=http:\/\/ski.inmontanis.info\/d\/151361-2\/DSC06210.jpg \/><\/p>\n<p><img src=http:\/\/ski.inmontanis.info\/d\/151365-2\/DSC06213.jpg \/><\/p>\n<p><img src=http:\/\/ski.inmontanis.info\/d\/151369-2\/DSC06214.jpg \/><\/p>\n<p><img src=http:\/\/ski.inmontanis.info\/d\/151373-2\/DSC06216.jpg \/><\/p>\n<p><img src=http:\/\/ski.inmontanis.info\/d\/151377-2\/DSC06218.jpg \/><\/p>\n<p><img src=http:\/\/ski.inmontanis.info\/d\/151381-2\/DSC06220.jpg \/><\/p>\n<p><img src=http:\/\/ski.inmontanis.info\/d\/151859-2\/DSC06223.jpg \/><\/p>\n<p><img src=http:\/\/ski.inmontanis.info\/d\/151386-2\/DSC06234.jpg \/><\/p>\n<p><img src=http:\/\/ski.inmontanis.info\/d\/151390-2\/DSC06237.jpg \/><\/p>\n<p><img src=http:\/\/ski.inmontanis.info\/d\/151394-2\/DSC06246.jpg \/><\/p>\n<p><img src=http:\/\/ski.inmontanis.info\/d\/151863-2\/DSC06247.jpg \/><\/p>\n<p><img src=http:\/\/ski.inmontanis.info\/d\/151399-2\/DSC06249.jpg \/><\/p>\n<p><img src=http:\/\/ski.inmontanis.info\/d\/151403-2\/DSC06250.jpg \/><\/p>\n<p><img src=http:\/\/ski.inmontanis.info\/d\/151407-2\/DSC06253.jpg \/><br \/>\n^ Mini-Gletscher bzw. Schneereste vergangener Jahre ..<\/p>\n<p><img src=http:\/\/ski.inmontanis.info\/d\/151411-2\/DSC06256.jpg \/><\/p>\n<p><img src=http:\/\/ski.inmontanis.info\/d\/151415-2\/DSC06260.jpg \/><\/p>\n<p><img src=http:\/\/ski.inmontanis.info\/d\/151419-2\/DSC06265.jpg \/><\/p>\n<p><img src=http:\/\/ski.inmontanis.info\/d\/151423-2\/DSC06268.jpg \/><\/p>\n<p><img src=http:\/\/ski.inmontanis.info\/d\/151427-2\/DSC06273.jpg \/><\/p>\n<p><img src=http:\/\/ski.inmontanis.info\/d\/151431-2\/DSC06275.jpg \/><\/p>\n<p><img src=http:\/\/ski.inmontanis.info\/d\/151435-2\/DSC06278.jpg \/><\/p>\n<p><img src=http:\/\/ski.inmontanis.info\/d\/151439-2\/DSC06280.jpg \/><\/p>\n<p><img src=http:\/\/ski.inmontanis.info\/d\/151867-2\/DSC06282.jpg \/><\/p>\n<p><img src=http:\/\/ski.inmontanis.info\/d\/151444-2\/DSC06283.jpg \/><\/p>\n<p><img src=http:\/\/ski.inmontanis.info\/d\/151448-2\/DSC06285.jpg \/><\/p>\n<p><img src=http:\/\/ski.inmontanis.info\/d\/151452-2\/DSC06292.jpg \/><\/p>\n<p><img src=http:\/\/ski.inmontanis.info\/d\/151456-2\/DSC06294.jpg \/><\/p>\n<p><img src=http:\/\/ski.inmontanis.info\/d\/151460-2\/DSC06298.jpg \/><\/p>\n<p><img src=http:\/\/ski.inmontanis.info\/d\/151464-2\/DSC06306.jpg \/><\/p>\n<p><img src=http:\/\/ski.inmontanis.info\/d\/151468-2\/DSC06310.jpg \/><\/p>\n<p><img src=http:\/\/ski.inmontanis.info\/d\/151472-2\/DSC06312.jpg \/><\/p>\n<p><img src=http:\/\/ski.inmontanis.info\/d\/151476-2\/DSC06313.jpg \/><\/p>\n<p><img src=http:\/\/ski.inmontanis.info\/d\/151480-2\/DSC06320.jpg \/><\/p>\n<p><img src=http:\/\/ski.inmontanis.info\/d\/151484-2\/DSC06321.jpg \/><\/p>\n<p><img src=http:\/\/ski.inmontanis.info\/d\/151488-2\/DSC06323.jpg \/><\/p>\n<p><img src=http:\/\/ski.inmontanis.info\/d\/151492-2\/DSC06331.jpg \/><\/p>\n<p><img src=http:\/\/ski.inmontanis.info\/d\/151496-2\/DSC06333.jpg \/><\/p>\n<p><img src=http:\/\/ski.inmontanis.info\/d\/151500-2\/DSC06336.jpg \/><\/p>\n<p><img src=http:\/\/ski.inmontanis.info\/d\/151504-2\/DSC06337.jpg \/><\/p>\n<p><img src=http:\/\/ski.inmontanis.info\/d\/151508-2\/DSC06340.jpg \/><\/p>\n<p><img src=http:\/\/ski.inmontanis.info\/d\/151512-2\/DSC06342.jpg \/><\/p>\n<p><img src=http:\/\/ski.inmontanis.info\/d\/151516-2\/DSC06345.jpg \/><\/p>\n<p><img src=http:\/\/ski.inmontanis.info\/d\/151520-2\/DSC06350.jpg \/><br \/>\n^ Klettersteig<\/p>\n<p><img src=http:\/\/ski.inmontanis.info\/d\/151524-2\/DSC06351.jpg \/><\/p>\n<p><img src=http:\/\/ski.inmontanis.info\/d\/151528-2\/DSC06353.jpg \/><\/p>\n<p><img src=http:\/\/ski.inmontanis.info\/d\/151532-2\/DSC06356.jpg \/><\/p>\n<p><img src=http:\/\/ski.inmontanis.info\/d\/151871-2\/DSC06357.jpg \/><\/p>\n<p><img src=http:\/\/ski.inmontanis.info\/d\/151537-2\/DSC06361.jpg \/><\/p>\n<p><img src=http:\/\/ski.inmontanis.info\/d\/151541-2\/DSC06367.jpg \/><\/p>\n<p><img src=http:\/\/ski.inmontanis.info\/d\/151545-2\/DSC06368.jpg \/><\/p>\n<p><img src=http:\/\/ski.inmontanis.info\/d\/151549-2\/DSC06377.jpg \/><\/p>\n<p><img src=http:\/\/ski.inmontanis.info\/d\/151553-2\/DSC06373.jpg \/><\/p>\n<p><img src=http:\/\/ski.inmontanis.info\/d\/151557-2\/DSC06375.jpg \/><\/p>\n<p><img src=http:\/\/ski.inmontanis.info\/d\/151561-2\/DSC06379.jpg \/><\/p>\n<p><img src=http:\/\/ski.inmontanis.info\/d\/151565-2\/DSC06381.jpg \/><\/p>\n<p><img src=http:\/\/ski.inmontanis.info\/d\/151569-2\/DSC06392.jpg \/><\/p>\n<p><img src=http:\/\/ski.inmontanis.info\/d\/151573-2\/DSC06385.jpg \/><\/p>\n<p><img src=http:\/\/ski.inmontanis.info\/d\/151577-2\/DSC06389.jpg \/><\/p>\n<p><img src=http:\/\/ski.inmontanis.info\/d\/151581-2\/DSC06402.jpg \/><\/p>\n<p><img src=http:\/\/ski.inmontanis.info\/d\/151585-2\/DSC06398.jpg \/><\/p>\n<p><img src=http:\/\/ski.inmontanis.info\/d\/151589-2\/DSC06409.jpg \/><\/p>\n<p><img src=http:\/\/ski.inmontanis.info\/d\/151593-2\/DSC06420.jpg \/><\/p>\n<p><img src=http:\/\/ski.inmontanis.info\/d\/151597-2\/DSC06410.jpg \/><\/p>\n<p><img src=http:\/\/ski.inmontanis.info\/d\/151875-2\/DSC06412.jpg \/><\/p>\n<p><img src=http:\/\/ski.inmontanis.info\/d\/151602-2\/DSC06417.jpg \/><\/p>\n<p><img src=http:\/\/ski.inmontanis.info\/d\/151606-2\/DSC06422.jpg \/><\/p>\n<p><img src=http:\/\/ski.inmontanis.info\/d\/151610-2\/DSC06423.jpg \/><\/p>\n<p><img src=http:\/\/ski.inmontanis.info\/d\/151614-2\/DSC06424.jpg \/><\/p>\n<p><img src=http:\/\/ski.inmontanis.info\/d\/151618-2\/DSC06427.jpg \/><\/p>\n<p><img src=http:\/\/ski.inmontanis.info\/d\/151879-2\/DSC06428.jpg \/><\/p>\n<p><img src=http:\/\/ski.inmontanis.info\/d\/151623-2\/DSC06429.jpg \/><\/p>\n<p><img src=http:\/\/ski.inmontanis.info\/d\/151883-2\/DSC06430.jpg \/><\/p>\n<p><img src=http:\/\/ski.inmontanis.info\/d\/151628-2\/DSC06432.jpg \/><\/p>\n<p><img src=http:\/\/ski.inmontanis.info\/d\/151632-2\/DSC06436.jpg \/><\/p>\n<p><img src=http:\/\/ski.inmontanis.info\/d\/151887-2\/DSC06439.jpg \/><\/p>\n<p><img src=http:\/\/ski.inmontanis.info\/d\/151637-3\/DSC06441.jpg \/><\/p>\n<p><img src=http:\/\/ski.inmontanis.info\/d\/151641-2\/DSC06443.jpg \/><\/p>\n<p><img src=http:\/\/ski.inmontanis.info\/d\/151645-2\/DSC06446.jpg \/><\/p>\n<p><img src=http:\/\/ski.inmontanis.info\/d\/151649-2\/DSC06449.jpg \/><\/p>\n<p><img src=http:\/\/ski.inmontanis.info\/d\/151653-2\/DSC06450.jpg \/><\/p>\n<p><img src=http:\/\/ski.inmontanis.info\/d\/151657-2\/DSC06452.jpg \/><\/p>\n<p><img src=http:\/\/ski.inmontanis.info\/d\/151661-2\/DSC06453.jpg \/><\/p>\n<p><img src=http:\/\/ski.inmontanis.info\/d\/151665-2\/DSC06455.jpg \/><\/p>\n<p><img src=http:\/\/ski.inmontanis.info\/d\/151669-2\/DSC06458.jpg \/><\/p>\n<p><img src=http:\/\/ski.inmontanis.info\/d\/151673-2\/DSC06461.jpg \/><\/p>\n<p><img src=http:\/\/ski.inmontanis.info\/d\/151891-2\/DSC06463.jpg \/><\/p>\n<p><img src=http:\/\/ski.inmontanis.info\/d\/151678-2\/DSC06469.jpg \/><\/p>\n<p><img src=http:\/\/ski.inmontanis.info\/d\/151682-2\/DSC06470.jpg \/><\/p>\n<p><img src=http:\/\/ski.inmontanis.info\/d\/151686-2\/DSC06476.jpg \/><\/p>\n<p><img src=http:\/\/ski.inmontanis.info\/d\/151690-2\/DSC06478.jpg \/><\/p>\n<p><img src=http:\/\/ski.inmontanis.info\/d\/151895-2\/DSC06481.jpg \/><\/p>\n<p><img src=http:\/\/ski.inmontanis.info\/d\/151695-2\/DSC06483.jpg \/><\/p>\n<p><img src=http:\/\/ski.inmontanis.info\/d\/151699-2\/DSC06485.jpg \/><\/p>\n<p><img src=http:\/\/ski.inmontanis.info\/d\/151899-2\/DSC06487.jpg \/><\/p>\n<p><img src=http:\/\/ski.inmontanis.info\/d\/151704-2\/DSC06491.jpg \/><\/p>\n<p><img src=http:\/\/ski.inmontanis.info\/d\/151708-2\/DSC06492.jpg \/><\/p>\n<p><img src=http:\/\/ski.inmontanis.info\/d\/151712-2\/DSC06494.jpg \/><\/p>\n<p><img src=http:\/\/ski.inmontanis.info\/d\/151716-2\/DSC06496.jpg \/><\/p>\n<p><img src=http:\/\/ski.inmontanis.info\/d\/151720-2\/DSC06497.jpg \/><\/p>\n<p><img src=http:\/\/ski.inmontanis.info\/d\/151724-2\/DSC06498.jpg \/><\/p>\n<p><img src=http:\/\/ski.inmontanis.info\/d\/151728-2\/DSC06499.jpg \/><\/p>\n<p><img src=http:\/\/ski.inmontanis.info\/d\/151732-2\/DSC06501.jpg \/><\/p>\n<p><img src=http:\/\/ski.inmontanis.info\/d\/151736-2\/DSC06502.jpg \/><\/p>\n<p><img src=http:\/\/ski.inmontanis.info\/d\/151740-2\/DSC06505.jpg \/><\/p>\n<p><img src=http:\/\/ski.inmontanis.info\/d\/151744-2\/DSC06506.jpg \/><\/p>\n<p><img src=http:\/\/ski.inmontanis.info\/d\/151748-2\/DSC06508.jpg \/><\/p>\n<p><img src=http:\/\/ski.inmontanis.info\/d\/151752-2\/DSC06511.jpg \/><\/p>\n<p><img src=http:\/\/ski.inmontanis.info\/d\/151756-2\/DSC06513.jpg \/><\/p>\n<p><img src=http:\/\/ski.inmontanis.info\/d\/151903-2\/DSC06514.jpg \/><\/p>\n<p><img src=http:\/\/ski.inmontanis.info\/d\/151761-2\/DSC06515.jpg \/><\/p>\n<p><img src=http:\/\/ski.inmontanis.info\/d\/151765-2\/DSC06517.jpg \/><\/p>\n<p><img src=http:\/\/ski.inmontanis.info\/d\/151769-2\/DSC06522.jpg \/><\/p>\n<p><img src=http:\/\/ski.inmontanis.info\/d\/151773-2\/DSC06523.jpg \/><\/p>\n<p><img src=http:\/\/ski.inmontanis.info\/d\/151777-2\/DSC06525.jpg \/><\/p>\n<p><img src=http:\/\/ski.inmontanis.info\/d\/151781-2\/DSC06526.jpg \/><\/p>\n<p><img src=http:\/\/ski.inmontanis.info\/d\/151907-2\/DSC06530.jpg \/><\/p>\n<p><img src=http:\/\/ski.inmontanis.info\/d\/151786-2\/DSC06531.jpg \/><\/p>\n<p><img src=http:\/\/ski.inmontanis.info\/d\/151790-2\/DSC06536.jpg \/><\/p>\n<p><img src=http:\/\/ski.inmontanis.info\/d\/151911-2\/DSC06548.jpg \/><\/p>\n<p><img src=http:\/\/ski.inmontanis.info\/d\/151795-3\/DSC06549.jpg \/><\/p>\n<p><img src=http:\/\/ski.inmontanis.info\/d\/151799-3\/DSC06554.jpg \/><\/p>\n<p><img src=http:\/\/ski.inmontanis.info\/d\/151803-3\/DSC06556.jpg \/><\/p>\n<p><img src=http:\/\/ski.inmontanis.info\/d\/151807-3\/DSC06557.jpg \/><\/p>\n<p><img src=http:\/\/ski.inmontanis.info\/d\/151811-3\/DSC06558.jpg \/><\/p>\n<p><img src=http:\/\/ski.inmontanis.info\/d\/151815-3\/DSC06560.jpg \/><\/p>\n<p><img src=http:\/\/ski.inmontanis.info\/d\/151819-3\/DSC06561.jpg \/><\/p>\n<p><img src=http:\/\/ski.inmontanis.info\/d\/151823-3\/DSC06564.jpg \/><\/p>\n<p><img src=http:\/\/ski.inmontanis.info\/d\/151915-2\/DSC06567.jpg \/><\/p>\n<p><img src=http:\/\/ski.inmontanis.info\/d\/151828-3\/DSC06568.jpg \/><\/p>\n<p>Noch ein paar IR-Fotos:<\/p>\n<p><img src=http:\/\/ski.inmontanis.info\/d\/151832-3\/DSC03158.jpg \/><\/p>\n<p><img src=http:\/\/ski.inmontanis.info\/d\/151919-2\/DSC03161.jpg \/><\/p>\n<p><img src=http:\/\/ski.inmontanis.info\/d\/151837-3\/DSC03167.jpg \/><\/p>\n<p><img src=http:\/\/ski.inmontanis.info\/d\/151841-3\/DSC03173.jpg \/><\/p>\n<p><img src=http:\/\/ski.inmontanis.info\/d\/151923-2\/DSC03178.jpg \/><\/p>\n<p><img src=http:\/\/ski.inmontanis.info\/d\/151928-2\/DSC03182.jpg \/><\/p>\n<p><img src=http:\/\/ski.inmontanis.info\/d\/151847-3\/DSC03185.jpg \/><\/p>\n<p><img src=http:\/\/ski.inmontanis.info\/d\/151851-3\/DSC03189.jpg \/><\/p>\n<p><img src=http:\/\/ski.inmontanis.info\/d\/151855-3\/DSC03193.jpg \/><\/p>\n","protected":false},"excerpt":{"rendered":"<p>Am 22.9.2012 war ich &#8211; nach 2 Jahren &#8211; mal wieder am Gondelkorblift Forcella Staunies \/ Monte Cristallo in Cortina d&#8217;Ampezzo. Weil ich vor kurzem gelesen hatte, dass da eine Kombibahn geplant sei.<\/p>\n<p>Was gibt&#8217;s sonst noch zu sagen, von der vielleicht sch\u00f6nsten Seilbahn der Alpen?<\/p>\n<p> <a href=\"http:\/\/blog.inmontanis.info\/?p=2143\">[&#8230;]<\/a><\/p>\n","protected":false},"author":1,"featured_media":0,"comment_status":"open","ping_status":"closed","sticky":false,"template":"","format":"standard","meta":{"footnotes":""},"categories":[500,24,15,59],"tags":[44,49,90,63],"class_list":["post-2143","post","type-post","status-publish","format-standard","hentry","category-cortina-dampezzo","category-tagestour","category-italienitaly","category-nostalgie","tag-2eub","tag-4sb","tag-infrarot","tag-korblift","odd"],"_links":{"self":[{"href":"http:\/\/blog.inmontanis.info\/index.php?rest_route=\/wp\/v2\/posts\/2143","targetHints":{"allow":["GET"]}}],"collection":[{"href":"http:\/\/blog.inmontanis.info\/index.php?rest_route=\/wp\/v2\/posts"}],"about":[{"href":"http:\/\/blog.inmontanis.info\/index.php?rest_route=\/wp\/v2\/types\/post"}],"author":[{"embeddable":true,"href":"http:\/\/blog.inmontanis.info\/index.php?rest_route=\/wp\/v2\/users\/1"}],"replies":[{"embeddable":true,"href":"http:\/\/blog.inmontanis.info\/index.php?rest_route=%2Fwp%2Fv2%2Fcomments&post=2143"}],"version-history":[{"count":4,"href":"http:\/\/blog.inmontanis.info\/index.php?rest_route=\/wp\/v2\/posts\/2143\/revisions"}],"predecessor-version":[{"id":9037,"href":"http:\/\/blog.inmontanis.info\/index.php?rest_route=\/wp\/v2\/posts\/2143\/revisions\/9037"}],"wp:attachment":[{"href":"http:\/\/blog.inmontanis.info\/index.php?rest_route=%2Fwp%2Fv2%2Fmedia&parent=2143"}],"wp:term":[{"taxonomy":"category","embeddable":true,"href":"http:\/\/blog.inmontanis.info\/index.php?rest_route=%2Fwp%2Fv2%2Fcategories&post=2143"},{"taxonomy":"post_tag","embeddable":true,"href":"http:\/\/blog.inmontanis.info\/index.php?rest_route=%2Fwp%2Fv2%2Ftags&post=2143"}],"curies":[{"name":"wp","href":"https:\/\/api.w.org\/{rel}","templated":true}]}}