{"id":2135,"date":"2012-09-15T00:27:54","date_gmt":"2012-09-14T22:27:54","guid":{"rendered":"http:\/\/blog.inmontanis.info\/?p=2135"},"modified":"2023-07-01T20:57:37","modified_gmt":"2023-07-01T18:57:37","slug":"hintertuxer-gletscher-15-9-2012","status":"publish","type":"post","link":"http:\/\/blog.inmontanis.info\/?p=2135","title":{"rendered":"Hintertuxer Gletscher, 15.9.2012"},"content":{"rendered":"<p>Halten wir erst mal fest:<br \/>\n&#8211; auch in diesem extrem gletscherunfreundlichen Sommer konnte am Hintertuxer der Sommerskibetrieb aufrecht erhalten werden<br \/>\n&#8211; und zwar in fast komplettem Umfang, nur die rechte kurze Variante am SL Olperer musste eingestellt werden. Sogar die TFH-Abfahrt blieb offen.<!--more--><\/p>\n<p>Aufgrund des K\u00e4lteeinbruchs und dem Neuschnee waren die Schlepplifte von gestern bis morgen l\u00e4nger offen. Wobei das l\u00e4nger auf der Homepage und den Displays im Skigebiet mit &#8220;16:00 Uhr&#8221; definiert war. Die Bediensteten der Schlepplifte hatten jedoch die Anweisung, die SL um 15:30 zu schlie\u00dfen und der eine sah mich ungl\u00e4ubig an, als ich das mit dem 16 Uhr erz\u00e4hlte. (Somit musste ich also noch 2x die TFH-Abfahrt fahren, obwohl die H\u00e4nge am GW-SL doch viel sch\u00f6ner gewesen w\u00e4ren.)<\/p>\n<p>Schneeverh\u00e4ltnisse waren recht gut, in der fr\u00fch allerdings stellenweise sehr hart, morgen vmtl. noch h\u00e4rter, da es heute Nachmittag bis rauf angetaut hat &#8211; somit war die &#8220;ganz linke&#8221; Olperer-Piste am Nachmittag, als der Olperer bereits die halbe Piste beschattet hatte, nicht mehr gut fahrbar. Daf\u00fcr war das heute nur sp\u00e4rlich besuchte Trainingsareal am GW-SL umso besser nachmittags: Gro\u00dffl\u00e4chig noch frisch pr\u00e4pariert vom Vortag.<\/p>\n<p>Die von Bergfex gemeldeten 12 Sonnenstunden galten maximal f\u00fcr den obersten Bereich der Olperer-SL, der Gro\u00dfteil des Gebiets lag die gr\u00f6\u00dfte Zeit doch irgendwie in Nebelwolken. Wobei man bei fast jeder Abfahrt irgendwo Sonne hatte, entweder oben oder unten oder in der Mitte. Tendenziell nebliger war&#8217;s an der GW, von der GB3-Bergstation r\u00fcber zum Olperer konnte man nur im einstelligen Minutenbereich sehen.<\/p>\n<p>Zus\u00e4tzlich zu der \u00dcberraschung des verfr\u00fchten Schlie\u00dfens der SL gab es etliche weitere \u00dcberraschungen, so z.B. mehrere St\u00fctzen eines ehemaligen SL, die ausgeapert sind. Anscheinend hatte man die damals einfach in einer Gletscherspalte entsorgt??<\/p>\n<p><em>Fotos, anklicken zum Vergr\u00f6\u00dfern, soweit nicht vergr\u00f6\u00dfert gepostet:<\/em><\/p>\n<p><a href='http:\/\/ski.inmontanis.info\/d\/150512-2\/DSC05764.jpg'><img src=http:\/\/ski.inmontanis.info\/d\/150510-3\/DSC05764.jpg \/><\/a><br \/>\n^ Tuxerjoch 4KSB &#8211; nein, die war noch nicht in Betrieb.<br \/>\n(Schneeflecken lagen \u00fcbrigens bis fast ins Tal)<\/p>\n<p><img src=http:\/\/ski.inmontanis.info\/d\/150516-2\/DSC05767.jpg \/><br \/>\n^ Kaserer<\/p>\n<p><img src=http:\/\/ski.inmontanis.info\/d\/150520-2\/DSC05775.jpg \/><br \/>\n^ Krass steiler Ausstieg neuerdings am GB 3. Weggeschmolzen? Oder als Depot aufgebraucht?<\/p>\n<p><img src=http:\/\/ski.inmontanis.info\/d\/150524-2\/DSC05783.jpg \/><br \/>\n^ Beide Olperer SL in Betrieb und gut bef\u00fcllt. Der Funpark war auch wieder offen.<\/p>\n<p><img src=http:\/\/ski.inmontanis.info\/d\/150545-2\/DSC05786.jpg \/><br \/>\n^ Immer noch unvollendet: 10EUB Talstation<br \/>\n(Abfahrt bis GB3 &#8211; Talstation fahrbar!!)<\/p>\n<p><a href='http:\/\/ski.inmontanis.info\/d\/150528-2\/DSC05797.jpg'><img src=http:\/\/ski.inmontanis.info\/d\/150526-3\/DSC05797.jpg \/><\/a><br \/>\n^ Olperer<\/p>\n<p><img src=http:\/\/ski.inmontanis.info\/d\/150606-2\/DSC05802.jpg \/><br \/>\n^ Kaserer<\/p>\n<p><img src=http:\/\/ski.inmontanis.info\/d\/150533-2\/DSC05803.jpg \/><br \/>\n^ Schwarze Abfahrt vom Kaserer, der Fels ist inzwischen ganz sch\u00f6n gro\u00df geworden &#8211; und viele Spalten gibt&#8217;s hier heuer auch.<\/p>\n<p><img src=http:\/\/ski.inmontanis.info\/d\/150537-2\/DSC05807.jpg \/><br \/>\n^ GW &#8211; SL<\/p>\n<p><a href='http:\/\/ski.inmontanis.info\/d\/150541-2\/DSC05809.jpg'><img src=http:\/\/ski.inmontanis.info\/d\/150539-3\/DSC05809.jpg \/><\/a><br \/>\n^ Immer noch unvollendet: 10EUB Bergstation (warum hat man da heuer nicht weiter gebaut?)<\/p>\n<p><img src=http:\/\/ski.inmontanis.info\/d\/150549-2\/DSC05812.jpg \/><br \/>\n^ Spalten versus Olperer-SL. Und was ist das da links am Gletscher? Werd ich mir sp\u00e4ter noch genauer ansehen.<\/p>\n<p><img src=http:\/\/ski.inmontanis.info\/d\/150553-2\/DSC05816.jpg \/><br \/>\n^ TFH-Hang, oben Kaserer-St\u00fctze<\/p>\n<p><img src=http:\/\/ski.inmontanis.info\/d\/150557-2\/DSC05817.jpg \/><br \/>\n^ TFH-Hang<\/p>\n<p><img src=http:\/\/ski.inmontanis.info\/d\/150561-2\/DSC05818.jpg \/><br \/>\n^ Hier sollte man in n\u00e4chster Zeit aufpassen, wo man runterf\u00e4hrt, gibt haufenweise Spalten.<\/p>\n<p><img src=http:\/\/ski.inmontanis.info\/d\/150565-2\/DSC05820.jpg \/><br \/>\n^ TFH-Hang Standardfoto<\/p>\n<p><img src=http:\/\/ski.inmontanis.info\/d\/150569-2\/DSC05823.jpg \/><br \/>\n^ GW- und Olperer-SL<\/p>\n<p><img src=http:\/\/ski.inmontanis.info\/d\/150573-2\/DSC05827.jpg \/><br \/>\n^ Noch nicht fertig &#8211; Beschneiung bis Bergstation<\/p>\n<p><img src=http:\/\/ski.inmontanis.info\/d\/150577-2\/DSC05828.jpg \/><br \/>\n^ Olperer-H\u00e4nge<\/p>\n<p><img src=http:\/\/ski.inmontanis.info\/d\/150610-3\/DSC05829.jpg \/><br \/>\n^ GW<\/p>\n<p><img src=http:\/\/ski.inmontanis.info\/d\/150582-2\/DSC05830.jpg \/><br \/>\n^ Ausgeaperte alte St\u00fctzenteile!!<\/p>\n<p><img src=http:\/\/ski.inmontanis.info\/d\/150586-2\/DSC05831.jpg \/><br \/>\n^ Weitere ausgeaperte ehemalige St\u00fctzenteile<\/p>\n<p><img src=http:\/\/ski.inmontanis.info\/d\/150590-2\/DSC05832.jpg \/><br \/>\n^ Ehemalige St\u00fctze. Hatte man das damals mit Stahlseil und Holz umgeben und in einer Gletscherspalte entsorgt ???<\/p>\n<p><img src=http:\/\/ski.inmontanis.info\/d\/150594-2\/DSC05835.jpg \/><br \/>\n^ .. was das mal war, kann ich nicht erkennen &#8230;<\/p>\n<p><img src=http:\/\/ski.inmontanis.info\/d\/150598-2\/DSC05836.jpg \/><br \/>\n^ Diese St\u00fctze ist verrostet. Vielleicht ist die noch \u00e4lter?<\/p>\n<p><img src=http:\/\/ski.inmontanis.info\/d\/150602-2\/DSC05837.jpg \/><br \/>\n^ Auch hier wieder Stahlseil und Holz drum herum .. ?!<\/p>\n<p>Damit schlie\u00dfe ich nicht nur meine Hinterux-Berichterstattung f\u00fcr heuer ab, sondern als 107. Skitag voraussichtlich auch die Skisaison 2011\/12.<\/p>\n","protected":false},"excerpt":{"rendered":"<p>Halten wir erst mal fest: &#8211; auch in diesem extrem gletscherunfreundlichen Sommer konnte am Hintertuxer der Sommerskibetrieb aufrecht erhalten werden &#8211; und zwar in fast komplettem Umfang, nur die rechte kurze Variante am SL Olperer musste eingestellt werden. Sogar die TFH-Abfahrt blieb offen.<\/p>\n<p> <a href=\"http:\/\/blog.inmontanis.info\/?p=2135\">[&#8230;]<\/a><\/p>\n","protected":false},"author":1,"featured_media":0,"comment_status":"open","ping_status":"closed","sticky":false,"template":"","format":"standard","meta":{"footnotes":""},"categories":[246,25,13,28],"tags":[47],"class_list":["post-2135","post","type-post","status-publish","format-standard","hentry","category-hintertux","category-noreport","category-austria","category-skifahren-sommer","tag-sl","odd"],"_links":{"self":[{"href":"http:\/\/blog.inmontanis.info\/index.php?rest_route=\/wp\/v2\/posts\/2135","targetHints":{"allow":["GET"]}}],"collection":[{"href":"http:\/\/blog.inmontanis.info\/index.php?rest_route=\/wp\/v2\/posts"}],"about":[{"href":"http:\/\/blog.inmontanis.info\/index.php?rest_route=\/wp\/v2\/types\/post"}],"author":[{"embeddable":true,"href":"http:\/\/blog.inmontanis.info\/index.php?rest_route=\/wp\/v2\/users\/1"}],"replies":[{"embeddable":true,"href":"http:\/\/blog.inmontanis.info\/index.php?rest_route=%2Fwp%2Fv2%2Fcomments&post=2135"}],"version-history":[{"count":3,"href":"http:\/\/blog.inmontanis.info\/index.php?rest_route=\/wp\/v2\/posts\/2135\/revisions"}],"predecessor-version":[{"id":8849,"href":"http:\/\/blog.inmontanis.info\/index.php?rest_route=\/wp\/v2\/posts\/2135\/revisions\/8849"}],"wp:attachment":[{"href":"http:\/\/blog.inmontanis.info\/index.php?rest_route=%2Fwp%2Fv2%2Fmedia&parent=2135"}],"wp:term":[{"taxonomy":"category","embeddable":true,"href":"http:\/\/blog.inmontanis.info\/index.php?rest_route=%2Fwp%2Fv2%2Fcategories&post=2135"},{"taxonomy":"post_tag","embeddable":true,"href":"http:\/\/blog.inmontanis.info\/index.php?rest_route=%2Fwp%2Fv2%2Ftags&post=2135"}],"curies":[{"name":"wp","href":"https:\/\/api.w.org\/{rel}","templated":true}]}}