{"id":2131,"date":"2012-09-08T00:25:23","date_gmt":"2012-09-07T22:25:23","guid":{"rendered":"http:\/\/blog.inmontanis.info\/?p=2131"},"modified":"2023-08-06T20:48:16","modified_gmt":"2023-08-06T18:48:16","slug":"kitzbuheler-horn-8-9-2012","status":"publish","type":"post","link":"http:\/\/blog.inmontanis.info\/?p=2131","title":{"rendered":"Kitzb\u00fcheler Horn, 8.9.2012"},"content":{"rendered":"<p>Am Samstag war das Wetter und die Sicht endlich gut genug, um auf&#8217;s Kitzb\u00fcheler Horn zu fahren. So hab ich am Gipfel auch ausgiebigst fotografiert &#8230;.<!--more--><\/p>\n<p>Die Abfahrt war leider nicht sonderlich toll, im oberen Bereich war sie geteert = gut, danach musste ich aber von der Mautstra\u00dfe abzweigen (da diese wo anders im Ort rauskommt) und hab eine alternative Strecke gew\u00e4hlt, die dann streckenweise nervig schottrig und zwischendrin auch f\u00fcr Radfahrer gesperrt war, bevor es wieder auf einer asphaltierten Stra\u00dfe weiter ging.<\/p>\n<p>Fotom\u00e4\u00dfig diesmal also &#8220;leider&#8221; etwas mehr Bilder, anklicken zum Vergr\u00f6\u00dfern, soweit nicht vergr\u00f6\u00dfert gepostet:<\/p>\n<p><a href='http:\/\/ski.inmontanis.info\/d\/150242-2\/DSC05564.jpg'><img src=http:\/\/ski.inmontanis.info\/d\/150240-3\/DSC05564.jpg \/><\/a><br \/>\n^ Mittelstation Hornbahnen<\/p>\n<p><a href='http:\/\/ski.inmontanis.info\/d\/150246-2\/DSC05566.jpg'><img src=http:\/\/ski.inmontanis.info\/d\/150244-3\/DSC05566.jpg \/><\/a><br \/>\n^ Mittelstation, im Sommer ohne Durchfahrt<\/p>\n<p><img src=http:\/\/ski.inmontanis.info\/d\/150250-2\/DSC05570.jpg \/><br \/>\n^ 2. Sektionen<\/p>\n<p><img src=http:\/\/ski.inmontanis.info\/d\/150254-2\/DSC05574.jpg \/><br \/>\n^ Gipfelbahn, quasi komplette Strecke<\/p>\n<p><a href='http:\/\/ski.inmontanis.info\/d\/150258-2\/DSC05583_001.jpg'><img src=http:\/\/ski.inmontanis.info\/d\/150256-3\/DSC05583_001.jpg \/><\/a><br \/>\n^ Talstation Gipfelbahn<\/p>\n<p><a href='http:\/\/ski.inmontanis.info\/d\/150262-2\/DSC05592.jpg'><img src=http:\/\/ski.inmontanis.info\/d\/150260-3\/DSC05592.jpg \/><\/a><br \/>\n^ Mittelstation<\/p>\n<p><a href='http:\/\/ski.inmontanis.info\/d\/150266-2\/DSC05595.jpg'><img src=http:\/\/ski.inmontanis.info\/d\/150264-3\/DSC05595.jpg \/><\/a><br \/>\n^ In der Gipfel-PB<\/p>\n<p><img src=http:\/\/ski.inmontanis.info\/d\/150270-2\/DSC05596.jpg \/><br \/>\n^ Gipfelbahn<\/p>\n<p><a href='http:\/\/ski.inmontanis.info\/d\/150274-2\/DSC05608.jpg'><img src=http:\/\/ski.inmontanis.info\/d\/150272-3\/DSC05608.jpg \/><\/a><br \/>\n^ Unter dem Hauptgipfel gibt&#8217;s noch einen kleinen Gipfel, der sogar ein Kreuz hat<\/p>\n<p><img src=http:\/\/ski.inmontanis.info\/d\/150278-2\/DSC05612.jpg \/><br \/>\n^ Gipfelbahn komplette Strecke, diesmal von oben<\/p>\n<p><a href='http:\/\/ski.inmontanis.info\/d\/150282-2\/DSC05616.jpg'><img src=http:\/\/ski.inmontanis.info\/d\/150280-3\/DSC05616.jpg \/><\/a><br \/>\n^ Pano Brixental<\/p>\n<p><a href='http:\/\/ski.inmontanis.info\/d\/150286-2\/DSC03035.jpg'><img src=http:\/\/ski.inmontanis.info\/d\/150284-3\/DSC03035.jpg \/><\/a><br \/>\n^ IR-Pano Brixental<\/p>\n<p><a href='http:\/\/ski.inmontanis.info\/d\/150290-2\/DSC05618.jpg'><img src=http:\/\/ski.inmontanis.info\/d\/150288-3\/DSC05618.jpg \/><\/a><br \/>\n^ Pano-Zoom Gro\u00dfvenediger<\/p>\n<p><a href='http:\/\/ski.inmontanis.info\/d\/150294-2\/DSC05619_001.jpg'><img src=http:\/\/ski.inmontanis.info\/d\/150292-3\/DSC05619_001.jpg \/><\/a><br \/>\n^ Pano-Zoom Gro\u00dfglockner (rechts) und Kitzsteinhorn (links)<\/p>\n<p><img src=http:\/\/ski.inmontanis.info\/d\/150403-2\/DSC03022.jpg \/><br \/>\n^ IR-Pano Nord (Hinten spitzt der Chiemsee)<\/p>\n<p>(Bayrischer Wald \/ Arber \/ Tschechei sind sich leider nicht ausgegangen, dazu war die Dunstschicht \u00fcber Bayern zu hoch)<\/p>\n<p><img src=http:\/\/ski.inmontanis.info\/d\/150298-2\/DSC05621.jpg \/><br \/>\n^ Pano S\u00fcd<\/p>\n<p><img src=http:\/\/ski.inmontanis.info\/d\/150427-2\/DSC03032.jpg \/><br \/>\n^ IR-Pano S\u00fcd-Ost<\/p>\n<p><img src=http:\/\/ski.inmontanis.info\/d\/150390-2\/DSC03033.jpg \/><br \/>\n^ IR-Pano Ost<\/p>\n<p><img src=http:\/\/ski.inmontanis.info\/d\/150306-2\/DSC05644.jpg \/><br \/>\n^ Da hinten spitzt der Olperer<\/p>\n<p><img src=http:\/\/ski.inmontanis.info\/d\/150310-2\/DSC05647.jpg \/><br \/>\n^ Pano mit Gro\u00dfglockner<\/p>\n<p><img src=http:\/\/ski.inmontanis.info\/d\/150302-2\/DSC05666.jpg \/><br \/>\n^ Sendeturm<\/p>\n<p><img src=http:\/\/ski.inmontanis.info\/d\/150407-2\/dsc05668-5680e.jpg \/><br \/>\n^ 360\u00b0-Pano vom Kitzb\u00fcheler Horn (stereographisch, Planet)<\/p>\n<p><img src=http:\/\/ski.inmontanis.info\/d\/150411-2\/dsc05668-5680a.jpg \/><br \/>\n^ 360\u00b0-Pano vom Kitzb\u00fcheler Horn (stereographisch, Planet)<\/p>\n<p><img src=http:\/\/ski.inmontanis.info\/d\/150415-2\/dsc05668-5680d.jpg \/><br \/>\n^ 360\u00b0-Pano vom Kitzb\u00fcheler Horn (stereographisch, Tube)<\/p>\n<p><img src=http:\/\/ski.inmontanis.info\/d\/150314-2\/DSC05672.jpg \/><br \/>\n^ Pano S\u00fcd-Ost<\/p>\n<p><img src=http:\/\/ski.inmontanis.info\/d\/150318-2\/DSC05682.jpg \/><br \/>\n^ Pano Nord<\/p>\n<p><img src=http:\/\/ski.inmontanis.info\/d\/150322-2\/DSC05695.jpg \/><br \/>\n^ Sendeturm mit Pano (HDR)<\/p>\n<p><img src=http:\/\/ski.inmontanis.info\/d\/150395-2\/DSC03052.jpg \/><br \/>\n^ IR-Pano S\u00fcd<\/p>\n<p><img src=http:\/\/ski.inmontanis.info\/d\/150399-2\/DSC03061.jpg \/><br \/>\n^ IR-Pano S\u00fcd<\/p>\n<p><img src=http:\/\/ski.inmontanis.info\/d\/150326-2\/DSC03065.jpg \/><br \/>\n^ Sendeturm (IR)<\/p>\n<p><img src=http:\/\/ski.inmontanis.info\/d\/150330-2\/DSC03068_001.jpg \/><br \/>\n^ Sendeturm (IR)<\/p>\n<p><img src=http:\/\/ski.inmontanis.info\/d\/150334-2\/DSC03069.jpg \/><br \/>\n^ Sendeturmspitze (IR)<\/p>\n<p><a href='http:\/\/ski.inmontanis.info\/d\/150338-2\/DSC05709.jpg'><img src=http:\/\/ski.inmontanis.info\/d\/150336-3\/DSC05709.jpg \/><\/a><br \/>\n^ Pano mit Skigebiet, Pass Thurn, Gro\u00dfvenediger<\/p>\n<p><a href='http:\/\/ski.inmontanis.info\/d\/150342-2\/DSC03072_001.jpg'><img src=http:\/\/ski.inmontanis.info\/d\/150340-3\/DSC03072_001.jpg \/><\/a><br \/>\n^ .. und das gleiche in IR zum Vergleich<\/p>\n<p><img src=http:\/\/ski.inmontanis.info\/d\/150346-2\/DSC05716.jpg \/><br \/>\n^ Gipfelbahn<\/p>\n<p><a href='http:\/\/ski.inmontanis.info\/d\/150350-2\/DSC05718.jpg'><img src=http:\/\/ski.inmontanis.info\/d\/150348-3\/DSC05718.jpg \/><\/a><br \/>\n^ Gipfelbahn Bergstation<\/p>\n<p><a href='http:\/\/ski.inmontanis.info\/d\/150354-2\/DSC05721.jpg'><img src=http:\/\/ski.inmontanis.info\/d\/150352-3\/DSC05721.jpg \/><\/a><br \/>\n^ DSB Raintal<\/p>\n<p><a href='http:\/\/ski.inmontanis.info\/d\/150358-2\/DSC05726.jpg'><img src=http:\/\/ski.inmontanis.info\/d\/150356-3\/DSC05726.jpg \/><\/a><br \/>\n^ Hahnenkamm<\/p>\n<p><img src=http:\/\/ski.inmontanis.info\/d\/150362-2\/DSC05730.jpg \/><br \/>\n^ Gipfelbahn<\/p>\n<p><img src=http:\/\/ski.inmontanis.info\/d\/150366-2\/DSC05731.jpg \/><br \/>\n^ Gipfelbahn gen Wilden Kaiser<\/p>\n<p><a href='http:\/\/ski.inmontanis.info\/d\/150370-2\/DSC05741.jpg'><img src=http:\/\/ski.inmontanis.info\/d\/150368-3\/DSC05741.jpg \/><\/a><br \/>\n^ 6EUB Sektion 2<\/p>\n<p><img src=http:\/\/ski.inmontanis.info\/d\/150374-2\/DSC05744.jpg \/><br \/>\n^ Gro\u00dfglockner im Zoom<\/p>\n<p><img src=http:\/\/ski.inmontanis.info\/d\/150378-2\/DSC05750.jpg \/><br \/>\n^ Horn-Skigebiet<\/p>\n<p><img src=http:\/\/ski.inmontanis.info\/d\/150382-2\/DSC05751.jpg \/><br \/>\n^ Gipfel, Alpenhaus, Seilbahnen<\/p>\n<p><a href='http:\/\/ski.inmontanis.info\/d\/150386-2\/ge_kitz20120908.jpg'><img src=http:\/\/ski.inmontanis.info\/d\/150384-3\/ge_kitz20120908.jpg \/><\/a><br \/>\n^ GPS-Track<\/p>\n<p><strong>9.9.2012<\/strong> &#8211; Fleckalm<\/p>\n<p>Am Sonntag ging&#8217;s nochmal mit der Fleckalmbahn rauf, runter allerdings diesmal nicht die direkte Route vorne, sondern \u00fcbern Maierl. War leider recht m\u00fc\u00dfig, bis zur Ochsalm extremst nerviger Wegbelag (Schotter bzw. viele Steine, fest und lose), vorm Maierl dann ein Gegenanstieg, nach dem Maierl zu Fu\u00df recht steil bergab (Wiese\/Waldrand), bis man endlich wieder auf die Stra\u00dfe kommt. Und meine Bremse schleift seit gestern, muss ich n\u00e4chstes Mal unbedingt an einem Sportgesch\u00e4ft vorbei (die an der Fleckalm hatten schon zu).<\/p>\n<p>Nur 2 Fotos gemacht:<\/p>\n<p><img src=http:\/\/ski.inmontanis.info\/d\/150419-2\/DSC05754.jpg \/><br \/>\n^ Fleckalmbahn gen Horn<\/p>\n<p><a href='http:\/\/ski.inmontanis.info\/d\/150423-2\/DSC05755.jpg'><img src=http:\/\/ski.inmontanis.info\/d\/150421-3\/DSC05755.jpg \/><\/a><br \/>\n^ Pistenbauarbeiten Maierl<\/p>\n","protected":false},"excerpt":{"rendered":"<p>Am Samstag war das Wetter und die Sicht endlich gut genug, um auf&#8217;s Kitzb\u00fcheler Horn zu fahren. So hab ich am Gipfel auch ausgiebigst fotografiert &#8230;.<\/p>\n<p> <a href=\"http:\/\/blog.inmontanis.info\/?p=2131\">[&#8230;]<\/a><\/p>\n","protected":false},"author":1,"featured_media":0,"comment_status":"open","ping_status":"closed","sticky":false,"template":"","format":"standard","meta":{"footnotes":""},"categories":[904,25,13],"tags":[102,39,51,90,52],"class_list":["post-2131","post","type-post","status-publish","format-standard","hentry","category-kitzbuhel","category-noreport","category-austria","tag-360-pano","tag-6eub","tag-architektur","tag-infrarot","tag-pb","odd"],"_links":{"self":[{"href":"http:\/\/blog.inmontanis.info\/index.php?rest_route=\/wp\/v2\/posts\/2131","targetHints":{"allow":["GET"]}}],"collection":[{"href":"http:\/\/blog.inmontanis.info\/index.php?rest_route=\/wp\/v2\/posts"}],"about":[{"href":"http:\/\/blog.inmontanis.info\/index.php?rest_route=\/wp\/v2\/types\/post"}],"author":[{"embeddable":true,"href":"http:\/\/blog.inmontanis.info\/index.php?rest_route=\/wp\/v2\/users\/1"}],"replies":[{"embeddable":true,"href":"http:\/\/blog.inmontanis.info\/index.php?rest_route=%2Fwp%2Fv2%2Fcomments&post=2131"}],"version-history":[{"count":4,"href":"http:\/\/blog.inmontanis.info\/index.php?rest_route=\/wp\/v2\/posts\/2131\/revisions"}],"predecessor-version":[{"id":2142,"href":"http:\/\/blog.inmontanis.info\/index.php?rest_route=\/wp\/v2\/posts\/2131\/revisions\/2142"}],"wp:attachment":[{"href":"http:\/\/blog.inmontanis.info\/index.php?rest_route=%2Fwp%2Fv2%2Fmedia&parent=2131"}],"wp:term":[{"taxonomy":"category","embeddable":true,"href":"http:\/\/blog.inmontanis.info\/index.php?rest_route=%2Fwp%2Fv2%2Fcategories&post=2131"},{"taxonomy":"post_tag","embeddable":true,"href":"http:\/\/blog.inmontanis.info\/index.php?rest_route=%2Fwp%2Fv2%2Ftags&post=2131"}],"curies":[{"name":"wp","href":"https:\/\/api.w.org\/{rel}","templated":true}]}}