{"id":2125,"date":"2012-08-29T00:21:47","date_gmt":"2012-08-28T22:21:47","guid":{"rendered":"http:\/\/blog.inmontanis.info\/?p=2125"},"modified":"2012-10-12T00:22:55","modified_gmt":"2012-10-11T22:22:55","slug":"saarburg-finale-29-8-2012","status":"publish","type":"post","link":"http:\/\/blog.inmontanis.info\/?p=2125","title":{"rendered":"Saarburg (Finale), 29.8.2012"},"content":{"rendered":"<p><strong>MM&#038;M Tag 13, 29.8.2012<\/strong> &#8211; Saarburg &#038; Finale<\/p>\n<p><img src=http:\/\/extra.inmontanis.info\/d\/13888-3\/ge_gb2012j.jpg \/><br \/>\nW) Saarburg (DSB)<br \/>\nX) Saarbr\u00fccken<\/p>\n<p>Um 7 Uhr aufgestanden. Wenn ich schon in Frankreich bin, k\u00f6nnen wir doch gleich mal einkaufen? <!--more-->Aber der Leclerc machte erst um 8:45 auf. Zum n\u00e4chsten McDonalds, aber die haben in Frankreich ja kein Fr\u00fchst\u00fcck, war also auch noch zu. Vielleicht in Belgien? Nein, auch kein Fr\u00fchst\u00fcck und zu. N\u00e4chste Rastst\u00e4tte, aber da war wieder die WC-Mafia, also aus boykottgr\u00fcnden weder auf&#8217;s WC gegangen noch gefr\u00fchst\u00fcckt.<\/p>\n<p>Weiter zu einem weiteren McDo, aber auch der war noch zu. Daf\u00fcr war ein Supermarkt da. Carrefour. Die verlangen im Gegensatz zu FR hier auch 35 Cent f\u00fcr&#8217;s WC, aber es war noch kein Geldeintreiber da, konnte also kostenlos mein Gesch\u00e4ft erledigen, danach im Supermarkt-Restaurant 2 Semmeln mit Butter und Marmelade gegessen und bissl einkaufen gewesen.<\/p>\n<p>Weiter ging&#8217;s nach Luxemburg, Zwischenhalt dort bei einem McDonalds &#8211; netterweise gibt&#8217;s hier wie in DE den McRib.<\/p>\n<p>Dazu an einer Tankstelle vorbei gekommen &#8211; g\u00fcnstig, g\u00fcnstig. Diesel einiges g\u00fcnstiger als in AT, nur 1,318 \u20ac. Und Gummib\u00e4rchen als Geschenk dazu. Vmtl. sind in Luxemburg noch einige anderen Sachen g\u00fcnstiger als in DE, so gro\u00df wie der Shop hier an der Tanke war.<\/p>\n<p>Haupts\u00e4chliches Zwischenziel f\u00fcr heute war die Saarburg-DSB mit ihren kuriosen Bubble-Sesseln.<\/p>\n<p>(Fotos anklicken zum Vergr\u00f6\u00dfern, soweit nicht vergr\u00f6\u00dfert gepostet)<\/p>\n<p><a href='http:\/\/extra.inmontanis.info\/d\/15164-2\/DSC05195.jpg'><img src=http:\/\/extra.inmontanis.info\/d\/15161-3\/DSC05195.jpg \/><\/a><br \/>\n^ St\u00fctze 1<\/p>\n<p><a href='http:\/\/extra.inmontanis.info\/d\/15168-2\/DSC05200.jpg'><img src=http:\/\/extra.inmontanis.info\/d\/15166-3\/DSC05200.jpg \/><\/a><br \/>\n^ Strecke<\/p>\n<p><a href='http:\/\/extra.inmontanis.info\/d\/15172-2\/DSC05201.jpg'><img src=http:\/\/extra.inmontanis.info\/d\/15170-3\/DSC05201.jpg \/><\/a><br \/>\n^ Talstation<\/p>\n<p><a href='http:\/\/extra.inmontanis.info\/d\/15176-2\/DSC05209.jpg'><img src=http:\/\/extra.inmontanis.info\/d\/15174-3\/DSC05209.jpg \/><\/a><br \/>\n^ B\u00fcgel<\/p>\n<p><a href='http:\/\/extra.inmontanis.info\/d\/15180-2\/DSC05211.jpg'><img src=http:\/\/extra.inmontanis.info\/d\/15178-3\/DSC05211.jpg \/><\/a><br \/>\n^ Haube<\/p>\n<p><a href='http:\/\/extra.inmontanis.info\/d\/15184-2\/DSC05219.jpg'><img src=http:\/\/extra.inmontanis.info\/d\/15182-3\/DSC05219.jpg \/><\/a><br \/>\n^ Strecke<\/p>\n<p><img src=http:\/\/extra.inmontanis.info\/d\/15188-2\/DSC05222.jpg \/><br \/>\n^ Strecke und Pano<\/p>\n<p><a href='http:\/\/extra.inmontanis.info\/d\/15192-2\/DSC05229.jpg'><img src=http:\/\/extra.inmontanis.info\/d\/15190-3\/DSC05229.jpg \/><\/a><br \/>\n^ Bergstation<\/p>\n<p><a href='http:\/\/extra.inmontanis.info\/d\/15196-2\/DSC05234.jpg'><img src=http:\/\/extra.inmontanis.info\/d\/15194-3\/DSC05234.jpg \/><\/a><br \/>\n^ Sommerrodelbahn<\/p>\n<p><a href='http:\/\/extra.inmontanis.info\/d\/15200-2\/DSC05235.jpg'><img src=http:\/\/extra.inmontanis.info\/d\/15198-3\/DSC05235.jpg \/><\/a><br \/>\n^ Sommerrodelbahn<\/p>\n<p><img src=http:\/\/extra.inmontanis.info\/d\/15204-2\/DSC05242.jpg \/><br \/>\n^ Pano<\/p>\n<p><a href='http:\/\/extra.inmontanis.info\/d\/15208-2\/DSC05248.jpg'><img src=http:\/\/extra.inmontanis.info\/d\/15206-3\/DSC05248.jpg \/><\/a><br \/>\n^ Bergstation<\/p>\n<p><img src=http:\/\/extra.inmontanis.info\/d\/15212-2\/DSC05252.jpg \/><br \/>\n^ Portalst\u00fctze an der Bergstation<\/p>\n<p><img src=http:\/\/extra.inmontanis.info\/d\/15216-2\/DSC05258.jpg \/><br \/>\n^ Saar<\/p>\n<p><img src=http:\/\/extra.inmontanis.info\/d\/15220-2\/DSC02968.jpg \/><br \/>\n^ IR-Pano<\/p>\n<p><a href='http:\/\/extra.inmontanis.info\/d\/15224-2\/DSC05262.jpg'><img src=http:\/\/extra.inmontanis.info\/d\/15222-3\/DSC05262.jpg \/><\/a><br \/>\n^ Talstation<\/p>\n<p><a href='http:\/\/extra.inmontanis.info\/d\/15228-2\/DSC05270.jpg'><img src=http:\/\/extra.inmontanis.info\/d\/15226-3\/DSC05270.jpg \/><\/a><br \/>\n^ Tal<\/p>\n<p><a href='http:\/\/extra.inmontanis.info\/d\/15232-2\/DSC05272.jpg'><img src=http:\/\/extra.inmontanis.info\/d\/15230-3\/DSC05272.jpg \/><\/a><br \/>\n^ Talstation<\/p>\n<p><a href='http:\/\/extra.inmontanis.info\/d\/15236-2\/DSC05276.jpg'><img src=http:\/\/extra.inmontanis.info\/d\/15234-3\/DSC05276.jpg \/><\/a><br \/>\n^ Talstation<\/p>\n<p>Noch ein kleines Filmchen:<br \/>\n<object style=\"height: 500px; width: 900px\"><param name=\"movie\" value=\"http:\/\/www.youtube.com\/v\/Oi68A0DMRYo\"><\/param><param name=\"wmode\" value=\"transparent\"><\/param><embed src=\"http:\/\/www.youtube.com\/v\/Oi68A0DMRYo\" type=\"application\/x-shockwave-flash\" wmode=\"transparent\"  width=\"900\" height=\"480\"><\/embed><\/object><\/p>\n<p>Nachdem wir hier ja so nah an Frankreich sind.. wo ist denn der n\u00e4chste Buffalo Grill? Hatte das Standort-B\u00fcchlein dabei und mir einen nahe der Grenze ausgesucht. Auf dem Weg kam ich zuf\u00e4lligerweise in Saarbr\u00fccken am Deutsch-Franz\u00f6sischen Garten vorbei. Ich machte mir keine gro\u00dfen Hoffnungen, dass die 2EUB heute laufen w\u00fcrde &#8211; aber wenn schon Mittwoch Nachmittag ist, und das Wetter passt, und man ja eigentlich offiziell Mittwoch und Samstag nachmittag Betrieb sein soll, hab ich halt gehalten und bin kurz r\u00fcber gelaufen. Wie erwartet &#8211; kein Betrieb. Wartungsarbeiten. Aha.<\/p>\n<p><a href='http:\/\/extra.inmontanis.info\/d\/15240-2\/DSC05278.jpg'><img src=http:\/\/extra.inmontanis.info\/d\/15238-3\/DSC05278.jpg \/><\/a><br \/>\n^ Wegen Wartungsarbeiten kein Fahrbetrieb!<\/p>\n<p>Also r\u00fcber nach Frankreich und an einem nahegelegenen Intermarche gehalten. War aber zu klein und hatte nicht all das bekommen, was ich wollte. Weiter zum Buffalo und gegessen, leider etwas l\u00e4nger gedauert, so dass ich den Nachtisch canceln musste, denn mittlerweile sprach die uhr 18:30 und ich wollte ja noch in einen gr\u00f6sseren Supermarkt &#8211; entweder ein Leclerc lt. Navi oder ein Super-U an dem ich 1 Ausfahrt vor dem Buffalo vorher vorbei kam.<\/p>\n<p>Weil besser auf dem R\u00fcckweg bin ich zum Super-U, leider auch nicht gr\u00f6sser und auch kaum was von den Sachen, die ich wollte, bekomen. Grummel. Also dann eben doch noch zum Leclerc.<\/p>\n<p>Jawollo. Das ist die richtige Gr\u00f6\u00dfe. Und noch alles bekommen, was ich wollte. Der Preis? Nich nur Euro, sondern auch Zeit. Inzwischen war es 19:45 Uhr. F\u00fcr den R\u00fcckweg schlug mein Navi dann die Autobahn durch FR vor. Voraussichtliche Ankunftszeit 1:36 Uhr. Autsch, und morgen um 8 Uhr arbeiten. So sp\u00e4t kam ich auch noch nie heim.<\/p>\n<p><a href='http:\/\/extra.inmontanis.info\/d\/15244-2\/DSC05282.jpg'><img src=http:\/\/extra.inmontanis.info\/d\/15242-3\/DSC05282.jpg \/><\/a><br \/>\n^ Gesch\u00e4tzte Ankunftszeit ..<\/p>\n<p>Dank Maut war die franz\u00f6sische Autobahn wenigstens sch\u00f6n leer, all zu teuer war sie auch nicht &#8211; vmtl. w\u00e4re die deutsche Strecke voller gewesen. In DE gab&#8217;s dann leider einen Stau (so sp\u00e4t), den ich umfahren hab. Sp\u00e4ter in Ulm meinte mein Navi mich auf der Diagonalen leiten zu m\u00fcssen, die sich als Nicht-Autobahn herausstellte. Dem nicht genug, gab&#8217;s mitten in Ulm auch noch eine Baustelle, wodurch ein Tunnel gesperrt war und man \u00fcber die Kreuzung fahren musste. Und da war mal wieder Umweltzone. Was soll man in dem Fall bitte machen? Muss man ja durchfahren, wenn man keine Vignette hat &#8230;<\/p>\n<p>Jedenfalls hat das einiges an Zeit gekostet, mittlerweile stand das Navi auf 1:46 Uhr. Ab jetzt also Tempomat auf Vollgas &#8211; allerdings hie\u00df das nur selten mehr als 155 km\/h. Trotzdem einiges an Zeit wieder gut gemacht, und als ich daheim am Parkplatz war &#8211; war es genau 1:36 Uhr, wie das Navi 5 Stunden und 43 Minuten vorher beim E.Leclerc vorhersagte&#8230;<\/p>\n<p><a href='http:\/\/extra.inmontanis.info\/d\/15248-2\/DSC05290.jpg'><img src=http:\/\/extra.inmontanis.info\/d\/15246-3\/DSC05290.jpg \/><\/a><br \/>\n^ .. tats\u00e4chliche Ankunftszeit.<\/p>\n<p>Und mit einem Foto der diesmaligen Eink\u00e4ufe beende ich die Berichtsreihe meiner diesj\u00e4hrigen Sommertour:<\/p>\n<p><img src=http:\/\/extra.inmontanis.info\/d\/15252-2\/DSC05292.jpg \/><br \/>\n^ Mitbringsel &#8211; aus England, Belgien und Frankreich<br \/>\n(4 Flaschen Diet Cherry Coke fehlen leider auf dem Bild)<\/p>\n<p>## Ende ##<\/p>\n","protected":false},"excerpt":{"rendered":"<p>MM&#038;M Tag 13, 29.8.2012 &#8211; Saarburg &#038; Finale<\/p>\n<p> W) Saarburg (DSB) X) Saarbr\u00fccken<\/p>\n<p>Um 7 Uhr aufgestanden. Wenn ich schon in Frankreich bin, k\u00f6nnen wir doch gleich mal einkaufen? <\/p>\n<p> <a href=\"http:\/\/blog.inmontanis.info\/?p=2125\">[&#8230;]<\/a><\/p>\n","protected":false},"author":1,"featured_media":0,"comment_status":"open","ping_status":"closed","sticky":false,"template":"","format":"standard","meta":{"footnotes":""},"categories":[113,12],"tags":[38],"class_list":["post-2125","post","type-post","status-publish","format-standard","hentry","category-113","category-germany","tag-dsb","odd"],"_links":{"self":[{"href":"http:\/\/blog.inmontanis.info\/index.php?rest_route=\/wp\/v2\/posts\/2125","targetHints":{"allow":["GET"]}}],"collection":[{"href":"http:\/\/blog.inmontanis.info\/index.php?rest_route=\/wp\/v2\/posts"}],"about":[{"href":"http:\/\/blog.inmontanis.info\/index.php?rest_route=\/wp\/v2\/types\/post"}],"author":[{"embeddable":true,"href":"http:\/\/blog.inmontanis.info\/index.php?rest_route=\/wp\/v2\/users\/1"}],"replies":[{"embeddable":true,"href":"http:\/\/blog.inmontanis.info\/index.php?rest_route=%2Fwp%2Fv2%2Fcomments&post=2125"}],"version-history":[{"count":2,"href":"http:\/\/blog.inmontanis.info\/index.php?rest_route=\/wp\/v2\/posts\/2125\/revisions"}],"predecessor-version":[{"id":2127,"href":"http:\/\/blog.inmontanis.info\/index.php?rest_route=\/wp\/v2\/posts\/2125\/revisions\/2127"}],"wp:attachment":[{"href":"http:\/\/blog.inmontanis.info\/index.php?rest_route=%2Fwp%2Fv2%2Fmedia&parent=2125"}],"wp:term":[{"taxonomy":"category","embeddable":true,"href":"http:\/\/blog.inmontanis.info\/index.php?rest_route=%2Fwp%2Fv2%2Fcategories&post=2125"},{"taxonomy":"post_tag","embeddable":true,"href":"http:\/\/blog.inmontanis.info\/index.php?rest_route=%2Fwp%2Fv2%2Ftags&post=2125"}],"curies":[{"name":"wp","href":"https:\/\/api.w.org\/{rel}","templated":true}]}}