{"id":2073,"date":"2012-08-15T23:42:37","date_gmt":"2012-08-15T21:42:37","guid":{"rendered":"http:\/\/blog.inmontanis.info\/?p=2073"},"modified":"2023-08-05T21:05:49","modified_gmt":"2023-08-05T19:05:49","slug":"st-johann-tirol-15-8-2012","status":"publish","type":"post","link":"http:\/\/blog.inmontanis.info\/?p=2073","title":{"rendered":"St. Johann (Tirol) 15.8.2012"},"content":{"rendered":"<p>Heute am Feiertag ging&#8217;s nur nach St. Johann. Allerdings macht die 6EUB in 2 Sektionen ja ca. 1000 hm. Oben angekommen hatte ich ein l\u00e4ngeres Gespr\u00e4ch mit dem Seilbahnbediensteten, der sich vor kurzem einen Skyver gekauft hatte.<!--more--><\/p>\n<p>Nach ein paar Fotos ging&#8217;s den normalen Weg hinab, der anscheinend vor etlichen Jahren mal geteert wurde &#8211; hier und da gibt&#8217;s noch ein paar Reste, zumeist ist es aber doch Schotter (bis auf den ganz unteren Teil). In Summe also etwas schlechter zu fahren als in Kirchberg, aber besser als manch andere Abfahrten heuer.<\/p>\n<p>Auffahrt: 4,4 km<br \/>\nAbfahrt: 9,4 km<br \/>\nV(max): 34,5 km\/h<br \/>\nH\u00f6hendiff.: ca. 930m<\/p>\n<p>(Fotos anklicken zum Vergr\u00f6\u00dfern, soweit nicht vergr\u00f6\u00dfert gepostet.)<\/p>\n<p><img src=http:\/\/ski.inmontanis.info\/d\/149841-2\/DSC03111.jpg \/><br \/>\n^ 6EUB Sektion I<\/p>\n<p><img src=http:\/\/ski.inmontanis.info\/d\/149849-2\/DSC02623.jpg \/><br \/>\n^ 6EUB (IR)<\/p>\n<p><a href='http:\/\/ski.inmontanis.info\/d\/149845-2\/DSC03117.jpg'><img src=http:\/\/ski.inmontanis.info\/d\/149843-3\/DSC03117.jpg \/><\/a><br \/>\n^ Kabinengeh\u00e4nge<\/p>\n<p><img src=http:\/\/ski.inmontanis.info\/d\/149853-2\/DSC03123.jpg \/><br \/>\n^ Mittelstation<\/p>\n<p><img src=http:\/\/ski.inmontanis.info\/d\/149857-2\/DSC03130.jpg \/><br \/>\n^ Pano<\/p>\n<p><img src=http:\/\/ski.inmontanis.info\/d\/149861-2\/DSC03131.jpg \/><br \/>\n^ Pano mit 6EUB<\/p>\n<p><a href='http:\/\/ski.inmontanis.info\/d\/149865-2\/DSC03135.jpg'><img src=http:\/\/ski.inmontanis.info\/d\/149863-3\/DSC03135.jpg \/><\/a><br \/>\n^ Kitzb\u00fcheler Horn<\/p>\n<p><a href='http:\/\/ski.inmontanis.info\/d\/149869-2\/DSC03138.jpg'><img src=http:\/\/ski.inmontanis.info\/d\/149867-3\/DSC03138.jpg \/><\/a><br \/>\n^ Industriell begradigte und belanzte Abfahrten sind nicht nur im Winter st\u00f6rend, sondern insbesondere auch im Sommer.<\/p>\n<p><img src=http:\/\/ski.inmontanis.info\/d\/149873-2\/DSC03139.jpg \/><br \/>\n^ K\u00fcnstliche Beschneiungsteiche dagegen sind im Sommer nett an zu sehen.<\/p>\n<p><img src=http:\/\/ski.inmontanis.info\/d\/149877-2\/DSC02642.jpg \/><br \/>\n^ Abfahrt, ab hier asphaltiert (IR)<\/p>\n<p><a href='http:\/\/ski.inmontanis.info\/d\/149881-2\/ge_20120815.jpg'><img src=http:\/\/ski.inmontanis.info\/d\/149879-3\/ge_20120815.jpg \/><\/a><br \/>\n^ GPS-Track St. Johann 15.8.2012<\/p>\n","protected":false},"excerpt":{"rendered":"<p>Heute am Feiertag ging&#8217;s nur nach St. Johann. Allerdings macht die 6EUB in 2 Sektionen ja ca. 1000 hm. Oben angekommen hatte ich ein l\u00e4ngeres Gespr\u00e4ch mit dem Seilbahnbediensteten, der sich vor kurzem einen Skyver gekauft hatte.<\/p>\n<p> <a href=\"http:\/\/blog.inmontanis.info\/?p=2073\">[&#8230;]<\/a><\/p>\n","protected":false},"author":1,"featured_media":0,"comment_status":"open","ping_status":"closed","sticky":false,"template":"","format":"standard","meta":{"footnotes":""},"categories":[25,13,836],"tags":[39,90,45],"class_list":["post-2073","post","type-post","status-publish","format-standard","hentry","category-noreport","category-austria","category-st-johann-in-tirol","tag-6eub","tag-infrarot","tag-see","odd"],"_links":{"self":[{"href":"http:\/\/blog.inmontanis.info\/index.php?rest_route=\/wp\/v2\/posts\/2073","targetHints":{"allow":["GET"]}}],"collection":[{"href":"http:\/\/blog.inmontanis.info\/index.php?rest_route=\/wp\/v2\/posts"}],"about":[{"href":"http:\/\/blog.inmontanis.info\/index.php?rest_route=\/wp\/v2\/types\/post"}],"author":[{"embeddable":true,"href":"http:\/\/blog.inmontanis.info\/index.php?rest_route=\/wp\/v2\/users\/1"}],"replies":[{"embeddable":true,"href":"http:\/\/blog.inmontanis.info\/index.php?rest_route=%2Fwp%2Fv2%2Fcomments&post=2073"}],"version-history":[{"count":3,"href":"http:\/\/blog.inmontanis.info\/index.php?rest_route=\/wp\/v2\/posts\/2073\/revisions"}],"predecessor-version":[{"id":2109,"href":"http:\/\/blog.inmontanis.info\/index.php?rest_route=\/wp\/v2\/posts\/2073\/revisions\/2109"}],"wp:attachment":[{"href":"http:\/\/blog.inmontanis.info\/index.php?rest_route=%2Fwp%2Fv2%2Fmedia&parent=2073"}],"wp:term":[{"taxonomy":"category","embeddable":true,"href":"http:\/\/blog.inmontanis.info\/index.php?rest_route=%2Fwp%2Fv2%2Fcategories&post=2073"},{"taxonomy":"post_tag","embeddable":true,"href":"http:\/\/blog.inmontanis.info\/index.php?rest_route=%2Fwp%2Fv2%2Ftags&post=2073"}],"curies":[{"name":"wp","href":"https:\/\/api.w.org\/{rel}","templated":true}]}}