{"id":2069,"date":"2012-08-12T23:40:41","date_gmt":"2012-08-12T21:40:41","guid":{"rendered":"http:\/\/blog.inmontanis.info\/?p=2069"},"modified":"2023-08-06T20:51:27","modified_gmt":"2023-08-06T18:51:27","slug":"kirchberg-brixen-12-8-2012","status":"publish","type":"post","link":"http:\/\/blog.inmontanis.info\/?p=2069","title":{"rendered":"Kirchberg &#038; Brixen, 12.8.2012"},"content":{"rendered":"<p>Da die Zeit bis zum Saisonschluss langsam knapp wird, muss ich ab sofort mind. 2 Bahnen pro Wochenende fahren, wenn ich noch alle schaffen will.<\/p>\n<p>Heute ging&#8217;s erst mal zur Fleckalmbahn, denn die hat die k\u00fcrzeste Saison.<!--more--><\/p>\n<p>Abfahrt \u00fcber die &#8220;normale&#8221; Stra\u00dfe, oben bis zur Fleckalm Schotter, kurz unterhalb der Fleckalm dann Asphalt, in Summe ganz gut zu fahren gewesen.<\/p>\n<p>(Fotos anklicken zum Vergr\u00f6\u00dfern, soweit nicht vergr\u00f6\u00dfert gepostet.)<\/p>\n<p><img src=http:\/\/ski.inmontanis.info\/d\/149764-2\/DSC03060.jpg \/><br \/>\n^ Pano Bergstation Fleckalmbahn<\/p>\n<p><img src=http:\/\/ski.inmontanis.info\/d\/149768-2\/DSC03063.jpg \/><br \/>\n^ Pano Bergstation Fleckalmbahn \/ Hahnenkamm<\/p>\n<p><img src=http:\/\/ski.inmontanis.info\/d\/149776-2\/DSC02604.jpg \/><br \/>\n^ IR-Pano Kitzb\u00fcheler Horn<\/p>\n<p><a href='http:\/\/ski.inmontanis.info\/d\/149772-2\/DSC02606.jpg'><img src=http:\/\/ski.inmontanis.info\/d\/149770-3\/DSC02606.jpg \/><\/a><br \/>\n^ IR-Pano<\/p>\n<p><a href='http:\/\/ski.inmontanis.info\/d\/149780-2\/DSC03068.jpg'><img src=http:\/\/ski.inmontanis.info\/d\/149778-3\/DSC03068.jpg \/><\/a><br \/>\n^ Gletscher-Pano<\/p>\n<p><a href='http:\/\/ski.inmontanis.info\/d\/149813-2\/DSC03072.jpg'><img src=http:\/\/ski.inmontanis.info\/d\/149811-3\/DSC03072.jpg \/><\/a><br \/>\n^ Hotel Eherenbachh\u00f6he \/ Steinbergkogel<\/p>\n<p><a href='http:\/\/ski.inmontanis.info\/d\/149785-2\/DSC03073.jpg'><img src=http:\/\/ski.inmontanis.info\/d\/149783-3\/DSC03073.jpg \/><\/a><br \/>\n^ Fleckalmbahn<\/p>\n<p><a href='http:\/\/ski.inmontanis.info\/d\/149789-2\/DSC03075.jpg'><img src=http:\/\/ski.inmontanis.info\/d\/149787-3\/DSC03075.jpg \/><\/a><br \/>\n^ Kitzb\u00fcheler Horn und 2 gro\u00dfe Beschneiungsteiche<\/p>\n<p><a href='http:\/\/ski.inmontanis.info\/d\/149793-2\/DSC03079.jpg'><img src=http:\/\/ski.inmontanis.info\/d\/149791-3\/DSC03079.jpg \/><\/a><br \/>\n^ Fleckalmbahn vs. Hohe Salve<\/p>\n<p><a href='http:\/\/ski.inmontanis.info\/d\/149797-2\/DSC02613.jpg'><img src=http:\/\/ski.inmontanis.info\/d\/149795-3\/DSC02613.jpg \/><\/a><br \/>\n^ .. und in IR, Fleckalmbahn vs. Hohe Salve<\/p>\n<p><a href='http:\/\/ski.inmontanis.info\/d\/149801-2\/DSC02614.jpg'><img src=http:\/\/ski.inmontanis.info\/d\/149799-3\/DSC02614.jpg \/><\/a><br \/>\n^ Fleckalmbahn (IR)<\/p>\n<p><a href='http:\/\/ski.inmontanis.info\/d\/149805-2\/DSC03081.jpg'><img src=http:\/\/ski.inmontanis.info\/d\/149803-3\/DSC03081.jpg \/><\/a><br \/>\n^ Asphaltierte Stra\u00dfe kurz unter der Fleckalm<\/p>\n<p><a href='http:\/\/ski.inmontanis.info\/d\/149809-2\/ge_fleck20120812.jpg'><img src=http:\/\/ski.inmontanis.info\/d\/149807-3\/ge_fleck20120812.jpg \/><\/a><br \/>\n^ GPS-Track Abfahrt Fleckalmbahn<\/p>\n<p>Auf dem R\u00fcckweg hielt ich noch in Brixen &#8211; die Bahn ist ja k\u00fcrzer, die Stra\u00dfe abw\u00e4rts war erst geschottert, dann geteert, dann nochmal geschottert und dann wieder geteert &#8211; somit war ich relativ z\u00fcgig wieder unten.<\/p>\n<p><a href='http:\/\/ski.inmontanis.info\/d\/149817-2\/DSC03082.jpg'><img src=http:\/\/ski.inmontanis.info\/d\/149815-3\/DSC03082.jpg \/><\/a><br \/>\n^ 6EUB Brixen-Hochbrixen<\/p>\n<p><a href='http:\/\/ski.inmontanis.info\/d\/149821-2\/DSC03084.jpg'><img src=http:\/\/ski.inmontanis.info\/d\/149819-3\/DSC03084.jpg \/><\/a><br \/>\n^ SL+4KSB<\/p>\n<p><a href='http:\/\/ski.inmontanis.info\/d\/149825-2\/DSC03086.jpg'><img src=http:\/\/ski.inmontanis.info\/d\/149823-3\/DSC03086.jpg \/><\/a><br \/>\n^ Hohe Salve<\/p>\n<p><a href='http:\/\/ski.inmontanis.info\/d\/149829-2\/DSC02622.jpg'><img src=http:\/\/ski.inmontanis.info\/d\/149827-3\/DSC02622.jpg \/><\/a><br \/>\n^ Hohe Salve (IR)<\/p>\n<p><a href='http:\/\/ski.inmontanis.info\/d\/149833-2\/DSC03087.jpg'><img src=http:\/\/ski.inmontanis.info\/d\/149831-3\/DSC03087.jpg \/><\/a><br \/>\n^ Erst Schotter, dann Asphalt, dann Schotter, dann wieder Asphalt.<\/p>\n<p><a href='http:\/\/ski.inmontanis.info\/d\/149837-2\/ge_brixen20120812.jpg'><img src=http:\/\/ski.inmontanis.info\/d\/149835-3\/ge_brixen20120812.jpg \/><\/a><br \/>\n^ GPS-Track Abfahrt Brixen<\/p>\n","protected":false},"excerpt":{"rendered":"<p>Da die Zeit bis zum Saisonschluss langsam knapp wird, muss ich ab sofort mind. 2 Bahnen pro Wochenende fahren, wenn ich noch alle schaffen will.<\/p>\n<p>Heute ging&#8217;s erst mal zur Fleckalmbahn, denn die hat die k\u00fcrzeste Saison.<\/p>\n<p> <a href=\"http:\/\/blog.inmontanis.info\/?p=2069\">[&#8230;]<\/a><\/p>\n","protected":false},"author":1,"featured_media":0,"comment_status":"open","ping_status":"closed","sticky":false,"template":"","format":"standard","meta":{"footnotes":""},"categories":[904,25,13,898],"tags":[39,90,45],"class_list":["post-2069","post","type-post","status-publish","format-standard","hentry","category-kitzbuhel","category-noreport","category-austria","category-skiwelt-wilder-kaiser","tag-6eub","tag-infrarot","tag-see","odd"],"_links":{"self":[{"href":"http:\/\/blog.inmontanis.info\/index.php?rest_route=\/wp\/v2\/posts\/2069","targetHints":{"allow":["GET"]}}],"collection":[{"href":"http:\/\/blog.inmontanis.info\/index.php?rest_route=\/wp\/v2\/posts"}],"about":[{"href":"http:\/\/blog.inmontanis.info\/index.php?rest_route=\/wp\/v2\/types\/post"}],"author":[{"embeddable":true,"href":"http:\/\/blog.inmontanis.info\/index.php?rest_route=\/wp\/v2\/users\/1"}],"replies":[{"embeddable":true,"href":"http:\/\/blog.inmontanis.info\/index.php?rest_route=%2Fwp%2Fv2%2Fcomments&post=2069"}],"version-history":[{"count":5,"href":"http:\/\/blog.inmontanis.info\/index.php?rest_route=\/wp\/v2\/posts\/2069\/revisions"}],"predecessor-version":[{"id":2110,"href":"http:\/\/blog.inmontanis.info\/index.php?rest_route=\/wp\/v2\/posts\/2069\/revisions\/2110"}],"wp:attachment":[{"href":"http:\/\/blog.inmontanis.info\/index.php?rest_route=%2Fwp%2Fv2%2Fmedia&parent=2069"}],"wp:term":[{"taxonomy":"category","embeddable":true,"href":"http:\/\/blog.inmontanis.info\/index.php?rest_route=%2Fwp%2Fv2%2Fcategories&post=2069"},{"taxonomy":"post_tag","embeddable":true,"href":"http:\/\/blog.inmontanis.info\/index.php?rest_route=%2Fwp%2Fv2%2Ftags&post=2069"}],"curies":[{"name":"wp","href":"https:\/\/api.w.org\/{rel}","templated":true}]}}