{"id":2056,"date":"2012-07-01T23:37:49","date_gmt":"2012-07-01T21:37:49","guid":{"rendered":"http:\/\/blog.inmontanis.info\/?p=2056"},"modified":"2023-07-30T21:21:29","modified_gmt":"2023-07-30T19:21:29","slug":"alpe-dhuez-1-7-2012","status":"publish","type":"post","link":"http:\/\/blog.inmontanis.info\/?p=2056","title":{"rendered":"Alpe d&#8217;Huez, 1.7.2012"},"content":{"rendered":"<p>Heute hab ich mir den Wecker etwas sp\u00e4ter gestellt &#8211; erst um 6:50 stand ich auf. Allerdings war die heutige Nacht alles andere als ruhig, mehrmals wurde ich durch Regentropfen aufgeweckt. Wenigstens gab&#8217;s keinen Sturm..<br \/>\n<!--more--><br \/>\n.. zumindest bis ich einige km ins Tal gefahren bin &#8211; da war er dann wieder, der Sturm. Na toll. Das war&#8217;s dann sicher f\u00fcr heute.<\/p>\n<p>Angekommen in Alpe d&#8217;Huez die Gewissheit &#8211; Starker Sturm (jenseits der 80 km\/h) und dann auch noch Gewitterwarnung &#8211; die Lifte bleiben voraussichtlich den ganzen Tag geschlossen.<\/p>\n<p>Kurze Nachfrage &#8211; gestern w\u00e4ren sie in Betrieb gewesen. Tja. Das Sommerskirevival in Alpe d&#8217;Huez haben sich wohl alle Beteiligten anders vorgestellt. Statt 2 Tage Ski inkl. Tunnel-Piste gab&#8217;s nur 1 Tag an der 4SB. Vielleicht in 2-3 Jahren wieder.<\/p>\n<p>(Fotos anklicken zum Vergr\u00f6\u00dfern, soweit nicht vergr\u00f6\u00dfert gepostet)<\/p>\n<p><img src=http:\/\/ski.inmontanis.info\/d\/149137-3\/DSC02505.jpg \/><br \/>\n^ Zoom Alpe d&#8217;Huez von Les 2 Alpes von gestern<\/p>\n<p><img src=http:\/\/ski.inmontanis.info\/d\/149133-3\/DSC02471.jpg \/><br \/>\n^ Zoom Alpe d&#8217;Huez von Les 2 Alpes von gestern<\/p>\n<p>(<br \/>\nUnd im Vergleich:<br \/>\n<a href='http:\/\/ski.inmontanis.info\/d\/116925-3\/P1530489.JPG'><img src=http:\/\/ski.inmontanis.info\/d\/116924-4\/P1530489.JPG \/><\/a><br \/>\n^ 24.6.2010 &#8211; da lag doch wesentlich mehr Schnee als heuer &#8211; und man kam damals nicht auf die Idee eines Sommerski-Revivals<br \/>\n)<\/p>\n<p><a href='http:\/\/extra.inmontanis.info\/d\/13539-2\/DSC02539.jpg'><img src=http:\/\/extra.inmontanis.info\/d\/13537-3\/DSC02539.jpg \/><\/a><br \/>\n^ Mein Fusion im neuen Sommer-Schlaf-Modus mit Ski und Bergm\u00f6nch<\/p>\n<p><img src=http:\/\/ski.inmontanis.info\/d\/149253-2\/DSC02540.jpg \/><br \/>\n^ DMC<\/p>\n<p><img src=http:\/\/ski.inmontanis.info\/d\/149257-2\/DSC02541.jpg \/><br \/>\n^ Die 2 Sektionen DMC und die PB, sowie die Gletscher-4SB<\/p>\n<p><a href='http:\/\/ski.inmontanis.info\/d\/149261-2\/DSC00376_gbr.jpg'><img src=http:\/\/ski.inmontanis.info\/d\/149260-3\/DSC00376_gbr.jpg \/><\/a><br \/>\n^ DMC in IR<\/p>\n<p><a href='http:\/\/ski.inmontanis.info\/d\/149265-2\/DSC02542.jpg'><img src=http:\/\/ski.inmontanis.info\/d\/149264-3\/DSC02542.jpg \/><\/a><br \/>\n^ Auf beiden Seiten starten hier interessanterweise Dreifach-KSSL!<\/p>\n<p><img src=http:\/\/ski.inmontanis.info\/d\/149269-2\/DSC02545.jpg \/><br \/>\n^ Pano an den Talstationen. Links der andere Trippel-KSSL<\/p>\n<p><a href='http:\/\/ski.inmontanis.info\/d\/149273-2\/DSC02546.jpg'><img src=http:\/\/ski.inmontanis.info\/d\/149272-3\/DSC02546.jpg \/><\/a><br \/>\n^ 3 KSSL und eine 4SB parallel. K\u00f6nnte krass voll sein auf den Pisten hier &#8230;<\/p>\n<p><img src=http:\/\/ski.inmontanis.info\/d\/149277-2\/DSC02549.jpg \/><br \/>\n^ Korb-GUB<\/p>\n<p><a href='http:\/\/ski.inmontanis.info\/d\/149281-2\/DSC02550.jpg'><img src=http:\/\/ski.inmontanis.info\/d\/149280-3\/DSC02550.jpg \/><\/a><br \/>\n^ Korb-GUB<\/p>\n<p><a href='http:\/\/ski.inmontanis.info\/d\/149307-2\/DSC02553.jpg'><img src=http:\/\/ski.inmontanis.info\/d\/149306-3\/DSC02553.jpg \/><\/a><br \/>\n^ Korb-GUB<\/p>\n<p><img src=http:\/\/ski.inmontanis.info\/d\/149286-2\/DSC02557.jpg \/><br \/>\n^ Poutran-EUB, dahinter DMC, im Vordergrund eine ehemalige DSB?-St\u00fctze. (HDR)<\/p>\n<p><img src=http:\/\/ski.inmontanis.info\/d\/149311-2\/DSC02559.jpg \/><br \/>\n^ DMC-St\u00fctze<\/p>\n<p><img src=http:\/\/ski.inmontanis.info\/d\/149291-2\/DSC02560.jpg \/><br \/>\n^ Interessante Bergstation der PB Rousses<\/p>\n<p><img src=http:\/\/ski.inmontanis.info\/d\/149295-2\/DSC02562.jpg \/><br \/>\n^ See<\/p>\n<p><img src=http:\/\/ski.inmontanis.info\/d\/149299-2\/DSC02564.jpg \/><br \/>\n^ Rechts die Poutran-EUB, die von Oz rauff\u00fchrt. K\u00f6nnte &#8216;ne coole Piste sein, zumindest das St\u00fcck hier..<\/p>\n<p><img src=http:\/\/ski.inmontanis.info\/d\/149303-2\/DSC02565.jpg \/><br \/>\n^ Stylische Mittelstation der Poutran-12EUB<\/p>\n<p>Somit trennten wir uns wieder, ich nahm die zeitlich l\u00e4ngere, aber mautfreie Strecke \u00fcber diverse P\u00e4sse (Col du Glandon, Col de Tami\u00e9, Col du Marais). Hatte mir noch \u00fcberlegt, mit der Sal\u00e8ve-PB zu fahren, aber als ich dort war, bei dem bedeckten Himmel und so &#8211; hatte ich dann auch keine sonderliche Lust. Netterweise gibt&#8217;s hier in der N\u00e4he gleich 2 Buffalos, so dass ich dort gegen 13:30 zu Mittag a\u00df und dann \u00fcber den Genfersee wieder heim fuhr. Wobei es mehrere Stau-Stellen gab, irgendwann wurd&#8217;s mir dann zu bl\u00f6d (und richtung Z\u00fcrich war ja noch der eine oder andere gemeldet), so dass ich die Autobahn \u00fcber Luzern gefahren bin. Trotz des Nicht-Skifahrens heute kam ich so trotzdem erst nach 20 Uhr heim.<\/p>\n<p><img src=http:\/\/extra.inmontanis.info\/d\/13543-2\/DSC02570.jpg \/><br \/>\n^ Sal\u00e8ve-PB<\/p>\n<p><a href='http:\/\/extra.inmontanis.info\/d\/13547-2\/DSC02574.jpg'><img src=http:\/\/extra.inmontanis.info\/d\/13545-3\/DSC02574.jpg \/><\/a><br \/>\n^ Einkauf, bissl weniger Naschsachen als sonst .. ;-)<\/p>\n","protected":false},"excerpt":{"rendered":"<p>Heute hab ich mir den Wecker etwas sp\u00e4ter gestellt &#8211; erst um 6:50 stand ich auf. Allerdings war die heutige Nacht alles andere als ruhig, mehrmals wurde ich durch Regentropfen aufgeweckt. Wenigstens gab&#8217;s keinen Sturm..<\/p>\n<p> <a href=\"http:\/\/blog.inmontanis.info\/?p=2056\">[&#8230;]<\/a><\/p>\n","protected":false},"author":1,"featured_media":0,"comment_status":"open","ping_status":"closed","sticky":false,"template":"","format":"standard","meta":{"footnotes":""},"categories":[111,288,16],"tags":[63,48,52,45],"class_list":["post-2056","post","type-post","status-publish","format-standard","hentry","category-201206-waast","category-alpe-dhuez","category-france","tag-korblift","tag-kssl","tag-pb","tag-see","odd"],"_links":{"self":[{"href":"http:\/\/blog.inmontanis.info\/index.php?rest_route=\/wp\/v2\/posts\/2056","targetHints":{"allow":["GET"]}}],"collection":[{"href":"http:\/\/blog.inmontanis.info\/index.php?rest_route=\/wp\/v2\/posts"}],"about":[{"href":"http:\/\/blog.inmontanis.info\/index.php?rest_route=\/wp\/v2\/types\/post"}],"author":[{"embeddable":true,"href":"http:\/\/blog.inmontanis.info\/index.php?rest_route=\/wp\/v2\/users\/1"}],"replies":[{"embeddable":true,"href":"http:\/\/blog.inmontanis.info\/index.php?rest_route=%2Fwp%2Fv2%2Fcomments&post=2056"}],"version-history":[{"count":3,"href":"http:\/\/blog.inmontanis.info\/index.php?rest_route=\/wp\/v2\/posts\/2056\/revisions"}],"predecessor-version":[{"id":2059,"href":"http:\/\/blog.inmontanis.info\/index.php?rest_route=\/wp\/v2\/posts\/2056\/revisions\/2059"}],"wp:attachment":[{"href":"http:\/\/blog.inmontanis.info\/index.php?rest_route=%2Fwp%2Fv2%2Fmedia&parent=2056"}],"wp:term":[{"taxonomy":"category","embeddable":true,"href":"http:\/\/blog.inmontanis.info\/index.php?rest_route=%2Fwp%2Fv2%2Fcategories&post=2056"},{"taxonomy":"post_tag","embeddable":true,"href":"http:\/\/blog.inmontanis.info\/index.php?rest_route=%2Fwp%2Fv2%2Ftags&post=2056"}],"curies":[{"name":"wp","href":"https:\/\/api.w.org\/{rel}","templated":true}]}}