{"id":2051,"date":"2012-06-30T23:34:37","date_gmt":"2012-06-30T21:34:37","guid":{"rendered":"http:\/\/blog.inmontanis.info\/?p=2051"},"modified":"2023-07-30T21:51:58","modified_gmt":"2023-07-30T19:51:58","slug":"les-2-alpes-30-6-2012","status":"publish","type":"post","link":"http:\/\/blog.inmontanis.info\/?p=2051","title":{"rendered":"Les 2 Alpes, 30.6.2012"},"content":{"rendered":"<p>Der Wecker klingelte mich heute nicht so fr\u00fch aus dem Bett. Es wehte ein starker Wind und ich bef\u00fcrchtete schon das schlimmste &#8211; w\u00e4re ja nicht das erste (und auch nicht das zweite) Mal gewesen, wenn ich in L2A vor verschlossenen T\u00fcren stehe.<br \/>\n<!--more--><br \/>\nAber die Bef\u00fcrchtungen waren erst mal umsonst, die Bahn fuhr, als ich um kurz nach 7:30 an der Talstation ankam. Erstmals hab ich hier einen Gondeleinweiser gesehen (z\u00e4hlt ab am Eingang und dann einsteigen), so dass die Wartezeit nicht so gro\u00df war.<\/p>\n<p>Oben an der Mittelstation angekommen, gab es aber keine Einweiser, daher war dort nochmal 5-10 Minuten Warten angesagt. Und sp\u00e4testens in der 2. Sektion war meine Bef\u00fcrchtung wieder da &#8211; extremer Sturm. Ufz. Ob da heut \u00fcberhaupt die Sessellifte gehen?<\/p>\n<p>Die 3SB stand schon mal still. Vorsichtig gesp\u00e4ht &#8211; gut, die 4KSB geht. Gleich mal fahren, bevor die eingstellt wird.<\/p>\n<p>Off-Piste an der 4KSB ging&#8217;s ebenfalls ganz gut. Ohne die 3SB muss man zur Talstation der U-Bahn, was aufgrund des enormen Gegenwindes und des bereits bremsenden Schnees hier &#8220;unten&#8221; eine ziemliche Schieberei war.<\/p>\n<p>Rauf mit der U-Bahn und dann das n\u00e4chste &#8220;war ja klar&#8221;: Der oberste SL hatte auch &#8220;Sturm-Frei&#8221;. Schade.<\/p>\n<p>\u00dcber die geniale D\u00f4me-Piste ging&#8217;s wieder zur 4KSB, wo ich nochmal die Off-Piste-Variante gefahren bin. K2k und Trincerone samt Freundin waren inzwischen auch hier und konnten gerade noch mit der 4KSB fahren, denn jetzt wurde auch sie Opfer des Sturms.<\/p>\n<p>Gleichzeitig wurden auch s\u00e4mtliche SL &#8211; mit Ausnahme des kurzen am Funpark &#8211; eingestellt. Wir sind noch 2 oder 3x die U-Bahn und den kurzen SL gefahren. Die U-Bahn w\u00e4re zwar noch ein paar Mal weiter gefahren, aber mit dem Sturm und dem Fu\u00dfweg war uns das auf Dauer doch zu bl\u00f6d, gegen 11:40 Uhr haben wir&#8217;s gelassen.<\/p>\n<p>Zwischenzeitlich gesellte sich noch Jerome zu uns, der &#8211; \u00e4hnlich wie ich &#8211; auch mal &#8220;anders wo&#8221; skif\u00e4hrt. Heuer war er z.B. monatelang in Osteuropa und Asien unterwegs (bis runter in den Iran und nach Dubai): http:\/\/www.plan-neige.org\/wordpress\/le-topo\/<\/p>\n<p>(Fotos anklicken zum Vergr\u00f6\u00dfern, soweit nicht vergr\u00f6\u00dfert gepostet.)<\/p>\n<p><a href='http:\/\/ski.inmontanis.info\/d\/149141-2\/DSC02465.jpg'><img src=http:\/\/ski.inmontanis.info\/d\/149140-3\/DSC02465.jpg \/><\/a><br \/>\n^ Jandri 2, eine Abfahrt h\u00e4tte einen etwas l\u00e4ngeren Fu\u00dfweg bedeutet.<\/p>\n<p><img src=http:\/\/ski.inmontanis.info\/d\/149145-2\/DSC02467.jpg \/><br \/>\n^ SL Puy Salie<\/p>\n<p><img src=http:\/\/ski.inmontanis.info\/d\/149149-2\/DSC02473.jpg \/><br \/>\n^ Von der 4KSB Signal zum Gletscherbereich. Die 3SB war wg. Wind nicht in Betrieb.<\/p>\n<p><img src=http:\/\/ski.inmontanis.info\/d\/149153-2\/DSC02474.jpg \/><br \/>\n^ Begstationen SL Puy Salie und U-Bahn, der neue Verbindungs-SL und SL Lauze waren wg. Wind nicht in Betrieb<\/p>\n<p><img src=http:\/\/ski.inmontanis.info\/d\/149157-2\/DSC02475.jpg \/><br \/>\n^ D\u00f4me-Abfahrt zu den SBs<\/p>\n<p><img src=http:\/\/ski.inmontanis.info\/d\/149161-2\/DSC02476.jpg \/><br \/>\n^ In der 4KSB. Wem wohl die C4-Ski geh\u00f6ren? :)<\/p>\n<p><img src=http:\/\/ski.inmontanis.info\/d\/149165-2\/DSC02478.jpg \/><br \/>\n^ Um 10:30 Uhr der einzige SL, der noch in Betrieb war: Der kurze am Funpark. Kurze Zeit sp\u00e4ter auch hier: Sturm-Aus.<\/p>\n<p><img src=http:\/\/ski.inmontanis.info\/d\/149169-2\/DSC02479.jpg \/><br \/>\n^ Freie Fahrt um kurz nach 11 Uhr, der Vorteil wenn die Lifte wg. Sturm zu sind &#8211; sind auch die Trainingsgruppen weg. Bemerkenswert: Die schlechte Sicht.<\/p>\n<p><img src=http:\/\/ski.inmontanis.info\/d\/149173-2\/DSC02480.jpg \/><br \/>\n^ Standard-Foto vom Restaurant aus<\/p>\n<p>Nachdem an der DMC talw\u00e4rts noch viele Leute anstanden (obwohl die Trainingsgruppen schon lange aufgeh\u00f6rt hatten), blieben wir noch etwas am Restaurant oben. Sp\u00e4ter, an der Mittelstation, gab es dann nochmal Wartezeiten (und zwar nicht nur an der DMC Jandri 1, sondern auch an der PB, die ja ein 2. Zubringer auf anderer Trasse ist. Irgendwie unverst\u00e4ndlich.)<\/p>\n<p><img src=http:\/\/ski.inmontanis.info\/d\/149181-2\/DSC02482.jpg \/><br \/>\n^ PB und 3 unterschiedlich gef\u00e4rbte Seen!<\/p>\n<p>Crazy wie ich bin und ein Schneefeld entdeckte, hab ich noch eine kurze Abfahrt an der Mittelstation eingelegt :) K2k m\u00fcsste ein Foto haben.<\/p>\n<p>Hier haben wir uns auch schon wieder getrennt, ich bin mit der DMC talw\u00e4rts, nachdem kaum mehr Wartezeiten waren und in der N\u00e4he meines Autos in das &#8220;Take Away&#8221; &#8211; Fastfood-Restaurant. Kebap + Pommes + Cola + BBQ-Sauce f\u00fcr 7,90 \u20ac &#8211; das geht f\u00fcr einen franz\u00f6sischen Skiort mehr als OK.<\/p>\n<p><a href='http:\/\/extra.inmontanis.info\/d\/13523-2\/IMG_0225.jpg'><img src=http:\/\/extra.inmontanis.info\/d\/13521-3\/IMG_0225.jpg \/><\/a><\/p>\n<p>Die Diable 4EUB, das sch\u00f6ne alte Poma-Oeuf, das heuer auf anderer Trasse ersetzt wird, w\u00e4re noch in Betrieb gewesen &#8211; aber wg. des Sturms heute nachmittag leider  nicht mehr :-(<\/p>\n<p>Aber auch Jandri 1 war jetzt eingestellt, so dass ich nicht, wie vorgehabt, dort mit meinem Bergm\u00f6nch rumkurven konnte.<\/p>\n<p>Was blieb waren die 4SB Vall\u00e9e Blanche und die DSB Mont de Lans. Aber &#8230; von hier aus runterfahren und unten an der DSB dann vor geschlossenen Toren stehen? Ne. Dann lieber erst mal mit dem Auto runter, mit der DSB rauf, r\u00fcber zur 4SB laufen und mit der 4SB rauf.<\/p>\n<p>Gesagt getan. Nat\u00fcrlich fiel ich mit meinem Bergm\u00f6nch am R\u00fccken schwer auf, denn im Gegensatz zu DE und AT ist das Teil in FR vermutlich noch unbekannter. Einer der Seilbahnangestellten an der 4SB musste mich sogar fotografieren!<\/p>\n<p>Jedenfalls, die 4SB fuhr auch sehr langsam und blieb auch mal l\u00e4nger stehen. Nicht viel sp\u00e4ter wurde auch diese aufgrund des Sturms eingestellt.<\/p>\n<p>F\u00fcr&#8217;s erste wollte ich die gr\u00fcne Abfahrt machen. Gr\u00fcn ist ja bekanntlich der leichteste Schwierigkeitsgrad. Aber gleich oben waren ein paar enge, schr\u00e4ge Kurven, mindestens bei einer musste ich absteigen. Zum Gl\u00fcck war ja nix los. Ein kleines Trainingsareal gab&#8217;s hier oben auch noch, w\u00fcrd ich auch gern \u00f6fters fahren, um einfach mehr Gef\u00fchl zu bekommen. Auch wenn ich wahrlich nicht vor habe, diese Trails irgendwann runter rasen zu k\u00f6nnen.<\/p>\n<p>An der DSB Mont-de-Lans gibt&#8217;s 2 Abfahrten, eine rote, wo sehr viele unterwegs waren, und eine blaue, die jedoch gesperrt war. Nach kurzer Unterhaltung mit einem Liftw\u00e4rter hab ich mich entschieden, sie dennoch zu fahren. Man m\u00fcsse halt auf die ausgewaschenen Bereiche usw. aufpassen. Hab ein paar Mal absteigen m\u00fcssen. Weiter unten ging&#8217;s im Prinzip zwar besser, aber teilweise meterhohes Gras und man hat die Spur gar nicht mehr gesehen &#8211; und musste aufpassen, dass man nicht pl\u00f6tzlich in einer fehlenden Br\u00fccke h\u00e4ngenbleibt.<\/p>\n<p><img src=http:\/\/ski.inmontanis.info\/d\/149177-2\/ge_l2a_2012a.jpg \/><br \/>\n^ GPS-Track 2012, Blau der kurze Ski-Vormittag, Rot der Bergm\u00f6nch-Nachmittag<\/p>\n<p><a href='http:\/\/ski.inmontanis.info\/d\/149189-2\/DSC02484.jpg'><img src=http:\/\/ski.inmontanis.info\/d\/149188-3\/DSC02484.jpg \/><\/a><br \/>\n^ Talstation DSB Mont de Lans<\/p>\n<p><img src=http:\/\/ski.inmontanis.info\/d\/149185-2\/DSC02485.jpg \/><br \/>\n^ DSB Mont de Lans Talstation<\/p>\n<p><a href='http:\/\/ski.inmontanis.info\/d\/149193-2\/DSC02488.jpg'><img src=http:\/\/ski.inmontanis.info\/d\/149192-3\/DSC02488.jpg \/><\/a><br \/>\n^ DSB Mont de Lans<\/p>\n<p><a href='http:\/\/ski.inmontanis.info\/d\/149197-2\/DSC02491.jpg'><img src=http:\/\/ski.inmontanis.info\/d\/149196-3\/DSC02491.jpg \/><\/a><br \/>\n^ DSB Mont de Lans und Abfahrt<\/p>\n<p><a href='http:\/\/ski.inmontanis.info\/d\/149201-2\/DSC02496.jpg'><img src=http:\/\/ski.inmontanis.info\/d\/149200-3\/DSC02496.jpg \/><\/a><br \/>\n^ DSB Mont de Lans, 4SB Petite Aiguille, 4SB C\u00f4te, 4SB Val\u00e9e Blanche<\/p>\n<p><a href='http:\/\/ski.inmontanis.info\/d\/149205-2\/DSC02502.jpg'><img src=http:\/\/ski.inmontanis.info\/d\/149204-3\/DSC02502.jpg \/><\/a><br \/>\n^ Tal-Pano Bergstation 4SB Val\u00e9e Blanche<\/p>\n<p><img src=http:\/\/ski.inmontanis.info\/d\/149209-2\/DSC02506.jpg \/><br \/>\n^ Bergstation der stillgelegten DSB Bons<\/p>\n<p><img src=http:\/\/ski.inmontanis.info\/d\/149213-2\/DSC02508.jpg \/><br \/>\n^ Les 2 Alpes<\/p>\n<p><a href='http:\/\/ski.inmontanis.info\/d\/149217-2\/DSC02512.jpg'><img src=http:\/\/ski.inmontanis.info\/d\/149216-3\/DSC02512.jpg \/><\/a><br \/>\n^ Ex-DSB Bons<\/p>\n<p><a href='http:\/\/ski.inmontanis.info\/d\/149221-2\/DSC02516.jpg'><img src=http:\/\/ski.inmontanis.info\/d\/149220-3\/DSC02516.jpg \/><\/a><br \/>\n^ Ex-DSB Bons<\/p>\n<p><a href='http:\/\/ski.inmontanis.info\/d\/149225-2\/DSC02517.jpg'><img src=http:\/\/ski.inmontanis.info\/d\/149224-3\/DSC02517.jpg \/><\/a><br \/>\n^ Gr\u00fcne Abfahrt, gleich am Anfang ein paar Kurven &#8211; ein paar davon waren mir ehrlich gesagt zu steil (die linke in der Mitte)<\/p>\n<p><img src=http:\/\/ski.inmontanis.info\/d\/149229-2\/DSC02519.jpg \/><br \/>\n^ Ex-DSB Bons<\/p>\n<p><img src=http:\/\/ski.inmontanis.info\/d\/149233-2\/DSC02520.jpg \/><br \/>\n^ Anf\u00e4nger-Trainingsareal im oberen Bereich am gr\u00fcnen Trail der Vall\u00e9e-Blanche-4SB. Bis auf die Jumps bin ich alle Sachen 1-2x gefahren.<\/p>\n<p><a href='http:\/\/ski.inmontanis.info\/d\/149237-2\/DSC02523.jpg'><img src=http:\/\/ski.inmontanis.info\/d\/149236-3\/DSC02523.jpg \/><\/a><br \/>\n^ Auch das gr\u00fcne St\u00fcck an der 4SB C\u00f4te (Verbindung Vall\u00e9e Blanche zu den unteren SBs) war mir stellenweise zu schwierig. Wie sind dann erst die blauen, roten und schwarzen Trails?! :)<\/p>\n<p><img src=http:\/\/ski.inmontanis.info\/d\/149241-2\/DSC02524.jpg \/><br \/>\n^ C\u00f4te, Mont-de-Lans und Petite-Aiguille<\/p>\n<p><a href='http:\/\/ski.inmontanis.info\/d\/149245-2\/DSC02529.jpg'><img src=http:\/\/ski.inmontanis.info\/d\/149244-3\/DSC02529.jpg \/><\/a><br \/>\n^ Abfahrt Mont-de-Lans<\/p>\n<p><a href='http:\/\/ski.inmontanis.info\/d\/149249-2\/DSC02530.jpg'><img src=http:\/\/ski.inmontanis.info\/d\/149248-3\/DSC02530.jpg \/><\/a><br \/>\n^ Abfahrt Mont-de-Lans mit Bergm\u00f6nch<\/p>\n<p>Die Zeit verging, und ich wollte ja noch einkaufen. Erst am Supermarkt in Bourg d&#8217;Oisans, aber da bekam ich nicht das, was ich wollte. Andere Superm\u00e4rkte auf den Weg nach Grenoble hatten bereits zu (war bereits kurz vor 20 Uhr), also ging&#8217;s eben bis nach Grenoble bzw. ins Industrieviertel von Echirolles, ins Einkaufszentrum, wo ein riesiger Leclerc war. So riesig, dass es sage und schreibe mindestens 55 Kassen gibt (hinter mir k\u00f6nnten im Elektronik-Bereich sogar noch ein paar gewesen sein):<\/p>\n<p><img src=http:\/\/extra.inmontanis.info\/d\/13527-2\/IMG_0226.jpg \/><br \/>\n^ Zu sehen die Kassen mit den Nummern 52-54<\/p>\n<p>Ich bekam das, was mir noch gefehlt hat, u.a. einige Quiches aus dem K\u00fchlregal. Danach noch kurz zum Kentucky und zur\u00fcck zum Col du Lautaret. Bzw. gleich weiter um Col du Galibier, denn dort gab es noch Schneereste, die ich zum K\u00fchlen meines Einkaufs verwenden wollte.<\/p>\n<p>Auf dem Weg zum Galibier \u00fcberholte mich pl\u00f6tzlich ein Auto, bremste ab &#8211; ach was, Trincerone &#038; Co hatten sich entschieden, einen kleinen Nachtbesuch am Galibier zu machen!<\/p>\n<p>Oben gab es einen noch schlimmeren Sturm als gestern, man konnte kaum stehen, stellenweise gab es regelrechte Sandst\u00fcrme. Krass.<\/p>\n<p>F\u00fcr ein paar Langzeitbelichtungen auf der Nordseite hat&#8217;s aber auch noch gereicht:<\/p>\n<p><img src=http:\/\/extra.inmontanis.info\/d\/13479-3\/DSC02532.jpg \/><br \/>\n^ Danke an Trincerone f\u00fcr die Lichterspur ;-)<\/p>\n<p><img src=http:\/\/extra.inmontanis.info\/d\/13483-3\/DSC02534.jpg \/><\/p>\n<p><img src=http:\/\/extra.inmontanis.info\/d\/13487-3\/DSC02533.jpg \/><\/p>\n<p>Hier konnte ich dann auch 2 1,5l &#8211; Flaschen mit Schnee f\u00fcllen und in die K\u00fchlbox stellen, damit meine Quiches nicht verderben. Zum \u00dcbernachten bin ich aber wieder auf den etwas windstilleren Col du Lautaret gefahren.<\/p>\n","protected":false},"excerpt":{"rendered":"<p>Der Wecker klingelte mich heute nicht so fr\u00fch aus dem Bett. Es wehte ein starker Wind und ich bef\u00fcrchtete schon das schlimmste &#8211; w\u00e4re ja nicht das erste (und auch nicht das zweite) Mal gewesen, wenn ich in L2A vor verschlossenen T\u00fcren stehe.<\/p>\n<p> <a href=\"http:\/\/blog.inmontanis.info\/?p=2051\">[&#8230;]<\/a><\/p>\n","protected":false},"author":1,"featured_media":0,"comment_status":"open","ping_status":"closed","sticky":false,"template":"","format":"standard","meta":{"footnotes":""},"categories":[111,16,317,28,30],"tags":[49,38,100,47],"class_list":["post-2051","post","type-post","status-publish","format-standard","hentry","category-201206-waast","category-france","category-les-deux-alpes","category-skifahren-sommer","category-wandern","tag-4sb","tag-dsb","tag-langzeitbelichtung","tag-sl","odd"],"_links":{"self":[{"href":"http:\/\/blog.inmontanis.info\/index.php?rest_route=\/wp\/v2\/posts\/2051","targetHints":{"allow":["GET"]}}],"collection":[{"href":"http:\/\/blog.inmontanis.info\/index.php?rest_route=\/wp\/v2\/posts"}],"about":[{"href":"http:\/\/blog.inmontanis.info\/index.php?rest_route=\/wp\/v2\/types\/post"}],"author":[{"embeddable":true,"href":"http:\/\/blog.inmontanis.info\/index.php?rest_route=\/wp\/v2\/users\/1"}],"replies":[{"embeddable":true,"href":"http:\/\/blog.inmontanis.info\/index.php?rest_route=%2Fwp%2Fv2%2Fcomments&post=2051"}],"version-history":[{"count":4,"href":"http:\/\/blog.inmontanis.info\/index.php?rest_route=\/wp\/v2\/posts\/2051\/revisions"}],"predecessor-version":[{"id":8925,"href":"http:\/\/blog.inmontanis.info\/index.php?rest_route=\/wp\/v2\/posts\/2051\/revisions\/8925"}],"wp:attachment":[{"href":"http:\/\/blog.inmontanis.info\/index.php?rest_route=%2Fwp%2Fv2%2Fmedia&parent=2051"}],"wp:term":[{"taxonomy":"category","embeddable":true,"href":"http:\/\/blog.inmontanis.info\/index.php?rest_route=%2Fwp%2Fv2%2Fcategories&post=2051"},{"taxonomy":"post_tag","embeddable":true,"href":"http:\/\/blog.inmontanis.info\/index.php?rest_route=%2Fwp%2Fv2%2Ftags&post=2051"}],"curies":[{"name":"wp","href":"https:\/\/api.w.org\/{rel}","templated":true}]}}