{"id":2047,"date":"2012-06-29T23:32:49","date_gmt":"2012-06-29T21:32:49","guid":{"rendered":"http:\/\/blog.inmontanis.info\/?p=2047"},"modified":"2023-07-31T18:29:02","modified_gmt":"2023-07-31T16:29:02","slug":"col-de-liseran-pissaillas-29-6-2012","status":"publish","type":"post","link":"http:\/\/blog.inmontanis.info\/?p=2047","title":{"rendered":"Col de l&#8217;Iseran &#8211; Pissaillas, 29.6.2012"},"content":{"rendered":"<p>Am Freitag ging&#8217;s zum Col de l&#8217;Iseran. Highlight ist auch hier immer die Off-Piste-M\u00f6glichkeiten am SL und der 4KSB. Wobei am SL ging heuer nicht viel &#8211; denn oben lag wesentlich weniger Schnee als letztes Jahr! Wo wir letztes Jahr so sch\u00f6n im Firn fuhren &#8211; heute alles schneefrei. Sogar der Gletscher war schon gro\u00dffl\u00e4chig aper!<!--more--><\/p>\n<p>Weiter unten dagegen lag heuer mehr Schnee als im vergangenen Jahr. Also entweder hat&#8217;s oben weniger geschneit, oder es war windiger bei den gro\u00dfen Schneef\u00e4llen!?<\/p>\n<p>Nachdem es nachts etwas geregnet hatte, gab es im unteren Bereich der Talabfahrt eine ungute d\u00fcnne Bruchharschschicht in den ersten ca. 2 Stunden. Off-Piste wurde es auch so nach ca. 2 Stunden immer besser, und wie man am GPS-Track sehen kann, war ich auch wieder viel Off-Piste unterwegs. Au\u00dfer mir allerdings keiner..<\/p>\n<p><img src=http:\/\/ski.inmontanis.info\/d\/148985-2\/ge_iseran2012b.jpg \/><br \/>\n^ GPS-Track Col de l&#8217;Iseran 2012<\/p>\n<p><img src=http:\/\/ski.inmontanis.info\/d\/148989-2\/DSC02402.jpg \/><br \/>\n^ Skigebiet vom Pass aus, Talabfahrt(en) noch gen\u00fcgend Schnee.<\/p>\n<p>Vergleich 25.6.2011:<br \/>\n<img src=http:\/\/ski.inmontanis.info\/d\/131798-3\/DSC06669.jpg \/><\/p>\n<p><img src=http:\/\/ski.inmontanis.info\/d\/148993-2\/DSC02406.jpg \/><br \/>\n^ .. oben dagegen ein Schock: Wesentlich weniger Schnee als letztes Jahr!<\/p>\n<p>Vergleich 25.6.2011:<br \/>\n<img src=http:\/\/ski.inmontanis.info\/d\/131807-3\/DSC06675.jpg \/><\/p>\n<p><img src=http:\/\/ski.inmontanis.info\/d\/148997-2\/DSC02408.jpg \/><br \/>\n^ Gletscher-SL<\/p>\n<p><img src=http:\/\/ski.inmontanis.info\/d\/149001-2\/DSC02411.jpg \/><br \/>\n^ Hier konnten wir letztes Jahr noch gro\u00dfz\u00fcgig Off-Piste fahren, heuer &#8211; alles aper!<\/p>\n<p>Vergleich 25.6.2011:<br \/>\n<img src=http:\/\/ski.inmontanis.info\/d\/131857-3\/DSC06695.jpg \/><\/p>\n<p><img src=http:\/\/ski.inmontanis.info\/d\/149005-2\/DSC02413.jpg \/><br \/>\n^ Unten dagegen lag heuer mehr Schnee als im letzten Jahr, hier off-piste nahe der 4KSB (wobei, im Winter ist das ja eine Piste)<\/p>\n<p><img src=http:\/\/ski.inmontanis.info\/d\/149013-2\/DSC02418.jpg \/><br \/>\n^ Ohne Beschneiung w\u00e4re heuer nicht mal mehr der SL in Betrieb gewesen &#8211;  wesentlich weniger Schnee als letztes Jahr! Sogar der Gletscher ist schon stellenweise aper!<\/p>\n<p><img src=http:\/\/ski.inmontanis.info\/d\/149009-2\/DSC02414.jpg \/><br \/>\n^ Parkplatz<\/p>\n<p><img src=http:\/\/ski.inmontanis.info\/d\/149017-2\/DSC02420.jpg \/><br \/>\n^ Talstation eines ehemaligen Gletscher-SL<\/p>\n<p><img src=http:\/\/ski.inmontanis.info\/d\/149021-2\/DSC02423.jpg \/><br \/>\n^ Strecke ehemaliger SL<\/p>\n<p><img src=http:\/\/ski.inmontanis.info\/d\/149025-2\/DSC02425.jpg \/><br \/>\n^ In der 4KSB, rechts zu sehen die besage ehemalige SL-Talstation, unten mein R\u00fcckweg.<\/p>\n<p><img src=http:\/\/ski.inmontanis.info\/d\/149029-2\/DSC02427.jpg \/><br \/>\n^ Off-Piste an der 4KSB. Au\u00dfer mir ist hier heute keiner gefahren.<\/p>\n<p><img src=http:\/\/ski.inmontanis.info\/d\/149033-2\/DSC02430.jpg \/><br \/>\n^ Off-Piste. Ziemlich sandig der Schnee.<\/p>\n<p><img src=http:\/\/ski.inmontanis.info\/d\/149037-2\/DSC02429.jpg \/><br \/>\n^ Off-Piste kurz vor der Talstation, hier war heute der beste Firnschnee<\/p>\n<p><img src=http:\/\/ski.inmontanis.info\/d\/149046-2\/DSC02431.jpg \/><br \/>\n^ An der SL-Bergstation. Leider wird ja um 12 Uhr zu gemacht &#8230;<\/p>\n<p><img src=http:\/\/ski.inmontanis.info\/d\/149042-2\/DSC02440.jpg \/><br \/>\n^ Unterer Bereich, s\u00e4mtliche sichtbaren Spuren im Off-Piste-Bereich rechts der Abfahrt waren \u00fcbrigens von mir ;-)<\/p>\n<p>Vergleich 25.6.2011:<br \/>\n<img src=http:\/\/ski.inmontanis.info\/d\/131877-3\/DSC06671.jpg \/><\/p>\n<p>Achja, und eigentlich hatten sich ja k2k und Trincerone (samt Freundin) f\u00fcr heute angemeldet. Gekommen sind sie jedoch erst gegen 11:30 Uhr oder so? Immerhin durften sie somit gratis fahren &#8211; denn um 12 Uhr werden die Lifte ja leider schon geschlossen.<\/p>\n<p>Sp\u00e4ter haben wir uns auf der endlich fertig gebauten H\u00fctte an der Talstation der 4KSB zusammen gesessen &#8211; leider ohne auf die Preise zu schauen&#8230; und alle einen \u00fcberteuerten Hamburger ohne Pommes (aber mit Salat) gegessen &#8211; plus Getr\u00e4nke &#8211; ich hab den Preis zum Gl\u00fcck schon vergessen ;-)<\/p>\n<p>Hernach ging&#8217;s \u00fcber Maurienne und Col de la Croix de Fer nach Les2Alpes, wo sich die 3 ein Zimmer reserviert hatten. Komischerweise war es dann doch schon wieder sp\u00e4t abends, und bis wir alle geduscht haben und eine Pizzeria aufsuchten, war&#8217;s dunkel.<\/p>\n<p>Zwischenzeitlich hatten wir uns die Best\u00e4tigungsmails f\u00fcr unsere Reservierung in Alpe d&#8217;Huez geholt, wo dieses Wochenende &#8211; erstmals nach 2005 &#8211; Sommerski angek\u00fcndigt wurde. Und zwar sogar an der Tunnel-Piste zur Talstation der PB runter!<\/p>\n<p>Leider gab uns die Best\u00e4tigungsmail einen D\u00e4mpfer &#8211; die Tunnelpiste k\u00f6nne morgen nicht ge\u00f6ffnet werden. Wasserf\u00e4lle und Seen unter dem Schnee haben die Schneedecke hier und da zum Einbrechen gebracht.<\/p>\n<p>Nach langem hin und her haben wir uns daher auf Les 2 Alpes f\u00fcr den morgigen Samstag geeingt, denn die Tageskarte in L2A gilt auch nachmittags f\u00fcr s\u00e4mtliche Seilbahnen, somit hat man hier mehr M\u00f6glichkeiten als man in AdH nachmittags h\u00e4tte.<\/p>\n<p>Nach dem Essen hab ich unten in L2A wieder einen Halt am Stausee gemacht, nachdem ich ja gestern in Tignes schon ein paar nette Langzeitbelichtungsfotos gemacht hatte.<\/p>\n<p>Als ich so auf der Br\u00fccke stand, meine Cam an der Br\u00fcstung positioniert hatte und wartete, bis die 20-30 Sekunden lange Belichtung ablief, hielt pl\u00f6tzlich ein Auto mit jungen Leuten. Nerv. Was wollen die denn jetzt?! Don&#8217;t do it! Don&#8217;t jump! Wie, was? Neee, ich spring nicht, ich mach Fotos &#8230;.<\/p>\n<p><img src=http:\/\/extra.inmontanis.info\/d\/13455-3\/DSC02448.jpg \/><\/p>\n<p><img src=http:\/\/extra.inmontanis.info\/d\/13459-3\/DSC02446.jpg \/><\/p>\n<p>Zum \u00dcbernachten ging&#8217;s auf den Col du Lautaret, wobei ich noch kurz das St\u00fcck weiter zum Galibier gefahren bin&#8230;.<\/p>\n<p><img src=http:\/\/extra.inmontanis.info\/d\/13451-3\/DSC02462.jpg \/><\/p>\n<p><img src=http:\/\/extra.inmontanis.info\/d\/13463-3\/DSC02454.jpg \/><br \/>\n^ Col du Lautaret<\/p>\n<p><img src=http:\/\/extra.inmontanis.info\/d\/13467-3\/DSC02458.jpg \/><br \/>\n^ Col du Lautaret<\/p>\n<p><img src=http:\/\/extra.inmontanis.info\/d\/13471-3\/DSC02460.jpg \/><br \/>\n^ Stra\u00dfe zum Galibier<\/p>\n<p><img src=http:\/\/extra.inmontanis.info\/d\/13475-3\/DSC02464.jpg \/><br \/>\n^ Pano am Galibier<\/p>\n","protected":false},"excerpt":{"rendered":"<p>Am Freitag ging&#8217;s zum Col de l&#8217;Iseran. Highlight ist auch hier immer die Off-Piste-M\u00f6glichkeiten am SL und der 4KSB. Wobei am SL ging heuer nicht viel &#8211; denn oben lag wesentlich weniger Schnee als letztes Jahr! Wo wir letztes Jahr so sch\u00f6n im Firn fuhren &#8211; heute alles schneefrei. Sogar der Gletscher war schon gro\u00dffl\u00e4chig <a href=\"http:\/\/blog.inmontanis.info\/?p=2047\">[&#8230;]<\/a><\/p>\n","protected":false},"author":1,"featured_media":0,"comment_status":"open","ping_status":"closed","sticky":false,"template":"","format":"standard","meta":{"footnotes":""},"categories":[111,16,28,341],"tags":[49,100,78,47],"class_list":["post-2047","post","type-post","status-publish","format-standard","hentry","category-201206-waast","category-france","category-skifahren-sommer","category-val-disere","tag-4sb","tag-langzeitbelichtung","tag-restschnee","tag-sl","odd"],"_links":{"self":[{"href":"http:\/\/blog.inmontanis.info\/index.php?rest_route=\/wp\/v2\/posts\/2047","targetHints":{"allow":["GET"]}}],"collection":[{"href":"http:\/\/blog.inmontanis.info\/index.php?rest_route=\/wp\/v2\/posts"}],"about":[{"href":"http:\/\/blog.inmontanis.info\/index.php?rest_route=\/wp\/v2\/types\/post"}],"author":[{"embeddable":true,"href":"http:\/\/blog.inmontanis.info\/index.php?rest_route=\/wp\/v2\/users\/1"}],"replies":[{"embeddable":true,"href":"http:\/\/blog.inmontanis.info\/index.php?rest_route=%2Fwp%2Fv2%2Fcomments&post=2047"}],"version-history":[{"count":4,"href":"http:\/\/blog.inmontanis.info\/index.php?rest_route=\/wp\/v2\/posts\/2047\/revisions"}],"predecessor-version":[{"id":8949,"href":"http:\/\/blog.inmontanis.info\/index.php?rest_route=\/wp\/v2\/posts\/2047\/revisions\/8949"}],"wp:attachment":[{"href":"http:\/\/blog.inmontanis.info\/index.php?rest_route=%2Fwp%2Fv2%2Fmedia&parent=2047"}],"wp:term":[{"taxonomy":"category","embeddable":true,"href":"http:\/\/blog.inmontanis.info\/index.php?rest_route=%2Fwp%2Fv2%2Fcategories&post=2047"},{"taxonomy":"post_tag","embeddable":true,"href":"http:\/\/blog.inmontanis.info\/index.php?rest_route=%2Fwp%2Fv2%2Ftags&post=2047"}],"curies":[{"name":"wp","href":"https:\/\/api.w.org\/{rel}","templated":true}]}}