{"id":2044,"date":"2012-06-28T23:30:10","date_gmt":"2012-06-28T21:30:10","guid":{"rendered":"http:\/\/blog.inmontanis.info\/?p=2044"},"modified":"2023-07-31T18:16:26","modified_gmt":"2023-07-31T16:16:26","slug":"tignes-28-6-2012","status":"publish","type":"post","link":"http:\/\/blog.inmontanis.info\/?p=2044","title":{"rendered":"Tignes, 28.6.2012"},"content":{"rendered":"<p><strong>27.6.2012<\/strong><br \/>\nMit ca. 1-2 Stunden Versp\u00e4tung kam ich um 14 Uhr endlich los. Die Route f\u00fchrte mich heuer ganz \u00fcber die Schweiz (also Genfer See) &#8211; nicht wie sonst meist \u00fcber Bernardino + Turin. Grund war einerseits die Maut-Einsparung, andererseits aber auch die Tatsache, dass ich diesmal mit Tignes am ersten Tag anfing &#8211; nicht mit L2A oder Pissaillas.<br \/>\n<!--more--><br \/>\nWie gesagt, die Mauteinsparungen sind enorm &#8211; vergleichen mit den paar mehr Kilometer Umweg, die zu verschmerzen sind. Bin sogar soweit gegangen, dass ich das St\u00fcck von Genf bis Annecy auch auf die frz. Autobahn(maut) verzichtet hab.<\/p>\n<p>M\u00fc\u00dfig ist allerdings inzwischen die WC-Suche auf schweizer Autobahnen. Zumindest in der Deutschschweiz scheinen mittlerweile die meisten Rastst\u00e4tten nur noch Bezahl-WCs zu haben. 1 CHF f\u00fcr einen Toilettengang. Lass mich mal 10x am Tag pinkeln, macht im Jahr &#8230; 3.650,- CHF ? Die spinnen. Ommmmm&#8230; Ich verkneif&#8217;s mir&#8230;. Ommmmm..<\/p>\n<p>(Fotos anklicken zum Vergr\u00f6\u00dfern, soweit nicht vergr\u00f6\u00dfert gepostet)<\/p>\n<p><a href='http:\/\/extra.inmontanis.info\/d\/13491-2\/DSC02251.jpg'><img src=http:\/\/extra.inmontanis.info\/d\/13489-3\/DSC02251.jpg \/><\/a><br \/>\n^ Walensee. Immer wieder sch\u00f6n &#8211; und erinnert an Norwegen.<\/p>\n<p>Kurz vor Z\u00fcrich (!) dann endlich der erl\u00f6sende Parkplatz. In weiterer Folge gab&#8217;s hier und da noch etwas Stau, und irgendwann so gegen 21-22 Uhr war ich endlich am Buffalo in Annecy, wo ich zu Abend essen wollte. (Leser meiner Frankreich-Berichte vom heurigen Winter erinnern sich vielleicht an meine neue Vorliebe f\u00fcr diese franz\u00f6sische Restaurantkette.)<\/p>\n<p>Von Annecy ging&#8217;s richtung Albertville, und weiter zum Cormet de Roselend. Schon komisch manchmal, es gab ein Jahr, da kam ich 4 oder 5x in Briancon vorbei, und jetzt schon l\u00e4nger nicht mehr. Dann war ich heuer im Winter das erste Mal in Albertville und Annecy, und was ist? Komm ich schon im Sommer auch wieder dort vorbei. Wie sich die Strecken im Sommer und Winter doch manchmal \u00e4hneln &#8230;<\/p>\n<p>Vor Albertville meinte mich mein Navi mal wieder auf eine Abk\u00fcrzung zu schicken &#8211; \u00fcber so einen kleinen einspurigen Mini-Pass &#8211; der sich mal wieder als Zeitfresser heraus stellte. Kurz nach Mitternacht war ich dann endlich oben am Pass, wo es ein paar brauchbare N\u00e4chtigungsparkpl\u00e4tze gab. Und leider einen geilen Sternenhimmel, so dass ich noch ein paar Fotos machen musste.<\/p>\n<p><img src=http:\/\/extra.inmontanis.info\/d\/13495-2\/DSC02255.jpg \/><br \/>\n^ Nachtlager am Cormet de Roselend<\/p>\n<p><img src=http:\/\/extra.inmontanis.info\/d\/13499-2\/DSC02257.jpg \/><br \/>\n^ Am Cormet de Roselend Richtung Ost am n\u00e4chsten Morgen<\/p>\n<p><strong>28.6.2012 &#8211; Tignes<\/strong><\/p>\n<p>Um 6 Uhr klingelte auch schon wieder der Wecker, Ankunft in Tignes um 7:25. Tageskarte  um 30,50 gekauft und ab gehts.<\/p>\n<p>Oben ein Schock: SL Rosolin heute zu. Hab erst 2 Tage sp\u00e4ter erfahren, dass nicht der Schneemangel der Grund daf\u00fcr war &#8211; sondern ein Seilriss. Vielleicht weil ein paar Trainingskinder rumgealbert haben.  Dadurch war&#8217;s an der Vanoise-KSB entsprechend voller.<\/p>\n<p>SL Champagny war ebenfalls noch nicht in Betrieb &#8211; aber auch das ist Ende Juni egtl. normal. Die schwarz eingezeichnete Descente-Abfahrt von der PB dagegen war ge\u00f6ffnet und netterweise nicht f\u00fcr Training gesperrt. Und ging auch am Schluss noch ganz gut.<\/p>\n<p>Leisse, offiziell nur bis 11 Uhr in Betrieb, war dies sogar noch nach 12 Uhr. Wobei die Abfahrt von der fr\u00fch weg sehr bremsig war &#8211; vmtl. wird der viele Sand im Schnee nicht ganz unschuldig gewesen sein. Mein Schwerpunkt war heuer &#8211; wie ja fast jedes Mal &#8211; die Vanoise-KSB mit ihren Off-Piste-Varianten.<\/p>\n<p><img src=http:\/\/ski.inmontanis.info\/d\/148834-2\/ge_tignes2012b.jpg \/><br \/>\n^ GPS-Track Tignes 2012 &#8211; Schwerpunkt war mal wieder die Vanoise mit ihren Off-Piste-Varianten.<\/p>\n<p><img src=http:\/\/ski.inmontanis.info\/d\/148838-2\/DSC02258.jpg \/><br \/>\n^ Standard-Foto von der Restaurant-Terrasse<\/p>\n<p><a href='http:\/\/ski.inmontanis.info\/d\/148842-2\/DSC02261.jpg'><img src=http:\/\/ski.inmontanis.info\/d\/148841-3\/DSC02261.jpg \/><\/a><br \/>\n^ PB Bergstation<\/p>\n<p><img src=http:\/\/ski.inmontanis.info\/d\/148846-2\/DSC02260.jpg \/><br \/>\n^ PB Strecke<\/p>\n<p><img src=http:\/\/ski.inmontanis.info\/d\/148961-2\/DSC02264.jpg \/><br \/>\n^ PB Grande Motte. Das Teil ist einfach um ein X-faches fotogener als die U-Bahn in Les2Alpes ;-)<\/p>\n<p><img src=http:\/\/ski.inmontanis.info\/d\/148851-2\/DSC02265.jpg \/><br \/>\n^ PB Grande Motte<\/p>\n<p><img src=http:\/\/ski.inmontanis.info\/d\/148855-2\/DSC00359_rbg.jpg \/><br \/>\n^ IR-Pano (Tignes \/ Mont Blanc)<\/p>\n<p><img src=http:\/\/ski.inmontanis.info\/d\/148965-2\/DSC00362_gbr.jpg \/><br \/>\n^ IR-Zoom gen Mont Blanc<\/p>\n<p><img src=http:\/\/ski.inmontanis.info\/d\/148860-2\/DSC02268.jpg \/><br \/>\n^ Abfahrt an der PB<\/p>\n<p><img src=http:\/\/ski.inmontanis.info\/d\/148864-2\/DSC02270.jpg \/><br \/>\n^ SL 3500, heuer war die linke Abfahrt auch wieder offen.<\/p>\n<p><img src=http:\/\/ski.inmontanis.info\/d\/148868-2\/DSC02271.jpg \/><br \/>\n^ SL 3500. Wenn die nur nicht soooo lahm w\u00e4ren&#8230;<\/p>\n<p><img src=http:\/\/ski.inmontanis.info\/d\/148872-2\/DSC02273.jpg \/><br \/>\n^ Blick vom SL 3500 zur PB<\/p>\n<p><img src=http:\/\/ski.inmontanis.info\/d\/148876-2\/DSC02277.jpg \/><br \/>\n^ Abfahrt zur Leisse-4SB, unpr\u00e4pariert, leider von der fr\u00fch recht bremsig.<\/p>\n<p><img src=http:\/\/ski.inmontanis.info\/d\/148880-2\/DSC02278.jpg \/><br \/>\n^ In der 4SB Leisse<\/p>\n<p><img src=http:\/\/ski.inmontanis.info\/d\/148884-2\/DSC02280.jpg \/><br \/>\n^ Blick von der 4SB Leisse ins Sommerskigebiet<\/p>\n<p><img src=http:\/\/ski.inmontanis.info\/d\/148888-2\/DSC02282.jpg \/><br \/>\n^ Talpano SL Rosolin und 4KSB Vanoise<\/p>\n<p><img src=http:\/\/ski.inmontanis.info\/d\/148892-2\/DSC02284.jpg \/><br \/>\n^ Zoom Tignes und Trainingsmannschaften an der Vanoise, da ja die Rosolin-SL leider nicht liefen.<\/p>\n<p><a href='http:\/\/ski.inmontanis.info\/d\/148896-2\/DSC02285.jpg'><img src=http:\/\/ski.inmontanis.info\/d\/148895-3\/DSC02285.jpg \/><\/a><br \/>\n^ Abfahrt zur 4KSB Vanoise. Wie man links sieht, hat es hier noch seeehr viel Schnee heuer. Da gab&#8217;s schon Jahre, da kam man in dem Off-Piste-Areal unter der 4KSB nur noch so gerade durch die Felsen durch.<\/p>\n<p><img src=http:\/\/ski.inmontanis.info\/d\/148900-2\/DSC02288.jpg \/><br \/>\n^ Zum Grande Motte Gipfel<\/p>\n<p><img src=http:\/\/ski.inmontanis.info\/d\/148904-2\/DSC02289.jpg \/><br \/>\n^ Off-Piste zur Vanoise, unten Tignes, oben hinten Mont Blanc<\/p>\n<p><img src=http:\/\/ski.inmontanis.info\/d\/148908-2\/DSC02293.jpg \/><br \/>\n^ SL Rosolin, wg. eines Seilrisses gerade au\u00dfer Betrieb.<\/p>\n<p><img src=http:\/\/ski.inmontanis.info\/d\/148912-2\/DSC02297.jpg \/><br \/>\n^ SL Rosolin mit den j\u00e4hrlich gr\u00f6\u00dfer werdenden Felsen .. Unten sind jetzt auch schon Felsen, also mit SL-Versetzen wird sich da auch nicht mehr viel spielen &#8230;.<\/p>\n<p><a href='http:\/\/ski.inmontanis.info\/d\/148916-2\/DSC02298.jpg'><img src=http:\/\/ski.inmontanis.info\/d\/148915-3\/DSC02298.jpg \/><\/a><br \/>\n^ SL Rosolin<\/p>\n<p><img src=http:\/\/ski.inmontanis.info\/d\/148920-2\/DSC02299.jpg \/><br \/>\n^ SL Champagny (noch nicht Sommer-Fit) und PB<\/p>\n<p><img src=http:\/\/ski.inmontanis.info\/d\/148924-2\/DSC02304.jpg \/><br \/>\n^ SL Champagny und PB<\/p>\n<p><img src=http:\/\/ski.inmontanis.info\/d\/148928-2\/DSC02307.jpg \/><br \/>\n^ 4KSB Vanoise, ich war heute nicht der einzige, der im unteren Bereich im Off-Piste-Bereich unterwegs war. Liegt aber auch noch massig Schnee heuer.<\/p>\n<p><img src=http:\/\/ski.inmontanis.info\/d\/148932-2\/DSC02308.jpg \/><br \/>\n^ Auf meiner Privat-Abfahrt an der Vanoise. Ist au\u00dfer mir keiner gefahren, keine Ahnung warum :) (Hab ich auch gefilmt!)<\/p>\n<p><img src=http:\/\/ski.inmontanis.info\/d\/148936-2\/DSC02311.jpg \/><br \/>\n^ SL Rosolin, PB, 4KSB, 3SB, &#8230;<\/p>\n<p><img src=http:\/\/ski.inmontanis.info\/d\/148969-2\/DSC02318.jpg \/><br \/>\n^ Standard-Vergleichs-Foto von der PB aus<\/p>\n<p>Film:<br \/>\n<object style=\"height: 500px; width: 900px\"><param name=\"movie\" value=\"http:\/\/www.youtube.com\/v\/SWdamBlc014\"><\/param><param name=\"wmode\" value=\"transparent\"><\/param><embed src=\"http:\/\/www.youtube.com\/v\/SWdamBlc014\" type=\"application\/x-shockwave-flash\" wmode=\"transparent\"  width=\"900\" height=\"480\"><\/embed><\/object><\/p>\n<p>Im weiteren Verlauf des Kurzurlaubs sollte sich herausstellen, dass diesmal der Tag in Tignes der beste Tag war &#8211; vom Schnee, vom Wetter, von allem eigentlich. Auch wenn man es von Jahr zu Jahr mehr sp\u00fcrt, dass Sommerski in Tignes eine bald zu Ende gehende Epoche sein wird &#8211; denn die Felsen werden von Jahr zu Jahr mehr und gr\u00f6\u00dfer, und es gibt &#8211; au\u00dfer den Seilliftem am Funpark an der Bergstation der PB &#8211; anscheinend keinen Lift, bei dem man sicher sein k\u00f6nnte, dass er in 10 Jahren noch in Betrieb sein wird :-(<\/p>\n<p>F\u00fcr den Abend wollte ich die Gegend gegen\u00fcber Tignes anfahren, da geht ja so eine Stra\u00dfe zu einem Stausee rauf. Wollte dort bis zum Sonnenuntergang bleiben, schlussendlich waren mir aber zu viel Stechm\u00fccken, so dass ich wieder retour nach Tignes fuhr.<\/p>\n<p><img src=http:\/\/extra.inmontanis.info\/d\/13503-2\/DSC02327.jpg \/><br \/>\n^ Wolkenspiel<\/p>\n<p><img src=http:\/\/extra.inmontanis.info\/d\/13507-2\/DSC02332.jpg \/><br \/>\n^ Wolkenspiel<\/p>\n<p><img src=http:\/\/extra.inmontanis.info\/d\/13511-2\/DSC02346.jpg \/><br \/>\n^ Saut \/ Sassi\u00e8re<\/p>\n<p><img src=http:\/\/extra.inmontanis.info\/d\/13515-2\/DSC00371_gbr.jpg \/><br \/>\n^ .. und in IR ..<\/p>\n<p><img src=http:\/\/extra.inmontanis.info\/d\/13519-2\/DSC02348.jpg \/><br \/>\n^ Lac de Saut \/ Blick richtung Grande Motte<\/p>\n<p><img src=http:\/\/ski.inmontanis.info\/d\/148941-2\/DSC02355.jpg \/><br \/>\n^ Zoom Grand Motte vom Lac de Saut<\/p>\n<p><img src=http:\/\/ski.inmontanis.info\/d\/148973-2\/DSC02360.jpg \/><br \/>\n^ Rocher de Bellevarde mit PB (Val d&#8217;Isere)<\/p>\n<p><img src=http:\/\/ski.inmontanis.info\/d\/148945-2\/DSC02382.jpg \/><br \/>\n^ Tignes by night<\/p>\n<p><img src=http:\/\/ski.inmontanis.info\/d\/148949-2\/DSC02384.jpg \/><br \/>\n^ Tignes by night (im Mondschein)<\/p>\n<p>Am Stausee unten hab ich auch noch Halt gemacht:<\/p>\n<p><img src=http:\/\/ski.inmontanis.info\/d\/148953-2\/DSC02390.jpg \/><br \/>\n^ N\u00e4chtliche Langzeitbelichtung (20sec) vom Stausee unten bei Tignes (Lac du Chevril)<\/p>\n<p><img src=http:\/\/ski.inmontanis.info\/d\/148957-2\/DSC02393.jpg \/><br \/>\n^ .. und in Gegenrichtung<\/p>\n<p>.. und \u00fcbernachtet hab ich am ParkplaTz der Talstation der Fornet-PB.<\/p>\n<p><img src=http:\/\/ski.inmontanis.info\/d\/148977-2\/DSC02396.jpg \/><br \/>\n^ N\u00e4chtliches Talpano am Parkplatz der Fornet-PB<\/p>\n<p><img src=http:\/\/ski.inmontanis.info\/d\/148981-2\/DSC00375_gbr.jpg \/><br \/>\n^ .. und in IR (25 sec Langzeit)<\/p>\n","protected":false},"excerpt":{"rendered":"<p>27.6.2012 Mit ca. 1-2 Stunden Versp\u00e4tung kam ich um 14 Uhr endlich los. Die Route f\u00fchrte mich heuer ganz \u00fcber die Schweiz (also Genfer See) &#8211; nicht wie sonst meist \u00fcber Bernardino + Turin. Grund war einerseits die Maut-Einsparung, andererseits aber auch die Tatsache, dass ich diesmal mit Tignes am ersten Tag anfing &#8211; nicht <a href=\"http:\/\/blog.inmontanis.info\/?p=2044\">[&#8230;]<\/a><\/p>\n","protected":false},"author":1,"featured_media":0,"comment_status":"open","ping_status":"closed","sticky":false,"template":"","format":"standard","meta":{"footnotes":""},"categories":[111,16,28,339],"tags":[55,49,90,100,52,78,45,47],"class_list":["post-2044","post","type-post","status-publish","format-standard","hentry","category-201206-waast","category-france","category-skifahren-sommer","category-tignes","tag-3sb","tag-4sb","tag-infrarot","tag-langzeitbelichtung","tag-pb","tag-restschnee","tag-see","tag-sl","odd"],"_links":{"self":[{"href":"http:\/\/blog.inmontanis.info\/index.php?rest_route=\/wp\/v2\/posts\/2044","targetHints":{"allow":["GET"]}}],"collection":[{"href":"http:\/\/blog.inmontanis.info\/index.php?rest_route=\/wp\/v2\/posts"}],"about":[{"href":"http:\/\/blog.inmontanis.info\/index.php?rest_route=\/wp\/v2\/types\/post"}],"author":[{"embeddable":true,"href":"http:\/\/blog.inmontanis.info\/index.php?rest_route=\/wp\/v2\/users\/1"}],"replies":[{"embeddable":true,"href":"http:\/\/blog.inmontanis.info\/index.php?rest_route=%2Fwp%2Fv2%2Fcomments&post=2044"}],"version-history":[{"count":3,"href":"http:\/\/blog.inmontanis.info\/index.php?rest_route=\/wp\/v2\/posts\/2044\/revisions"}],"predecessor-version":[{"id":8943,"href":"http:\/\/blog.inmontanis.info\/index.php?rest_route=\/wp\/v2\/posts\/2044\/revisions\/8943"}],"wp:attachment":[{"href":"http:\/\/blog.inmontanis.info\/index.php?rest_route=%2Fwp%2Fv2%2Fmedia&parent=2044"}],"wp:term":[{"taxonomy":"category","embeddable":true,"href":"http:\/\/blog.inmontanis.info\/index.php?rest_route=%2Fwp%2Fv2%2Fcategories&post=2044"},{"taxonomy":"post_tag","embeddable":true,"href":"http:\/\/blog.inmontanis.info\/index.php?rest_route=%2Fwp%2Fv2%2Ftags&post=2044"}],"curies":[{"name":"wp","href":"https:\/\/api.w.org\/{rel}","templated":true}]}}