{"id":2036,"date":"2012-06-24T23:24:23","date_gmt":"2012-06-24T21:24:23","guid":{"rendered":"http:\/\/blog.inmontanis.info\/?p=2036"},"modified":"2023-08-06T20:51:39","modified_gmt":"2023-08-06T18:51:39","slug":"westendorf-24-6-2012","status":"publish","type":"post","link":"http:\/\/blog.inmontanis.info\/?p=2036","title":{"rendered":"Westendorf, 24.6.2012"},"content":{"rendered":"<p>Heute ging&#8217;s nach Westendorf. Ganz sch\u00f6n was los gewesen. Rauf mit der 6EUB, dann kurz zur Bergstation Choralpe aufgestiegen und mit dem Bergm\u00f6nch talw\u00e4rts. Auf den kurzen Weg bergauf wurde ich glatt 3x auf mein &#8220;cooles Radl auf dem R\u00fccken&#8221; angesprochen! (Die anderen hab ich nur tuscheln h\u00f6ren.)<br \/>\n<!--more--><br \/>\n\u00dcbrigens, was die Schienbein-Schmerzen in der &#8220;M\u00f6nchs-Position&#8221; angeht hab ich mir &#8216;was einfallen lassen: 2 St\u00fccke Rohr-Isolier-Ummantelung (\u00dcberbleibsel der letzten Klimaanlageninstallation) durchgeschnitten und ans Schienbein gelegt (da man schwitzt bleibt das einigerma\u00dfen kleben) und mit den Str\u00fcmpfen unten etwas fixiert (dass es nicht runterf\u00e4llt beim gehen). Zwar nicht perfekt, aber wesentlich besser als vorher.<\/p>\n<p>Fotos, anklicken zum Vergr\u00f6\u00dfern:<\/p>\n<p><a href='http:\/\/ski.inmontanis.info\/d\/148524-2\/DSC02213.jpg'><img src=http:\/\/ski.inmontanis.info\/d\/148522-3\/DSC02213.jpg \/><\/a><br \/>\n^ Talstation Alpenrosenbahn<\/p>\n<p><a href='http:\/\/ski.inmontanis.info\/d\/148528-2\/DSC02214.jpg'><img src=http:\/\/ski.inmontanis.info\/d\/148526-3\/DSC02214.jpg \/><\/a><br \/>\n^ Strecke 6EUB Alpenrosenbahn<\/p>\n<p><a href='http:\/\/ski.inmontanis.info\/d\/148536-2\/DSC00352_rbg.jpg'><img src=http:\/\/ski.inmontanis.info\/d\/148534-3\/DSC00352_rbg.jpg \/><\/a><br \/>\n^ Ein kleiner wehm\u00fctiger Blick auf die schneebedeckten Berge ;-) (IR)<\/p>\n<p><a href='http:\/\/ski.inmontanis.info\/d\/148532-2\/DSC02217.jpg'><img src=http:\/\/ski.inmontanis.info\/d\/148530-3\/DSC02217.jpg \/><\/a><br \/>\n^ Talkaser<\/p>\n<p><a href='http:\/\/ski.inmontanis.info\/d\/148548-2\/DSC00355_gbr.jpg'><img src=http:\/\/ski.inmontanis.info\/d\/148546-3\/DSC00355_gbr.jpg \/><\/a><br \/>\n^ Bergstationen Choralpe (IR) mit Hoher Salve<\/p>\n<p><a href='http:\/\/ski.inmontanis.info\/d\/148540-2\/DSC02219.jpg'><img src=http:\/\/ski.inmontanis.info\/d\/148538-3\/DSC02219.jpg \/><\/a><br \/>\n^ Pano Choralpe Kitzb\u00fcheler Alpen<\/p>\n<p><a href='http:\/\/ski.inmontanis.info\/d\/148544-2\/DSC02220.jpg'><img src=http:\/\/ski.inmontanis.info\/d\/148542-3\/DSC02220.jpg \/><\/a><br \/>\n^ Bergstationen Choralpe<\/p>\n<p><a href='http:\/\/ski.inmontanis.info\/d\/148556-2\/DSC00356_gbr.jpg'><img src=http:\/\/ski.inmontanis.info\/d\/148554-3\/DSC00356_gbr.jpg \/><\/a><br \/>\n^ IR-Pano zum noch schneebedeckten Alpenhauptkamm<\/p>\n<p><a href='http:\/\/ski.inmontanis.info\/d\/148552-2\/DSC02222.jpg'><img src=http:\/\/ski.inmontanis.info\/d\/148550-3\/DSC02222.jpg \/><\/a><br \/>\n^ Talpano Choralpe<\/p>\n<p><a href='http:\/\/ski.inmontanis.info\/d\/148560-2\/DSC02230.jpg'><img src=http:\/\/ski.inmontanis.info\/d\/148558-3\/DSC02230.jpg \/><\/a><br \/>\n^ \u00dcberbleibsen der beiden ehemaligen ESL hier oben an der Choralpe-Bergstation<\/p>\n<p><a href='http:\/\/ski.inmontanis.info\/d\/148564-2\/DSC02232.jpg'><img src=http:\/\/ski.inmontanis.info\/d\/148562-3\/DSC02232.jpg \/><\/a><br \/>\n^ Etwas oberhalb der Bergstation der 6EUB baumeln ebenfalls 2 ehemalige ESL-Sessel<\/p>\n<p><a href='http:\/\/ski.inmontanis.info\/d\/148568-2\/DSC02234.jpg'><img src=http:\/\/ski.inmontanis.info\/d\/148566-3\/DSC02234.jpg \/><\/a><br \/>\n^ Choralmbahn<\/p>\n<p><a href='http:\/\/ski.inmontanis.info\/d\/148572-2\/DSC02236.jpg'><img src=http:\/\/ski.inmontanis.info\/d\/148570-3\/DSC02236.jpg \/><\/a><br \/>\n^ Blick zur Hohen Salve. Der Weg in dem Bereich war mir stellenweise dann doch etwas zu steil &#8230;<\/p>\n<p><a href='http:\/\/ski.inmontanis.info\/d\/148576-2\/DSC02239.jpg'><img src=http:\/\/ski.inmontanis.info\/d\/148574-3\/DSC02239.jpg \/><\/a><br \/>\n^ Mittelstation 6EUB, ab hier war die Stra\u00dfe asphaltiert.<\/p>\n<p><a href='http:\/\/ski.inmontanis.info\/d\/148585-2\/DSC02241.jpg'><img src=http:\/\/ski.inmontanis.info\/d\/148583-3\/DSC02241.jpg \/><\/a><br \/>\n^ 6EUB Einfahrt Mittelstation<\/p>\n<p><a href='http:\/\/ski.inmontanis.info\/d\/148581-2\/ge_20120624.jpg'><img src=http:\/\/ski.inmontanis.info\/d\/148579-3\/ge_20120624.jpg \/><\/a><br \/>\n^ GPS-Track.<br \/>\nAuffahrt (inkl. Fu\u00dfweg) 4,4 km;<br \/>\nAbfahrt: 9,7 km, 1044 hm, Vmax 42 km\/h, max. Gef\u00e4lle 23\u00b0<\/p>\n<p>Die asphaltierte Stra\u00dfe ab der Mittelstation hat ein durchgehendes Gef\u00e4lle, wo man quasi laufend etwas bremsen muss, weil man sonst recht schnell sehr schnell wird.<\/p>\n<p>Im unteren Teil kann man entweder die Stra\u00dfe bis in den Ort fahren (muss dann aber wieder zum Parkplatz rauflaufen) oder nimmt den Wanderweg, den man aber nur nehmen sollte, wenn keine Wanderer unterwegs sind, denn im Zwischenst\u00fcck ist er auf einem St\u00fcck sehr schmal. Daher offiziell auch f\u00fcr Radfahrer verboten.<\/p>\n","protected":false},"excerpt":{"rendered":"<p>Heute ging&#8217;s nach Westendorf. Ganz sch\u00f6n was los gewesen. Rauf mit der 6EUB, dann kurz zur Bergstation Choralpe aufgestiegen und mit dem Bergm\u00f6nch talw\u00e4rts. Auf den kurzen Weg bergauf wurde ich glatt 3x auf mein &#8220;cooles Radl auf dem R\u00fccken&#8221; angesprochen! (Die anderen hab ich nur tuscheln h\u00f6ren.)<\/p>\n<p> <a href=\"http:\/\/blog.inmontanis.info\/?p=2036\">[&#8230;]<\/a><\/p>\n","protected":false},"author":1,"featured_media":0,"comment_status":"open","ping_status":"closed","sticky":false,"template":"","format":"standard","meta":{"footnotes":""},"categories":[25,13,898,30],"tags":[39,35,90],"class_list":["post-2036","post","type-post","status-publish","format-standard","hentry","category-noreport","category-austria","category-skiwelt-wilder-kaiser","category-wandern","tag-6eub","tag-esl","tag-infrarot","odd"],"_links":{"self":[{"href":"http:\/\/blog.inmontanis.info\/index.php?rest_route=\/wp\/v2\/posts\/2036","targetHints":{"allow":["GET"]}}],"collection":[{"href":"http:\/\/blog.inmontanis.info\/index.php?rest_route=\/wp\/v2\/posts"}],"about":[{"href":"http:\/\/blog.inmontanis.info\/index.php?rest_route=\/wp\/v2\/types\/post"}],"author":[{"embeddable":true,"href":"http:\/\/blog.inmontanis.info\/index.php?rest_route=\/wp\/v2\/users\/1"}],"replies":[{"embeddable":true,"href":"http:\/\/blog.inmontanis.info\/index.php?rest_route=%2Fwp%2Fv2%2Fcomments&post=2036"}],"version-history":[{"count":3,"href":"http:\/\/blog.inmontanis.info\/index.php?rest_route=\/wp\/v2\/posts\/2036\/revisions"}],"predecessor-version":[{"id":9286,"href":"http:\/\/blog.inmontanis.info\/index.php?rest_route=\/wp\/v2\/posts\/2036\/revisions\/9286"}],"wp:attachment":[{"href":"http:\/\/blog.inmontanis.info\/index.php?rest_route=%2Fwp%2Fv2%2Fmedia&parent=2036"}],"wp:term":[{"taxonomy":"category","embeddable":true,"href":"http:\/\/blog.inmontanis.info\/index.php?rest_route=%2Fwp%2Fv2%2Fcategories&post=2036"},{"taxonomy":"post_tag","embeddable":true,"href":"http:\/\/blog.inmontanis.info\/index.php?rest_route=%2Fwp%2Fv2%2Ftags&post=2036"}],"curies":[{"name":"wp","href":"https:\/\/api.w.org\/{rel}","templated":true}]}}