{"id":2030,"date":"2012-06-07T23:20:10","date_gmt":"2012-06-07T21:20:10","guid":{"rendered":"http:\/\/blog.inmontanis.info\/?p=2030"},"modified":"2023-08-06T20:51:48","modified_gmt":"2023-08-06T18:51:48","slug":"scheffau-7-6-2012","status":"publish","type":"post","link":"http:\/\/blog.inmontanis.info\/?p=2030","title":{"rendered":"Scheffau, 7.6.2012"},"content":{"rendered":"<p>Hab mir heute die Kitzb\u00fcheler Alpen Sommercard gekauft, ganze Saison 175,- \u20ac (Normalpreis), ca. 20-30 Seilbahnen so oft wie man fahren will &#8211; das ist doch ein fairer Preis. Zumal ich in der Gegend im Sommer noch kaum unterwegs war und es sicherlich einige leichtere Abfahrtswege geben k\u00f6nnte.<!--more--><\/p>\n<p>Egtl. wollte ich heuer ein paar LSAPs erwandern bzw. alte Seilbahnen abklappern &#8211; abw\u00e4rts jeweils mit dem Bergm\u00f6nch &#8211; aber naja, wird das halt auf n\u00e4chstes Jahr verschoben. Wenn auch jetzt das Seilbahnfahren in den Kitzalps nicht unbedingt der Sinn von einem Bergm\u00f6nch ist ;-)<\/p>\n<p>Immerhin, Kramsach ist ja mit dabei, also wenigstens noch 2 alte Lifte &#8230;<\/p>\n<p>Erst wollte ich auf den Schatzberg, aber in Oberau oder Auffach war Stau, vmtl. &#8216;ne Stra\u00dfensperre wg. des Feiertags. Also bin ich gleich wieder umgekehrt und bin nach Scheffau gefahren, und hab mir die Karte eben dort gekauft.<\/p>\n<p>Paar Fotos, anklicken zum Vergr\u00f6\u00dfern:<\/p>\n<p><a href='http:\/\/ski.inmontanis.info\/d\/148358-3\/DSC01933.jpg'><img src=http:\/\/ski.inmontanis.info\/d\/148356-4\/DSC01933.jpg \/><\/a><br \/>\n^ 8EUB in Scheffau<\/p>\n<p><a href='http:\/\/ski.inmontanis.info\/d\/148362-3\/DSC01934.jpg'><img src=http:\/\/ski.inmontanis.info\/d\/148360-4\/DSC01934.jpg \/><\/a><br \/>\n^ Tal-Pano (Bergstation S\u00fcdhangbahn)<\/p>\n<p><a href='http:\/\/ski.inmontanis.info\/d\/148366-3\/DSC00281_rbg.jpg'><img src=http:\/\/ski.inmontanis.info\/d\/148364-4\/DSC00281_rbg.jpg \/><\/a><br \/>\n^ IR-Pano (Bergstation S\u00fcdhangbahn)<\/p>\n<p><a href='http:\/\/ski.inmontanis.info\/d\/148370-3\/DSC01935.jpg'><img src=http:\/\/ski.inmontanis.info\/d\/148368-4\/DSC01935.jpg \/><\/a><br \/>\n^ Ungew\u00f6hnlicher Parkplatz f\u00fcr ein rum\u00e4nisches Auto ;-)<\/p>\n<p><a href='http:\/\/ski.inmontanis.info\/d\/148390-3\/DSC00289_gbr.jpg'><img src=http:\/\/ski.inmontanis.info\/d\/148388-4\/DSC00289_gbr.jpg \/><\/a><br \/>\n^ 8EUB Scheffau Bergstation (IR) mit Kitzb\u00fcheler Horn<\/p>\n<p><a href='http:\/\/ski.inmontanis.info\/d\/148374-3\/DSC01940.jpg'><img src=http:\/\/ski.inmontanis.info\/d\/148372-4\/DSC01940.jpg \/><\/a><br \/>\n^ Pano Zinsberg \/ Alpenhauptkamm<\/p>\n<p><a href='http:\/\/ski.inmontanis.info\/d\/148378-3\/DSC00285_gbr.jpg'><img src=http:\/\/ski.inmontanis.info\/d\/148376-4\/DSC00285_gbr.jpg \/><\/a><br \/>\n^ .. dito in IR<\/p>\n<p><a href='http:\/\/ski.inmontanis.info\/d\/148382-3\/DSC01942.jpg'><img src=http:\/\/ski.inmontanis.info\/d\/148380-4\/DSC01942.jpg \/><\/a><br \/>\n^ Das links da hinten h\u00e4tte ein nettes Gletscherskigebiet werden k\u00f6nnen ,-)<\/p>\n<p><a href='http:\/\/ski.inmontanis.info\/d\/148386-3\/DSC01945.jpg'><img src=http:\/\/ski.inmontanis.info\/d\/148384-4\/DSC01945.jpg \/><\/a><br \/>\n^ Wilder Kaiser zwischen den Bergstationen 4EUB und 8EUB (Brandstadl)<\/p>\n<p>Abw\u00e4rts ging&#8217;s den &#8220;direkten&#8221; Forstweg, ganz oben war er mir teilweise etwas zu steil, weiter unten war es dann eher mein Fall; etwas unterhalb der Mittelstation ging&#8217;s sogar auf einer geteerten Stra\u00dfe abw\u00e4rts (die allerdings kurz vorm Parkplatz auf die Bundesstra\u00dfe einm\u00fcndet)<\/p>\n","protected":false},"excerpt":{"rendered":"<p>Hab mir heute die Kitzb\u00fcheler Alpen Sommercard gekauft, ganze Saison 175,- \u20ac (Normalpreis), ca. 20-30 Seilbahnen so oft wie man fahren will &#8211; das ist doch ein fairer Preis. Zumal ich in der Gegend im Sommer noch kaum unterwegs war und es sicherlich einige leichtere Abfahrtswege geben k\u00f6nnte.<\/p>\n<p> <a href=\"http:\/\/blog.inmontanis.info\/?p=2030\">[&#8230;]<\/a><\/p>\n","protected":false},"author":1,"featured_media":0,"comment_status":"open","ping_status":"closed","sticky":false,"template":"","format":"standard","meta":{"footnotes":""},"categories":[25,13,898,30],"tags":[53,90],"class_list":["post-2030","post","type-post","status-publish","format-standard","hentry","category-noreport","category-austria","category-skiwelt-wilder-kaiser","category-wandern","tag-8eub","tag-infrarot","odd"],"_links":{"self":[{"href":"http:\/\/blog.inmontanis.info\/index.php?rest_route=\/wp\/v2\/posts\/2030","targetHints":{"allow":["GET"]}}],"collection":[{"href":"http:\/\/blog.inmontanis.info\/index.php?rest_route=\/wp\/v2\/posts"}],"about":[{"href":"http:\/\/blog.inmontanis.info\/index.php?rest_route=\/wp\/v2\/types\/post"}],"author":[{"embeddable":true,"href":"http:\/\/blog.inmontanis.info\/index.php?rest_route=\/wp\/v2\/users\/1"}],"replies":[{"embeddable":true,"href":"http:\/\/blog.inmontanis.info\/index.php?rest_route=%2Fwp%2Fv2%2Fcomments&post=2030"}],"version-history":[{"count":2,"href":"http:\/\/blog.inmontanis.info\/index.php?rest_route=\/wp\/v2\/posts\/2030\/revisions"}],"predecessor-version":[{"id":2032,"href":"http:\/\/blog.inmontanis.info\/index.php?rest_route=\/wp\/v2\/posts\/2030\/revisions\/2032"}],"wp:attachment":[{"href":"http:\/\/blog.inmontanis.info\/index.php?rest_route=%2Fwp%2Fv2%2Fmedia&parent=2030"}],"wp:term":[{"taxonomy":"category","embeddable":true,"href":"http:\/\/blog.inmontanis.info\/index.php?rest_route=%2Fwp%2Fv2%2Fcategories&post=2030"},{"taxonomy":"post_tag","embeddable":true,"href":"http:\/\/blog.inmontanis.info\/index.php?rest_route=%2Fwp%2Fv2%2Ftags&post=2030"}],"curies":[{"name":"wp","href":"https:\/\/api.w.org\/{rel}","templated":true}]}}