{"id":2010,"date":"2012-05-10T23:06:42","date_gmt":"2012-05-10T21:06:42","guid":{"rendered":"http:\/\/blog.inmontanis.info\/?p=2010"},"modified":"2012-08-09T23:09:09","modified_gmt":"2012-08-09T21:09:09","slug":"retrospektive-stilfserjoch-sommerski-1995-2003-2010","status":"publish","type":"post","link":"http:\/\/blog.inmontanis.info\/?p=2010","title":{"rendered":"Retrospektive: Stilfserjoch Sommerski 1995-2003 (-2010)"},"content":{"rendered":"<p>Da ich ausnahmsweise mal Zeit und Lust hatte, bin ich meine Bilder von 2003 und 2004 durchgegangen, die noch nicht in der Gallery online sind.<\/p>\n<p>Einer der interessanteren Funde war mein Besuch am Stilfser Joch am 23.8.2003 &#8211; mitten im schlimmsten Sommer, den die europ\u00e4ischen Gletscherskigebiete je erlebt hatten.<\/p>\n<p>Allein schon Grund genug, diese Bilder endlich (wieder) online zu stellen .. aber zus\u00e4tzlich hab ich auch noch die Stilfserjochfotos von 1995-2002, die sich bis dato nur in der &#8220;alten Alpengallery&#8221; befanden, nun endlich in die neue Gallery eingearbeitet &#8211; und werde hier auch etliche Vergleiche ziehen k\u00f6nnen.<br \/>\n<!--more--><br \/>\nDabei ist der Unterschied vom Gletscherstand zwischen 1995 und 2003 kaum sichtbar, wesentlich geringer als zwischen 2003 und 2010, als ich zuletzt am Stilfser Joch war.<\/p>\n<p>23.8.2003, 22:04 &#8211; Zitat aus meinem Bericht im Alpinforum:<\/p>\n<blockquote><p><em>Also, das war heut mal wirklich ein Tag voller \u00dcberaschungen, positiver und negativer:<\/p>\n<p>&#8212; Lifte blo\u00df bis 13 Uhr in Betrieb (keine Ahnung ob wg. Wartungsarbeiten oder generell derzeit), trotzdem Normalpreis 29,50 f\u00fcr den Tagesskipa\u00df..<\/p>\n<p>&#8212; Abfahrt zur Mittelstation NICHT mehr m\u00f6glich (das hab ich noch nie erlebt) => den ganzen Tag fast ausnahmslos auf Schnee gefahren<\/p>\n<p>&#8212; Bis auf SL Payer war bei allen SL die Seilf\u00fchrung um mindestens 1 Meter zu hoch &#8230;<\/p>\n<p>&#8211; Soviel Spalten hab ich dort oben auch noch nie gesehen<\/p>\n<p>++ Schnee bis 11 Uhr hart &#038; griffig, teilweise bis nach Mittag, ab 10 Uhr firnig. Da wo Schnee war, wars super. Endlich mal wieder ein paar speedige Racecarvs :)<\/p>\n<p>++ Nix los. Wartezeiten zwischen 0 und unter 1 Minute. Ich schieb&#8217;s mal auf &#8220;Samstag&#8221; und &#8220;wenig Schnee&#8221; &#8230;<br \/>\n<\/em><\/p><\/blockquote>\n<p>(Fotos anklicken zum Vergr\u00f6\u00dfern, soweit nicht vergr\u00f6\u00dfert gepostet &#8211; Tipp: in ein neues Fenster \u00f6ffnen zum besseren Vergleich!)<\/p>\n<p><a href='http:\/\/ski.inmontanis.info\/d\/147592-2\/08230004.jpg'><img src=http:\/\/ski.inmontanis.info\/d\/147591-3\/08230004.jpg \/><\/a><br \/>\n^ SL Cristallo, 23.8.2003<\/p>\n<p><a href='http:\/\/ski.inmontanis.info\/d\/147596-2\/08230005.jpg'><img src=http:\/\/ski.inmontanis.info\/d\/147595-3\/08230005.jpg \/><\/a><br \/>\n^ SL Payer, 23.8.2003<br \/>\n.. und am 24.8.2008, man beachte, wo inzwischen die St\u00fctze vom 2003er Ausstieg ist &#8211; unerreichbar am Fels:<br \/>\n&#8230; <a href='http:\/\/ski.inmontanis.info\/d\/66994-3\/P1300244.JPG'><img src=http:\/\/ski.inmontanis.info\/d\/66993-4\/P1300244.JPG \/><\/a><\/p>\n<p><a href='http:\/\/ski.inmontanis.info\/d\/147600-2\/08230006.jpg'><img src=http:\/\/ski.inmontanis.info\/d\/147599-3\/08230006.jpg \/><\/a><br \/>\n^ Cristallo \/ Abfahrt, 23.8.2003<\/p>\n<p><a href='http:\/\/ski.inmontanis.info\/d\/147604-2\/08230007.jpg'><img src=http:\/\/ski.inmontanis.info\/d\/147603-3\/08230007.jpg \/><\/a><br \/>\n^ Abfahrt am Geister-SL mit den H\u00e4uschen der ehemaligen SL, 23.8.2003<\/p>\n<p><a href='http:\/\/ski.inmontanis.info\/d\/147823-3\/08230008.jpg'><img src=http:\/\/ski.inmontanis.info\/d\/147822-4\/08230008.jpg \/><\/a><br \/>\n^ SL Campo Scuola, dzt. wg. Schneemangels nicht in Betrieb, 23.8.2003<\/p>\n<p><a href='http:\/\/ski.inmontanis.info\/d\/147609-2\/08230010.jpg'><img src=http:\/\/ski.inmontanis.info\/d\/147608-3\/08230010.jpg \/><\/a><br \/>\n^ Livrio und SL Geister, 23.8.2003<br \/>\n.. und am 25.8.2001:<br \/>\n<a href='http:\/\/ski.inmontanis.info\/d\/147767-3\/stilfserjoch20010825_grosse_wolke_lilafilter.jpg'><img src=http:\/\/ski.inmontanis.info\/d\/147766-4\/stilfserjoch20010825_grosse_wolke_lilafilter.jpg \/><\/a><\/p>\n<p><a href='http:\/\/ski.inmontanis.info\/d\/147613-2\/08230011.jpg'><img src=http:\/\/ski.inmontanis.info\/d\/147612-3\/08230011.jpg \/><\/a><br \/>\n^ SL Geister, 23.8.2003<\/p>\n<p><a href='http:\/\/ski.inmontanis.info\/d\/147617-2\/08230012.jpg'><img src=http:\/\/ski.inmontanis.info\/d\/147616-3\/08230012.jpg \/><\/a><br \/>\n^ Viele Spalten am SL Campo Scuola, 23.8.2003<\/p>\n<p><a href='http:\/\/ski.inmontanis.info\/d\/147621-2\/08230013.jpg'><img src=http:\/\/ski.inmontanis.info\/d\/147620-3\/08230013.jpg \/><\/a><br \/>\n^ Bereich SL Geister &#8211; Campo Scuola &#8211; Nagler, 23.8.2003<\/p>\n<p><a href='http:\/\/ski.inmontanis.info\/d\/147625-2\/08230015.jpg'><img src=http:\/\/ski.inmontanis.info\/d\/147624-3\/08230015.jpg \/><\/a><br \/>\n^ Hohe Seilspur am SL Geister. Aua! 23.8.2003<\/p>\n<p><a href='http:\/\/ski.inmontanis.info\/d\/147629-2\/08230016.jpg'><img src=http:\/\/ski.inmontanis.info\/d\/147628-3\/08230016.jpg \/><\/a><br \/>\n^ SL Geister, 23.8.2003<\/p>\n<p><a href='http:\/\/ski.inmontanis.info\/d\/147827-3\/08230017.jpg'><img src=http:\/\/ski.inmontanis.info\/d\/147826-4\/08230017.jpg \/><\/a><br \/>\n^ SL Payer und SL Cristallo, 23.8.2003<br \/>\n..2008 war der Ausstieg schon unterhalb der St\u00fctze &#8211; und um einiges krimineller:<br \/>\n&#8230;<a href='http:\/\/ski.inmontanis.info\/d\/67014-3\/P1300257.JPG'><img src=http:\/\/ski.inmontanis.info\/d\/67013-4\/P1300257.JPG \/><\/a><\/p>\n<p><a href='http:\/\/ski.inmontanis.info\/d\/147634-3\/08230018.jpg'><img src=http:\/\/ski.inmontanis.info\/d\/147633-4\/08230018.jpg \/><\/a><br \/>\n^ SL Payer und SL Cristallo, 23.8.2003<\/p>\n<p><img src=http:\/\/ski.inmontanis.info\/d\/147638-3\/08230019.jpg \/><br \/>\n^ SL Geister, 23.8.2003<\/p>\n<p><img src=http:\/\/ski.inmontanis.info\/d\/147642-3\/08230026.jpg \/><br \/>\n^ SL Geister \/ Livrio, 23.8.2003<\/p>\n<p><img src=http:\/\/ski.inmontanis.info\/d\/147646-3\/08230020.jpg \/><br \/>\n^ SL Geister \/ Campo Scuola \/ Livrio \/ Trincerone, 23.8.2003<\/p>\n<p><a href='http:\/\/ski.inmontanis.info\/d\/147650-3\/08230029.jpg'><img src=http:\/\/ski.inmontanis.info\/d\/147649-4\/08230029.jpg \/><\/a><br \/>\n^ Spaltenstopfungsversuch am SL Geister. Hernach war die Spalte noch gr\u00f6\u00dfer :-) 23.8.2003<\/p>\n<p><a href='http:\/\/ski.inmontanis.info\/d\/147654-3\/08230030.jpg'><img src=http:\/\/ski.inmontanis.info\/d\/147653-4\/08230030.jpg \/><\/a><br \/>\n^ SL Geister oben, 23.8.2003<\/p>\n<p><img src=http:\/\/ski.inmontanis.info\/d\/147658-3\/08230032.jpg \/><br \/>\n^ SL Campo Scuola auf verlorenem Posten, SL Stelvio unten wird abgebaut. 23.8.2003<\/p>\n<p><img src=http:\/\/ski.inmontanis.info\/d\/147662-3\/082334-40.jpg \/><br \/>\n^ Pano am Livrio (PB-Bergstation) mit SL Geister und Trincerone, 23.8.2003<\/p>\n<p><a href='http:\/\/ski.inmontanis.info\/d\/147835-2\/08230040.jpg'><img src=http:\/\/ski.inmontanis.info\/d\/147834-3\/08230040.jpg \/><\/a><br \/>\n^ Standard-Vergleichsfoto SL Geister, 23.8.2003<br \/>\n.. und am 7.8.2010, man sieht kaum einen Unterschied vom Gletscherstand:<br \/>\n&#8230; <a href='http:\/\/ski.inmontanis.info\/d\/118975-3\/P1560356-357.jpg'><img src=http:\/\/ski.inmontanis.info\/d\/118974-4\/P1560356-357.jpg \/><\/a><\/p>\n<p><a href='http:\/\/ski.inmontanis.info\/d\/147666-3\/08230039.jpg'><img src=http:\/\/ski.inmontanis.info\/d\/147665-4\/08230039.jpg \/><\/a><br \/>\n^ SL Geister &#8211; Campo Scuola, 23.8.2003<\/p>\n<p><a href='http:\/\/ski.inmontanis.info\/d\/147670-3\/08230038.jpg'><img src=http:\/\/ski.inmontanis.info\/d\/147669-4\/08230038.jpg \/><\/a><br \/>\n^ Massig Spalten am Campo Scuola und der Abfahrt zur Mittelstation, 23.8.2003<\/p>\n<p><a href='http:\/\/ski.inmontanis.info\/d\/147674-3\/08230037.jpg'><img src=http:\/\/ski.inmontanis.info\/d\/147673-4\/08230037.jpg \/><\/a><br \/>\n^ SL Nagler \/ Mittelstationsabfahrt, 23.8.2003<br \/>\n.. und am 24.8.2008:<br \/>\n&#8230; <a href='http:\/\/ski.inmontanis.info\/d\/66918-3\/P1300189.JPG'><img src=http:\/\/ski.inmontanis.info\/d\/66917-4\/P1300189.JPG \/><\/a><\/p>\n<p><a href='http:\/\/ski.inmontanis.info\/d\/147678-3\/08230034.jpg'><img src=http:\/\/ski.inmontanis.info\/d\/147677-4\/08230034.jpg \/><\/a><br \/>\n^ Trincerone, 23.8.2003<br \/>\n.. und am 24.8.2008:<\/p>\n<p><a href='http:\/\/ski.inmontanis.info\/d\/66914-3\/P1300188.JPG'><img src=http:\/\/ski.inmontanis.info\/d\/66913-4\/P1300188.JPG \/><\/a><br \/>\n.. und am 15.8.2000:<br \/>\n&#8230; <a href='http:\/\/ski.inmontanis.info\/d\/147742-3\/scanned_2000_stilfserjoch0815.jpg'><img src=http:\/\/ski.inmontanis.info\/d\/147741-4\/scanned_2000_stilfserjoch0815.jpg \/><\/a><br \/>\n.. und 1995?<br \/>\n<a href='http:\/\/ski.inmontanis.info\/d\/147706-3\/old1995_StilfserJoch10.jpg'><img src=http:\/\/ski.inmontanis.info\/d\/147705-4\/old1995_StilfserJoch10.jpg \/><\/a><br \/>\n^ Trincerone vom Livrio. Abfahrten und SL waren alle offen. August 1995<\/p>\n<p><a href='http:\/\/ski.inmontanis.info\/d\/147682-3\/08230035.jpg'><img src=http:\/\/ski.inmontanis.info\/d\/147681-4\/08230035.jpg \/><\/a><br \/>\n^ Trincerone, 23.8.2003<\/p>\n<p><a href='http:\/\/ski.inmontanis.info\/d\/147686-3\/08230042.jpg'><img src=http:\/\/ski.inmontanis.info\/d\/147685-4\/08230042.jpg \/><\/a><br \/>\n^ SL Geister. Heute Nachmittag leider nicht in Betrieb, die Geh\u00e4nge wurden versetzt. 23.8.2003<\/p>\n<p><img src=http:\/\/ski.inmontanis.info\/d\/147690-3\/08230043.jpg \/><br \/>\n^ Das bezeichnendste Bild des Sommers 2003. SL Stelvio liegt flach, SL Campo Scuola auf verspaltetenem Gletscher und die Pistenraupe auf verlorenem Posten &#8230; 23.8.2003<\/p>\n<p><a href='http:\/\/ski.inmontanis.info\/d\/147694-3\/08230045.jpg'><img src=http:\/\/ski.inmontanis.info\/d\/147693-4\/08230045.jpg \/><\/a><br \/>\n^ Livrio vom Trincerone, 23.8.2003<br \/>\n.. und am 7.8.2010, hier liegt der Gletscher um einige Meter tiefer:<br \/>\n&#8230; <a href='http:\/\/ski.inmontanis.info\/d\/118963-3\/P1560346.JPG'><img src=http:\/\/ski.inmontanis.info\/d\/118962-4\/P1560346.JPG \/><\/a><br \/>\n.. und am 16.8.2002:<br \/>\n&#8230; <a href='http:\/\/ski.inmontanis.info\/d\/147799-3\/StilfserJoch200208_FuniforStrecke.jpg'><img src=http:\/\/ski.inmontanis.info\/d\/147798-4\/StilfserJoch200208_FuniforStrecke.jpg \/><\/a><br \/>\n.. und 1995:<br \/>\n<a href='http:\/\/ski.inmontanis.info\/d\/147718-3\/old1995_StilfserJoch3.jpg'><img src=http:\/\/ski.inmontanis.info\/d\/147717-4\/old1995_StilfserJoch3.jpg \/><\/a><br \/>\n^ Blick zum Livrio und SL Nagler vom Trincerone, mit der alten PB (August 1995)<br \/>\n&#8230; und am 24.8.2008:<br \/>\n<a href='http:\/\/ski.inmontanis.info\/d\/67131-3\/P1300323.JPG'><img src=http:\/\/ski.inmontanis.info\/d\/67130-4\/P1300323.JPG \/><\/a><\/p>\n<p><a href='http:\/\/ski.inmontanis.info\/d\/147698-3\/08230046.jpg'><img src=http:\/\/ski.inmontanis.info\/d\/147697-4\/08230046.jpg \/><\/a><br \/>\n^ SL Nagler, 23.8.2003<br \/>\n.. und am 14.7.2007:<br \/>\n&#8230; <a href='http:\/\/ski.inmontanis.info\/d\/29748-2\/P1170472.jpg'><img src=http:\/\/ski.inmontanis.info\/d\/29748-2\/P1170472.jpg \/><\/a><br \/>\n.. und am 16.8.2002:<br \/>\n&#8230; <a href='http:\/\/ski.inmontanis.info\/d\/147807-3\/StilfserJoch200208_NaglerOhneSchnee.jpg'><img src=http:\/\/ski.inmontanis.info\/d\/147806-4\/StilfserJoch200208_NaglerOhneSchnee.jpg \/><\/a><\/p>\n<p><a href='http:\/\/ski.inmontanis.info\/d\/147710-3\/old1995_StilfserJoch12.jpg'><img src=http:\/\/ski.inmontanis.info\/d\/147709-4\/old1995_StilfserJoch12.jpg \/><\/a><br \/>\n^ Skigebiet vom Livrio aus, August 1995<\/p>\n<p><a href='http:\/\/ski.inmontanis.info\/d\/147714-3\/old1995_StilfserJoch15.jpg'><img src=http:\/\/ski.inmontanis.info\/d\/147713-4\/old1995_StilfserJoch15.jpg \/><\/a><br \/>\n^ Stilfserjoch, August 1995<\/p>\n<p><a href='http:\/\/ski.inmontanis.info\/d\/147722-3\/old1995_StilfserJoch5.jpg'><img src=http:\/\/ski.inmontanis.info\/d\/147721-4\/old1995_StilfserJoch5.jpg \/><\/a><br \/>\n^ SL Nagler, Trincerone (samt aler PB-Station), August 1995<br \/>\n&#8230; und am 18.8.2001:<br \/>\n&#8230; <a href='http:\/\/ski.inmontanis.info\/d\/147746-3\/stilfserjoch20010818_tricerone.jpg'><img src=http:\/\/ski.inmontanis.info\/d\/147745-4\/stilfserjoch20010818_tricerone.jpg \/><\/a><\/p>\n<p><a href='http:\/\/ski.inmontanis.info\/d\/147726-3\/old1995_StilfserJoch6.jpg'><img src=http:\/\/ski.inmontanis.info\/d\/147725-4\/old1995_StilfserJoch6.jpg \/><\/a><br \/>\n^ Oberer Gletscherbereich vom Ausstieg SL Nagler. Damals gab&#8217;s noch ein paar mehr Lifte &#8230; August 1995<br \/>\n.. und am 18.8.2001:<br \/>\n&#8230; <a href='http:\/\/ski.inmontanis.info\/d\/147755-3\/stilfserjoch20010818_geister.jpg'><img src=http:\/\/ski.inmontanis.info\/d\/147754-4\/stilfserjoch20010818_geister.jpg \/><\/a><\/p>\n<p><a href='http:\/\/ski.inmontanis.info\/d\/147730-3\/old1995_StilfserJoch7.jpg'><img src=http:\/\/ski.inmontanis.info\/d\/147729-4\/old1995_StilfserJoch7.jpg \/><\/a><br \/>\n^ Vom SL Nagler Blick zum SL Campo Scuola, SL Stelvio, Livrio, &#8230; August 1995<br \/>\n.. und am 18.8.2001:<br \/>\n&#8230; <a href='http:\/\/ski.inmontanis.info\/d\/147831-3\/stilfserjoch20010818_livrio.jpg'><img src=http:\/\/ski.inmontanis.info\/d\/147830-4\/stilfserjoch20010818_livrio.jpg \/><\/a><\/p>\n<p><img src=http:\/\/ski.inmontanis.info\/d\/147759-3\/stilfserjoch20010818_panorama_nagler.jpg \/><br \/>\n^ Pano am Ausstieg SL Nagler ins Skigebiet, 18.8.2001<\/p>\n<p><a href='http:\/\/ski.inmontanis.info\/d\/147734-3\/old1995_StilfserJoch8.jpg'><img src=http:\/\/ski.inmontanis.info\/d\/147733-4\/old1995_StilfserJoch8.jpg \/><\/a><br \/>\n^ Bei den obersten SL, August 1995<\/p>\n<p><a href='http:\/\/ski.inmontanis.info\/d\/147738-3\/old1995_StilfserJoch9.jpg'><img src=http:\/\/ski.inmontanis.info\/d\/147737-4\/old1995_StilfserJoch9.jpg \/><\/a><br \/>\n^ SL Cristallo, August 1995<\/p>\n<p><a href='http:\/\/ski.inmontanis.info\/d\/147750-3\/stilfserjoch20010818_richtung_prad.jpg'><img src=http:\/\/ski.inmontanis.info\/d\/147749-4\/stilfserjoch20010818_richtung_prad.jpg \/><\/a><br \/>\n^ SL Stelvio, 18.8.2001<\/p>\n<p><a href='http:\/\/ski.inmontanis.info\/d\/147763-3\/stilfserjoch20010818_talabfahrt_offen.jpg'><img src=http:\/\/ski.inmontanis.info\/d\/147762-4\/stilfserjoch20010818_talabfahrt_offen.jpg \/><\/a><br \/>\n^ Talabfahrt am 18.8.2001<\/p>\n<p><img src=http:\/\/ski.inmontanis.info\/d\/147771-3\/stilfserjoch20010825_kristallo_payer.jpg \/><br \/>\n^ SL Payer und Cristallo, 25.8.2001<\/p>\n<p><a href='http:\/\/ski.inmontanis.info\/d\/147775-3\/stilfserjoch20010825_ortler_mit_tibet_huette.jpg'><img src=http:\/\/ski.inmontanis.info\/d\/147774-4\/stilfserjoch20010825_ortler_mit_tibet_huette.jpg \/><\/a><br \/>\n^ Tibet-H\u00fctte und Ortler, 25.8.2001<\/p>\n<p><a href='http:\/\/ski.inmontanis.info\/d\/147779-3\/stilfserjoch20010825_pass.jpg'><img src=http:\/\/ski.inmontanis.info\/d\/147778-4\/stilfserjoch20010825_pass.jpg \/><\/a><br \/>\n^ Am Pass, 25.8.2001<\/p>\n<p><a href='http:\/\/ski.inmontanis.info\/d\/147783-3\/stilfserjoch20010825_strasse2.jpg'><img src=http:\/\/ski.inmontanis.info\/d\/147782-4\/stilfserjoch20010825_strasse2.jpg \/><\/a><br \/>\n^ Vom Livrio zu Trincerone, Pass und Stra\u00dfe (25.8.2001)<\/p>\n<p><a href='http:\/\/ski.inmontanis.info\/d\/147787-3\/stilfserjoch20010825_talabfahrt_geschlossen.jpg'><img src=http:\/\/ski.inmontanis.info\/d\/147786-4\/stilfserjoch20010825_talabfahrt_geschlossen.jpg \/><\/a><br \/>\n^ .. am 25.8.2001 ging die Talabfahrt dann nicht mehr.<\/p>\n<p><a href='http:\/\/ski.inmontanis.info\/d\/147791-3\/stilfserjoch20010825_touristen.jpg'><img src=http:\/\/ski.inmontanis.info\/d\/147790-4\/stilfserjoch20010825_touristen.jpg \/><\/a><br \/>\n^ Das \u00fcbliche Bild am Pass, 25.8.2001<\/p>\n<p><a href='http:\/\/ski.inmontanis.info\/d\/147795-3\/StilfserJoch200208_BlickVon3400m.jpg'><img src=http:\/\/ski.inmontanis.info\/d\/147794-4\/StilfserJoch200208_BlickVon3400m.jpg \/><\/a><br \/>\n^ SL Geister und Livrio am 16.8.2002<\/p>\n<p><a href='http:\/\/ski.inmontanis.info\/d\/147803-3\/StilfserJoch200208_FuniforTalX2.jpg'><img src=http:\/\/ski.inmontanis.info\/d\/147802-4\/StilfserJoch200208_FuniforTalX2.jpg \/><\/a><br \/>\n^ Trincerone, SL Nagler, Funifor (16.8.2002)<\/p>\n<p><a href='http:\/\/ski.inmontanis.info\/d\/147811-3\/StilfserJoch200208_NeuerPayer.jpg'><img src=http:\/\/ski.inmontanis.info\/d\/147810-4\/StilfserJoch200208_NeuerPayer.jpg \/><\/a><br \/>\n^ SL Payer, 16.8.2002<\/p>\n<p><a href='http:\/\/ski.inmontanis.info\/d\/147819-3\/StilfserJoch20020912_Strasse.jpg'><img src=http:\/\/ski.inmontanis.info\/d\/147818-4\/StilfserJoch20020912_Strasse.jpg \/><\/a><br \/>\n^ Stra\u00dfe, 16.8.2002<\/p>\n<p>.. ein paar alte Prospekte von 1995 hatte ich auch schon mal abfotografiert:<br \/>\n<img src=http:\/\/ski.inmontanis.info\/0alpinforum\/DSC04814.jpg \/><\/p>\n<p><img src=http:\/\/ski.inmontanis.info\/0alpinforum\/DSC04815.jpg \/><\/p>\n<p><img src=http:\/\/ski.inmontanis.info\/0alpinforum\/DSC04830.jpg \/><\/p>\n<p><img src=http:\/\/ski.inmontanis.info\/0alpinforum\/DSC04817.jpg \/><\/p>\n<p><img src=http:\/\/ski.inmontanis.info\/0alpinforum\/DSC04818.jpg \/><\/p>\n<p><img src=http:\/\/ski.inmontanis.info\/0alpinforum\/DSC04819.jpg \/><\/p>\n<p><img src=http:\/\/ski.inmontanis.info\/0alpinforum\/DSC04823.jpg \/><\/p>\n<p><img src=http:\/\/ski.inmontanis.info\/0alpinforum\/DSC04827.jpg \/><\/p>\n<p><img src=http:\/\/ski.inmontanis.info\/0alpinforum\/DSC04824.jpg \/><\/p>\n<p><img src=http:\/\/ski.inmontanis.info\/0alpinforum\/DSC04829.jpg \/><\/p>\n<p><img src=http:\/\/ski.inmontanis.info\/0alpinforum\/DSC04828.jpg \/><br \/>\n.. weils grad passt, 24.8.2008:<br \/>\n&#8230; <a href='http:\/\/ski.inmontanis.info\/d\/67123-3\/P1300320.JPG'><img src=http:\/\/ski.inmontanis.info\/d\/67122-4\/P1300320.JPG \/><\/a><\/p>\n<p><img src=http:\/\/ski.inmontanis.info\/0alpinforum\/DSC04831.jpg \/><\/p>\n<p><img src=http:\/\/ski.inmontanis.info\/0alpinforum\/DSC04832.jpg \/><br \/>\n.. weils grad passt, 10.6.2007:<br \/>\n&#8230; <a href='http:\/\/ski.inmontanis.info\/d\/29628-2\/P1160848.jpg'><img src=http:\/\/ski.inmontanis.info\/d\/29628-2\/P1160848.jpg \/><\/a><\/p>\n<p>.. und wer noch \u00e4ltere Fotos sehen will:<br \/>\n<a href='http:\/\/www.retrofutur.org\/retrofutur\/app\/main?DOCID=100002620'>http:\/\/www.retrofutur.org\/retrofutur\/app\/main?DOCID=100002620<\/a><\/p>\n","protected":false},"excerpt":{"rendered":"<p>Da ich ausnahmsweise mal Zeit und Lust hatte, bin ich meine Bilder von 2003 und 2004 durchgegangen, die noch nicht in der Gallery online sind.<\/p>\n<p>Einer der interessanteren Funde war mein Besuch am Stilfser Joch am 23.8.2003 &#8211; mitten im schlimmsten Sommer, den die europ\u00e4ischen Gletscherskigebiete je erlebt hatten.<\/p>\n<p>Allein schon Grund genug, diese Bilder <a href=\"http:\/\/blog.inmontanis.info\/?p=2010\">[&#8230;]<\/a><\/p>\n","protected":false},"author":1,"featured_media":0,"comment_status":"open","ping_status":"closed","sticky":false,"template":"","format":"standard","meta":{"footnotes":""},"categories":[25,13,28],"tags":[54,52,47],"class_list":["post-2010","post","type-post","status-publish","format-standard","hentry","category-noreport","category-austria","category-skifahren-sommer","tag-gletschervergleich","tag-pb","tag-sl","odd"],"_links":{"self":[{"href":"http:\/\/blog.inmontanis.info\/index.php?rest_route=\/wp\/v2\/posts\/2010","targetHints":{"allow":["GET"]}}],"collection":[{"href":"http:\/\/blog.inmontanis.info\/index.php?rest_route=\/wp\/v2\/posts"}],"about":[{"href":"http:\/\/blog.inmontanis.info\/index.php?rest_route=\/wp\/v2\/types\/post"}],"author":[{"embeddable":true,"href":"http:\/\/blog.inmontanis.info\/index.php?rest_route=\/wp\/v2\/users\/1"}],"replies":[{"embeddable":true,"href":"http:\/\/blog.inmontanis.info\/index.php?rest_route=%2Fwp%2Fv2%2Fcomments&post=2010"}],"version-history":[{"count":2,"href":"http:\/\/blog.inmontanis.info\/index.php?rest_route=\/wp\/v2\/posts\/2010\/revisions"}],"predecessor-version":[{"id":2012,"href":"http:\/\/blog.inmontanis.info\/index.php?rest_route=\/wp\/v2\/posts\/2010\/revisions\/2012"}],"wp:attachment":[{"href":"http:\/\/blog.inmontanis.info\/index.php?rest_route=%2Fwp%2Fv2%2Fmedia&parent=2010"}],"wp:term":[{"taxonomy":"category","embeddable":true,"href":"http:\/\/blog.inmontanis.info\/index.php?rest_route=%2Fwp%2Fv2%2Fcategories&post=2010"},{"taxonomy":"post_tag","embeddable":true,"href":"http:\/\/blog.inmontanis.info\/index.php?rest_route=%2Fwp%2Fv2%2Ftags&post=2010"}],"curies":[{"name":"wp","href":"https:\/\/api.w.org\/{rel}","templated":true}]}}