{"id":1996,"date":"2012-04-22T22:53:49","date_gmt":"2012-04-22T20:53:49","guid":{"rendered":"http:\/\/blog.inmontanis.info\/?p=1996"},"modified":"2023-08-06T21:30:20","modified_gmt":"2023-08-06T19:30:20","slug":"kaltenbach-hochfugen-22-4-2012","status":"publish","type":"post","link":"http:\/\/blog.inmontanis.info\/?p=1996","title":{"rendered":"Kaltenbach-Hochf\u00fcgen, 22.4.2012"},"content":{"rendered":"<p>20cm leicht pappiger Neuschnee auf z.T. hart gefrorener Unterlage, dazu starker, nasser Schneefall den ganzen Tag, und mittelschlechte Sichtverh\u00e4ltnisse &#8211; so geht die Skisasion auch im letzten ge\u00f6ffneten Winterskigebiet des Zillertals zu Ende. Restschneeabfahrten? Firn? Heuer leider Fehlanzeige. (Au\u00dfer bei den Skigebieten, die schon im M\u00e4rz den Betrieb eingestellt hatten)<br \/>\n<!--more--><br \/>\nEigentlich also heute kein Grund, Ski zu fahren und auch noch Fotos zu machen &#8211; aber irgenwie hab ich mir eingebildet, ich m\u00fcsste heute ein paar Infrarot-Fotos-mit-Fischauge-und-Gelbfilter machen. Um die triste Stimmung etwas farbiger zu gestalten.<\/p>\n<p>Ge\u00f6ffnet war in Kaltenbach nur noch die n\u00f6tige Verbindung, also Sonnenjet mit nur einer Abfahrt (plus SL unten) und die beiden Verbindungs-SBs. Wobei man es nicht f\u00fcr n\u00f6tig hielt, trotz starken Schneefalls die Sitze hochzuklappen. In Hochf\u00fcgen war neben der Verbindungs-EUB nat\u00fcrlich noch die andere EUB und die obere 4SB (sowie einer der Tal-SL) ge\u00f6ffnet. Generell war der Schneefall in Hochf\u00fcgen schw\u00e4cher, die Schneeverh\u00e4ltnisse aber schlechter. Es waren auch noch mehr Leute im Gebiet, als ich erwartet h\u00e4tte. Da sieht man in manchen Gebieten zum Saisonschluss selbst bei Sonnenschein weniger!<\/p>\n<p>Fotos, alle mit Fischauge, Gelbfilter und Infrarot gemacht. Und ja, ich wei\u00df, da ist viel Schmutz heute vor dem Sensor, der durch die starke Kontrastverst\u00e4rkung der Bilder teilweise extrem st\u00f6rend ist&#8230;.<\/p>\n<p><img src=http:\/\/ski.inmontanis.info\/d\/147097-2\/DSC00051_rbg.jpg \/><br \/>\n^ Parkplatz und Talstation<\/p>\n<p><img src=http:\/\/ski.inmontanis.info\/d\/147101-2\/DSC00052_rbg.jpg \/><br \/>\n^ Parkplatz, g\u00e4hnende Leere<\/p>\n<p><img src=http:\/\/ski.inmontanis.info\/d\/147105-2\/DSC00059_gbr.jpg \/><br \/>\n^ Mittelstation<\/p>\n<p><img src=http:\/\/ski.inmontanis.info\/d\/147109-2\/DSC00065_rbg.jpg \/><br \/>\n^ Bergstation<\/p>\n<p><img src=http:\/\/ski.inmontanis.info\/d\/147113-2\/DSC00068_gbr.jpg \/><br \/>\n^ Sonnenjet<\/p>\n<p><img src=http:\/\/ski.inmontanis.info\/d\/147069-2\/DSC00071.jpg \/><br \/>\n^ Verbindungs-8EUB<\/p>\n<p><img src=http:\/\/ski.inmontanis.info\/d\/147073-2\/DSC00076_rbg.jpg \/><br \/>\n^ Hochf\u00fcgen<\/p>\n<p><img src=http:\/\/ski.inmontanis.info\/d\/147077-2\/DSC00077_rbg.jpg \/><br \/>\n^ SL Pfaffenb\u00fchel II<\/p>\n<p><img src=http:\/\/ski.inmontanis.info\/d\/147081-2\/DSC00080.jpg \/><br \/>\n^ Hochf\u00fcgen 2000<\/p>\n<p><img src=http:\/\/ski.inmontanis.info\/d\/147085-2\/DSC00083_gbr.jpg \/><br \/>\n^ Beide EUBs<\/p>\n<p><img src=http:\/\/ski.inmontanis.info\/d\/147089-2\/DSC00084.jpg \/><br \/>\n^ DSB<\/p>\n<p><img src=http:\/\/ski.inmontanis.info\/d\/147093-2\/DSC00086_gbr.jpg \/><br \/>\n^ Z-Shuttle<\/p>\n<p><img src=http:\/\/ski.inmontanis.info\/d\/147117-2\/DSC00090_gbr.jpg \/><br \/>\n^ Wedelexpress<\/p>\n<p><img src=http:\/\/ski.inmontanis.info\/d\/147121-2\/DSC00094_gbr.jpg \/><br \/>\n^ Sitze hochklappen wg. Schneefall? Fehlanzeige.<\/p>\n<p><img src=http:\/\/ski.inmontanis.info\/d\/147125-2\/DSC00099_gbr.jpg \/><br \/>\n^ Abfahrt<\/p>\n<p><img src=http:\/\/ski.inmontanis.info\/d\/147129-2\/DSC00100_gbr.jpg \/><br \/>\n^ Abfahrt<\/p>\n<p><img src=http:\/\/ski.inmontanis.info\/d\/147133-2\/DSC00106_gbr.jpg \/><br \/>\n^ Sonnenjet<\/p>\n<p><img src=http:\/\/ski.inmontanis.info\/d\/147137-2\/DSC00107.jpg \/><br \/>\n^ Sonnenjet<\/p>\n<p><img src=http:\/\/ski.inmontanis.info\/d\/147141-2\/DSC00110_gbr.jpg \/><br \/>\n^ Zentralstation. Noch massig Schnee hier.<\/p>\n<p><img src=http:\/\/ski.inmontanis.info\/d\/147145-2\/DSC00112.jpg \/><br \/>\n^ Zentralstation<\/p>\n<p><img src=http:\/\/ski.inmontanis.info\/d\/147149-2\/DSC00113_gbr.jpg \/><br \/>\n^ 8EUB Bergstation<\/p>\n<p><img src=http:\/\/ski.inmontanis.info\/d\/147153-2\/DSC00117_rbg.jpg \/><br \/>\n^ 8EUB<\/p>\n<p><img src=http:\/\/ski.inmontanis.info\/d\/147157-2\/DSC00120_gbr.jpg \/><br \/>\n^ Abfahrt Mittelstation<\/p>\n<p><img src=http:\/\/ski.inmontanis.info\/d\/147161-2\/DSC00121_rbg.jpg \/><br \/>\n^ 8EUB. Leider kann man ja das Fenster nicht \u00f6ffnen &#8211; also muss man von Innen fotografieren.<\/p>\n<p><img src=http:\/\/ski.inmontanis.info\/d\/147165-2\/DSC00122_gbr.jpg \/><br \/>\n^ Mittelstation<\/p>\n<p><img src=http:\/\/ski.inmontanis.info\/d\/147169-2\/DSC00133_rbg.jpg \/><br \/>\n^ Parkplatz<\/p>\n<p><img src=http:\/\/ski.inmontanis.info\/d\/147173-2\/DSC00135.jpg \/><br \/>\n^ Saisonende.<\/p>\n","protected":false},"excerpt":{"rendered":"<p>20cm leicht pappiger Neuschnee auf z.T. hart gefrorener Unterlage, dazu starker, nasser Schneefall den ganzen Tag, und mittelschlechte Sichtverh\u00e4ltnisse &#8211; so geht die Skisasion auch im letzten ge\u00f6ffneten Winterskigebiet des Zillertals zu Ende. Restschneeabfahrten? Firn? Heuer leider Fehlanzeige. (Au\u00dfer bei den Skigebieten, die schon im M\u00e4rz den Betrieb eingestellt hatten)<\/p>\n<p> <a href=\"http:\/\/blog.inmontanis.info\/?p=1996\">[&#8230;]<\/a><\/p>\n","protected":false},"author":1,"featured_media":0,"comment_status":"open","ping_status":"closed","sticky":false,"template":"","format":"standard","meta":{"footnotes":""},"categories":[907,25,13,27],"tags":[49,56,53,38,90],"class_list":["post-1996","post","type-post","status-publish","format-standard","hentry","category-kaltenbach-hochfugen","category-noreport","category-austria","category-skifahren-winterskiing-winter","tag-4sb","tag-6sb","tag-8eub","tag-dsb","tag-infrarot","odd"],"_links":{"self":[{"href":"http:\/\/blog.inmontanis.info\/index.php?rest_route=\/wp\/v2\/posts\/1996","targetHints":{"allow":["GET"]}}],"collection":[{"href":"http:\/\/blog.inmontanis.info\/index.php?rest_route=\/wp\/v2\/posts"}],"about":[{"href":"http:\/\/blog.inmontanis.info\/index.php?rest_route=\/wp\/v2\/types\/post"}],"author":[{"embeddable":true,"href":"http:\/\/blog.inmontanis.info\/index.php?rest_route=\/wp\/v2\/users\/1"}],"replies":[{"embeddable":true,"href":"http:\/\/blog.inmontanis.info\/index.php?rest_route=%2Fwp%2Fv2%2Fcomments&post=1996"}],"version-history":[{"count":3,"href":"http:\/\/blog.inmontanis.info\/index.php?rest_route=\/wp\/v2\/posts\/1996\/revisions"}],"predecessor-version":[{"id":9308,"href":"http:\/\/blog.inmontanis.info\/index.php?rest_route=\/wp\/v2\/posts\/1996\/revisions\/9308"}],"wp:attachment":[{"href":"http:\/\/blog.inmontanis.info\/index.php?rest_route=%2Fwp%2Fv2%2Fmedia&parent=1996"}],"wp:term":[{"taxonomy":"category","embeddable":true,"href":"http:\/\/blog.inmontanis.info\/index.php?rest_route=%2Fwp%2Fv2%2Fcategories&post=1996"},{"taxonomy":"post_tag","embeddable":true,"href":"http:\/\/blog.inmontanis.info\/index.php?rest_route=%2Fwp%2Fv2%2Ftags&post=1996"}],"curies":[{"name":"wp","href":"https:\/\/api.w.org\/{rel}","templated":true}]}}