{"id":1981,"date":"2012-03-12T22:40:07","date_gmt":"2012-03-12T21:40:07","guid":{"rendered":"http:\/\/blog.inmontanis.info\/?p=1981"},"modified":"2023-08-02T21:45:52","modified_gmt":"2023-08-02T19:45:52","slug":"monte-nerone-campignafalco-12-3-2012","status":"publish","type":"post","link":"http:\/\/blog.inmontanis.info\/?p=1981","title":{"rendered":"Monte Nerone &#038; Campigna\/Falco, 12.3.2012"},"content":{"rendered":"<p><strong>Appennino 2012, 18. Tag: Mo, 12.3.2012<\/strong> &#8211; Monti Nerone &#038; Falco<br \/>\n<em>2 Gebiete = 2 Lifte<\/em><\/p>\n<p><img src=http:\/\/extra.inmontanis.info\/d\/12879-2\/ge-appennino2012-poi4a.jpg \/><br \/>\n^ Y) Monte Nerone<br \/>\n^ Z) Monte Falco<br \/>\n<!--more--><\/p>\n<p>Heutiges Ziel: Monte Nerone. Kurz nach 10 Uhr war ich dort und hab mir die Tageskarte um 18,- \u20ac gekauft. Keine Ahnung was mich da geritten hat, die Halbtageskarte kostete 10,- und die Einzelfahrt 1,- \u20ac &#8230; <\/p>\n<p>Irgendwie waren die Abfahrten ja ganz nett, schl\u00e4ngelten sich schmal durch den Wald, aber f\u00fcr die geringe Steilheit waren sie zu kurz, f\u00fcr die k\u00fcrze waren sie zu flach &#8211;  so ungef\u00e4hr &#8230; Und eine kleine Variante war auch noch gro\u00df abgesperrt.<\/p>\n<p>Fotos, anklicken zum Vergr\u00f6\u00dfern, soweit nicht vergr\u00f6\u00dfert gepostet:<\/p>\n<p><a href='http:\/\/ski.inmontanis.info\/d\/149618-3\/DSC00795.jpg'><img src=http:\/\/ski.inmontanis.info\/d\/149617-4\/DSC00795.jpg \/><\/a><br \/>\n^ Auffahrt zum Monte Nerone. Na wo ist da noch gen\u00fcgend Schnee zum Skifahren?!<\/p>\n<p><img src=http:\/\/ski.inmontanis.info\/d\/149622-3\/DSC00797.jpg \/><br \/>\n^ Pano vom Monte Nerone aus<\/p>\n<p><a href='http:\/\/ski.inmontanis.info\/d\/149626-3\/DSC00808.jpg'><img src=http:\/\/ski.inmontanis.info\/d\/149625-4\/DSC00808.jpg \/><\/a><br \/>\n^ Pistenplan<\/p>\n<p><a href='http:\/\/ski.inmontanis.info\/d\/149630-3\/DSC00809.jpg'><img src=http:\/\/ski.inmontanis.info\/d\/149629-4\/DSC00809.jpg \/><\/a><br \/>\n^ Tal-Pano. Bei Sonnenschein und Meerblick h\u00e4tte es mir wohl einen Tick besser gefallen&#8230;<\/p>\n<p><a href='http:\/\/ski.inmontanis.info\/d\/149634-3\/DSC00810.jpg'><img src=http:\/\/ski.inmontanis.info\/d\/149633-4\/DSC00810.jpg \/><\/a><br \/>\n^ Talstation<\/p>\n<p><a href='http:\/\/ski.inmontanis.info\/d\/149638-3\/DSC00812.jpg'><img src=http:\/\/ski.inmontanis.info\/d\/149637-4\/DSC00812.jpg \/><\/a><br \/>\n^ SL-Strecke<\/p>\n<p><a href='http:\/\/ski.inmontanis.info\/d\/149642-3\/DSC00814.jpg'><img src=http:\/\/ski.inmontanis.info\/d\/149641-4\/DSC00814.jpg \/><\/a><br \/>\n^ Bergstation<\/p>\n<p><a href='http:\/\/ski.inmontanis.info\/d\/149646-3\/DSC00815.jpg'><img src=http:\/\/ski.inmontanis.info\/d\/149645-4\/DSC00815.jpg \/><\/a><br \/>\n^ Abfahrt<\/p>\n<p><img src=http:\/\/ski.inmontanis.info\/d\/149650-3\/DSC00817.jpg \/><br \/>\n^ Abfahrt mit Tiefblick<\/p>\n<p><a href='http:\/\/ski.inmontanis.info\/d\/149654-3\/DSC00823.jpg'><img src=http:\/\/ski.inmontanis.info\/d\/149653-4\/DSC00823.jpg \/><\/a><br \/>\n^ Skipass<\/p>\n<p><img src=http:\/\/ski.inmontanis.info\/d\/149658-3\/DSC00824.jpg \/><br \/>\n^ Abfahrten<\/p>\n<p><a href='http:\/\/ski.inmontanis.info\/d\/149662-3\/DSC00826.jpg'><img src=http:\/\/ski.inmontanis.info\/d\/149661-4\/DSC00826.jpg \/><\/a><br \/>\n^ Abfahrt am Parkplatz vorbei<\/p>\n<p><a href='http:\/\/ski.inmontanis.info\/d\/149666-3\/DSC00827.jpg'><img src=http:\/\/ski.inmontanis.info\/d\/149665-4\/DSC00827.jpg \/><\/a><br \/>\n^ Noch eine Abfahrt<\/p>\n<p><a href='http:\/\/ski.inmontanis.info\/d\/149670-3\/DSC00828.jpg'><img src=http:\/\/ski.inmontanis.info\/d\/149669-4\/DSC00828.jpg \/><\/a><br \/>\n^ Gipfel und Abfahrt<\/p>\n<p><a href='http:\/\/ski.inmontanis.info\/d\/149674-3\/DSC00829.jpg'><img src=http:\/\/ski.inmontanis.info\/d\/149673-4\/DSC00829.jpg \/><\/a><br \/>\n^ Uncool abgesperrte Abfahrtsvariante<\/p>\n<p><a href='http:\/\/ski.inmontanis.info\/d\/149678-3\/DSC00830.jpg'><img src=http:\/\/ski.inmontanis.info\/d\/149677-4\/DSC00830.jpg \/><\/a><br \/>\n^ Parkplatz<\/p>\n<p><a href='http:\/\/ski.inmontanis.info\/d\/149682-3\/ge_nerone.jpg'><img src=http:\/\/ski.inmontanis.info\/d\/149681-4\/ge_nerone.jpg \/><\/a><br \/>\n^ GPS-Track Monte Nerone<\/p>\n<p>Um 11:30 hab ich&#8217;s nach ca. 10 Fahrten auch schon wieder gelassen, es war mir doch zu langweilig, und kein w\u00fcrdiger Abschluss f\u00fcr diesen Urlaub.<\/p>\n<p>Und wo jetzt noch hin? Monte Catria? Die Abfahrt am Korblift ist schneem\u00e4\u00dfig nicht mehr offen und der SL oben is auch nicht wirklich spannend&#8230; Monte Carpegna? Wei\u00df ich gar nicht ob die heute offen h\u00e4tten. Also doch Monte Falco? Die sollten heute offen haben, und da war ich ja schon mal erfolglos &#8230;<\/p>\n<p>.. allerdings braucht man bis dort hin \u00fcber 2 Stunden. Um 14:15 war ich am SL und es herrschte reger Betrieb, 2 gro\u00dfe Jugendgruppen (Skiclub\/Skischulkurse) standen am SL an. Daher erst mal ins Rifugio ein Panino gekauft. Bestand dann leider aus 2 geschmacklosen Scheiben Wei\u00dfbrot um teure 4.50\u20ac. Unversch\u00e4mt. Zur\u00fcck zum SL zum Kassenh\u00e4uschen, wo auch die Preise aushingen. Aber Skipass gibts hier nicht, den gibts nur ca. 50-100 Meter weiter vorne am F\u00f6rderband. Hmpf. <\/p>\n<p>3x angepisst, das w\u00e4re egtl. ein Grund gewesen, mit dem Auto wieder wegzufahren. Wenn ich nicht so einen gro\u00dfen Umweg gemacht h\u00e4tte und nicht schon einmal erfolglos hier gewesen w\u00e4re. Also den Weg wieder runter zum Auto mit den Skiern abgefahren, Ski ins Auto gelegt, mit dem Auto zum Parkplatz am F\u00f6rderband gefahren, Halbtageskarte um 12,- \u20ac gekauft (er hat zwar meine Alfi-karte genommen, aber leider bekam ich nicht wieder meine retour sondern denen ihre! Ok, 2,- \u20ac gespart aber eine mit so einer bl\u00f6den R\u00fcckseite und nicht mehr mit Alfi-R\u00fcckseite. Hmpf. Wer wei\u00df, ob die wo anders wieder akzeptiert werden&#8230;), wieder mit dem Auto zum SL gefahren und wieder hoch zum SL gestapft.<\/p>\n<p>Bin den Lift (mit seiner netten, steilen Wald-Trasse und den alten Portalst\u00fctzen) dann 10x gefahren, beide Abfahrten also jeweils 5x. Sind beide recht nett und steiler als am Monte Nerone, die schwarze war etwas schneearm und damit noch selektiver. Die rote war zwar etwas &#8220;verfangz\u00e4unt&#8221;, aber immerhin schmal und kurvig &#8211; und anstatt den halben Berg wegzusprengen hat man Holzbr\u00fccken an den Berg angebaut. Irgendwie netter.<\/p>\n<p><a href='http:\/\/ski.inmontanis.info\/d\/149688-3\/DSC00863.jpg'><img src=http:\/\/ski.inmontanis.info\/d\/149686-4\/DSC00863.jpg \/><\/a><br \/>\n^ Parkplatz, vorne am Schild geht&#8217;s hinauf zum SL. Weiter Fu\u00dfweg, daf\u00fcr, dass ich den 2x gehen musste, weil es dort oben keine Skip\u00e4sse gab&#8230;<\/p>\n<p><img src=http:\/\/ski.inmontanis.info\/d\/149692-3\/DSC00864.jpg \/><br \/>\n^ Talstation SL mit den beiden Abfahrten<\/p>\n<p><img src=http:\/\/ski.inmontanis.info\/d\/149696-3\/DSC00865.jpg \/><br \/>\n^ SL-Strecke unten<\/p>\n<p><img src=http:\/\/ski.inmontanis.info\/d\/149700-3\/DSC00866.jpg \/><br \/>\n^ SL-Strecke Mitte<\/p>\n<p><img src=http:\/\/ski.inmontanis.info\/d\/149704-3\/DSC00867.jpg \/><br \/>\n^ SL-Strecke Oben<\/p>\n<p><img src=http:\/\/ski.inmontanis.info\/d\/149708-3\/DSC00869.jpg \/><br \/>\n^ Ausstieg und Start der schwarzen Abfahrt<\/p>\n<p><img src=http:\/\/ski.inmontanis.info\/d\/149712-3\/DSC00870.jpg \/><br \/>\n^ Schwarze Abfahrt, die schneearme Stelle<\/p>\n<p><a href='http:\/\/ski.inmontanis.info\/d\/149716-3\/DSC00871.jpg'><img src=http:\/\/ski.inmontanis.info\/d\/149715-4\/DSC00871.jpg \/><\/a><br \/>\n^ Schwarze Abfahrt<\/p>\n<p><a href='http:\/\/ski.inmontanis.info\/d\/149720-3\/DSC00872.jpg'><img src=http:\/\/ski.inmontanis.info\/d\/149719-4\/DSC00872.jpg \/><\/a><br \/>\n^ Schwarze Abfahrt, unterster Teil<\/p>\n<p><img src=http:\/\/ski.inmontanis.info\/d\/149724-3\/DSC00874.jpg \/><br \/>\n^ Rote Abfahrt<\/p>\n<p><a href='http:\/\/ski.inmontanis.info\/d\/149728-3\/DSC00875.jpg'><img src=http:\/\/ski.inmontanis.info\/d\/149727-4\/DSC00875.jpg \/><\/a><br \/>\n^ Rote Abfahrt<\/p>\n<p><a href='http:\/\/ski.inmontanis.info\/d\/149732-3\/DSC00876.jpg'><img src=http:\/\/ski.inmontanis.info\/d\/149731-4\/DSC00876.jpg \/><\/a><br \/>\n^ Rote Abfahrt<\/p>\n<p><a href='http:\/\/ski.inmontanis.info\/d\/149736-3\/DSC00877.jpg'><img src=http:\/\/ski.inmontanis.info\/d\/149735-4\/DSC00877.jpg \/><\/a><br \/>\n^ Rote Abfahrt, dies ist die Umfahrung von dem etwas steileren, direkteren St\u00fcck.<\/p>\n<p><a href='http:\/\/ski.inmontanis.info\/d\/149740-3\/DSC00884.jpg'><img src=http:\/\/ski.inmontanis.info\/d\/149739-4\/DSC00884.jpg \/><\/a><br \/>\n^ Die Alternative zur Kurve<\/p>\n<p><img src=http:\/\/ski.inmontanis.info\/d\/149744-3\/DSC00879.jpg \/><br \/>\n^ Rote Abfahrt, hier sind auch beide Vari\u00e4ntchen wieder zusammen, oben sieht man das Holzger\u00fcst der Abfahrt<\/p>\n<p><img src=http:\/\/ski.inmontanis.info\/d\/149748-3\/DSC09979.jpg \/><br \/>\n^ IR-Pano<\/p>\n<p><img src=http:\/\/ski.inmontanis.info\/d\/149752-3\/DSC09978.jpg \/><br \/>\n^ IR-Pano zum Meer \/ Adria<\/p>\n<p><img src=http:\/\/ski.inmontanis.info\/d\/149756-3\/DSC09994.jpg \/><br \/>\n^ IR-Pano zum Meer \/ Adria<\/p>\n<p><img src=http:\/\/ski.inmontanis.info\/d\/149760-3\/ge_falco.jpg \/><br \/>\n^ Nachgezeichneter GPS-Track (zu viel Aussetzer im Wald!). Rot die stillgelegte Variante an der schwarzen Abfahrt des in Betrieb befindlichen SL, sowie links die beiden aufgelassenen SL.<\/p>\n<p>Noch ein kurzes Video von dem durchaus genialen SL am Monte Falco, der, wie man im Video sehen kann, nicht nur ordentlich steil, sondern auch ordentlich schnell war:<br \/>\n<object style=\"height: 500px; width: 900px\"><param name=\"movie\" value=\"http:\/\/www.youtube.com\/v\/N_OHKf9zkHQ\"><\/param><param name=\"wmode\" value=\"transparent\"><\/param><embed src=\"http:\/\/www.youtube.com\/v\/N_OHKf9zkHQ\" type=\"application\/x-shockwave-flash\" wmode=\"transparent\"  width=\"900\" height=\"480\"><\/embed><\/object><\/p>\n<p>Um 16 Uhr wollte ich mich aber dann doch auf den Heimweg machen. Auch wenn&#8217;s von hier aus nur knapp \u00fcber 6 Stunden Fahrzeit sind, wollte ich diesmal nicht so sp\u00e4t heimkommen. Somit war ich &#8220;schon&#8221; um 22:20 daheim (inkl. kurzem Halt an einer Rastst\u00e4tte und einem McDonalds).<\/p>\n<p><a href='http:\/\/extra.inmontanis.info\/d\/13722-2\/DSC00838.jpg'><img src=http:\/\/extra.inmontanis.info\/d\/13720-3\/DSC00838.jpg \/><\/a><br \/>\n^ Autobahn durch die Berge<\/p>\n<p><a href='http:\/\/extra.inmontanis.info\/d\/13726-2\/DSC00915.jpg'><img src=http:\/\/extra.inmontanis.info\/d\/13724-3\/DSC00915.jpg \/><\/a><br \/>\n^ Autobahn nachts in Italien: Der Streckenverlauf ist gut sichtbar &#8230;<\/p>\n<p><a href='http:\/\/extra.inmontanis.info\/d\/13730-2\/DSC00920.jpg'><img src=http:\/\/extra.inmontanis.info\/d\/13728-3\/DSC00920.jpg \/><\/a><br \/>\n^ .. und Autobahn in \u00d6stererich: Man sieht vom Verlauf praktisch nichts.<\/p>\n<p>Auch wenn wieder einige Gebiete wg. Schlechtwetter ausgelassen werden mussten, und einige etwas mau waren &#8211; in Summe war das die beste und problemloseste meiner bisherigen Appennin-Reisen, so dass ich diesmal &#8211; im Gegensatz zu meinen letzten Besuchen &#8211; nicht die Schnauze voll habe, sondern es kaum erwarten kann, wieder im Appennin zu sein und mit Blick ins Flachland und zum Meer Ski fahren zu k\u00f6nnen&#8230; Au\u00dferdem hab ich insbesondere im Norden ja noch einige wei\u00dfe Stellen auf meiner Karte ;-)<\/p>\n","protected":false},"excerpt":{"rendered":"<p>Appennino 2012, 18. Tag: Mo, 12.3.2012 &#8211; Monti Nerone &#038; Falco 2 Gebiete = 2 Lifte<\/p>\n<p> ^ Y) Monte Nerone ^ Z) Monte Falco<\/p>\n<p> <a href=\"http:\/\/blog.inmontanis.info\/?p=1981\">[&#8230;]<\/a><\/p>\n","protected":false},"author":1,"featured_media":0,"comment_status":"open","ping_status":"closed","sticky":false,"template":"","format":"standard","meta":{"footnotes":""},"categories":[110,15,452,451,27],"tags":[90,37,47],"class_list":["post-1981","post","type-post","status-publish","format-standard","hentry","category-201202-appennino","category-italienitaly","category-monte-falco","category-monte-nerone","category-skifahren-winterskiing-winter","tag-infrarot","tag-meer","tag-sl","odd"],"_links":{"self":[{"href":"http:\/\/blog.inmontanis.info\/index.php?rest_route=\/wp\/v2\/posts\/1981","targetHints":{"allow":["GET"]}}],"collection":[{"href":"http:\/\/blog.inmontanis.info\/index.php?rest_route=\/wp\/v2\/posts"}],"about":[{"href":"http:\/\/blog.inmontanis.info\/index.php?rest_route=\/wp\/v2\/types\/post"}],"author":[{"embeddable":true,"href":"http:\/\/blog.inmontanis.info\/index.php?rest_route=\/wp\/v2\/users\/1"}],"replies":[{"embeddable":true,"href":"http:\/\/blog.inmontanis.info\/index.php?rest_route=%2Fwp%2Fv2%2Fcomments&post=1981"}],"version-history":[{"count":5,"href":"http:\/\/blog.inmontanis.info\/index.php?rest_route=\/wp\/v2\/posts\/1981\/revisions"}],"predecessor-version":[{"id":9001,"href":"http:\/\/blog.inmontanis.info\/index.php?rest_route=\/wp\/v2\/posts\/1981\/revisions\/9001"}],"wp:attachment":[{"href":"http:\/\/blog.inmontanis.info\/index.php?rest_route=%2Fwp%2Fv2%2Fmedia&parent=1981"}],"wp:term":[{"taxonomy":"category","embeddable":true,"href":"http:\/\/blog.inmontanis.info\/index.php?rest_route=%2Fwp%2Fv2%2Fcategories&post=1981"},{"taxonomy":"post_tag","embeddable":true,"href":"http:\/\/blog.inmontanis.info\/index.php?rest_route=%2Fwp%2Fv2%2Ftags&post=1981"}],"curies":[{"name":"wp","href":"https:\/\/api.w.org\/{rel}","templated":true}]}}