{"id":1978,"date":"2012-03-11T22:35:56","date_gmt":"2012-03-11T21:35:56","guid":{"rendered":"http:\/\/blog.inmontanis.info\/?p=1978"},"modified":"2023-08-03T22:31:32","modified_gmt":"2023-08-03T20:31:32","slug":"campo-stella-11-3-2012","status":"publish","type":"post","link":"http:\/\/blog.inmontanis.info\/?p=1978","title":{"rendered":"Campo Stella, 11.3.2012"},"content":{"rendered":"<p><strong>Appennino 2012, 17. Tag: So, 11.3.2012<\/strong> &#8211; Campo Stella<br \/>\n<em>Abschied<\/em><\/p>\n<p>Auch f\u00fcr heute war wieder viel Wind vorhergesagt, zur Auswahl standen folgende Skigebiete in der Gegend:<!--more--><\/p>\n<p>&#8211; Richtung Norden:<br \/>\n&#8212; Monte Prata. Wollte ich durch den Bau der DSB nochmal hin, weil damit der untere Teil, der von dem stillgelegten SL erschlossen wurde, wieder m\u00f6glich war.<\/p>\n<p>&#8212; Frontignano. W\u00e4re ich ESL halber durchaus nochmal hin, auch wenn der zweite ja inzwischen ersetzt wurde. Hatte aber recht wenig Schnee und kaum was offen.<\/p>\n<p>&#8211; Richtug S\u00fcden:<br \/>\n&#8212; Selvarotonda. Hatte wg. Schneemangels inzwischen ganz zu.<\/p>\n<p>&#8212; Campo Stella. War ich ja erst vor 2 Wochen, hatte damals schon wenig Schnee, aber Marchisio-ESL &#8211; immer doch.<\/p>\n<p>&#8212; Terminillo. Hier wurde egtl. mehr Wind gemeldet, und au\u00dferdem waren weder wenigstens alle noch \u00fcbrigen Lifte ge\u00f6ffnet noch an der 4SB alle Abfahrten offen&#8230;<\/p>\n<p>Kurzer morgendlicher Check auf der Seite von Frontignano: Wegen Sturm derzeit kein Skibetrieb. Also wird&#8217;s wohl am Monte Prata nicht viel anders sein, ist das doch einerseits nicht weit daneben und hat den Lift in \u00e4hnlicher Himmelsrichtung.<\/p>\n<p>Somit entschieden wir uns f\u00fcr Campo Stella und kamen dort kurz vor 10:30 Uhr an. Auf dem Weg gab&#8217;s in Cas&#8221;s&#8221;anova einen kurzen Fotostopp &#8230;<\/p>\n<p>(Fotos anklicken zum Vergr\u00f6\u00dfern, soweit nicht vergr\u00f6\u00dfert gepostet)<\/p>\n<p><img src=http:\/\/extra.inmontanis.info\/d\/12879-2\/ge-appennino2012-poi4a.jpg \/><br \/>\n^ D) Campo Stella<\/p>\n<p><a href='http:\/\/ski.inmontanis.info\/d\/147867-2\/DSC00772.jpg'><img src=http:\/\/ski.inmontanis.info\/d\/147866-3\/DSC00772.jpg \/><\/a><br \/>\n^ Leonessa &#8211; Monte Tilia LSAP &#8211; Komplett<\/p>\n<p><img src=http:\/\/ski.inmontanis.info\/d\/147871-2\/DSC00775.jpg \/><br \/>\n^ Zoom Korblift (unten zu sehen) und zum oberen Lift<\/p>\n<p><img src=http:\/\/ski.inmontanis.info\/d\/147876-2\/DSC00776.jpg \/><br \/>\n^ Zoom zum oberen Lift (links unten ist auch der Korblift zu sehen)<\/p>\n<p>Angekommen in Campo Stella, der ESL lief, Talabfahrt sah mit kurzem Fu\u00dfweg auch noch machbar aus. Oben waren noch alle Abfahrten ge\u00f6ffnet, steinig wars aber schon hier und da.<\/p>\n<p>Nach ein paar Abfahrten meinte dann Trinc, wir sollten mal in den Wald fahren. Ich folgte ihm &#8211; und war begeistert.<\/p>\n<p>2 der Skiabfahrten sind wir dann gar nicht mehr gefahren, weil wir uns nachmittags fast nur im Wald an der DSB aufhielten! Der Schnee und die Abfahrtsm\u00f6glichkeiten waren dort einfach zu cool. Gen Schluss hatten wir auch viele Cam-Mitfahrten gemacht (ausschlie\u00dflich in IR und mit Fischauge!).<\/p>\n<p>W\u00e4hrend nachmittags die Pisten immer schlechteren Schnee hatten, gab&#8217;s im Wald weiterhin besten Firn! Genial!<\/p>\n<p>D\u00fcrfte \u00fcbrigens so ziemlich mein erster Tree-Ski-Akt gewesen sein. (Abgesehen von dem einen Tag in Pescasseroli, als ich auf der Suche nach der einen omin\u00f6sen Skiabfahrt vom Pistenplan war.)<\/p>\n<p><a href='http:\/\/ski.inmontanis.info\/d\/147880-2\/DSC00779.jpg'><img src=http:\/\/ski.inmontanis.info\/d\/147879-3\/DSC00779.jpg \/><\/a><br \/>\n^ Talstation bzw. Ex-Rifugio. H\u00e4tte ja nicht gedacht, dass noch Schnee liegt.<\/p>\n<p><a href='http:\/\/ski.inmontanis.info\/d\/147884-2\/DSC09905a.jpg'><img src=http:\/\/ski.inmontanis.info\/d\/147883-3\/DSC09905a.jpg \/><\/a><br \/>\n^ .. und in IR<\/p>\n<p>Da ich ja schon vor 2 Wochen gen\u00fcgend &#8220;normale&#8221; Fotos gemacht hab, hab ich heute fast ausschlie\u00dflich in IR und mit Fischauge fotografiert.<\/p>\n<p><a href='http:\/\/ski.inmontanis.info\/d\/147888-2\/DSC09911a.jpg'><img src=http:\/\/ski.inmontanis.info\/d\/147887-3\/DSC09911a.jpg \/><\/a><br \/>\n<a href='http:\/\/ski.inmontanis.info\/d\/147892-2\/DSC09913_bgr.jpg'><img src=http:\/\/ski.inmontanis.info\/d\/147891-3\/DSC09913_bgr.jpg \/><\/a><br \/>\n<a href='http:\/\/ski.inmontanis.info\/d\/147896-2\/DSC09920a.jpg'><img src=http:\/\/ski.inmontanis.info\/d\/147895-3\/DSC09920a.jpg \/><\/a><br \/>\n<a href='http:\/\/ski.inmontanis.info\/d\/147900-2\/DSC09919a.jpg'><img src=http:\/\/ski.inmontanis.info\/d\/147899-3\/DSC09919a.jpg \/><\/a><br \/>\n<a href='http:\/\/ski.inmontanis.info\/d\/147904-2\/DSC09922_bgr.jpg'><img src=http:\/\/ski.inmontanis.info\/d\/147903-3\/DSC09922_bgr.jpg \/><\/a><br \/>\n<a href='http:\/\/ski.inmontanis.info\/d\/147908-2\/DSC09925.jpg'><img src=http:\/\/ski.inmontanis.info\/d\/147907-3\/DSC09925.jpg \/><\/a><\/p>\n<p><img src=http:\/\/ski.inmontanis.info\/d\/147912-2\/DSC09928_bgr.jpg \/><br \/>\n^ IR-Pano (Skiweg zur rechten Abfahrt der DSB)<\/p>\n<p><img src=http:\/\/ski.inmontanis.info\/d\/147916-2\/DSC09929a.jpg \/><br \/>\n^ IR-Pano mit stillgelegtem SL<\/p>\n<p><img src=http:\/\/ski.inmontanis.info\/d\/147920-2\/DSC09934a.jpg \/><br \/>\n^ Im ESL (IR)<\/p>\n<p><img src=http:\/\/ski.inmontanis.info\/d\/147924-2\/DSC09935a.jpg \/><br \/>\n^ Abfahrt quer durch den Wald (IR)<\/p>\n<p><img src=http:\/\/ski.inmontanis.info\/d\/147928-2\/DSC09936a.jpg \/><br \/>\n^ Schaut von der Piste ja undurchdringbar aus, aber wenn mal drin ist, ist der Wald doch licht genug zum Abfahren. (IR)<\/p>\n<p><img src=http:\/\/ski.inmontanis.info\/d\/147932-2\/DSC09938a.jpg \/><br \/>\n^ Im Wald (IR)<\/p>\n<p><img src=http:\/\/ski.inmontanis.info\/d\/147936-2\/DSC09941_bgr.jpg \/><br \/>\n^ .. und pl\u00f6tzlich hat man tausend Abfahrtsm\u00f6glichkeiten!<\/p>\n<p><img src=http:\/\/ski.inmontanis.info\/d\/147940-2\/DSC09945a.jpg \/><br \/>\n^ Baumslalom :-) (IR)<\/p>\n<p>Die B\u00e4ume stehen so dicht, dass die Baumkronen im Sommer kaum Licht durchlassen &#8211; und somit gibt&#8217;s hier keine st\u00f6renden B\u00fcsche! Zwischendrin gab&#8217;s mal ein paar seilere Stellen und Bachl\u00e4ufe zur Abwechslung.<\/p>\n<p><img src=http:\/\/ski.inmontanis.info\/d\/147944-2\/DSC09946_rbg.jpg \/><br \/>\n<img src=http:\/\/ski.inmontanis.info\/d\/147948-2\/DSC09949_rbg.jpg \/><br \/>\n<img src=http:\/\/ski.inmontanis.info\/d\/147952-2\/DSC09950_rbg.jpg \/><br \/>\n<img src=http:\/\/ski.inmontanis.info\/d\/147956-2\/DSC09951.jpg \/><br \/>\n<img src=http:\/\/ski.inmontanis.info\/d\/147960-2\/DSC09952_rbg.jpg \/><br \/>\n<img src=http:\/\/ski.inmontanis.info\/d\/147964-2\/DSC09953.jpg \/><br \/>\n^ DSB (IR). Links und rechts der Wald, durch den wir mehrere Male gefahren sind.<\/p>\n<p><img src=http:\/\/ski.inmontanis.info\/d\/147968-2\/DSC09954_rbg.jpg \/><br \/>\n^ DSB (IR)<\/p>\n<p>Jetzt versteh ich einige Abfahrten in Pistenpl\u00e4nen hier im Appennin gleich viel besser! Da gab&#8217;s keine Pistenschneisen &#8211; der Wald war die Abfahrt!! H\u00e4tte ich das doch nur schon fr\u00fcher gewusst &#8211; da h\u00e4tte es schon das eine oder andere passende Gebiet auf meiner Tour gegeben!<\/p>\n<p>Ich unterhielt mich noch mit 2 Liftbediensteten, der eine sagte, dass heuer die letzte Saison des ESLs ist, der andere sprach von vielleicht heuer &#8211; vielleicht n\u00e4chstes Jahr. Ersetzt werden soll er mit einer 3SB. Vmtl. also eine Gebrauchtanlage. Schaaade! Der vmtl. letzte Marchisio-ESL mit Rundrohrst\u00fctzen geht damit von uns :-( Wieder ein St\u00fcck Seilbahngeschichte weniger &#8230;.<\/p>\n<p>.. aus diesem Grund nahmen wir zum Schluss auch nicht die Schneereste auf der Talabfahrt, sondern den ESL ab Mittelstation talw\u00e4rts. Abschiedsfahrt, sozusagen.<\/p>\n<p><img src=http:\/\/ski.inmontanis.info\/d\/148009-2\/DSC09967a.jpg \/><br \/>\n^ ESL Mittelstation (IR)<\/p>\n<p><img src=http:\/\/ski.inmontanis.info\/d\/147973-2\/DSC09968a.jpg \/><br \/>\n<img src=http:\/\/ski.inmontanis.info\/d\/147977-2\/DSC09970a.jpg \/><br \/>\n<img src=http:\/\/ski.inmontanis.info\/d\/147981-2\/DSC09976a.jpg \/><br \/>\n<img src=http:\/\/ski.inmontanis.info\/d\/147985-2\/DSC09977a.jpg \/><br \/>\n^ ESL talw\u00e4rts (IR)<\/p>\n<p><img src=http:\/\/ski.inmontanis.info\/d\/147989-2\/DSC00780.jpg \/><br \/>\n^ ESL Abschiedsfahrt talw\u00e4rts<\/p>\n<p><img src=http:\/\/ski.inmontanis.info\/d\/147993-2\/DSC00785.jpg \/><br \/>\n^ Talstation und Talabfahrt. Schneem\u00e4\u00dfig h\u00e4tt&#8217;s schon noch gereicht :) Aber die Talabfahrt existiert noch l\u00e4nger als der ESL :-(<\/p>\n<p><a href='http:\/\/ski.inmontanis.info\/d\/147997-2\/DSC00787.jpg'><img src=http:\/\/ski.inmontanis.info\/d\/147996-3\/DSC00787.jpg \/><\/a><br \/>\n^ St\u00fctze 1<\/p>\n<p><a href='http:\/\/ski.inmontanis.info\/d\/148001-2\/DSC00788.jpg'><img src=http:\/\/ski.inmontanis.info\/d\/148000-3\/DSC00788.jpg \/><\/a><br \/>\n^ Talstation<\/p>\n<p><img src=http:\/\/ski.inmontanis.info\/d\/148005-2\/ge_stella20120311d.jpg \/><br \/>\n^ GPS-Track 11.3.2012 (nur oberer Teil, mit der DSB und den Fahrten durch den Wald)<\/p>\n<p>Und hier der geniale Film in IR mit ein paar Abfahrten quer durch den Wald:<\/p>\n<p><object style=\"height: 500px; width: 900px\"><param name=\"movie\" value=\"http:\/\/www.youtube.com\/v\/Aylpi5iPo1Y\"><\/param><param name=\"wmode\" value=\"transparent\"><\/param><embed src=\"http:\/\/www.youtube.com\/v\/Aylpi5iPo1Y\" type=\"application\/x-shockwave-flash\" wmode=\"transparent\"  width=\"900\" height=\"480\"><\/embed><\/object><\/p>\n<p>&#8220;Making-Of&#8221;:<\/p>\n<p><a href='http:\/\/extra.inmontanis.info\/d\/13283-2\/IMG_0209.jpg'><img src=http:\/\/extra.inmontanis.info\/d\/13281-3\/IMG_0209.jpg \/><\/a><br \/>\n^ Nex am Leki Photo-Stecken montiert, zum Filmen kopf\u00fcber gehalten<\/p>\n<p>Zeit, um noch zur Korblift-Talstation zu fahren, hatten wir leider keine mehr, da Trinc nach Terni musste, von dort wollte er um 17:28 mit dem Zug nach Rom zur\u00fcck. Die Fahrerei dorthin und das Finden des Bahnhofs gelang zum Gl\u00fcck problemlos, er lag quasi genau auf meinem Weg. Schon irgendwie verdammt kurios gewesen, sich an einen f\u00fcr uns beide unbekannten Bahnhof irgendwo in Italien zu treffen und 3 Tage sp\u00e4ter genauso an einen f\u00fcr uns unbekannten Bahnhof wieder zu verabschieden :)<\/p>\n<p>Durch den Wind der letzten 3 Tagen konnte ich leider die geplanten 3 &#8220;neuen&#8221; Skigebiete nicht fahren, &#8220;muss&#8221; also nochmal irgendwann in die Gegend. (Irgendwann = voraussichtlich in 2 Jahren, denn der \u00c4tna ruft mich jetzt schon wieder &#8230;. hab immer noch ein bissl Schwefelgeruch in der Skijacke!)<\/p>\n<p>Daf\u00fcr hatten wir uns gestern + heute sicherlich mit die &#8220;urigsten&#8221; Skigebiete in der Gegend ausgesucht, und dass ich selbst nachdem ich erst vor 2 Wochen hier war, es wieder jeweils einen Tag problemlos an 1-2 Liften aushielt, ohne dass es mir langweilig wurde, spricht ja f\u00fcr die Qualit\u00e4t dieser kleinen Skigebiete.<\/p>\n<p>\u00dcbernachtet wird heute in einem 4-Sterne-Hotel in Citt\u00e0 di Castello, etwas n\u00f6rdlich von Perugia. Da ich mir gestern so ungef\u00e4hr \u00fcberlegt hatte, wo ich morgen fahren k\u00f6nnte und nachsah, was auf dem Weg vern\u00fcnftig Hotels rumliegt&#8230; Dieses Hotel (Garden) hatte lt. seiner Booking-Seite ein EZ um \u00dcF 55,- &#8211; spasseshalber folgte ich dem Ratschlag von Trinc, auf booking.com, zu schauen &#8211; da gab es in diesem Hotel ein EZ mit \u00dcF um 40,-! Hatte ich also heute morgen gleich gebucht.<\/p>\n<p><a href='http:\/\/extra.inmontanis.info\/d\/13287-2\/DSC00790.jpg'><img src=http:\/\/extra.inmontanis.info\/d\/13285-3\/DSC00790.jpg \/><\/a><br \/>\n^ Hotelzimmer<\/p>\n<p>Abendessen im Restaurant a la Carte, die Auswahl war etwas schwieriger, da doch etwas gehobener. Hab mich f\u00fcr Schweinemedaillons in Gorgonzola-Walnuss-Sauce mit Kartoffeln enschieden, waren 2 gro\u00dfe dicke Fleichst\u00fccke und ein ganzer kleiner Teller voll Kartoffeln, so dass ich danach nicht mal Platz f\u00fcr ein Dessert hatte&#8230; tja, wieder Geld gespart :) Essen kostete wohl so um die 16-18,- \u20ac. Nur das Zimmer ist leider extrem warm: 25\u00b0!<\/p>\n<p>Das Fr\u00fchst\u00fccksbuffet am n\u00e4chsten Tag: Mini-Semmeln (!), Wei\u00dfbrot (ohne Geschmack), Toastbrot, Marmeladen, div. Croissants, div. Kuchen, Schinken, Speck, K\u00e4se, Eier, Joghurt, M\u00fcsli, Cornflakes und noch ein paar andere Sachen.<\/p>\n","protected":false},"excerpt":{"rendered":"<p>Appennino 2012, 17. Tag: So, 11.3.2012 &#8211; Campo Stella Abschied<\/p>\n<p>Auch f\u00fcr heute war wieder viel Wind vorhergesagt, zur Auswahl standen folgende Skigebiete in der Gegend:<\/p>\n<p> <a href=\"http:\/\/blog.inmontanis.info\/?p=1978\">[&#8230;]<\/a><\/p>\n","protected":false},"author":1,"featured_media":0,"comment_status":"open","ping_status":"closed","sticky":false,"template":"","format":"standard","meta":{"footnotes":""},"categories":[110,512,15,59,27],"tags":[38,35,90,80],"class_list":["post-1978","post","type-post","status-publish","format-standard","hentry","category-201202-appennino","category-campo-stella","category-italienitaly","category-nostalgie","category-skifahren-winterskiing-winter","tag-dsb","tag-esl","tag-infrarot","tag-marchisio","odd"],"_links":{"self":[{"href":"http:\/\/blog.inmontanis.info\/index.php?rest_route=\/wp\/v2\/posts\/1978","targetHints":{"allow":["GET"]}}],"collection":[{"href":"http:\/\/blog.inmontanis.info\/index.php?rest_route=\/wp\/v2\/posts"}],"about":[{"href":"http:\/\/blog.inmontanis.info\/index.php?rest_route=\/wp\/v2\/types\/post"}],"author":[{"embeddable":true,"href":"http:\/\/blog.inmontanis.info\/index.php?rest_route=\/wp\/v2\/users\/1"}],"replies":[{"embeddable":true,"href":"http:\/\/blog.inmontanis.info\/index.php?rest_route=%2Fwp%2Fv2%2Fcomments&post=1978"}],"version-history":[{"count":3,"href":"http:\/\/blog.inmontanis.info\/index.php?rest_route=\/wp\/v2\/posts\/1978\/revisions"}],"predecessor-version":[{"id":9046,"href":"http:\/\/blog.inmontanis.info\/index.php?rest_route=\/wp\/v2\/posts\/1978\/revisions\/9046"}],"wp:attachment":[{"href":"http:\/\/blog.inmontanis.info\/index.php?rest_route=%2Fwp%2Fv2%2Fmedia&parent=1978"}],"wp:term":[{"taxonomy":"category","embeddable":true,"href":"http:\/\/blog.inmontanis.info\/index.php?rest_route=%2Fwp%2Fv2%2Fcategories&post=1978"},{"taxonomy":"post_tag","embeddable":true,"href":"http:\/\/blog.inmontanis.info\/index.php?rest_route=%2Fwp%2Fv2%2Ftags&post=1978"}],"curies":[{"name":"wp","href":"https:\/\/api.w.org\/{rel}","templated":true}]}}