{"id":1964,"date":"2012-03-08T23:10:35","date_gmt":"2012-03-08T22:10:35","guid":{"rendered":"http:\/\/blog.inmontanis.info\/?p=1964"},"modified":"2023-08-03T21:33:27","modified_gmt":"2023-08-03T19:33:27","slug":"laceno-8-3-2012","status":"publish","type":"post","link":"http:\/\/blog.inmontanis.info\/?p=1964","title":{"rendered":"Laceno, 8.3.2012"},"content":{"rendered":"<p><strong>Appennino 2012, 14. Tag: Do, 8.3.2012<\/strong> &#8211; Laceno<br \/>\n<em>Spurensuche im Nebel<\/em><\/p>\n<p>F\u00fcr die ca. 45 km lange Strecke nach Laceno hab ich \u00fcber 1,5 Stunden ben\u00f6tigt &#8211; nicht weil so viel Stau gewesen w\u00e4re, nein, die Stra\u00dfen waren einfach so extrem kurvig &#8211; typisch Appennino halt.<!--more--><\/p>\n<p><img src=http:\/\/extra.inmontanis.info\/d\/13223-2\/DSC00324.jpg \/><br \/>\n^ Noch ist Sonne &#8211; aber die Wolken da hinten &#8230;.. genau in Bildmitte in den Wolken ist das Skigebiet von Laceno.<\/p>\n<p>Leider wurde der Nebel auch weiter oben nicht besser. Am Parkplatz angekommen &#8211; selbiger ist kostenpflichtig, kostet 4,-. Impianti sono aperto? Certo! Na gut, wenn er das sagt.<\/p>\n<p>Wo genau ging nochmal die DSB los? Und wo bekommt man nochmal die Tageskarte? Nun, halb blind hab ich beides gefunden, die Skip\u00e4sse gibt&#8217;s direkt am Lift.<\/p>\n<p>Der Kassierer wollte mir aber partout keine Tageskarte verkaufen, er h\u00e4tte da eine, die funktioniert wie eine Bankomatkarte (sprich: Punktekarte), die ist doch viel g\u00fcnstiger und superer und \u00fcberhaupt! Aber .. die Tageskarte kostet doch eh nur 17,- \u20ac!? (Am Aushang standen \u00fcbrigens 16,-) &#8211; hab mich nicht von ihm \u00fcberzeugen lassen und die Tageskarte gekauft :) Mittlerweile war es nach 10 Uhr &#8230;<\/p>\n<p>Leider blieb der Nebel auch bis zur Bergstation der 2. Sektion. Fast ein Wunder, dass die heute \u00fcberhaupt offen hatten (und dass es auch nicht mehr Wind gab!).<\/p>\n<p>Als 2. Abfahrt wollte ich dann gleich die ber\u00fcchtigte Nordica-Abfahrt nehmen, die ich mich das letzte Mal nicht zu Fahren getraut habe, weil sie ja mit einem Zaun abgesperrt ist und ein Schild davor steht, man solle da doch nur zu zweit runter ..<\/p>\n<p>2 Fotos von 2009:<br \/>\n<a href='http:\/\/ski.inmontanis.info\/d\/94790-3\/P1350869.JPG'><img src=http:\/\/ski.inmontanis.info\/d\/94789-4\/P1350869.JPG \/><\/a><\/p>\n<p><a href='http:\/\/ski.inmontanis.info\/d\/94794-3\/P1350870.JPG'><img src=http:\/\/ski.inmontanis.info\/d\/94793-4\/P1350870.JPG \/><\/a><\/p>\n<p>.. wie verr\u00fcckt muss man also sein, bei diesem dichten Nebel eine schwarze Abfahrt zu fahren, die man noch nie gefahren ist, und die immer gesperrt ist, weil sie aufgelassen wurde?<\/p>\n<p>Ok, ich hab sie mir oft genug in Google Earth angeschaut in den letzten Jahren  &#8211; und man kann sich ja nicht verfahren, denn es ist die einzige Schneise durch den Wald.<\/p>\n<p>Im oberen Teil erinnert sie wirklich eher an eine Langlaufloipe (vermutlich deshalb Nordica?), es geht auf und ab, bis man endlich nach rechts abzweigt. Danach folgen ein paar Kehren, dann ein paar sch\u00f6nere steilere schmale Waldschneisen und unten raus dann wieder flacher. Von der Steilheit her ist das m.E. in keinster Weise eine schwarze Abfahrt, w\u00e4re sie pr\u00e4pariert, ginge sie als maximal rot durch, evtl. sogar noch als blau. Trotzdem w\u00e4re sie ganz nett gewesen, wenn der Schnee besser gewesen w\u00e4re. Doch recht pappig und schwer zu fahren. Unten dann viele Fu\u00dfspuren, die auch nur sehr unruhig zu fahren waren.<\/p>\n<p>Wieder bis ganz rauf und an der 2. Sektion eine &#8220;normale&#8221; Abfahrt, dann suchte ich mir die n\u00e4chste stillgelegte Abfahrt aus, die schwarze, die direkt an der DSB Sektion 1 runterging. Die war schon schw\u00e4rzer&#8230;. wobei man die Steilh\u00e4nge mit einem krassen steilen schmalen Weg umfahren konnte\/k\u00f6nnte. Unten kommt man dann in die stillgelegte schwarze Abfahrt vom stillgelegten SL rein.<\/p>\n<p>Sp\u00e4ter bin ich auch noch die normale Talabfahrt gefahren (laaaaangweilig) und hab meine Augen offen gehalten, denn im alten Berann-Panorama g\u00e4be es hier etlich Varianten, genauso wie oben an der Nordica. Entweder es gab damals einfach noch weniger B\u00e4ume hier, oder man hatte die Abfahrten durch den Wald eingezeichnet &#8211; oder es waren einfach nie vollendete Projekte, zu denen wohl auch die im Berann-Pano eingezeichneten Doppel-SL unter der Mittelstation, sowie der lange linke SL geh\u00f6ren m\u00fcssten, zumindest ist bei beiden auf GE so komplett gar nichts sichtbar. Andererseits, die beiden anderen stillgelegten SL kann man auf GE egtl. auch nicht mehr wirklich ausmachen ;-)<\/p>\n<p>Hier der Link zu besagtem alten Pistenplan:<br \/>\n<a href='http:\/\/www.berann.com\/panorama\/archive\/image\/PN_I_153.jpg'>http:\/\/www.berann.com\/panorama\/archive\/image\/PN_I_153.jpg<\/a><\/p>\n<p>Noch ein paar Mal die obere DSB, inzwischen schneite und regnete es stark aus dem Nebel, und zum Schluss doch nochmal die Nordica. Durch meine Spur, so dachte ich, sollte das Fahren in diesem schwierigen Schnee nun enfacher sein. Was es durchaus auch war.<\/p>\n<p>Nat\u00fcrlich bin ich noch kurz zum stillgelegten SL raufgelaufen und bin dessen stillgelegte &#8220;rote&#8221; Abfahrt gefahren.<\/p>\n<p>(Fotos anklicken zum Vergr\u00f6\u00dfern, soweit nicht vergr\u00f6\u00dfert gepostet)<\/p>\n<p><img src=http:\/\/extra.inmontanis.info\/d\/12883-3\/ge-appennino2012-poi4b.jpg \/><br \/>\n^ U) Laceno<\/p>\n<p><a href='http:\/\/ski.inmontanis.info\/d\/146087-2\/DSC00328.jpg'><img src=http:\/\/ski.inmontanis.info\/d\/146086-3\/DSC00328.jpg \/><\/a><br \/>\n^ Geb\u00fchrenpflichtiger Parkplatz &#8211; und man bekommt so einen Parkschein, der vom Parkw\u00e4chter erst mal freigerubbelt wird.<\/p>\n<p><img src=http:\/\/ski.inmontanis.info\/d\/146091-2\/ge_laceno2012c.jpg \/><br \/>\n^ GPS-Track (nachgezeichnet, da zu viel Ausrei\u00dfer aufgrund des Waldes), rot die stillgelegten SL.<\/p>\n<p><img src=http:\/\/ski.inmontanis.info\/d\/146285-2\/ge-2002.jpg \/><br \/>\n^ GE von 2002  &#8211; damals waren die Abfahrten an der oberen DSB doch noch wesentlich schm\u00e4ler und kurviger<\/p>\n<p><a href='http:\/\/ski.inmontanis.info\/d\/146095-2\/DSC00329.jpg'><img src=http:\/\/ski.inmontanis.info\/d\/146094-3\/DSC00329.jpg \/><\/a><br \/>\n^ Talstation DSB Sektion 1<\/p>\n<p><a href='http:\/\/ski.inmontanis.info\/d\/146099-2\/DSC00330.jpg'><img src=http:\/\/ski.inmontanis.info\/d\/146098-3\/DSC00330.jpg \/><\/a><br \/>\n^ DSB Sektion 2. Hatte auf alten Fotos glaub ich noch farbig lackierte St\u00fctzen.<\/p>\n<p><a href='http:\/\/ski.inmontanis.info\/d\/146103-2\/DSC00331.jpg'><img src=http:\/\/ski.inmontanis.info\/d\/146102-3\/DSC00331.jpg \/><\/a><br \/>\n^ Start der Nordica-Abfahrt. Wie verr\u00fcckt muss man sein, eine unbekannte, aufgelassene Abfahrt bei diesen Sichtverh\u00e4ltnissen zu fahren?<\/p>\n<p><a href='http:\/\/ski.inmontanis.info\/d\/146107-2\/DSC00331-2.jpg'><img src=http:\/\/ski.inmontanis.info\/d\/146106-3\/DSC00331-2.jpg \/><\/a><br \/>\n^ Gleiches Foto, aber kontrastverst\u00e4rkt, damit man wenigstens im Nachhinein mehr sieht ;-)<\/p>\n<p>(im Lightroom: Belichtung -3,71, Wiederherstellung 34, Aufhelllicht 36, Schwarz 6, Helligkeit +144, Kontrast +100, Klarheit +65, Gradiationskurve 39,2\/31% + 90,6\/100%)<\/p>\n<p>Generell hab ich alle Fotos so generell kontrastverst\u00e4rkt, schaut vielleicht ab &#038; zu etwas unnat\u00fcrlich aus, aber daf\u00fcr kann man wenigstens ein bisschen mehr erkennen.<\/p>\n<p><a href='http:\/\/ski.inmontanis.info\/d\/146111-2\/DSC00332.jpg'><img src=http:\/\/ski.inmontanis.info\/d\/146110-3\/DSC00332.jpg \/><\/a><br \/>\n^ Nunja, warum hei\u00dft die Piste wohl Nordica? Weil man die ersten paar hundert Meter Langlauf macht.<\/p>\n<p><a href='http:\/\/ski.inmontanis.info\/d\/146115-2\/DSC00333.jpg'><img src=http:\/\/ski.inmontanis.info\/d\/146114-3\/DSC00333.jpg \/><\/a><br \/>\n^ Hier h\u00e4tte man einen sch\u00f6nen Ausblick auf den Golf von Salerno.<\/p>\n<p><a href='http:\/\/ski.inmontanis.info\/d\/146119-2\/DSC00334.jpg'><img src=http:\/\/ski.inmontanis.info\/d\/146118-3\/DSC00334.jpg \/><\/a><br \/>\n^ Gleicher Standort, jetzt geht&#8217;s in die Suppe. Gut, ich wei\u00df, irgendwann muss mal was rechts abgehen &#8211; also halte ich mich am rechten Rand.<\/p>\n<p><a href='http:\/\/ski.inmontanis.info\/d\/146123-2\/DSC00335.jpg'><img src=http:\/\/ski.inmontanis.info\/d\/146122-3\/DSC00335.jpg \/><\/a><br \/>\n^ 5 Minuten sp\u00e4ter &#8211; na das schaut doch gut aus, hier d\u00fcrfte die Abfahrt weiter gehen.<\/p>\n<p><a href='http:\/\/ski.inmontanis.info\/d\/146127-2\/DSC00336.jpg'><img src=http:\/\/ski.inmontanis.info\/d\/146126-3\/DSC00336.jpg \/><\/a><br \/>\n^ Nach dem kurzen Hang geht&#8217;s wieder Skiwegig weiter&#8230;<\/p>\n<p><a href='http:\/\/ski.inmontanis.info\/d\/146131-2\/DSC00337.jpg'><img src=http:\/\/ski.inmontanis.info\/d\/146130-3\/DSC00337.jpg \/><\/a><br \/>\n^ Es folgen ein paar Kehren<\/p>\n<p><a href='http:\/\/ski.inmontanis.info\/d\/146135-2\/DSC00338.jpg'><img src=http:\/\/ski.inmontanis.info\/d\/146134-3\/DSC00338.jpg \/><\/a><br \/>\n^ Ehrlich gesagt war ich ganz froh, dass das Teil hier so flach war, der Schnee war \u00e4u\u00dferst bruchpappig.<\/p>\n<p><a href='http:\/\/ski.inmontanis.info\/d\/146139-2\/DSC00339.jpg'><img src=http:\/\/ski.inmontanis.info\/d\/146138-3\/DSC00339.jpg \/><\/a><br \/>\n^ Ab hier wird&#8217;s mal etwas steiler<\/p>\n<p><a href='http:\/\/ski.inmontanis.info\/d\/146143-2\/DSC00340.jpg'><img src=http:\/\/ski.inmontanis.info\/d\/146142-3\/DSC00340.jpg \/><\/a><br \/>\n^ Wie man sieht wurde die Abfahrt fr\u00fcher schon modelliert!<\/p>\n<p><a href='http:\/\/ski.inmontanis.info\/d\/146261-2\/DSC00341.jpg'><img src=http:\/\/ski.inmontanis.info\/d\/146260-3\/DSC00341.jpg \/><\/a><br \/>\n^ Steilhang. Also warum die Abfahrt schwarz eingezeichnet ist&#8230;.<\/p>\n<p><a href='http:\/\/ski.inmontanis.info\/d\/146148-2\/DSC00342.jpg'><img src=http:\/\/ski.inmontanis.info\/d\/146147-3\/DSC00342.jpg \/><\/a><br \/>\n^ Aber sch\u00f6n schmal. Bei gutem Schnee macht die sicher Spa\u00df!<\/p>\n<p><a href='http:\/\/ski.inmontanis.info\/d\/146152-2\/DSC00345.jpg'><img src=http:\/\/ski.inmontanis.info\/d\/146151-3\/DSC00345.jpg \/><\/a><br \/>\n^ .. wieder ein modellierteres St\u00fcck<\/p>\n<p><a href='http:\/\/ski.inmontanis.info\/d\/146156-2\/DSC00346.jpg'><img src=http:\/\/ski.inmontanis.info\/d\/146155-3\/DSC00346.jpg \/><\/a><br \/>\n^ &#8230; und nochmal ein sch\u00f6nes schmales, etwas steileres St\u00fcck<\/p>\n<p><a href='http:\/\/ski.inmontanis.info\/d\/146265-2\/DSC00386.jpg'><img src=http:\/\/ski.inmontanis.info\/d\/146264-3\/DSC00386.jpg \/><\/a><br \/>\n^ Jetzt wird&#8217;s mal ein kurzes St\u00fcck uriger<\/p>\n<p><a href='http:\/\/ski.inmontanis.info\/d\/146161-2\/DSC00353.jpg'><img src=http:\/\/ski.inmontanis.info\/d\/146160-3\/DSC00353.jpg \/><\/a><br \/>\n^ .. bevor es wieder breiter wird.<\/p>\n<p><a href='http:\/\/ski.inmontanis.info\/d\/146165-2\/DSC00356.jpg'><img src=http:\/\/ski.inmontanis.info\/d\/146164-3\/DSC00356.jpg \/><\/a><br \/>\n^ .. und auch modellierter.<\/p>\n<p><a href='http:\/\/ski.inmontanis.info\/d\/146169-2\/DSC00357.jpg'><img src=http:\/\/ski.inmontanis.info\/d\/146168-3\/DSC00357.jpg \/><\/a><br \/>\n^ Schlusshang, bereits nach der Einm\u00fcndung vom stillgelegten SL<\/p>\n<p><a href='http:\/\/ski.inmontanis.info\/d\/146269-2\/DSC00359.jpg'><img src=http:\/\/ski.inmontanis.info\/d\/146268-3\/DSC00359.jpg \/><\/a><br \/>\n^ Querung SL<\/p>\n<p><img src=http:\/\/ski.inmontanis.info\/d\/146174-2\/DSC00361.jpg \/><br \/>\n^ Der stillgelegte SL wurde im unteren Teil von einem Seillift ersetzt.<\/p>\n<p><a href='http:\/\/ski.inmontanis.info\/d\/146273-2\/DSC00363.jpg'><img src=http:\/\/ski.inmontanis.info\/d\/146272-3\/DSC00363.jpg \/><\/a><br \/>\n^ Ein weiterer stillgelegter SL befindet sich im Bereich der Mittelstation<\/p>\n<p><a href='http:\/\/ski.inmontanis.info\/d\/146179-2\/DSC00366.jpg'><img src=http:\/\/ski.inmontanis.info\/d\/146178-3\/DSC00366.jpg \/><\/a><br \/>\n^ Bergstation des ehemaligen SL n\u00e4he der Mittelstation<\/p>\n<p><a href='http:\/\/ski.inmontanis.info\/d\/146183-2\/DSC00365.jpg'><img src=http:\/\/ski.inmontanis.info\/d\/146182-3\/DSC00365.jpg \/><\/a><br \/>\n^ .. und die Schneise.<\/p>\n<p><a href='http:\/\/ski.inmontanis.info\/d\/146187-2\/DSC00367.jpg'><img src=http:\/\/ski.inmontanis.info\/d\/146186-3\/DSC00367.jpg \/><\/a><br \/>\n^ &#8230; dieser SL wurde durch ein (k\u00fcrzeres) F\u00f6rderband ersetzt, Bildmitte links das Rifugio an der Mittelstation<\/p>\n<p><a href='http:\/\/ski.inmontanis.info\/d\/146191-2\/DSC00369.jpg'><img src=http:\/\/ski.inmontanis.info\/d\/146190-3\/DSC00369.jpg \/><\/a><br \/>\n^ Sektion 1 mit ehemaliger schwarzer Abfahrt direkt an den St\u00fctzen, die in weiten Teilen mit  schmalen Wegen vereinfacht werden kann; eine felsige Stelle sollte man auch umfahren.<\/p>\n<p><a href='http:\/\/ski.inmontanis.info\/d\/146195-2\/DSC00370.jpg'><img src=http:\/\/ski.inmontanis.info\/d\/146194-3\/DSC00370.jpg \/><\/a><br \/>\n^ .. noch an der gleichen Umfahrung ..<\/p>\n<p><a href='http:\/\/ski.inmontanis.info\/d\/146199-2\/DSC00371.jpg'><img src=http:\/\/ski.inmontanis.info\/d\/146198-3\/DSC00371.jpg \/><\/a><br \/>\n^ .. und jetzt direkt an der DSB Sektion 1 entlang.<\/p>\n<p><a href='http:\/\/ski.inmontanis.info\/d\/146203-2\/DSC00372.jpg'><img src=http:\/\/ski.inmontanis.info\/d\/146202-3\/DSC00372.jpg \/><\/a><br \/>\n^ Da geht auch wieder ein Weg weg &#8211; die ganzen Wege hier kann man auf dem GE-Bild gar nicht erkennen!!<\/p>\n<p><a href='http:\/\/ski.inmontanis.info\/d\/146207-2\/DSC00373.jpg'><img src=http:\/\/ski.inmontanis.info\/d\/146206-3\/DSC00373.jpg \/><\/a><br \/>\n^ .. weiter der DSB hinab ..<\/p>\n<p><a href='http:\/\/ski.inmontanis.info\/d\/146211-2\/DSC00374.jpg'><img src=http:\/\/ski.inmontanis.info\/d\/146210-3\/DSC00374.jpg \/><\/a><br \/>\n^ Die Abfahrt darf durchaus Schwarz sein, der Hang war wirklich ungem\u00fctlich, zudem sollte man hier auch aufpassen, keinen Sessel auf den Kopf zu bekommen ;-)<\/p>\n<p><a href='http:\/\/ski.inmontanis.info\/d\/146277-2\/DSC00375.jpg'><img src=http:\/\/ski.inmontanis.info\/d\/146276-3\/DSC00375.jpg \/><\/a><br \/>\n^ .. wird sogar noch etwas steiler. In Bildmitte, links der St\u00fctze, geht dann die alte Schneise abseits der DSB-St\u00fctzen weiter.<\/p>\n<p><a href='http:\/\/ski.inmontanis.info\/d\/146216-2\/DSC00378.jpg'><img src=http:\/\/ski.inmontanis.info\/d\/146215-3\/DSC00378.jpg \/><\/a><br \/>\n^ .. genau dort bin ich jetzt und schaue zur\u00fcck. Es folgt dann ein bisschen was verwachsenes, bevor ..<\/p>\n<p><a href='http:\/\/ski.inmontanis.info\/d\/146220-2\/DSC00380.jpg'><img src=http:\/\/ski.inmontanis.info\/d\/146219-3\/DSC00380.jpg \/><\/a><br \/>\n^ &#8230; es wieder nach einer richtigen Abfahrt aussieht. Dieser Teil wurde auch durch den aufgelassenen SL bedient.<\/p>\n<p><a href='http:\/\/ski.inmontanis.info\/d\/146224-2\/DSC00381.jpg'><img src=http:\/\/ski.inmontanis.info\/d\/146223-3\/DSC00381.jpg \/><\/a><br \/>\n^ &#8230; und der Schlusshang zur DSB-Talstation.<\/p>\n<p><a href='http:\/\/ski.inmontanis.info\/d\/146228-2\/DSC00382.jpg'><img src=http:\/\/ski.inmontanis.info\/d\/146227-3\/DSC00382.jpg \/><\/a><br \/>\n^ Hier nochmal der Schlusshang von der DSB aus gesehen<\/p>\n<p><a href='http:\/\/ski.inmontanis.info\/d\/146232-2\/DSC00385.jpg'><img src=http:\/\/ski.inmontanis.info\/d\/146231-3\/DSC00385.jpg \/><\/a><br \/>\n^ und hier rechts der verwachsene Steilhang und geradeaus das heikle St\u00fcck unter der St\u00fctze, das aber auch mit einem sehr schmalen Weg rechts umfahren werden kann. Ob der allerdings einfacher ist, bezweifle ich ;-)<\/p>\n<p><a href='http:\/\/ski.inmontanis.info\/d\/146281-2\/DSC00392.jpg'><img src=http:\/\/ski.inmontanis.info\/d\/146280-3\/DSC00392.jpg \/><\/a><br \/>\n^ Aufstieg von der Nordica-Abfahrt zur Bergstation des stillgelegten SL<\/p>\n<p><a href='http:\/\/ski.inmontanis.info\/d\/146237-2\/DSC00390.jpg'><img src=http:\/\/ski.inmontanis.info\/d\/146236-3\/DSC00390.jpg \/><\/a><br \/>\n^ Diese Abfahrt am stillgelegten SL ist \u00fcbrigens ROT eingezeichnet. Die spinnen ;-)<\/p>\n<p><a href='http:\/\/ski.inmontanis.info\/d\/146241-2\/DSC00396.jpg'><img src=http:\/\/ski.inmontanis.info\/d\/146240-3\/DSC00396.jpg \/><\/a><br \/>\n^ Stillgelegter SL, ein Nascivera mit blauen St\u00fctzen &#8211; auch selten.<\/p>\n<p><a href='http:\/\/ski.inmontanis.info\/d\/146245-2\/DSC00398.jpg'><img src=http:\/\/ski.inmontanis.info\/d\/146244-3\/DSC00398.jpg \/><\/a><br \/>\n^ .. und dessen Bergstation<\/p>\n<p><a href='http:\/\/ski.inmontanis.info\/d\/146249-2\/DSC00402.jpg'><img src=http:\/\/ski.inmontanis.info\/d\/146248-3\/DSC00402.jpg \/><\/a><br \/>\n^ Auf der roten Abfahrt am SL. Krass, was der SL hier f\u00fcr Abfahrten hatte ;)<\/p>\n<p><img src=http:\/\/ski.inmontanis.info\/d\/146253-2\/DSC00404.jpg \/><br \/>\n^ Talstation des Ex-SL<\/p>\n<p><img src=http:\/\/ski.inmontanis.info\/d\/146257-2\/DSC00406.jpg \/><br \/>\n^ Talstation des Ex-SL, links die DSB.<\/p>\n<p>Fazit: Die stillgelegten Abfahrten sind durchaus reizvoll hier, im Nebel hat man zum Gl\u00fcck die modellierten Pisten nicht zu sehr wahrgenommen, Meerpano gab&#8217;s oben bei dem Wetter heute leider keins. Kann man wieder mal mitnehmen, wenn man ein Skigebiet auf dem Weg in den S\u00fcden oder zur\u00fcck braucht. Erst recht, seitdem ich dank Trincerone wei\u00df, wie geil diese Laubw\u00e4lder zu fahren sind, denn da k\u00f6nnte man insb. an der 1. Sektion bzw. in Kombi mit der Nordica so einiges nettes mitnehmen ;-)<\/p>\n<p>Die DSBs sollen lt. einer Website \u00fcbrigens nur noch bis 2015 eine Genehmigung haben, hier und da meine ich auch von gr\u00f6\u00dferen Projekten \/ Erweiterungen gelesen zu haben.<\/p>\n<p>Um 14 Uhr hab ich&#8217;s (durchn\u00e4sst) gelassen, auch wenn inzwischen die Sonne immer st\u00e4rker durchschien, hatte ich ja noch einen weiten Weg vor mir: knapp 4 Stunden bis Campocatino. Da ich die letzten 2 Tage kein WIFI hatte, musste ich mich wieder altmodisch auf Hotelsuche begeben. Von meinem Sommerbesuch hatte ich im Kopf, dass es oben 1 oder 2 Hotels geben m\u00fcsste, also fuhr ich eben hinauf. Das eine Hotel wollte allerdings 70,- f\u00fcr die \u00dcF und 90,- f\u00fcr HP (heutiges Abendessen: Gem\u00fcseplatte, Pizza Margherita, Kalte Platte, Kartoffeln. Aha, sehr toll.) &#8211; und das \u00fcberstieg selbst die durch die letzten 2 Hotels ausgedehntere Schmerzgrenze. Da h\u00e4tte es schon einen bessere Eindruck machen m\u00fcssen, 4 Sterne haben, &#8230;. Ansonsten hab ich im Nebel oben leider nichts gefunden.<\/p>\n<p><a href='http:\/\/extra.inmontanis.info\/d\/13227-2\/DSC00419.jpg'><img src=http:\/\/extra.inmontanis.info\/d\/13225-3\/DSC00419.jpg \/><\/a><br \/>\n^ Irgendwo, glaub  zwischen Alatri und Guarcino, sind mir pl\u00f6tzlich verr\u00e4terische Masten rechts aufgefallen &#8230; hier ging wohl mal eine Stra\u00dfen- oder Eisenbahn hinauf!<\/p>\n<p><a href='http:\/\/extra.inmontanis.info\/d\/13231-2\/DSC00422.jpg'><img src=http:\/\/extra.inmontanis.info\/d\/13229-3\/DSC00422.jpg \/><\/a><br \/>\n^ .. und das k\u00f6nnte mal ein Bahnhof gewesen sein.<\/p>\n<p><a href='http:\/\/extra.inmontanis.info\/d\/13235-2\/DSC00427.jpg'><img src=http:\/\/extra.inmontanis.info\/d\/13233-3\/DSC00427.jpg \/><\/a><br \/>\n^ Hotel Eden am Campocatino. Hab bei dem Nebel keine andere Unterkunft hier gefunden, aber mir war&#8217;s zu teuer.<\/p>\n<p>Also wieder 14km runter, kurz am Ende (Anfang) der Stra\u00dfe ist noch ein Albergo, wie ich beim rauffahren gesehen hab. Hier musste ich zwar 50,- f\u00fcr&#8217;s Zimmer zahlen (1 oder 2 Personen egal), Abendessen \u00e0 la carte (Pizza), leider ziemlich voll und nicht gerade schnell gewesen. <\/p>\n<p>L\u00e4rm ist aber auch hier &#8211; im Zimmer h\u00f6rt man sehr laut irgendeinen brummenden Motor, und im Restaurant unten spielt eine Livemusik. Anscheinend ist heut irgendein besonderer Tag in Italien. <\/p>\n<p><a href='http:\/\/extra.inmontanis.info\/d\/13239-2\/DSC00428.jpg'><img src=http:\/\/extra.inmontanis.info\/d\/13237-3\/DSC00428.jpg \/><\/a><br \/>\n^ .. und mir ein Hotel auf der Stra\u00dfe weiter unten genommen. Zimmer war leider Vollpreis &#8211; auch f\u00fcr mich allein.<\/p>\n<p>Das Fr\u00fchst\u00fcck bestand aus Zwieback und 2 (frischen) Croissants, Marmeladen, Nutella und (mit M\u00fche) Kakao.<\/p>\n<p>Weiter unten im Ort bin ich am n\u00e4chsten Tag noch an 1 oder 2 Hotels vorbei gefahren (aber keine Ahnung, ob die offen waren).<\/p>\n","protected":false},"excerpt":{"rendered":"<p>Appennino 2012, 14. Tag: Do, 8.3.2012 &#8211; Laceno Spurensuche im Nebel<\/p>\n<p>F\u00fcr die ca. 45 km lange Strecke nach Laceno hab ich \u00fcber 1,5 Stunden ben\u00f6tigt &#8211; nicht weil so viel Stau gewesen w\u00e4re, nein, die Stra\u00dfen waren einfach so extrem kurvig &#8211; typisch Appennino halt.<\/p>\n<p> <a href=\"http:\/\/blog.inmontanis.info\/?p=1964\">[&#8230;]<\/a><\/p>\n","protected":false},"author":1,"featured_media":0,"comment_status":"open","ping_status":"closed","sticky":false,"template":"","format":"standard","meta":{"footnotes":""},"categories":[110,15,475,27,32],"tags":[38,47],"class_list":["post-1964","post","type-post","status-publish","format-standard","hentry","category-201202-appennino","category-italienitaly","category-laceno","category-skifahren-winterskiing-winter","category-lostplaces","tag-dsb","tag-sl","odd"],"_links":{"self":[{"href":"http:\/\/blog.inmontanis.info\/index.php?rest_route=\/wp\/v2\/posts\/1964","targetHints":{"allow":["GET"]}}],"collection":[{"href":"http:\/\/blog.inmontanis.info\/index.php?rest_route=\/wp\/v2\/posts"}],"about":[{"href":"http:\/\/blog.inmontanis.info\/index.php?rest_route=\/wp\/v2\/types\/post"}],"author":[{"embeddable":true,"href":"http:\/\/blog.inmontanis.info\/index.php?rest_route=\/wp\/v2\/users\/1"}],"replies":[{"embeddable":true,"href":"http:\/\/blog.inmontanis.info\/index.php?rest_route=%2Fwp%2Fv2%2Fcomments&post=1964"}],"version-history":[{"count":4,"href":"http:\/\/blog.inmontanis.info\/index.php?rest_route=\/wp\/v2\/posts\/1964\/revisions"}],"predecessor-version":[{"id":9016,"href":"http:\/\/blog.inmontanis.info\/index.php?rest_route=\/wp\/v2\/posts\/1964\/revisions\/9016"}],"wp:attachment":[{"href":"http:\/\/blog.inmontanis.info\/index.php?rest_route=%2Fwp%2Fv2%2Fmedia&parent=1964"}],"wp:term":[{"taxonomy":"category","embeddable":true,"href":"http:\/\/blog.inmontanis.info\/index.php?rest_route=%2Fwp%2Fv2%2Fcategories&post=1964"},{"taxonomy":"post_tag","embeddable":true,"href":"http:\/\/blog.inmontanis.info\/index.php?rest_route=%2Fwp%2Fv2%2Ftags&post=1964"}],"curies":[{"name":"wp","href":"https:\/\/api.w.org\/{rel}","templated":true}]}}