{"id":1961,"date":"2012-03-07T23:06:24","date_gmt":"2012-03-07T22:06:24","guid":{"rendered":"http:\/\/blog.inmontanis.info\/?p=1961"},"modified":"2023-08-04T18:22:33","modified_gmt":"2023-08-04T16:22:33","slug":"lorica-camigliatello-silano-7-3-2012","status":"publish","type":"post","link":"http:\/\/blog.inmontanis.info\/?p=1961","title":{"rendered":"Lorica &#038; Camigliatello Silano, 7.3.2012"},"content":{"rendered":"<p><strong>Appennino 2012, 13. Tag: Mi, 7.3.2012<\/strong> &#8211; Lorica &#038; Camigliatello Silano<br \/>\n<em>Nur zu F\u00fcnft \/ 3&#215;3<\/em><\/p>\n<p>Einen Vorteil hatte das kurze fr\u00fche Fr\u00fchst\u00fcck &#8211; ich kam bereits um kurz nach 8 Uhr aus dem Hotel und war gegen 9:30 in Lorica. Korblift war in Betrieb, so kaufte ich mir eine Tageskarte um 17,- \u20ac. <!--more--><\/p>\n<p>(Fotos anklicken zum Vergr\u00f6\u00dfern, soweit nicht vergr\u00f6\u00dfert gepostet.)<\/p>\n<p><img src=http:\/\/extra.inmontanis.info\/d\/12883-3\/ge-appennino2012-poi4b.jpg \/><br \/>\n^ S) Lorica<br \/>\n^ T) Camigliatello Silano<\/p>\n<p><a href='http:\/\/extra.inmontanis.info\/d\/13199-2\/DSC00086.jpg'><img src=http:\/\/extra.inmontanis.info\/d\/13197-3\/DSC00086.jpg \/><\/a><br \/>\n^ A3 &#8211; neue vs. alte Tunnel. Mal gespannt, was mit den ganzen alten Tunneln passiert, ob man die sp\u00e4ter wohl begehen kann?  ,-)<\/p>\n<p>Die Fahrt nach Lorica ist, wenn man von S\u00fcden kommt, recht anstrengend, bzw. allgemein gesagt, ist die Fahrerei durch die Sila generell recht m\u00fchselig, da sich die Stra\u00dfen wie Ged\u00e4rme durch die Landschaft ziehen. Weiter unten ist noch ein GPS-Track, wo man das recht gut sehen kann. Durchschnittsgeschwindigkeit war in diesen Bereichen 20-30 km\/h.<\/p>\n<p><img src=http:\/\/ski.inmontanis.info\/d\/145864-2\/DSC00091.jpg \/><br \/>\n^ Lago Arvo, an dem auch Lorica liegt. Erinnert mich landschaftlich gerade extrem an Skandinavien letztes Jahr!<\/p>\n<p><a href='http:\/\/ski.inmontanis.info\/d\/146062-2\/DSC00092.jpg'><img src=http:\/\/ski.inmontanis.info\/d\/146061-3\/DSC00092.jpg \/><\/a><br \/>\n^ Blick ins Skigebiet (Bergstation Korblift \/ Talabfahrt in Bildmitte)<\/p>\n<p>Da ich ja Lorica schon 2009 war, hab ich kaum Fotos vom Skigebiet, dem SL oder den Abfahrten gemacht, sondern fast ausschlie\u00dflich den Korblift fotografiert, hoffe es langweilt nicht zu sehr :-)<\/p>\n<p>Fotos und Bericht von 2009 u.a. hier, damals war ich ja nach Lorica noch in Palumbo Sila:<\/p>\n<blockquote class=\"wp-embedded-content\" data-secret=\"mujupB2uPw\"><p><a href=\"http:\/\/blog.inmontanis.info\/?p=448\">SdI 2009 Tag 9: Lorica &#038; Palumbo Sila, 1.3.2009<\/a><\/p><\/blockquote>\n<p><iframe loading=\"lazy\" class=\"wp-embedded-content\" sandbox=\"allow-scripts\" security=\"restricted\" style=\"position: absolute; visibility: hidden;\" title=\"&#8220;SdI 2009 Tag 9: Lorica &#038; Palumbo Sila, 1.3.2009&#8221; &#8212; inMontanis.info\" src=\"http:\/\/blog.inmontanis.info\/?p=448&#038;embed=true#?secret=6uwtTANwwI#?secret=mujupB2uPw\" data-secret=\"mujupB2uPw\" width=\"600\" height=\"338\" frameborder=\"0\" marginwidth=\"0\" marginheight=\"0\" scrolling=\"no\"><\/iframe><\/p>\n<p>Den Pistenplan von damals f\u00fcge ich aber nochmal an:<br \/>\n<a href='http:\/\/ski.inmontanis.info\/d\/95103-3\/P1350988.JPG'><img src=http:\/\/ski.inmontanis.info\/d\/95101-4\/P1350988.JPG \/><\/a><\/p>\n<p>Weiter mit den aktuellen Fotos:<\/p>\n<p><a href='http:\/\/ski.inmontanis.info\/d\/145869-2\/DSC00093.jpg'><img src=http:\/\/ski.inmontanis.info\/d\/145868-3\/DSC00093.jpg \/><\/a><br \/>\n^ Talstation<\/p>\n<p><a href='http:\/\/ski.inmontanis.info\/d\/145873-2\/DSC00096.jpg'><img src=http:\/\/ski.inmontanis.info\/d\/145872-3\/DSC00096.jpg \/><\/a><br \/>\n^ Talstation<\/p>\n<p>Der Korblift wurde nur in Betrieb genommen, wenn jemand gefahren ist &#8211; zuf\u00e4llig war genau hinter mir der Korb ebenfalls belegt.<\/p>\n<p><img src=http:\/\/ski.inmontanis.info\/d\/145877-2\/DSC00097.jpg \/><br \/>\n^ Vor St\u00fctze 2, quasi komplette Strecke sichtbar<\/p>\n<p><img src=http:\/\/ski.inmontanis.info\/d\/145881-2\/DSC00099.jpg \/><br \/>\n^ Korblift und kleiner Bach<\/p>\n<p><img src=http:\/\/ski.inmontanis.info\/d\/145885-2\/DSC00101.jpg \/><br \/>\n^ Strecke; Mittelteil<\/p>\n<p><img src=http:\/\/ski.inmontanis.info\/d\/145889-2\/DSC00106.jpg \/><br \/>\n^ St\u00fctze 16<\/p>\n<p><img src=http:\/\/ski.inmontanis.info\/d\/145893-2\/DSC00120.jpg \/><br \/>\n^ Kurz vor der Bergstation, mit Abfahrt<\/p>\n<p><img src=http:\/\/ski.inmontanis.info\/d\/145897-2\/DSC00121.jpg \/><br \/>\n^ Korblift Strecke und Abfahrt<\/p>\n<p><img src=http:\/\/ski.inmontanis.info\/d\/145901-2\/DSC00126.jpg \/><br \/>\n^ Korblift Bergstation<\/p>\n<p><img src=http:\/\/ski.inmontanis.info\/d\/145905-2\/DSC00129.jpg \/><br \/>\n^ Abfahrt zum SL<\/p>\n<p><img src=http:\/\/ski.inmontanis.info\/d\/146066-2\/DSC09865a2.jpg \/><br \/>\n^ IR-Pano<\/p>\n<p><img src=http:\/\/ski.inmontanis.info\/d\/145910-2\/DSC09866a.jpg \/><br \/>\n^ IR-Pano<\/p>\n<p><a href='http:\/\/ski.inmontanis.info\/d\/146083-3\/DSC00132.jpg'><img src=http:\/\/ski.inmontanis.info\/d\/146082-4\/DSC00132.jpg \/><\/a><br \/>\n^ Doppel-SL<\/p>\n<p><img src=http:\/\/ski.inmontanis.info\/d\/145915-2\/DSC00137.jpg \/><br \/>\n^ Pano<\/p>\n<p><img src=http:\/\/ski.inmontanis.info\/d\/145919-2\/DSC00139.jpg \/><br \/>\n^ Korblift und Pano (sofern man das heute Pano nennen konnte&#8230;)<\/p>\n<p><img src=http:\/\/ski.inmontanis.info\/d\/145923-2\/DSC00140.jpg \/><br \/>\n^ Bergstation Korblift<\/p>\n<p><a href='http:\/\/ski.inmontanis.info\/d\/145927-3\/DSC00141.jpg'><img src=http:\/\/ski.inmontanis.info\/d\/145926-4\/DSC00141.jpg \/><\/a><br \/>\n^ Portalst\u00fctze Bergstation mit schlafendem Hund<br \/>\n(Sorry, der Hund ist mir erst daheim aufgefallen, sonst h\u00e4tte ich ihn nicht so abgeschnitten fotografiert ;-) )<\/p>\n<p><a href='http:\/\/ski.inmontanis.info\/d\/145931-2\/DSC00146.jpg'><img src=http:\/\/ski.inmontanis.info\/d\/145930-3\/DSC00146.jpg \/><\/a><br \/>\n^ Korblift<\/p>\n<p><img src=http:\/\/ski.inmontanis.info\/d\/145935-2\/DSC00147.jpg \/><br \/>\n^ Korblift<\/p>\n<p><a href='http:\/\/ski.inmontanis.info\/d\/145939-2\/DSC00148.jpg'><img src=http:\/\/ski.inmontanis.info\/d\/145938-3\/DSC00148.jpg \/><\/a><br \/>\n^ Korb<\/p>\n<p><img src=http:\/\/ski.inmontanis.info\/d\/145943-2\/DSC00150.jpg \/><br \/>\n^ St\u00fctze und Korb<\/p>\n<p><img src=http:\/\/ski.inmontanis.info\/d\/145947-2\/DSC00153.jpg \/><br \/>\n^ St\u00fctze und Korb<\/p>\n<p><a href='http:\/\/ski.inmontanis.info\/d\/145951-2\/DSC00161.jpg'><img src=http:\/\/ski.inmontanis.info\/d\/145950-3\/DSC00161.jpg \/><\/a><br \/>\n^ St\u00fctze im Wald ;-)<\/p>\n<p>F\u00fcr die n\u00e4chsten Bilder hab ich ab &#038; zu mal wieder meine Retro-Einstellung aktiviert &#8230;.<\/p>\n<p><a href='http:\/\/ski.inmontanis.info\/d\/145955-2\/DSC00168.jpg'><img src=http:\/\/ski.inmontanis.info\/d\/145954-3\/DSC00168.jpg \/><\/a><br \/>\n^ St\u00fctzen und K\u00f6rbe<\/p>\n<p><a href='http:\/\/ski.inmontanis.info\/d\/145959-2\/DSC00171.jpg'><img src=http:\/\/ski.inmontanis.info\/d\/145958-3\/DSC00171.jpg \/><\/a><br \/>\n^ Korblift oberer Teil<\/p>\n<p><img src=http:\/\/ski.inmontanis.info\/d\/145963-2\/DSC00173.jpg \/><br \/>\n^ Korb Nummer 82<\/p>\n<p><a href='http:\/\/ski.inmontanis.info\/d\/145967-2\/DSC00174.jpg'><img src=http:\/\/ski.inmontanis.info\/d\/145966-3\/DSC00174.jpg \/><\/a><br \/>\n^ St\u00fctze 5<\/p>\n<p>Bei der n\u00e4chsten Korbliftfahrt hab ich gebeten, den Lift noch nicht starten zu lassen, wollte erst noch meine neuen Ski im Korb fotografieren ;-)<\/p>\n<p>(H\u00e4tte ich mal besser bei der 3. Fahrt gemacht, denn da musste ich 5 Minuten warten, bis der Bedienstete an der Bergstation vom Essen zur\u00fcck kam und das OK zum Starten des Liftes geben konnte&#8230;)<\/p>\n<p><img src=http:\/\/ski.inmontanis.info\/d\/145971-2\/DSC00185.jpg \/><br \/>\n^ Meine Skier im Korb<\/p>\n<p><img src=http:\/\/ski.inmontanis.info\/d\/145975-2\/DSC00184.jpg \/><br \/>\n^ Meine Skier im Korb, links unten am Ski hab ich ja ein Bild von einer Korbliftst\u00fctze aus Oropa<\/p>\n<p><img src=http:\/\/ski.inmontanis.info\/d\/145979-2\/DSC00185-2.jpg \/><br \/>\n^ Meine Skier im Korb<\/p>\n<p><img src=http:\/\/ski.inmontanis.info\/d\/145983-2\/DSC00186.jpg \/><br \/>\n^ Meine Skier im Korb<\/p>\n<p>Danach hab ich meine IR-Cam ausgepackt und mit verschiedenen Filtern fotografiert und mit verschiedenen Einstellungen &#8220;entwickelt&#8221;:<\/p>\n<p><img src=http:\/\/ski.inmontanis.info\/d\/145987-2\/DSC09876_bgr.jpg \/><br \/>\n^ Korblift in IR<\/p>\n<p><img src=http:\/\/ski.inmontanis.info\/d\/145991-2\/DSC09878a.jpg \/><br \/>\n^ Korblift in IR<\/p>\n<p><img src=http:\/\/ski.inmontanis.info\/d\/145995-3\/DSC09881.jpg \/><br \/>\n^ Korblift in IR<\/p>\n<p><img src=http:\/\/ski.inmontanis.info\/d\/145999-3\/DSC09884.jpg \/><br \/>\n^ Korblift in IR<\/p>\n<p><img src=http:\/\/ski.inmontanis.info\/d\/146071-2\/DSC09887.jpg \/><br \/>\n^ Korblift in IR<\/p>\n<p><img src=http:\/\/ski.inmontanis.info\/d\/146004-3\/DSC09888_bgr.jpg \/><br \/>\n^ Korbliftst\u00fctze in IR. S\u00e4he in Blau doch viel besser aus als in Gr\u00fcn ;-)<\/p>\n<p><img src=http:\/\/ski.inmontanis.info\/d\/146008-2\/DSC09890_bgr.jpg \/><br \/>\n^ Korbliftst\u00fctze in IR. Wei\u00dfe K\u00f6rbe an blauer St\u00fctze, warum nicht?<\/p>\n<p><img src=http:\/\/ski.inmontanis.info\/d\/146012-2\/DSC09891.jpg \/><br \/>\n^ Korblift in IR<\/p>\n<p><img src=http:\/\/ski.inmontanis.info\/d\/146075-2\/DSC09892.jpg \/><br \/>\n^ Korblift in IR<\/p>\n<p><a href='http:\/\/ski.inmontanis.info\/d\/146017-2\/DSC00194.jpg'><img src=http:\/\/ski.inmontanis.info\/d\/146016-3\/DSC00194.jpg \/><\/a><br \/>\n^ St\u00fctze 4<\/p>\n<p><a href='http:\/\/ski.inmontanis.info\/d\/146021-2\/DSC00196.jpg'><img src=http:\/\/ski.inmontanis.info\/d\/146020-3\/DSC00196.jpg \/><\/a><br \/>\n^ St\u00fctze 7<\/p>\n<p><img src=http:\/\/ski.inmontanis.info\/d\/146025-2\/DSC00197.jpg \/><br \/>\n^ St\u00fctze 7<\/p>\n<p><a href='http:\/\/ski.inmontanis.info\/d\/146029-2\/DSC00199.jpg'><img src=http:\/\/ski.inmontanis.info\/d\/146028-3\/DSC00199.jpg \/><\/a><br \/>\n^ K\u00f6rbe<\/p>\n<p><a href='http:\/\/ski.inmontanis.info\/d\/146033-2\/DSC00200.jpg'><img src=http:\/\/ski.inmontanis.info\/d\/146032-3\/DSC00200.jpg \/><\/a><br \/>\n^ St\u00fctze 9<\/p>\n<p><a href='http:\/\/ski.inmontanis.info\/d\/146079-2\/DSC00203.jpg'><img src=http:\/\/ski.inmontanis.info\/d\/146078-3\/DSC00203.jpg \/><\/a><br \/>\n^ St\u00fctze 25<\/p>\n<p><img src=http:\/\/ski.inmontanis.info\/d\/146038-2\/DSC00211.jpg \/><br \/>\n^ Talstation<\/p>\n<p><img src=http:\/\/ski.inmontanis.info\/d\/146042-2\/DSC00210.jpg \/><br \/>\n^ Niederhalter an der Talstation<\/p>\n<p><img src=http:\/\/ski.inmontanis.info\/d\/146046-2\/DSC00207.jpg \/><br \/>\n^ Ungew\u00f6hnliches Schild!<\/p>\n<p><a href='http:\/\/ski.inmontanis.info\/d\/146050-2\/DSC00217.jpg'><img src=http:\/\/ski.inmontanis.info\/d\/146049-3\/DSC00217.jpg \/><\/a><br \/>\n^ T\u00fcr am Korb<\/p>\n<p><a href='http:\/\/ski.inmontanis.info\/d\/146054-2\/DSC00215.jpg'><img src=http:\/\/ski.inmontanis.info\/d\/146053-3\/DSC00215.jpg \/><\/a><br \/>\n^ Ski im Korb<\/p>\n<p><object style=\"height: 500px; width: 900px\"><param name=\"movie\" value=\"http:\/\/www.youtube.com\/v\/apI64RnpN34\"><\/param><param name=\"wmode\" value=\"transparent\"><\/param><embed src=\"http:\/\/www.youtube.com\/v\/apI64RnpN34\" type=\"application\/x-shockwave-flash\" wmode=\"transparent\"  width=\"900\" height=\"480\"><\/embed><\/object><\/p>\n<p>Au\u00dfer mir waren nur 4 andere Leute da, und die sind ab Mittag gegangen .. somit wurde auch der SL zu Mittag eingestellt, und .. keine Ahnung ob ich nochmal mit dem Korblift h\u00e4tte fahren k\u00f6nnen, inzwischen war es 13 Uhr, und die Stimmung, auch vom Wetter, so trist, dass ich mich entschied, es auch zu lassen und noch kurz in Camigliatello Silano vorbei zu schauen, wo ich egtl. gar nicht fahren wollte.<\/p>\n<p>Dort um 14 Uhr angekommen h\u00e4tte die Nachmittagskarte 14,- \u20ac gekostet, was mir f\u00fcr die Uhrzeit zu teuer war. Die Einzelfahrten mit der 8 EUB kosteten 3,- \u20ac und so kaufte ich mir eben 3 Bergfahrten \u00e0 3 \u20ac. Damit war ich bis kurz nach 15 Uhr besch\u00e4ftigt, und da musste ich dann eh weiter, da ich ja noch eine sch\u00f6ne Strecke nach Norden fahre wollte.<\/p>\n<p>Die rote Abfahrt ist ganz nett (weil schmal), die blaue im unteren Teil leider arg modelliert. Der SL auf der R\u00fcckseite fehlt zur Abwechslung, der wurde wohl sp\u00e4testens mit dem Bau der 8EUB stillgelegt.. Unten gibts auch einen stillgelegten SL (wie auch in Lorica, witzig, diese \u00c4hnlichkeiten des Skigebietsaufbaus!).<\/p>\n<p><img src=http:\/\/ski.inmontanis.info\/d\/145798-2\/ge_silano4.jpg \/><br \/>\n^ GPS-Track Lorica und Camigliatello, Rot jeweils die stillgelegten SL, Blau die DSB in Fago del Soldato \/ La Pagliara (dort war ich noch nicht, machte mir bisher immer einen extrem uninteressanten Eindruck)<\/p>\n<p><a href='http:\/\/ski.inmontanis.info\/d\/145802-2\/DSC00226.jpg'><img src=http:\/\/ski.inmontanis.info\/d\/145801-3\/DSC00226.jpg \/><\/a><br \/>\n^ Bergstation der 8EUB. Hat man bl\u00f6derweise weiter nach hinten gesetzt, jetzt muss man also immer bis vor schieben zur Abfahrt&#8230;<\/p>\n<p><a href='http:\/\/ski.inmontanis.info\/d\/145806-2\/DSC00227.jpg'><img src=http:\/\/ski.inmontanis.info\/d\/145805-3\/DSC00227.jpg \/><\/a><br \/>\n^ Hier auf der R\u00fcckseite gab&#8217;s fr\u00fcher mal einen SL<\/p>\n<p><a href='http:\/\/ski.inmontanis.info\/d\/145856-2\/DSC00228.jpg'><img src=http:\/\/ski.inmontanis.info\/d\/145855-3\/DSC00228.jpg \/><\/a><br \/>\n^ Ehemalige Bergstation<\/p>\n<p><a href='http:\/\/ski.inmontanis.info\/d\/145811-2\/DSC00229.jpg'><img src=http:\/\/ski.inmontanis.info\/d\/145810-3\/DSC00229.jpg \/><\/a><br \/>\n^ Warum?? Was hat die Bergbahn dagegen, dass man diesen Hang ums verrecken nicht befahren darf? Ich versteh&#8217;s nicht!<\/p>\n<p><a href='http:\/\/ski.inmontanis.info\/d\/145815-2\/DSC00231.jpg'><img src=http:\/\/ski.inmontanis.info\/d\/145814-3\/DSC00231.jpg \/><\/a><br \/>\n^ Blaue Abfahrt &#8211; im oberen Bereich Top &#8230;<\/p>\n<p><a href='http:\/\/ski.inmontanis.info\/d\/145819-2\/DSC00236.jpg'><img src=http:\/\/ski.inmontanis.info\/d\/145818-3\/DSC00236.jpg \/><\/a><br \/>\n^ &#8230; im unteren Flopp.<\/p>\n<p><img src=http:\/\/ski.inmontanis.info\/d\/145823-2\/DSC00237.jpg \/><br \/>\n^ Talstations-Kessel<\/p>\n<p>Hier muss ich auch noch was loswerden: Es gibt hier aus dem ganzen Kessel nur eine einzige M\u00f6glichkeit, rein oder raus zu kommen, und zwar die schmale (\u00fcberdachte) Treppe zwischen der ehemaligen Talstation und der 8EUB. Die zweite Treppe und die breite Stra\u00dfe unterhalb des Rifugios &#8211; mit Toren abgesperrt. Der Kessel weiter links &#8211; mit riesigen Z\u00e4unen abgesperrt. Das fand ich doch SEHR nervig!<\/p>\n<p><a href='http:\/\/ski.inmontanis.info\/d\/145827-2\/DSC00261.jpg'><img src=http:\/\/ski.inmontanis.info\/d\/145826-3\/DSC00261.jpg \/><\/a><br \/>\n^ Talstation 8EUB<\/p>\n<p><a href='http:\/\/ski.inmontanis.info\/d\/145831-2\/DSC00241.jpg'><img src=http:\/\/ski.inmontanis.info\/d\/145830-3\/DSC00241.jpg \/><\/a><br \/>\n^ Ein weiterer stillgelegter SL, diesmal im Talstationsbereich. Was diese ganzen Absperrungen wohl sollen?!<\/p>\n<p><a href='http:\/\/ski.inmontanis.info\/d\/145860-2\/DSC00249.jpg'><img src=http:\/\/ski.inmontanis.info\/d\/145859-3\/DSC00249.jpg \/><\/a><br \/>\n^ Ehemalige Talstation<\/p>\n<p><a href='http:\/\/ski.inmontanis.info\/d\/145836-2\/DSC00250.jpg'><img src=http:\/\/ski.inmontanis.info\/d\/145835-3\/DSC00250.jpg \/><\/a><br \/>\n^ Ex-DSB-Bergstation<\/p>\n<p><img src=http:\/\/ski.inmontanis.info\/d\/145840-2\/DSC00253.jpg \/><br \/>\n^ Ex-DSB-Bergstation, war also gar nicht so alt &#8211; wenn sie eine Marchisio Doppelmayr war!<\/p>\n<p><a href='http:\/\/ski.inmontanis.info\/d\/145844-2\/DSC00254.jpg'><img src=http:\/\/ski.inmontanis.info\/d\/145843-3\/DSC00254.jpg \/><\/a><br \/>\n^ Abzweigung rote und blaue Abfahrt<\/p>\n<p><a href='http:\/\/ski.inmontanis.info\/d\/145848-2\/DSC00255.jpg'><img src=http:\/\/ski.inmontanis.info\/d\/145847-3\/DSC00255.jpg \/><\/a><br \/>\n^ Rote Abfahrt<\/p>\n<p><a href='http:\/\/ski.inmontanis.info\/d\/145852-2\/DSC00258.jpg'><img src=http:\/\/ski.inmontanis.info\/d\/145851-3\/DSC00258.jpg \/><\/a><br \/>\n^ Rote Abfahrt<\/p>\n<p>Zum Thema SL auf der R\u00fcckseite, hier ein paar Sommerfotos:<\/p>\n<p><a href='http:\/\/ski.inmontanis.info\/d\/121371-3\/DSCF9378.JPG'><img src=http:\/\/ski.inmontanis.info\/d\/121370-4\/DSCF9378.JPG \/><\/a><\/p>\n<p><a href='http:\/\/ski.inmontanis.info\/d\/121375-3\/DSCF9380.JPG'><img src=http:\/\/ski.inmontanis.info\/d\/121374-4\/DSCF9380.JPG \/><\/a><\/p>\n<p>Und zum Thema Skigebiet hier in der Gegend:<\/p>\n<p><img src=http:\/\/ski.inmontanis.info\/d\/146058-2\/ge_silano10.jpg \/><br \/>\n^ \u00dcberblick \u00fcber die Skigebiete im La Sila &#8211; Gebirge (Kalabrien)<br \/>\n(und man erkennt auch die extrem kurvigen Stra\u00dfen!)<\/p>\n<p>Danach standen noch ein paar Stunden Autofahrt auf dem Plan. Einziges vern\u00fcnftig anfahrbares Skigebiet f\u00fcr morgen ist Laceno. Hatte mir vorgestern auf google maps angeschaut, was auf dem Weg l\u00e4ge &#8211; so wirklich vern\u00fcnftiges schien es da wohl auch nicht zu geben bzw. hab ich mir in Battipaglia n\u00e4he der Autobahn ein Hotel raugesucht, 3 Sterne, EZ \u00dcF 40,- HP 50,-. <\/p>\n<p><a href='http:\/\/extra.inmontanis.info\/d\/13203-2\/DSC00267.jpg'><img src=http:\/\/extra.inmontanis.info\/d\/13201-3\/DSC00267.jpg \/><\/a><br \/>\n^ A3<\/p>\n<p><a href='http:\/\/extra.inmontanis.info\/d\/13207-2\/DSC00270.jpg'><img src=http:\/\/extra.inmontanis.info\/d\/13205-3\/DSC00270.jpg \/><\/a><br \/>\n^ A3<\/p>\n<p><a href='http:\/\/extra.inmontanis.info\/d\/13211-2\/DSC00283.jpg'><img src=http:\/\/extra.inmontanis.info\/d\/13209-3\/DSC00283.jpg \/><\/a><br \/>\n^ A3<\/p>\n<p><a href='http:\/\/extra.inmontanis.info\/d\/13215-2\/DSC00294.jpg'><img src=http:\/\/extra.inmontanis.info\/d\/13213-3\/DSC00294.jpg \/><\/a><br \/>\n^ A3, die alte geht hier mal wieder links am Hang entlang, die neue geht durch Tunnel, die man hier etwas rechts sehen kann.<\/p>\n<p>Leider hat mich mein Navi an der entscheidenden Abzweigung nicht zum abzweigen verleitet (und es war in der 3D-Sicht nicht sichtbar, welche Stra\u00dfe der Gabelung nun die richtige ist), auf der Gegenfahrbahn war pl\u00f6tzlich Stau, so dass ein Umkehren auch keinen Sinn mehr hatte und bis ich dann wieder einen Weg au\u00dfenrum zum Hotel gefunden hatte, waren 15-20 min vergangen. Wobei das Hotel Nuovo Belvedere sich doch mehr im Wohngebiet befand als es mir auf Google Maps den Anschein hatte. Nunja. Bissl besser als gestern ist es ja, aber &#8230; ein zweites Mal brauch ich&#8217;s nicht. 2 Senioren (wohl jenseits der 70) schmei\u00dfen das Hotel mehr lustlos, im Speiseraum ist&#8217;s recht k\u00fchl, so dass er, der bedient, mit Jacke ruml\u00e4uft, im Zimmer k\u00f6nnts auch etwas w\u00e4rmer sein (18,5\u00b0) und selbiges riecht entweder nach Schimmel oder Zigarettenrauch, kann ich nicht genau definieren, vielleicht auch eine Mischung. Im Bad h\u00f6rte ich irgendwelche Zimmernachbarn so laut, als st\u00e4nden sie direkt neben mir! Wie gesagt, vgl. mit gestern ist es die 5,- \u20ac mehr Wert, aber morgen will ich doch endlich wieder was moderneres, und wenn ich 70,- \u20ac zahlen muss&#8230;<\/p>\n<p>Fr\u00fchst\u00fcck? War etwas ausf\u00fchrlicher, am Buffet gabs Zwieback, Kuchen, div. abgepackte Croissants u.\u00e4., Marmeladen, Nutella &#8230; und Cornflakes (aber ohne Milch und ohne Joghurt..?!).<\/p>\n<p><a href='http:\/\/extra.inmontanis.info\/d\/13219-2\/DSC00319.jpg'><img src=http:\/\/extra.inmontanis.info\/d\/13217-3\/DSC00319.jpg \/><\/a><br \/>\n^ Hotelzimmer<\/p>\n","protected":false},"excerpt":{"rendered":"<p>Appennino 2012, 13. Tag: Mi, 7.3.2012 &#8211; Lorica &#038; Camigliatello Silano Nur zu F\u00fcnft \/ 3&#215;3<\/p>\n<p>Einen Vorteil hatte das kurze fr\u00fche Fr\u00fchst\u00fcck &#8211; ich kam bereits um kurz nach 8 Uhr aus dem Hotel und war gegen 9:30 in Lorica. Korblift war in Betrieb, so kaufte ich mir eine Tageskarte um 17,- \u20ac. <\/p>\n<p> <a href=\"http:\/\/blog.inmontanis.info\/?p=1961\">[&#8230;]<\/a><\/p>\n","protected":false},"author":1,"featured_media":0,"comment_status":"open","ping_status":"closed","sticky":false,"template":"","format":"standard","meta":{"footnotes":""},"categories":[110,518,15,467,59,27],"tags":[90,63,45],"class_list":["post-1961","post","type-post","status-publish","format-standard","hentry","category-201202-appennino","category-camigliatello-silano","category-italienitaly","category-lorica","category-nostalgie","category-skifahren-winterskiing-winter","tag-infrarot","tag-korblift","tag-see","odd"],"_links":{"self":[{"href":"http:\/\/blog.inmontanis.info\/index.php?rest_route=\/wp\/v2\/posts\/1961","targetHints":{"allow":["GET"]}}],"collection":[{"href":"http:\/\/blog.inmontanis.info\/index.php?rest_route=\/wp\/v2\/posts"}],"about":[{"href":"http:\/\/blog.inmontanis.info\/index.php?rest_route=\/wp\/v2\/types\/post"}],"author":[{"embeddable":true,"href":"http:\/\/blog.inmontanis.info\/index.php?rest_route=\/wp\/v2\/users\/1"}],"replies":[{"embeddable":true,"href":"http:\/\/blog.inmontanis.info\/index.php?rest_route=%2Fwp%2Fv2%2Fcomments&post=1961"}],"version-history":[{"count":4,"href":"http:\/\/blog.inmontanis.info\/index.php?rest_route=\/wp\/v2\/posts\/1961\/revisions"}],"predecessor-version":[{"id":5037,"href":"http:\/\/blog.inmontanis.info\/index.php?rest_route=\/wp\/v2\/posts\/1961\/revisions\/5037"}],"wp:attachment":[{"href":"http:\/\/blog.inmontanis.info\/index.php?rest_route=%2Fwp%2Fv2%2Fmedia&parent=1961"}],"wp:term":[{"taxonomy":"category","embeddable":true,"href":"http:\/\/blog.inmontanis.info\/index.php?rest_route=%2Fwp%2Fv2%2Fcategories&post=1961"},{"taxonomy":"post_tag","embeddable":true,"href":"http:\/\/blog.inmontanis.info\/index.php?rest_route=%2Fwp%2Fv2%2Ftags&post=1961"}],"curies":[{"name":"wp","href":"https:\/\/api.w.org\/{rel}","templated":true}]}}