{"id":1949,"date":"2012-03-04T22:40:36","date_gmt":"2012-03-04T21:40:36","guid":{"rendered":"http:\/\/blog.inmontanis.info\/?p=1949"},"modified":"2023-08-03T21:43:18","modified_gmt":"2023-08-03T19:43:18","slug":"gambarie-4-3-2012","status":"publish","type":"post","link":"http:\/\/blog.inmontanis.info\/?p=1949","title":{"rendered":"Gambarie, 4.3.2012"},"content":{"rendered":"<p><strong>Appennino 2012, 10. Tag: So, 4.3.2012<\/strong> &#8211; Gambarie d&#8217;Aspromonte<br \/>\n<em>Wolken, Meer und Asche<\/em><\/p>\n<p>Die Fahrerei nach Gambarie zog sich aufgrund des schlechten Stra\u00dfenzustandes und der vielen Kurven doch ziemlich, es sollte 9:30 werden, bis ich den Skipass in den H\u00e4nden hielt.<!--more--> Die Handsfree-Karte hatte der Kassierer nicht geschafft zu laden, f\u00fcr die normalen Skidata-Karten hatte er keine Befestigungsb\u00e4nder mehr da&#8230; und mein Zipper ist ja auch schon lange hin; m\u00fcsste ich mir doch mal einen neuen kaufen, ab &#038; zu braucht man ja doch noch einen.<\/p>\n<p>Dass der ganz linke SL mit dem wohlklingenden Namen &#8220;Nino Martino&#8221; wieder nicht laufen w\u00fcrde, wusste ich ja anhand der Schneeberichte von vor einige Zeit. Verstehen muss man das nicht. L\u00e4uft vermutlich nur, wenn Vollmond auf einen Sonntag f\u00e4llt und der Kalendertag eine gerade Zahl ist oder so&#8230; <\/p>\n<p><em>.. nun, just heute, am 2.4., als ich die Fotos bearbeitet und den Bericht online stellen wollte, sah ich im Internet nach, ob er \u00fcberhaupt heuer in Betrieb war &#8211; und was ich dann fand, hatte mich doch schwer \u00fcberrascht: Dieser SL Nino Martino ist nicht aufgelassen, nein, er war noch nie in Betrieb! Besser noch, am 23.3.2012, wurde er, nach 16 Jahren, endlich in Betrieb genommen! Na, wenn das mal kein Grund ist, in 2 Jahren wieder hier her zu kommen .. ;-)<\/em><\/p>\n<p>Schwer entt\u00e4uscht war ich dagegen vom Panorama &#8211; da ist man in dem Skigebiet mit dem ultimativen Meerpano (zumindest unter den italienischen Skigebieten) und dann versteckt sich das Meer unter einem Wolken-Nebel-Meer :-( Auch der Etna zeigte sich nur kurz. Ok, am Nachmittag war das Meer dann doch hier und da zu sehen. Aber kein Vergleich mit meinem letzten Besuch. Schade.<\/p>\n<p>Sehr cool dagegen war der SL Telese, den ich heuer erstmals fahren konnte (weil nur am WE offen) &#8211; ein ganz sch\u00f6n langer Graffer (f\u00fcr Appennin-Verh\u00e4ltnisse, 1200 m, 350 hm) mit unpr\u00e4parierter Trasse und 3 (!) Streckenposten (ohne Ausstiege!!). Jeder 2 Teller muss leer gelassen werden und etliche Teller sind halb abgebrochen und m\u00fcssen auch ausgelassen werden, also F\u00f6rderleistung jenseits von Gut und B\u00f6se :-)<\/p>\n<p>Auch die Abfahrt fand ich nett, steil, schmal und kurvig. Ein echt ernstzunehmender Lift und vielleicht momentan der coolste SL in Italien. Bin ihn lt. GPS insg. um die 10-15x gefahren, nur 2x dazwischen die DSBs genommen. Gibt allerdings schon Planungen, den SL Telese mit einer DSB zu ersetzen. Bei der personalintensiven Strecke allerdings auch verst\u00e4ndlich. In Frankreich h\u00e4tte der SL vermutlich nur einen Personalbedarf von einer Person, n\u00e4mlich an der Talstation ;-)<\/p>\n<p>Ab 13 Uhr war pl\u00f6tzlich ein ziemlicher Dreck in der Luft, zumindest ging mir manchmal was ins Auge und an den Z\u00e4hnen knirschte es. Sand? Aber es war fast windstill, wie soll da Sand aus Afrika r\u00fcberkommen! Feinstaub, der von dem aufsteigenden Nebel kam? Nein &#8211; abends las ich im Internet, dass heute ein kleiner Ausbruch am \u00c4tna war &#8211; also werden es wohl Ascheteilchen gewesen sein &#8230;<\/p>\n<p>(Fotos anklicken zum Vergr\u00f6\u00dfern, soweit nicht vergr\u00f6\u00dfert gepostet)<\/p>\n<p><img src=http:\/\/extra.inmontanis.info\/d\/12883-3\/ge-appennino2012-poi4b.jpg \/><br \/>\n^ P &#8211; versteckt unter dem Schriftzug &#8220;Messina&#8221;) Gambarie d&#8217;Aspromonte<\/p>\n<p><a href='http:\/\/extra.inmontanis.info\/d\/13035-2\/DSC09613.jpg'><img src=http:\/\/extra.inmontanis.info\/d\/13033-3\/DSC09613.jpg \/><\/a><br \/>\n^ Paar km vor Gambarie<\/p>\n<p><a href='http:\/\/ski.inmontanis.info\/d\/143732-2\/ge_gambarie2012a.jpg'><img src=http:\/\/ski.inmontanis.info\/d\/143731-3\/ge_gambarie2012a.jpg \/><\/a><br \/>\n^ GPS-Track, Rot die ehemaligen SL, Magenta SL Nino Martino, der endlich nach 16 Jahren nur wenige Wochen nach meinem Besuch in Betrieb ging&#8230;<\/p>\n<p><a href='http:\/\/ski.inmontanis.info\/d\/143736-2\/DSC09614.jpg'><img src=http:\/\/ski.inmontanis.info\/d\/143735-3\/DSC09614.jpg \/><\/a><br \/>\n^ Talstation Sektion I<\/p>\n<p><img src=http:\/\/ski.inmontanis.info\/d\/143866-2\/DSC09615.jpg \/><br \/>\n^ DSB Sektion I<\/p>\n<p><img src=http:\/\/ski.inmontanis.info\/d\/143741-2\/DSC09617.jpg \/><br \/>\n^ DSB Sektion I, kurz unterhalb der Bergstation. Die steile direkte Abfahrt war heute offiziell ge\u00f6ffnet.<\/p>\n<p><img src=http:\/\/ski.inmontanis.info\/d\/143745-2\/DSC09618.jpg \/><br \/>\n^ Pano r\u00fcber zum \u00c4tna, der, wie ich sp\u00e4ter erfuhr, heute einen brockigen Auswurf hatte&#8230;.<\/p>\n<p><img src=http:\/\/ski.inmontanis.info\/d\/143749-2\/DSC09620.jpg \/><br \/>\n^ DSB Sektion I, links ein stillgelegter SL. Bissl Meer sieht man, aber der Gro\u00dfteil ist mit Wolken \u00fcberdeckt.<\/p>\n<p><img src=http:\/\/ski.inmontanis.info\/d\/143753-2\/DSC09774.jpg \/><br \/>\n^ \u00c4tna und Meer in IR. Der dicke dunkle vertikale Bereich ist \u00fcbrigens kein Schatten &#8211; das ist das Ergebnis des heutigen Ausbruchs. (der Schatten der Wolke ist rechts vom Gipfel)<\/p>\n<p><img src=http:\/\/ski.inmontanis.info\/d\/143757-2\/DSC09775.jpg \/><br \/>\n^ Meer, Sizilien, \u00c4tna<\/p>\n<p><img src=http:\/\/ski.inmontanis.info\/d\/143761-2\/DSC09629.jpg \/><br \/>\n^ Abfahrt Telese, heute leider nur mit Nebelmeer anstatt dem richtigen. Rechts zu sehen die Abfahrt vom SL Nino Martino<\/p>\n<p><img src=http:\/\/ski.inmontanis.info\/d\/143765-2\/DSC09632.jpg \/><br \/>\n^ Abfahrt am SL Telese<\/p>\n<p><a href='http:\/\/ski.inmontanis.info\/d\/143769-2\/DSC09634.jpg'><img src=http:\/\/ski.inmontanis.info\/d\/143768-3\/DSC09634.jpg \/><\/a><br \/>\n^ Abfahrt am SL Nino Martino, pr\u00e4pariert!<\/p>\n<p><a href='http:\/\/ski.inmontanis.info\/d\/143773-2\/DSC09639.jpg'><img src=http:\/\/ski.inmontanis.info\/d\/143772-3\/DSC09639.jpg \/><\/a><br \/>\n^ SL Nino Martino<\/p>\n<p><a href='http:\/\/ski.inmontanis.info\/d\/143777-2\/DSC09658.jpg'><img src=http:\/\/ski.inmontanis.info\/d\/143776-3\/DSC09658.jpg \/><\/a><br \/>\n^ Talstation SL Telese<\/p>\n<p><img src=http:\/\/ski.inmontanis.info\/d\/143781-2\/DSC09640.jpg \/><br \/>\n^ SL Telese Talstation<\/p>\n<p><img src=http:\/\/ski.inmontanis.info\/d\/143785-2\/DSC09642.jpg \/><br \/>\n^ SL Telese<\/p>\n<p><img src=http:\/\/ski.inmontanis.info\/d\/143789-2\/DSC09644.jpg \/><br \/>\n^ SL Telese<\/p>\n<p><img src=http:\/\/ski.inmontanis.info\/d\/143870-2\/DSC09645.jpg \/><br \/>\n^ SL Telese und Streckenposten Nummer 1<\/p>\n<p><img src=http:\/\/ski.inmontanis.info\/d\/143794-2\/DSC09647.jpg \/><br \/>\n^ SL Telese, kurz unter der Kuppe nur schlecht zu sehen &#8211; Streckenposten Nummer 2<\/p>\n<p><img src=http:\/\/ski.inmontanis.info\/d\/143798-2\/DSC09648.jpg \/><br \/>\n^ SL Telese<\/p>\n<p><img src=http:\/\/ski.inmontanis.info\/d\/143802-2\/DSC09649.jpg \/><br \/>\n^ SL Telese. Lang, steil, schnell, urig.<\/p>\n<p><img src=http:\/\/ski.inmontanis.info\/d\/143806-2\/DSC09652.jpg \/><br \/>\n^ SL Telese und Streckenposten Nummer 3<\/p>\n<p><img src=http:\/\/ski.inmontanis.info\/d\/143810-2\/DSC09654.jpg \/><br \/>\n^ SL Telese<\/p>\n<p><img src=http:\/\/ski.inmontanis.info\/d\/143814-2\/DSC09660.jpg \/><br \/>\n^ Abfahrt am SL Telese. Bissl modelliert, aber noch relativ schmal, steil und kupiert.<\/p>\n<p><img src=http:\/\/ski.inmontanis.info\/d\/143818-2\/DSC09778.jpg \/><br \/>\n^ Nochmal ein IR-Blick r\u00fcber zu Sizilien. Ohne IR war heut leider nicht viel zu sehen &#8211; und sp\u00e4ter am Tag erst recht nicht mehr, da sah man nicht mal mehr den \u00c4tna mit IR &#8230;<\/p>\n<p><a href='http:\/\/ski.inmontanis.info\/d\/143822-2\/DSC09665.jpg'><img src=http:\/\/ski.inmontanis.info\/d\/143821-3\/DSC09665.jpg \/><\/a><br \/>\n^ Mittelstation DSB Sektion 1 mit dem Italien-\u00fcblichen Bild vieler Ausfl\u00fcgler, die nicht Ski fahren sondern anderweitig im Schnee ihren Spa\u00df haben.<\/p>\n<p><img src=http:\/\/ski.inmontanis.info\/d\/143826-2\/DSC09669.jpg \/><br \/>\n^ DSB Sektion II mit Zwischeneinstieg. Alle 3 Lifte sind von Graffer, sehr nett.<\/p>\n<p><a href='http:\/\/ski.inmontanis.info\/d\/143830-2\/DSC09780.jpg'><img src=http:\/\/ski.inmontanis.info\/d\/143829-3\/DSC09780.jpg \/><\/a><br \/>\n^ IR-Pano zu den beiden Meeren ;-)<\/p>\n<p><a href='http:\/\/ski.inmontanis.info\/d\/143834-2\/DSC09677.jpg'><img src=http:\/\/ski.inmontanis.info\/d\/143833-3\/DSC09677.jpg \/><\/a><br \/>\n^ An dieser St\u00fctze dieses stillgelegten SL wurden seit 2009 anscheinend die Rollenbatterien entfernt.<\/p>\n<p><a href='http:\/\/ski.inmontanis.info\/d\/143838-2\/DSC09687.jpg'><img src=http:\/\/ski.inmontanis.info\/d\/143837-3\/DSC09687.jpg \/><\/a><br \/>\n^ Bergstationd es unteren ehemaligen SL<\/p>\n<p><img src=http:\/\/ski.inmontanis.info\/d\/143842-2\/DSC09700.jpg \/><br \/>\n^ Nachmittags gab&#8217;s dann doch noch etwas bessere Sicht auf&#8217;s Meer, hier mit der DSB Sektion II<\/p>\n<p><img src=http:\/\/ski.inmontanis.info\/d\/143846-2\/DSC09804a.jpg \/><br \/>\n^ DSB Sektion I in IR<\/p>\n<p><img src=http:\/\/ski.inmontanis.info\/d\/143850-2\/DSC09811a.jpg \/><br \/>\n^ IR-Pano zum Meer<\/p>\n<p><a href='http:\/\/ski.inmontanis.info\/d\/143854-2\/DSC09813_bgr.jpg'><img src=http:\/\/ski.inmontanis.info\/d\/143853-3\/DSC09813_bgr.jpg \/><\/a><br \/>\n^ DSB Sektion II Talstation in IR<\/p>\n<p><a href='http:\/\/ski.inmontanis.info\/d\/143858-2\/DSC09703.jpg'><img src=http:\/\/ski.inmontanis.info\/d\/143857-3\/DSC09703.jpg \/><\/a><br \/>\n^ Die Sonne spiegelt sich im Meer, aber von Sizilien sieht man jetzt gar nichts mehr.<\/p>\n<p><a href='http:\/\/ski.inmontanis.info\/d\/143862-2\/DSC09818_bgr.jpg'><img src=http:\/\/ski.inmontanis.info\/d\/143861-3\/DSC09818_bgr.jpg \/><\/a><br \/>\n^ Leider etwas unscharfer IR-Blick ins Skigebiet von Gambarie, von der F\u00e4hre aus.<\/p>\n<p>Video vom SL Telese samt Abfahrt, jeweils komplett, ohne Schnitt und ohne Geschwindigkeits\u00e4nderung:<br \/>\n<object style=\"height: 500px; width: 900px\"><param name=\"movie\" value=\"http:\/\/www.youtube.com\/v\/nHAIMKSGhuw\"><\/param><param name=\"wmode\" value=\"transparent\"><\/param><embed src=\"http:\/\/www.youtube.com\/v\/nHAIMKSGhuw\" type=\"application\/x-shockwave-flash\" wmode=\"transparent\"  width=\"900\" height=\"480\"><\/embed><\/object><\/p>\n<p>Gegen 15:30 hab ich&#8217;s gelassen und bin runter zur F\u00e4hre. Da arg viel los war, hatte sie etwas Versp\u00e4tung und ich kam um 16:43 (also 3 Minuten nach Abfahrtszeit) als vorletztes Auto noch an Board. Kostete heuer 40,- (inkl. R\u00fcckfahrt innerhalb 3 Tagen). Aber die \u00dcberfahrt ist halt viel zu kurz hier &#8230;.<\/p>\n<p><a href='http:\/\/extra.inmontanis.info\/d\/13039-2\/DSC09704.jpg'><img src=http:\/\/extra.inmontanis.info\/d\/13037-3\/DSC09704.jpg \/><\/a><br \/>\n^ Typisch italienische Ortsdurchfahrt. Wohnen m\u00f6cht ich in solchen Orten nicht. Mir viel zu eng.<\/p>\n<p><img src=http:\/\/extra.inmontanis.info\/d\/13043-2\/DSC09722.jpg \/><br \/>\n^ Auf der F\u00e4hre, Blick zu Kalabrien<\/p>\n<p><img src=http:\/\/extra.inmontanis.info\/d\/13047-2\/DSC09723.jpg \/><br \/>\n^ Stra\u00dfe von Messina<\/p>\n<p><img src=http:\/\/extra.inmontanis.info\/d\/13051-2\/DSC09725.jpg \/><br \/>\n^ F\u00e4hre mit Blick zu Sizilien, \u00c4tna \u00fcber den Wolken.<\/p>\n<p><img src=http:\/\/extra.inmontanis.info\/d\/13055-2\/DSC09822_bgr.jpg \/><br \/>\n^ Messina in IR<\/p>\n<p><a href='http:\/\/extra.inmontanis.info\/d\/13059-2\/DSC09729.jpg'><img src=http:\/\/extra.inmontanis.info\/d\/13057-3\/DSC09729.jpg \/><\/a><br \/>\n^ Wenn ein Schiff schon Fata Morgana hei\u00dft .. sollte es auch ungew\u00f6hnlich fotografiert werden ;-)<\/p>\n<p><a href='http:\/\/extra.inmontanis.info\/d\/13063-2\/DSC09732.jpg'><img src=http:\/\/extra.inmontanis.info\/d\/13061-3\/DSC09732.jpg \/><\/a><br \/>\n^ Meine F\u00e4hre war wohl mal in Norwegen im Einsatz. Hachja, Norwegen&#8230;<\/p>\n<p>Bei der \u00dcberfahrt fiel mir auf, dass das nun der 4. Winter in Folge ist, wo ich mit einer F\u00e4hre zu Skigebiete gefahren bin!!<\/p>\n<p>2009 Kalabrien-Sizilien und retour<br \/>\n2010 Italien-Griechenland (und sp\u00e4ter Bulgarien-Rum\u00e4nien)<br \/>\n2011 D\u00e4nemark-Norwegen (und noch viele weitere F\u00e4hren in Norwegen)<br \/>\n2012 wieder Kalabrien-Sizilien und retour.<\/p>\n<p>und 2013 ??? Glaub ich werd n\u00e4chstes Jahr doch Schottland schwer einplanen m\u00fcssen, damit wir diese sch\u00f6ne Angewohnheit beibehalten ;-)<\/p>\n<p>Die Fahrt durch Messina kannte ich ja bereits &#8211; man darf sich in Italien einfach nicht \u00fcber den Stra\u00dfenverkehr wundern, und erst recht nicht in St\u00e4dte, die am Meer liegen. Mopedfahrer die sich mit 5cm Abstand zwischen den Autos durchzw\u00e4ngen. Oder Autos, die sich 3-reihig stellen, wo doch nur 2 Spuren da sind. Oder Autos, die 3-reihig nebeneinander kreuz und quer am Stra\u00dfenrand parken und so eine der beiden Spuren besetzen&#8230;. <\/p>\n<p>Nun, weiter gings nach Giarre. Dort h\u00e4tte ich mir ein g\u00fcnstiges 2-Sterne-Hotel im Internet rausgesucht .. als ich aber auf dem Navi gesehen hab, dass das doch recht zentral im Ort zu liegen scheint &#8211; und mir einfiel, dass ich dann ja morgen abend wieder bis ganz runter m\u00fcsste (wollte ja 2 Tage \u00fcbernachten) &#8211; hab ich&#8217;s mir \u00fcberlegt und Etna Sud im Navi eingegeben, diesmal allerdings die andere Auffahrt als letztes Jahr, nicht \u00fcber Nicolosi, sondern \u00fcber Zafferana. Aus dem letzen Ort heraus war netterweise gleich ein 3-Sterne-Hotel: Primavera dell&#8217;Etna. Glaub ein paar Meter weiter w\u00e4re noch eins gewesen.<\/p>\n<p>EZ \u00dcF kostet 45,-, HP 62,-  &#8211; das it f\u00fcr Etnaverh\u00e4ltnisse recht g\u00fcnstig (gibt genug Hotels hier in der Gegend, wo man 70 oder 80 \u20ac \u00dcF zahlt). Netterweise hat das Zimmer einen tollen Ausblick aufs Meer. Gratis Wifi gibt&#8217;s hier auch wieder. Very nice!<\/p>\n<p><a href='http:\/\/extra.inmontanis.info\/d\/13067-2\/DSC09742.jpg'><img src=http:\/\/extra.inmontanis.info\/d\/13065-3\/DSC09742.jpg \/><\/a><br \/>\n^ Sch\u00f6nes Hotelzimmer<\/p>\n<p><a href='http:\/\/extra.inmontanis.info\/d\/13071-2\/DSC09743.jpg'><img src=http:\/\/extra.inmontanis.info\/d\/13069-3\/DSC09743.jpg \/><\/a><br \/>\n^ ..und sch\u00f6nes Bad ..<\/p>\n<p><img src=http:\/\/extra.inmontanis.info\/d\/13075-2\/DSC09750.jpg \/><br \/>\n^ .. und sehr sch\u00f6nes Pano vom Hotelzimmer aus, auf die sizilianische K\u00fcste, dem Meer und links hinten die Lichter von der kalabrischen K\u00fcste!<\/p>\n<p>Beim Abendessen war nur noch eine Gruppe von 6 M\u00e4nnern, die ebenfalls hier wohnen, da. Deren Sprache konnte ich so gar nicht zuordnen. Stellenweise h\u00f6rte es sich etwas holl\u00e4ndisch an, stellenweise aber auch skandinavisch. Auch sonst kam kein Gast ins Restaurant. Daf\u00fcr Kellner und Koch zahlen zu m\u00fcssen &#8230; tja&#8230; <\/p>\n<p>Zum Fr\u00fchst\u00fcck gab&#8217;s einige Premieren: Das erste Mal in diesem Urlaub gab es Semmeln! Und aufgeschnittenen K\u00e4se und Schinken! Ansonsten &#8211; Croissant, Joghurt, Marmeladen (kein Nutella), Kuchen, Cornflakes, O-Saft &#8230;. nur der Kakao war nicht sooo toll.<\/p>\n","protected":false},"excerpt":{"rendered":"<p>Appennino 2012, 10. Tag: So, 4.3.2012 &#8211; Gambarie d&#8217;Aspromonte Wolken, Meer und Asche<\/p>\n<p>Die Fahrerei nach Gambarie zog sich aufgrund des schlechten Stra\u00dfenzustandes und der vielen Kurven doch ziemlich, es sollte 9:30 werden, bis ich den Skipass in den H\u00e4nden hielt.<\/p>\n<p> <a href=\"http:\/\/blog.inmontanis.info\/?p=1949\">[&#8230;]<\/a><\/p>\n","protected":false},"author":1,"featured_media":0,"comment_status":"open","ping_status":"closed","sticky":false,"template":"","format":"standard","meta":{"footnotes":""},"categories":[110,481,15,27],"tags":[38,91,90,37,47],"class_list":["post-1949","post","type-post","status-publish","format-standard","hentry","category-201202-appennino","category-gambarie","category-italienitaly","category-skifahren-winterskiing-winter","tag-dsb","tag-graffer","tag-infrarot","tag-meer","tag-sl","odd"],"_links":{"self":[{"href":"http:\/\/blog.inmontanis.info\/index.php?rest_route=\/wp\/v2\/posts\/1949","targetHints":{"allow":["GET"]}}],"collection":[{"href":"http:\/\/blog.inmontanis.info\/index.php?rest_route=\/wp\/v2\/posts"}],"about":[{"href":"http:\/\/blog.inmontanis.info\/index.php?rest_route=\/wp\/v2\/types\/post"}],"author":[{"embeddable":true,"href":"http:\/\/blog.inmontanis.info\/index.php?rest_route=\/wp\/v2\/users\/1"}],"replies":[{"embeddable":true,"href":"http:\/\/blog.inmontanis.info\/index.php?rest_route=%2Fwp%2Fv2%2Fcomments&post=1949"}],"version-history":[{"count":5,"href":"http:\/\/blog.inmontanis.info\/index.php?rest_route=\/wp\/v2\/posts\/1949\/revisions"}],"predecessor-version":[{"id":9018,"href":"http:\/\/blog.inmontanis.info\/index.php?rest_route=\/wp\/v2\/posts\/1949\/revisions\/9018"}],"wp:attachment":[{"href":"http:\/\/blog.inmontanis.info\/index.php?rest_route=%2Fwp%2Fv2%2Fmedia&parent=1949"}],"wp:term":[{"taxonomy":"category","embeddable":true,"href":"http:\/\/blog.inmontanis.info\/index.php?rest_route=%2Fwp%2Fv2%2Fcategories&post=1949"},{"taxonomy":"post_tag","embeddable":true,"href":"http:\/\/blog.inmontanis.info\/index.php?rest_route=%2Fwp%2Fv2%2Ftags&post=1949"}],"curies":[{"name":"wp","href":"https:\/\/api.w.org\/{rel}","templated":true}]}}