{"id":1926,"date":"2012-02-27T22:21:18","date_gmt":"2012-02-27T21:21:18","guid":{"rendered":"http:\/\/blog.inmontanis.info\/?p=1926"},"modified":"2023-03-01T20:31:35","modified_gmt":"2023-03-01T19:31:35","slug":"monte-piselli-27-2-2012","status":"publish","type":"post","link":"http:\/\/blog.inmontanis.info\/?p=1926","title":{"rendered":"Monte Piselli, 27.2.2012"},"content":{"rendered":"<p><strong>Appennino 2012, 4. Tag: Mo, 27.2.2012<\/strong> &#8211; Monte Piselli<br \/>\n<em>Mehr Meer<\/em><\/p>\n<p>Der Tag begann mit starkem Wind und ein paar Wolken. Zudem hat&#8217;s hier recht wenig Schnee in der Gegend, weniger als dort, wo ich die letzten 2 Tage war&#8230;<!--more--> Wifi funktionierte morgens leider auch nicht mehr&#8230;. Haha, Moment, gemein: Man muss den Default-Gateway aufrufen und sich mit &#8220;ariadsl&#8221; einloggen &#8230;. da muss man auch erst mal drauf kommen&#8230;. (das Wlan-Kennwort bekam ich ja schon gestern, als ich den Zettel unterschrieb) &#8230; <\/p>\n<p>Lt. Webcam schaut&#8217;s im Skigebiet Cittareale\/Selvarotonda auch sehr mau aus, was den Schnee angeht. Oben wohl alles verblasen. Ob der SL bei dem Sturm heut \u00fcberhaupt geht? Ob man \u00fcberhaupt bis ganz rauf fahren kann? Wieviel Abfahrten da \u00fcberhaupt offen sind? Ich glaub ich lass das, scheint mir keinen Sinn zu haben.<\/p>\n<p>Monte Prata ist leider auch zu (schon gestern, irgendwelche Probleme mit der Stra\u00dfe). Probier ich&#8217;s gleich in Forca Canapine, der SL dort ist auch im Wald und damit hoffentlich windgesch\u00fctzter. Abfahrten waren ja ganz nett. Wenn auch der DSB-Teil wegf\u00e4llt, weil die DSB jetzt zu einem anderen Inhaber geh\u00f6rt und es keinen gemeinsamen Skipass mehr gibt&#8230; Italien &#8230;<\/p>\n<p>(Fotos anklicken zum Vergr\u00f6\u00dfern, soweit nicht vergr\u00f6\u00dfert gepostet)<\/p>\n<p><a href='http:\/\/extra.inmontanis.info\/d\/12919-2\/DSC08509.jpg'><img src=http:\/\/extra.inmontanis.info\/d\/12917-3\/DSC08509.jpg \/><\/a><br \/>\n^ Auf dem Weg vom Hotel zu Forca Canapine<\/p>\n<p><a href='http:\/\/extra.inmontanis.info\/d\/12923-2\/DSC08515.jpg'><img src=http:\/\/extra.inmontanis.info\/d\/12921-3\/DSC08515.jpg \/><\/a><br \/>\n^ Auf der Passstra\u00dfe Forca Canapine, leichter Neuschnee auf den Stra\u00dfen<\/p>\n<p>Gegen halb 10 war ich am Parkplatz am Rifugio. Man sieht aber von hier aus nicht, ob der SL lief oder nicht. 5 Autos standen noch da. So ganz klar schien es aber keinem zu sein. Im Rifugio wusste man auch nicht so wirklich Bescheid, er hat dann rumtelefoniert, keine Ahnung ob wg. dem Lift oder nicht &#8211; hatte noch ein bissl gewartet, aber irgendwann war&#8217;s mir dann doch zu bl\u00f6d. (Skipasskasse war unten am SL, d.h. man h\u00e4tte erst runter fahren m\u00fcssen). Schlie\u00dflich war ich ja schon mal da, und das Wetter war egtl. auch nix hier.<\/p>\n<p>Dann eben gleich zum Monte Piselli. Hoffentlich l\u00e4uft da was, bei dem Sturm&#8230;<\/p>\n<p>Eigentlich stand Monte Piselli ja gar nicht am Plan. Vorgegeben war f\u00fcr gestern Campo Stella (weil ich nicht wusste, das die unter der Woche offen gehabt h\u00e4tten) und f\u00fcr n\u00e4chsten Samstag Monte Sirino (weil dort eben auch nur am WE vern\u00fcnftiger Skibetrieb ist), d.h. f\u00fcr diese Woche musste ich mir in dem Bereich dazwischen was suchen. <\/p>\n<p>Nachdem ich in den letzten Jahren gemerkt hab, dass sich Trincerones und meine Wege beim Skifahren h\u00e4ufig kreuzen und wir gleichzeitig oer mit wenigen Tagen\/Wochen Unterschied in der gleichen Gegend sind (vor 2 Jahren in Bulgarien haben wir uns in Sofia nur um 2-3 Tage verfehlt, letztes Jahr im Winter trafen wir uns im Aostatal und waren auch im Juni am gleichen Wochenende in Frankreich Sommerskifahren, etc.) &#8211; hab ich ihn wenige Tage vor dem Urlaub gefragt, ob er nicht zuf\u00e4llig in n\u00e4chster Zeit in Italien w\u00e4re. Und tats\u00e4chlich, es stellte sich heraus, dass wir uns an meinem letzten Wochenende im Raum Rom\/Abruzzen treffen k\u00f6nnten. Dadurch &#8220;musste&#8221; ich mir also 1-2 Skigebiete f\u00fcr das letzte WE hier in der Gegend &#8220;aufheben&#8221;. Im Zuge dessen hab ich mir auch meine alten Berichte angesehen und gemerkt, dass ich durchaus nochmal am Monte Piselli oder Majeletta fahren k\u00f6nnte &#8211; interessiert mich aufgrund des Panos und der Lifte jedenfalls mehr als z.B. Scanno oder Pescocostanzo &#8230;.<\/p>\n<p>Etwa 1,5 Stunden sp\u00e4ter kam ich am Monte Piselli an. Sah schon von unten, dass die DSB lief. Die Fahrt zur Talstation war allerdings extremst abenteuerlich, die Stra\u00dfe war oben immer noch ungeteert, und es lagen 5-15cm mehr oder weniger matschiger Schnee. Puh. <\/p>\n<p>Tageskarte um 15,- \u20ac gekauft (1 Bergfahrt h\u00e4tte 3,- gekostet), Wetter war immer noch sehr durchmixt. Oben angekommen &#8211; ja Wahnsinn, kaum Sonne aber das Meer ist gut zu sehen!<\/p>\n<p>Sp\u00e4ter sollte es noch wolkenlos werden und die Sicht auf&#8217;s Meer noch besser. Bis zum Horizont konnte man sehen, mit Infrarot gar bis zu den Bergen Kroatiens, und man sah ein gro\u00dfes Schiff fahren (vmtl. die Ancona-Igoumenitsa-F\u00e4hre, die ich vor 2 Jahren fuhr). Geil! Bestes Adria-Pano ever!<\/p>\n<p>Nach 2-3x fahren hab ich dann einen &#8220;abbiegen&#8221; sehen, auf das geniale, steile Off-Piste-Gel\u00e4nde, das mir schon beim letzten Mal so gut gefiel. So fuhr ich hernach auch gleich r\u00fcber. Das warme Wetter zum Wochenende hinterlie\u00df einen bretterharten Harschdeckel, und darauf waren &#8211; je nach Verwehung &#8211; 0-10 cm Pulverschnee dank der Kaltfront von heute Nacht. Lie\u00df sich im Prinzip recht gut fahren, und der R\u00fcckweg durch den Wald war diesmal noch genialer &#8211; mal musste man sich nach links strecken, mal nach rechts, und ein paar mal ducken, um durch umgefallene B\u00e4ume durchzukommen. Wie bei so manchem Computer-Spiel :-)<\/p>\n<p><img src=http:\/\/extra.inmontanis.info\/d\/12879-2\/ge-appennino2012-poi4a.jpg \/><br \/>\n^ E) Monte Piselli<\/p>\n<p><a href='http:\/\/ski.inmontanis.info\/d\/53220-3\/P1230585.JPG'><img src=http:\/\/ski.inmontanis.info\/d\/53219-4\/P1230585.JPG \/><\/a><br \/>\n^ Pistenplan, nicht mehr ganz aktuell&#8230; (die untere H\u00e4lfte ist die stillgelegte Korblift-H\u00e4lfte)<\/p>\n<p><a href='http:\/\/ski.inmontanis.info\/d\/53216-3\/gps_MontePiselli2.jpg'><img src=http:\/\/ski.inmontanis.info\/d\/53214-4\/gps_MontePiselli2.jpg \/><\/a><br \/>\n^ GPS-Track von 2008, hatte heute das GPS nicht dabei.<\/p>\n<p><a href='http:\/\/ski.inmontanis.info\/d\/142059-2\/DSC08122.jpg'><img src=http:\/\/ski.inmontanis.info\/d\/142058-3\/DSC08122.jpg \/><\/a><br \/>\n^ Zoom Monte Piselli von Sarnano-Sassotetto von vorgestern aus. Hier sieht man ganz gut, dass man fr\u00fcher mit dem Korblift von unten bis ganz oben den ca. 3-fachen Weg hatte als jetzt mit der DSB, bzw. mit den oberen SL eingerechnet ca. 4-fach!<\/p>\n<p><img src=http:\/\/ski.inmontanis.info\/d\/142295-2\/DSC08522.jpg \/><br \/>\n^ Vor San Giacomo mit Blick zum Skigebiet vom Monte Piselli<\/p>\n<p><img src=http:\/\/ski.inmontanis.info\/d\/142064-2\/DSC08528.jpg \/><br \/>\n^ Weg von der Kasse \/ Restaurant zu DSB samt Abfahrten<\/p>\n<p><a href='http:\/\/ski.inmontanis.info\/d\/142068-2\/DSC08533.jpg'><img src=http:\/\/ski.inmontanis.info\/d\/142067-3\/DSC08533.jpg \/><\/a><br \/>\n^ Kurz unterhalb der Bergstation &#8211; oben noch stark wolkig, aber im Tal kann man das Meer gut erkennen!<\/p>\n<p><a href='http:\/\/ski.inmontanis.info\/d\/142072-2\/DSC09604_bgr.jpg'><img src=http:\/\/ski.inmontanis.info\/d\/142071-3\/DSC09604_bgr.jpg \/><\/a><br \/>\n^ IR-Pano zur Adria<\/p>\n<p><img src=http:\/\/ski.inmontanis.info\/d\/142076-2\/DSC09606_bgr.jpg \/><br \/>\n^ IR-Pano zum Funkturm und zur Adria<\/p>\n<p><img src=http:\/\/ski.inmontanis.info\/d\/142299-2\/DSC08550.jpg \/><br \/>\n^ Das Meer war aber auch normal, ohne IR, sehr gut zu sehen.<\/p>\n<p><a href='http:\/\/ski.inmontanis.info\/d\/142081-2\/DSC08555.jpg'><img src=http:\/\/ski.inmontanis.info\/d\/142080-3\/DSC08555.jpg \/><\/a><br \/>\n^ Die Marchisio DSB<\/p>\n<p><img src=http:\/\/ski.inmontanis.info\/d\/142085-2\/DSC08559.jpg \/><br \/>\n^ Linke Abfahrt<\/p>\n<p><img src=http:\/\/ski.inmontanis.info\/d\/142089-2\/DSC08561.jpg \/><br \/>\n^ Linke Abfahrt mit Meer-Pano<\/p>\n<p><img src=http:\/\/ski.inmontanis.info\/d\/142093-2\/DSC08570.jpg \/><br \/>\n^ Meer-Pano mit stillgelegtem SL<\/p>\n<p><img src=http:\/\/ski.inmontanis.info\/d\/142097-2\/DSC08574.jpg \/><br \/>\n^ Bergstation der DSB<\/p>\n<p><img src=http:\/\/ski.inmontanis.info\/d\/142101-2\/DSC08575.jpg \/><br \/>\n^ DSB mit Meer-Pano<\/p>\n<p><a href='http:\/\/ski.inmontanis.info\/d\/142105-2\/DSC09610a.jpg'><img src=http:\/\/ski.inmontanis.info\/d\/142104-3\/DSC09610a.jpg \/><\/a><br \/>\n^ Meer-Pano in IR<\/p>\n<p><img src=http:\/\/ski.inmontanis.info\/d\/142109-2\/DSC09616.jpg \/><br \/>\n^ Meer-Pano in IR<\/p>\n<p><img src=http:\/\/ski.inmontanis.info\/d\/142113-2\/DSC09617.jpg \/><br \/>\n^ Meer-Pano in IR<\/p>\n<p><img src=http:\/\/ski.inmontanis.info\/d\/142117-2\/DSC09618.jpg \/><br \/>\n^ Meer-Pano in IR<\/p>\n<p><img src=http:\/\/ski.inmontanis.info\/d\/142121-2\/DSC09619.jpg \/><br \/>\n^ Meer-Pano in IR<\/p>\n<p><img src=http:\/\/ski.inmontanis.info\/d\/142303-2\/DSC09621.jpg \/><br \/>\n^ DSB, Meer und Funkturm in IR, der wei\u00dfe Fleck auf dem Meer ist ein Schiff<\/p>\n<p><img src=http:\/\/ski.inmontanis.info\/d\/142125-2\/DSC08580.jpg \/><br \/>\n^ DSB und Meer<\/p>\n<p><img src=http:\/\/ski.inmontanis.info\/d\/142129-2\/DSC08584.jpg \/><br \/>\n^ Marchisio Fachwerk-St\u00fctze<\/p>\n<p><img src=http:\/\/ski.inmontanis.info\/d\/142133-2\/DSC08586.jpg \/><br \/>\n^ Funkturm und DSB<\/p>\n<p><a href='http:\/\/ski.inmontanis.info\/d\/142138-2\/DSC08588.jpg'><img src=http:\/\/ski.inmontanis.info\/d\/142137-3\/DSC08588.jpg \/><\/a><br \/>\n^ Zoom aufs Meer zum Schiff mit Marchisio-DSB<\/p>\n<p><img src=http:\/\/ski.inmontanis.info\/d\/142142-2\/DSC09624.jpg \/><br \/>\n^ IR-Pano \u00fcber die Adria, im Hintergrund Berge in Kroatien, ca. 240-270 km entfernt.<\/p>\n<p><img src=http:\/\/ski.inmontanis.info\/d\/142307-2\/DSC09626.jpg \/><br \/>\n^ IR-Pano \u00fcber die Adria, im Hintergrund Berge in Kroatien, ca. 240-270 km entfernt.<\/p>\n<p><img src=http:\/\/ski.inmontanis.info\/d\/142147-2\/DSC08590.jpg \/><br \/>\n^ Marchisio DSB. Die Sessel sind \u00fcbrigens Metall-Lattenrost und somit sehr windsicher (aber auch recht kalt)<\/p>\n<p><img src=http:\/\/ski.inmontanis.info\/d\/142151-2\/DSC09630.jpg \/><br \/>\n^ IR-Zoom \u00fcber die Adria, im Hintergrund einige Inseln vor der kroatischen K\u00fcste<\/p>\n<p><img src=http:\/\/ski.inmontanis.info\/d\/142155-2\/DSC08595.jpg \/><br \/>\n^ Meer-Pano<\/p>\n<p><img src=http:\/\/ski.inmontanis.info\/d\/142159-2\/DSC09632.jpg \/><br \/>\n^ Meer-Pano IR<\/p>\n<p><img src=http:\/\/ski.inmontanis.info\/d\/142163-2\/DSC09633.jpg \/><br \/>\n^ Zoom \u00fcber die Adria zu einem gro\u00dfen Schiff, dahinter Berge Kroatiens, ca. 240-270km entfernt<\/p>\n<p><img src=http:\/\/ski.inmontanis.info\/d\/142167-2\/DSC08598.jpg \/><br \/>\n^ Auf der netten Off-Piste-Abfahrt<\/p>\n<p><img src=http:\/\/ski.inmontanis.info\/d\/142171-2\/DSC08599.jpg \/><br \/>\n^ Off-Piste<\/p>\n<p><img src=http:\/\/ski.inmontanis.info\/d\/142311-2\/DSC08606.jpg \/><br \/>\n^ diese Off-Piste-Route ist teilweise ziemlich steil &#8230;<\/p>\n<p><img src=http:\/\/ski.inmontanis.info\/d\/142176-2\/DSC08608.jpg \/><br \/>\n^ Off-Piste<\/p>\n<p><img src=http:\/\/ski.inmontanis.info\/d\/142315-2\/DSC08610.jpg \/><br \/>\n^ Um wieder zur Talstation der DSB zu gelangen, f\u00e4hrt man einfach in den Wald, zwischen 2 markierten B\u00e4umen &#8230;.<\/p>\n<p><img src=http:\/\/ski.inmontanis.info\/d\/142181-2\/DSC08612.jpg \/><br \/>\n^ &#8230; und dann auf einem urigen, schmalen Weg mitten durch den Wald &#8230;<\/p>\n<p><img src=http:\/\/ski.inmontanis.info\/d\/142185-2\/DSC08614.jpg \/><br \/>\n^ .. wo man sich auch mal ducken muss  :-)<\/p>\n<p>Im Video hab ich diesen Weg durch den Wald \u00fcbrigens auch mit drauf!<\/p>\n<p><img src=http:\/\/ski.inmontanis.info\/d\/142189-2\/DSC08620.jpg \/><br \/>\n^ Abfahrt mit Meer-Blick<\/p>\n<p><img src=http:\/\/ski.inmontanis.info\/d\/142319-2\/DSC08625.jpg \/><br \/>\n^ DSB samt Abfahrten, inzwischen wolkenlos<\/p>\n<p><img src=http:\/\/ski.inmontanis.info\/d\/142194-2\/DSC08629.jpg \/><br \/>\n^ Meer-Pano an der DSB<\/p>\n<p><img src=http:\/\/ski.inmontanis.info\/d\/142323-2\/DSC08630.jpg \/><br \/>\n^ DSB unterhalb Bergstation<\/p>\n<p><img src=http:\/\/ski.inmontanis.info\/d\/142199-2\/DSC09644_bgr.jpg \/><br \/>\n^ IR-Pano \u00fcber&#8217;s Flachland und zur Adria<\/p>\n<p><img src=http:\/\/ski.inmontanis.info\/d\/142203-2\/DSC09649_bgr.jpg \/><br \/>\n^ IR-Pano \u00fcber die Adria nach Kroatien<\/p>\n<p><img src=http:\/\/ski.inmontanis.info\/d\/142327-2\/DSC08640.jpg \/><br \/>\n^ Meer-Pano. Auch die Italiener machen heute Fotos, so gut wird die Sicht wohl selten sein.<\/p>\n<p><img src=http:\/\/ski.inmontanis.info\/d\/142208-2\/DSC08641.jpg \/><br \/>\n^ Meer-Pano mit Funkturm<\/p>\n<p><img src=http:\/\/ski.inmontanis.info\/d\/142212-2\/DSC08642.jpg \/><br \/>\n^ Funkturm in rot-wei\u00df-blau<\/p>\n<p><img src=http:\/\/ski.inmontanis.info\/d\/142216-2\/DSC08649.jpg \/><br \/>\n^ DSB und Berg-Pano<\/p>\n<p><img src=http:\/\/ski.inmontanis.info\/d\/142220-2\/DSC08659.jpg \/><br \/>\n^ Nochmal der Funkturm, stark kontrastverst\u00e4rkt.<\/p>\n<p><img src=http:\/\/ski.inmontanis.info\/d\/142224-2\/DSC08661.jpg \/><br \/>\n^ Ex-SL und DSB<\/p>\n<p><img src=http:\/\/ski.inmontanis.info\/d\/142228-2\/DSC08675.jpg \/><br \/>\n^ Meer-Pano mit meinen Carpani &#8211; Ski. <\/p>\n<p><img src=http:\/\/ski.inmontanis.info\/d\/142232-2\/DSC08679.jpg \/><br \/>\n^ Meer-Pano mit meinen Carpani &#8211; Ski<\/p>\n<p><img src=http:\/\/ski.inmontanis.info\/d\/142340-2\/DSC08685.jpg \/><br \/>\n^ Meer-Pano<\/p>\n<p><img src=http:\/\/ski.inmontanis.info\/d\/142237-2\/DSC08697.jpg \/><br \/>\n^ Schnee und Meer gibt&#8217;s nicht nur in Norwegen und Griechenland, sondern auch in Italien ;-)<\/p>\n<p><img src=http:\/\/ski.inmontanis.info\/d\/142241-2\/DSC08705.jpg \/><br \/>\n^ Berg-Pano mit Gran Sasso<\/p>\n<p><img src=http:\/\/ski.inmontanis.info\/d\/142245-2\/dsc08718-36.jpg \/><br \/>\n^ 360\u00b0-Pano (Stereographisch)<\/p>\n<p><img src=http:\/\/ski.inmontanis.info\/d\/142249-2\/DSC08746.jpg \/><br \/>\n^ Pano ins h\u00fcgelige Flachland<\/p>\n<p><img src=http:\/\/ski.inmontanis.info\/d\/142253-2\/DSC08748.jpg \/><br \/>\n^ Meer-Pano<\/p>\n<p><img src=http:\/\/ski.inmontanis.info\/d\/142332-2\/DSC08750.jpg \/><br \/>\n^ Meer-Pano<\/p>\n<p><img src=http:\/\/ski.inmontanis.info\/d\/142258-2\/DSC09653_bgr.jpg \/><br \/>\n^ IR-Pano zum Meer<\/p>\n<p>Sorry f\u00fcr die vielen Fotos, aber das Hammer-Pano muss man einfach auskosten ;)<\/p>\n<p><img src=http:\/\/ski.inmontanis.info\/d\/142262-2\/DSC09656_bgr.jpg \/><br \/>\n^ IR-Pano mit Berggipfeln und Meer<\/p>\n<p><img src=http:\/\/ski.inmontanis.info\/d\/142266-2\/DSC09658a.jpg \/><br \/>\n^ IR-Pano zum Meer<\/p>\n<p><img src=http:\/\/ski.inmontanis.info\/d\/142270-2\/DSC09667.jpg \/><br \/>\n^ IR-Pano mit Meer und  Berggipfeln<\/p>\n<p><img src=http:\/\/ski.inmontanis.info\/d\/142274-2\/DSC08768.jpg \/><br \/>\n^ DSB Talstation, hinten eine St\u00fctze des Korblifts. Irgendwie hat die DSB die gleichen St\u00fctzen, und irgendwie auch wieder nicht &#8211; oben das Joch ist bei den DSB-St\u00fctzen anders&#8230; Vielleicht ging der Korblift fr\u00fcher ja doch nicht bis zur jetztigen DSB-Bergstation?<\/p>\n<p><img src=http:\/\/ski.inmontanis.info\/d\/142278-2\/DSC08769.jpg \/><br \/>\n^ Abfahrt mit Meerblick<\/p>\n<p><img src=http:\/\/ski.inmontanis.info\/d\/142336-2\/DSC08776.jpg \/><br \/>\n^ Abfahrt mit Meerblick<\/p>\n<p><img src=http:\/\/ski.inmontanis.info\/d\/142283-2\/DSC09683.jpg \/><br \/>\n^ Abfahrten in IR<\/p>\n<p><img src=http:\/\/ski.inmontanis.info\/d\/142287-2\/DSC08783.jpg \/><br \/>\n^ Parkplatz, ganz rechts der Off-Piste-Hang<\/p>\n<p><img src=http:\/\/ski.inmontanis.info\/d\/142291-2\/DSC08791.jpg \/><br \/>\n^ Die Stra\u00dfe zum Parkplatz ist immernoch ungeteerte und war heute mit Schneematsch recht schwierig zu fahren<\/p>\n<p>Und hier noch der Film, haupts\u00e4chlich die Abfahrten, inkl. der Off-Piste-Abfahrt und der genialen Wald-Durchquerung:<\/p>\n<p><object style=\"height: 500px; width: 900px\"><param name=\"movie\" value=\"http:\/\/www.youtube.com\/v\/hHjraapwkDU\"><\/param><param name=\"wmode\" value=\"transparent\"><\/param><embed src=\"http:\/\/www.youtube.com\/v\/hHjraapwkDU\" type=\"application\/x-shockwave-flash\" wmode=\"transparent\"  width=\"900\" height=\"480\"><\/embed><\/object><\/p>\n<p>Fazit: Monte Piselli kann &#8211; trotz des einen kurzen Lifts &#8211; bei entsprechenden Schnee- und Sichtverh\u00e4ltnissen f\u00fcr mehrere Stunden unheimlich genial sein. Gerne wieder!!<\/p>\n<p>Weiter gings Richtung Campo Felice, die Runterfahrt vom Monte Piselli war wieder sehr abenteuerlich, auch auf der weiteren Stra\u00dfe gab&#8217;s immer mal wieder eine griffige Eisschicht. Zum ersten Mal bin ich auch den \u00fcber 10 km langen Tunnel durch den Gran Sasso gefahren &#8211; und war erstaunt, dass die Maut nur 3,50 \u20ac gekostet hat! <\/p>\n<p><a href='http:\/\/extra.inmontanis.info\/d\/12927-2\/DSC08808.jpg'><img src=http:\/\/extra.inmontanis.info\/d\/12925-3\/DSC08808.jpg \/><\/a><br \/>\n^ Gran Sasso \/ Corno Grande, kurz vor dem 10,2 km langen Autobahntunnel. Mit \u00fcber 2.900m H\u00f6he ergibt das an der Tunneleinfahrt eine H\u00f6hendifferenz von 2.000 m! Schon imposant, so mitten in Italien!<\/p>\n<p><a href='http:\/\/extra.inmontanis.info\/d\/12931-2\/DSC08815.jpg'><img src=http:\/\/extra.inmontanis.info\/d\/12929-3\/DSC08815.jpg \/><\/a><br \/>\n^ Mitten im Gran Sasso Tunnel gibt&#8217;s eine Ausfahrt zu einem Forschungsinstitut, das sich u.a. mit Neutrinos besch\u00e4ftigt!<\/p>\n<p><a href='http:\/\/extra.inmontanis.info\/d\/12935-2\/DSC08819.jpg'><img src=http:\/\/extra.inmontanis.info\/d\/12933-3\/DSC08819.jpg \/><\/a><br \/>\n^ INFN-Ausfahrt mitten im Gran Sasso Tunnel<\/p>\n<p>In Rocca di Mezzo hab ich mich in dem Albergo einquartiert, wo ich schon letztes Mal war, als ich im Nachbarort Ovindoli Ski fuhr. Statt 45,- kostete die HP heute allerdings 60,- und das Abendessen war &#8230; OK. Als Vorspeise hatte man nur die Wahl zwischen Suppe, Risotto und Risotto (!), die Hauptspeisen waren auch etwas eigenartig (Gebackener K\u00e4se mit Schinken, Salami-Gem\u00fcse-Torte und irgendein Schweinebraten mit Wei\u00dfweinsauce. Hab mich f\u00fcr die Torta Rustica entschieden, aber was das f\u00fcr ein Gem\u00fcse war, keine Ahnung. Hat leicht nach Spinat geschmeckt, aber zum Gl\u00fcck nicht zu sehr, und hatte kaum Bl\u00e4tter und fast nur lange Stengel. Salami war auch sehr minimal. Die Kartoffeln als Beilage zum Selbstholen haben mich dann wenigstens doch noch etwas ges\u00e4ttigt.)<\/p>\n<p>Netterweise gibt&#8217;s auch hier gratis WIFI, wenn auch der eine oder andere Accesspoint nicht zu funktionieren scheint&#8230; jedenfalls konnte ich damit die Hotels f\u00fcr morgen\/\u00fcbermogen nachschauen. Roccaraso &#038; Umgebung scheint mir doch ein recht teures Pflaster zu sein.<\/p>\n<p><a href='http:\/\/extra.inmontanis.info\/d\/12939-2\/DSC08823.jpg'><img src=http:\/\/extra.inmontanis.info\/d\/12937-3\/DSC08823.jpg \/><\/a><br \/>\n^ Hotelzimmer<\/p>\n<p>Fr\u00fchst\u00fccksbuffet war auch OK, Croissant, Wei\u00dfbrot von gestern (nicht so gut wie das im gestrigen Hotel), Cornflakes mit Milch, Kuchen &#8230;  Beim Bezahlen musste ich diesmal (neben dem Croissant noch eine Premiere in diesem Urlaub) das Wasser bezahlen &#8211; 1,50 \u20ac. Bei den anderen war&#8217;s bisher bei der HP dabei&#8230;<\/p>\n<p>Wenigstens muss ich in diesem Urlaub wetterm\u00e4\u00dfig nicht so viel Zeit im Internet verschwenden wie letztes Jahr in Skandinavien. Nicht nur weil ich so selten WIFI hab, sondern auch weil die grobe Route ja vorgegeben ist und nicht viel Platz f\u00fcr \u00c4nderungen l\u00e4sst. Allerdings ist f\u00fcr die n\u00e4chsten Tage eh \u00fcberall in den von mir besuchten Gebieten viel Sonne gemeldet, erst Mitte n\u00e4chster Woche soll hier und da eine Schlechtwetterfront eintreffen &#8230;<\/p>\n","protected":false},"excerpt":{"rendered":"<p>Appennino 2012, 4. Tag: Mo, 27.2.2012 &#8211; Monte Piselli Mehr Meer<\/p>\n<p>Der Tag begann mit starkem Wind und ein paar Wolken. Zudem hat&#8217;s hier recht wenig Schnee in der Gegend, weniger als dort, wo ich die letzten 2 Tage war&#8230;<\/p>\n<p> <a href=\"http:\/\/blog.inmontanis.info\/?p=1926\">[&#8230;]<\/a><\/p>\n","protected":false},"author":1,"featured_media":0,"comment_status":"open","ping_status":"closed","sticky":false,"template":"","format":"standard","meta":{"footnotes":""},"categories":[110,15,236,27],"tags":[102,38,90,80,37],"class_list":["post-1926","post","type-post","status-publish","format-standard","hentry","category-201202-appennino","category-italienitaly","category-monte-piselli","category-skifahren-winterskiing-winter","tag-360-pano","tag-dsb","tag-infrarot","tag-marchisio","tag-meer","odd"],"_links":{"self":[{"href":"http:\/\/blog.inmontanis.info\/index.php?rest_route=\/wp\/v2\/posts\/1926","targetHints":{"allow":["GET"]}}],"collection":[{"href":"http:\/\/blog.inmontanis.info\/index.php?rest_route=\/wp\/v2\/posts"}],"about":[{"href":"http:\/\/blog.inmontanis.info\/index.php?rest_route=\/wp\/v2\/types\/post"}],"author":[{"embeddable":true,"href":"http:\/\/blog.inmontanis.info\/index.php?rest_route=\/wp\/v2\/users\/1"}],"replies":[{"embeddable":true,"href":"http:\/\/blog.inmontanis.info\/index.php?rest_route=%2Fwp%2Fv2%2Fcomments&post=1926"}],"version-history":[{"count":3,"href":"http:\/\/blog.inmontanis.info\/index.php?rest_route=\/wp\/v2\/posts\/1926\/revisions"}],"predecessor-version":[{"id":1929,"href":"http:\/\/blog.inmontanis.info\/index.php?rest_route=\/wp\/v2\/posts\/1926\/revisions\/1929"}],"wp:attachment":[{"href":"http:\/\/blog.inmontanis.info\/index.php?rest_route=%2Fwp%2Fv2%2Fmedia&parent=1926"}],"wp:term":[{"taxonomy":"category","embeddable":true,"href":"http:\/\/blog.inmontanis.info\/index.php?rest_route=%2Fwp%2Fv2%2Fcategories&post=1926"},{"taxonomy":"post_tag","embeddable":true,"href":"http:\/\/blog.inmontanis.info\/index.php?rest_route=%2Fwp%2Fv2%2Ftags&post=1926"}],"curies":[{"name":"wp","href":"https:\/\/api.w.org\/{rel}","templated":true}]}}