{"id":1917,"date":"2012-02-24T22:09:38","date_gmt":"2012-02-24T21:09:38","guid":{"rendered":"http:\/\/blog.inmontanis.info\/?p=1917"},"modified":"2023-08-01T21:28:09","modified_gmt":"2023-08-01T19:28:09","slug":"prato-spilla-24-2-2012","status":"publish","type":"post","link":"http:\/\/blog.inmontanis.info\/?p=1917","title":{"rendered":"Prato Spilla, 24.2.2012"},"content":{"rendered":"<p><strong>Appennino 2012, 1. Tag: Fr, 24.2.2012<\/strong> &#8211; Prato Spilla<br \/>\n<em>Dann eben zu Fu\u00df!<\/em><\/p>\n<p>Intelligenterweise hab ich diesmal schon 2 Tage vor der Abreise gepackt, so dass ich gestern Abend relativ z\u00fcgig fertig war mit dem Rest und dem, was mir alles noch so eingefallen ist. So kam ich schon um 22 Uhr ins Bett &#8211; und wenn man schon 3 Stunden fr\u00fcher ins Bett kommt, kann man ja auch 3h fr\u00fcher aufstehen:<\/p>\n<p>Wecker also auf 4 Uhr gestellt, um kurz vor 5 Uhr kam ich bereits los!<br \/>\n<!--more--><br \/>\nDie Wahl heute war etwas schwierig, es gibt im n\u00f6rdl. Appennin zwar einige Gebiete, die ich noch fahren wollte, aber ein paar Lifte waren &#8211; entweder aus Schneemagel oder weil nicht WE &#8211; zu. In die n\u00e4here Auswahl fielen dann Monte Catria (weil Talabfahrt geht und man vom Korblift bei gutem Wetter das Meer sehen kann), Schia (ungewiss ob der SL f\u00e4hrt), Sant&#8217;Anna (Wiederholung wg. der Graffer-DSB) und Prato Spilla. Seit dem gestrigen Schneebericht soll der obere SL ge\u00f6ffnet sein. Bei meinem letzten Besuch war er das ja nicht &#8211; au\u00dferdem war das Wetter damals, 2008, recht schlecht.<\/p>\n<p>Also gings eben nach Prato Spilla. Wobei das f\u00fcr das morgige Ziel sicherlich der gr\u00f6\u00dfte Umweg war. Um kurz vor 11 Uhr war ich dort &#8211; nachdem ich mit der Routenwahl meines Navis nicht immer gl\u00fccklich war. Tageskarte kostete 15,- \u20ac &#8211; und der SL lief nat\u00fcrlich nicht! Grummel.<\/p>\n<p>Aber gut, vom Gipfelgrat oben sollte man ja auch sch\u00f6n auf das Meer bis nach Korsika sehen k\u00f6nnen. Nach einer Abfahrt an der DSB entschied ich mich auch gleich zum Aufstieg (z.T. mit angeschnallten Ski um nicht so tief zu sinken, weiter oben dann zu Fu\u00df und die Skier geschultert).<\/p>\n<p>Leider war mal wieder &#8216;ne Nebelschicht auf dem Meer, nur an der K\u00fcste konnte man es besser sehen. Naja. Daf\u00fcr konnte ich jezt auch noch die eine Abfahrt am SL mitnehmen (von dessen Talstation man wiederum etwas aufsteigen muss, um zur Abfahrt zu gelangen).<\/p>\n<p>Schnee war leider auch nix &#8211; was es vor 2-3 Wochen zu kalt war, ist es jetzt zu warm &#8211; Schnee war ziemlich pappig&#8230;  Man m\u00fcste ja meinen, ich w\u00e4re zu der Zeit schon oft genug im Appennin gewesen um zu wissen, wie warm es ist &#8211; aber meine Sommerski-Bekleidung hab ich doch wieder vergessen mitzunehmen&#8230;<\/p>\n<p>Alles in Allem also nicht wirklich \u00fcberzeugend gewesen, heute.<\/p>\n<p><em>Fotos, anklicken zum Vergr\u00f6\u00dfern, soweit nicht vergr\u00f6\u00dfert gepostet:<br \/>\n<\/em><\/p>\n<p><img src=http:\/\/extra.inmontanis.info\/d\/12887-2\/DSC07876.jpg \/><br \/>\n^ Po-Ebene, die Berge des Appennins sind bereits sichtbar<\/p>\n<p><img src=http:\/\/extra.inmontanis.info\/d\/12879-2\/ge-appennino2012-poi4a.jpg \/><br \/>\n^ A) Prato Spilla<\/p>\n<p><a href='http:\/\/ski.inmontanis.info\/d\/141491-2\/ge_pratospilla2012.jpg'><img src=http:\/\/ski.inmontanis.info\/d\/141490-3\/ge_pratospilla2012.jpg \/><\/a><br \/>\n^ GPS-Track, T\u00fcrkis der heute nicht ge\u00f6ffnete SL, Magenta der Ex-Nascivera-SL (heute F\u00f6rderband), rot eine verr\u00e4terische Trasse &#8230;.<\/p>\n<p><img src=http:\/\/ski.inmontanis.info\/d\/141495-2\/DSC07890.jpg \/><br \/>\n^ Links die DSB-Abfahrt, rechts der SL, oben links die verr\u00e4terische Trasse &#8211; evtl. stand hier mal ein SL.<\/p>\n<p><img src=http:\/\/ski.inmontanis.info\/d\/141500-2\/DSC07896.jpg \/><br \/>\n^ DSB (Nascivera, an den Sesseln steht allerdings Leitner)<\/p>\n<p><img src=http:\/\/ski.inmontanis.info\/d\/141578-2\/DSC07894.jpg \/><br \/>\n^ DSB<\/p>\n<p><img src=http:\/\/ski.inmontanis.info\/d\/141504-2\/DSC07907.jpg \/><br \/>\n^ Pano Nord \/ Ost<\/p>\n<p><img src=http:\/\/ski.inmontanis.info\/d\/141574-2\/DSC09489.jpg \/><br \/>\n^ IR-Pano Po-Ebene und Alpen<\/p>\n<p><img src=http:\/\/ski.inmontanis.info\/d\/141582-2\/DSC07903.jpg \/><br \/>\n^ Pano S\u00fcd \/ West<\/p>\n<p><img src=http:\/\/ski.inmontanis.info\/d\/141509-2\/DSC09497_bgr.jpg \/><br \/>\n^ Pano S\u00fcd \/ West (IR)<\/p>\n<p><img src=http:\/\/ski.inmontanis.info\/d\/141513-2\/DSC09490.jpg \/><br \/>\n^ Meer-Pano (IR), rechts hinten Korsika<\/p>\n<p><img src=http:\/\/ski.inmontanis.info\/d\/141517-2\/DSC07905.jpg \/><br \/>\n^ Pano Nord<\/p>\n<p><img src=http:\/\/ski.inmontanis.info\/d\/141521-2\/DSC07926.jpg \/><br \/>\n^ Meer-Pano<\/p>\n<p><img src=http:\/\/ski.inmontanis.info\/d\/141525-2\/DSC07916.jpg \/><br \/>\n^ Meer-Pano<\/p>\n<p><img src=http:\/\/ski.inmontanis.info\/d\/141529-2\/DSC07919.jpg \/><br \/>\n^ Meer-Pano, mittig unten 2 Schiffe, links oben Korsika<\/p>\n<p><img src=http:\/\/ski.inmontanis.info\/d\/141603-2\/DSC09492.jpg \/><br \/>\n^ IR-Pano Meer und Korsika (160-250 km entfernt)<\/p>\n<p><img src=http:\/\/ski.inmontanis.info\/d\/141534-2\/DSC07931.jpg \/><br \/>\n^ Pano S\u00fcdalpen<\/p>\n<p><img src=http:\/\/ski.inmontanis.info\/d\/141538-2\/DSC07921.jpg \/><br \/>\n^ Zoom S\u00fcdalpen\/Meeralpen<\/p>\n<p><img src=http:\/\/ski.inmontanis.info\/d\/141587-2\/DSC07925.jpg \/><br \/>\n^ Po-Ebene und Alpen<\/p>\n<p><img src=http:\/\/ski.inmontanis.info\/d\/141599-2\/DSC09487.jpg \/><br \/>\n^ IR-Pano Po-Ebene und Alpen<\/p>\n<p><img src=http:\/\/ski.inmontanis.info\/d\/141543-2\/DSC07935.jpg \/><br \/>\n^ Bergstation DSB und Pano<\/p>\n<p><a href='http:\/\/ski.inmontanis.info\/d\/141591-2\/DSC07937.jpg'><img src=http:\/\/ski.inmontanis.info\/d\/141590-3\/DSC07937.jpg \/><\/a><br \/>\n^ Bergstation DSB und Pano<\/p>\n<p><a href='http:\/\/ski.inmontanis.info\/d\/141548-2\/DSC07941.jpg'><img src=http:\/\/ski.inmontanis.info\/d\/141547-3\/DSC07941.jpg \/><\/a><br \/>\n^ SL Bergstation<\/p>\n<p><a href='http:\/\/ski.inmontanis.info\/d\/141552-2\/DSC07943.jpg'><img src=http:\/\/ski.inmontanis.info\/d\/141551-3\/DSC07943.jpg \/><\/a><br \/>\n^ SL und DSB<\/p>\n<p><a href='http:\/\/ski.inmontanis.info\/d\/141556-2\/DSC07945.jpg'><img src=http:\/\/ski.inmontanis.info\/d\/141555-3\/DSC07945.jpg \/><\/a><br \/>\n^ Abfahrt rechts des SL<\/p>\n<p><a href='http:\/\/ski.inmontanis.info\/d\/141595-2\/DSC07947.jpg'><img src=http:\/\/ski.inmontanis.info\/d\/141594-3\/DSC07947.jpg \/><\/a><br \/>\n^ Abfahrt rechts des SL<\/p>\n<p><a href='http:\/\/ski.inmontanis.info\/d\/141561-2\/DSC07948.jpg'><img src=http:\/\/ski.inmontanis.info\/d\/141560-3\/DSC07948.jpg \/><\/a><br \/>\n^ SL<\/p>\n<p><a href='http:\/\/ski.inmontanis.info\/d\/141565-2\/DSC07950.jpg'><img src=http:\/\/ski.inmontanis.info\/d\/141564-3\/DSC07950.jpg \/><\/a><br \/>\n^ Der untere SL wurde inzwischen durch ein F\u00f6rderband (auf ganzer L\u00e4nge!) ersetzt, die St\u00fctzen wurden halb durchgeschnitten und Beleuchtung montiert<\/p>\n<p><img src=http:\/\/ski.inmontanis.info\/d\/141569-2\/DSC07951.jpg \/><br \/>\n^ Talstation DSB<\/p>\n<p>Um kurz nach 13 Uhr hab ich&#8217;s auch schon wieder gelassen. Morgen st\u00fcnde Bolognola &#038; Sarnano-Sassotetto auf dem Programm, zeitm\u00e4\u00dfig sollte es ziemlich egal sein, ob man von Prato Spilla aus \u00fcber die Toskana oder \u00fcber Bologna f\u00e4hrt. Hab mich f\u00fcr letzteres enschieden, alledings wird die Autobahn Bologna-Ancona und weiter derzeit neu gebaut, so dass \u00fcber zig km Geschwindigkeitsbeschr\u00e4nkungen sind (80, 90, 110) &#8211; hat dann doch ziemlich viel Zeit gekostet.<\/p>\n<p>P\u00fcnktlich zum Urlaubsanfang hat auch mein Radio wieder mal gesponnen. Hat sich eingebildet, laufend einen Telefonanruf zu bekommen (irgendwo scheint das Kabel bzw. ein Anschluss-Pin einen Kurzen zu haben) &#8211; und hat laufend hin und her gewechselt, so dass ein Musikh\u00f6ren nicht mehr m\u00f6glich war. Nerv!<\/p>\n<p>Runter von der Autobahn fuhr ich dann ein paar Hotels lt. Navi an, das erste war (garantiert nicht!) voll, Nummer 2 und 3 gab&#8217;s nicht mehr, also dann gleich weiter nach Sarnano. Dort auch noch etwas rumgesucht und schlie\u00dflich doch im Hotel &#8220;Terme&#8221; direkt am Haupt-Platz nachgefragt (inzwischen war es 20:15 Uhr) . EZ \u00dcF 45,- waren OK. Dazu noch eine Pizza mit Wasser und Tartuffo-Nero-Eis um 13,50 \u20ac.<\/p>\n<p>Zum Fr\u00fchst\u00fcck gab&#8217;s Italien-typisch Zwieback mit Marmelade, Naturjoghurt, und eher untypischerweise keine Croissants, sondern Kuchen \/ Muffins \/ Roulade (wurden gestern Abend frisch geliefert!). Und kein Kakao&#8230;<\/p>\n<p><a href='http:\/\/extra.inmontanis.info\/d\/12891-2\/DSC07970.jpg'><img src=http:\/\/extra.inmontanis.info\/d\/12889-3\/DSC07970.jpg \/><\/a><br \/>\n^ Hotel-Zimmer in Sarnano<\/p>\n<p><a href='http:\/\/extra.inmontanis.info\/d\/12895-2\/DSC07971.jpg'><img src=http:\/\/extra.inmontanis.info\/d\/12893-3\/DSC07971.jpg \/><\/a><br \/>\n^ Hotel-Zimmer<\/p>\n<p><em>(Dies war der 1. Tag, und noch 17 weitere folgen!)<\/em><\/p>\n","protected":false},"excerpt":{"rendered":"<p>Appennino 2012, 1. Tag: Fr, 24.2.2012 &#8211; Prato Spilla Dann eben zu Fu\u00df!<\/p>\n<p>Intelligenterweise hab ich diesmal schon 2 Tage vor der Abreise gepackt, so dass ich gestern Abend relativ z\u00fcgig fertig war mit dem Rest und dem, was mir alles noch so eingefallen ist. So kam ich schon um 22 Uhr ins Bett &#8211; <a href=\"http:\/\/blog.inmontanis.info\/?p=1917\">[&#8230;]<\/a><\/p>\n","protected":false},"author":1,"featured_media":0,"comment_status":"open","ping_status":"closed","sticky":false,"template":"","format":"standard","meta":{"footnotes":""},"categories":[110,15,416,27],"tags":[38,90,37,47],"class_list":["post-1917","post","type-post","status-publish","format-standard","hentry","category-201202-appennino","category-italienitaly","category-prato-spilla","category-skifahren-winterskiing-winter","tag-dsb","tag-infrarot","tag-meer","tag-sl","odd"],"_links":{"self":[{"href":"http:\/\/blog.inmontanis.info\/index.php?rest_route=\/wp\/v2\/posts\/1917","targetHints":{"allow":["GET"]}}],"collection":[{"href":"http:\/\/blog.inmontanis.info\/index.php?rest_route=\/wp\/v2\/posts"}],"about":[{"href":"http:\/\/blog.inmontanis.info\/index.php?rest_route=\/wp\/v2\/types\/post"}],"author":[{"embeddable":true,"href":"http:\/\/blog.inmontanis.info\/index.php?rest_route=\/wp\/v2\/users\/1"}],"replies":[{"embeddable":true,"href":"http:\/\/blog.inmontanis.info\/index.php?rest_route=%2Fwp%2Fv2%2Fcomments&post=1917"}],"version-history":[{"count":2,"href":"http:\/\/blog.inmontanis.info\/index.php?rest_route=\/wp\/v2\/posts\/1917\/revisions"}],"predecessor-version":[{"id":1919,"href":"http:\/\/blog.inmontanis.info\/index.php?rest_route=\/wp\/v2\/posts\/1917\/revisions\/1919"}],"wp:attachment":[{"href":"http:\/\/blog.inmontanis.info\/index.php?rest_route=%2Fwp%2Fv2%2Fmedia&parent=1917"}],"wp:term":[{"taxonomy":"category","embeddable":true,"href":"http:\/\/blog.inmontanis.info\/index.php?rest_route=%2Fwp%2Fv2%2Fcategories&post=1917"},{"taxonomy":"post_tag","embeddable":true,"href":"http:\/\/blog.inmontanis.info\/index.php?rest_route=%2Fwp%2Fv2%2Ftags&post=1917"}],"curies":[{"name":"wp","href":"https:\/\/api.w.org\/{rel}","templated":true}]}}