{"id":1914,"date":"2012-02-24T12:00:26","date_gmt":"2012-02-24T11:00:26","guid":{"rendered":"http:\/\/blog.inmontanis.info\/?p=1914"},"modified":"2012-04-03T22:09:19","modified_gmt":"2012-04-03T20:09:19","slug":"appennino-2012-uberblick-der-tour","status":"publish","type":"post","link":"http:\/\/blog.inmontanis.info\/?p=1914","title":{"rendered":"Appennino 2012 &#8211; \u00dcberblick der Tour"},"content":{"rendered":"<p><strong>Appennino 2012<\/strong><br \/>\n<em>24.2.-12.3.2012<\/em> &#8211; \u00dcberblick der Tour<br \/>\n<!--more--><br \/>\nAm 5.3.2009, als ich wieder einmal meine Appennintour fr\u00fcher als geplant abbrach und in die Westalpen fuhr, schrieb ich:<\/p>\n<blockquote><p>Nur ums noch mal zu sagen: Ich stand heute keine einzige Minute auf den Skiern und gestern gerade etwas \u00fcber 1 Stunde. Wenn mich was am Appennin nervt, dann das. Wegen Schlechtwetter geschlossene Lifte, teilweise berechtigt, teilweise nicht, wegen wochentags geschlossene Lifte, wegen zu wenig Schnee geschlossene Lifte, blah blah blah. Mit dem Appennin hab ich heuer f\u00fcr die n\u00e4chsten Jahre endg\u00fctlig abgehakt. Leider ist diese Liftmentalit\u00e4t in S\u00fcdosteuropa wohl genauso schlecht \u2013 und wenn ich keinen Leidensgenossen f\u00fcr eine S\u00fcdosteuropa-Tour n\u00e4chstes Jahr find \u2013 Frankreich kam heuer eh zu kurz, oder \u00d6sterreich &#038; Slowenien, oder Schweiz, oder ..\n<\/p><\/blockquote>\n<p>Nun, 2010 war ich abermals im Appennin, wenn auch nur 2 Tage auf der Druchreise nach Griechenland\/Bulgarien (F\u00e4hre von Ancona, ihr erinnert euch?).<\/p>\n<p>2011 war dann Appennin-Entzug angesagt, es ging nach Skandinavien. Und dort stellte ich fest: Im Prinzip gef\u00e4llt&#8217;s mir im Appennin zig mal besser. Und so, w\u00e4hrend ich noch in Skandinavien Ski fuhr, freute ich mich bereits auf meine Appenintour 2012, wo ich wieder bis zum \u00c4tna wollte.<\/p>\n<p>Vom 24.2.-12.3.2012 war ich unterwegs, 18 Tage, meine l\u00e4ngste Appennin-Tour ever, und auch die erste, die ich vom ersten bis zum letzten Tag nur im Appennin war. Wenngleich es in der 2. Woche wieder die \u00fcblichen Appennin-Features gab: Sturm, geschlossene Lifte, &#8230;. dennoch wei\u00df ich schon heute: In 2 Jahren muss ich wieder in den Appennin. Ein paar Skigebiete musste ich heuer wetterbedingt wieder auslassen, im Norden gibt&#8217;s eh noch einige Skigebiete, die ich noch nicht besucht hatte bzw. nochmal besuchen m\u00f6chte, und \u00c4tna .. z\u00e4hlt mit Narvik sowieso zu meinen Top 2 &#8211; Skigebieten, ist aber im Vgl. zu Narvik wesentlich n\u00e4her ;)<\/p>\n<p>Ok, hier der \u00dcberblick:<\/p>\n<p><img src=http:\/\/extra.inmontanis.info\/d\/12875-2\/ge-appennino2012-strecke2.jpg \/><br \/>\n^ Fahrstrecke und besuchte Skigebiete, man sieht schon, den n\u00f6rdl. Appennin hab ich heuer fast komplett ausgelassen und mich eher auf die Mitte und den S\u00fcden konzentriert.<\/p>\n<p>Anzahl Skigebiete: 23<\/p>\n<p>(Pratospilla, Bolognola, Sarnano, Campo Stella x2, Montepiselli x2, Campo Felice, Scanno, Campo di Giove, Pescocostanzo, Roccaraso, Pescasseroli, Campitello Matese, Sellata, Monte Sirino, Gambarie, Etna Sud, Etna Nord, Lorica, Camigliatello Silano, Laceno, Campo Staffi, Monte Nerone, Monte Falco)<\/p>\n<p>Anzahl verschiedener Lifte:<\/p>\n<p>1x 8EUB (1x Leitner)<br \/>\n3x 6EUB (1x Agudio, 2x Leitner)<br \/>\n1x 2KL (Korblift) (1x Sacif &#8211; CCM)<br \/>\n1x 6KSB (1x DM)<br \/>\n6x 4KSB (5x Leitner, 1x Agamatic)<br \/>\n7x 4SB (3-4x Leitner, 2-3x DM, 1x Poma)<br \/>\n9x 3SB (1x Graffer, 8x Leitner)<br \/>\n17x DSB (2x Nascivera, 4x Graffer, 5x Leitner, 3x Marchisio, 1x DM, 1x Poma?, 1x Poma Italia)<br \/>\n1x ESL (1x Marchisio)<br \/>\n33x SL (10x Graffer, 14x Leitner, 2x DM, 3x Nascivera, 2x Zemella, 1x Marchisio, 1x CCM)<\/p>\n<p>ca. 5.000 km Autofahrt<br \/>\nca. 3.400 Fotos &#038; Videos<\/p>\n<p><img src=http:\/\/extra.inmontanis.info\/d\/12875-2\/ge-appennino2012-strecke2.jpg \/><br \/>\n^ Fahrstrecke und besuchte Skigebiete, man sieht schon, den n\u00f6rdl. Appennin hab ich heuer fast komplett ausgelassen und mich eher auf die Mitte und den S\u00fcden konzentriert.<\/p>\n","protected":false},"excerpt":{"rendered":"<p>Appennino 2012 24.2.-12.3.2012 &#8211; \u00dcberblick der Tour<\/p>\n<p> <a href=\"http:\/\/blog.inmontanis.info\/?p=1914\">[&#8230;]<\/a><\/p>\n","protected":false},"author":1,"featured_media":0,"comment_status":"open","ping_status":"closed","sticky":false,"template":"","format":"standard","meta":{"footnotes":""},"categories":[110,15],"tags":[],"class_list":["post-1914","post","type-post","status-publish","format-standard","hentry","category-201202-appennino","category-italienitaly","odd"],"_links":{"self":[{"href":"http:\/\/blog.inmontanis.info\/index.php?rest_route=\/wp\/v2\/posts\/1914","targetHints":{"allow":["GET"]}}],"collection":[{"href":"http:\/\/blog.inmontanis.info\/index.php?rest_route=\/wp\/v2\/posts"}],"about":[{"href":"http:\/\/blog.inmontanis.info\/index.php?rest_route=\/wp\/v2\/types\/post"}],"author":[{"embeddable":true,"href":"http:\/\/blog.inmontanis.info\/index.php?rest_route=\/wp\/v2\/users\/1"}],"replies":[{"embeddable":true,"href":"http:\/\/blog.inmontanis.info\/index.php?rest_route=%2Fwp%2Fv2%2Fcomments&post=1914"}],"version-history":[{"count":2,"href":"http:\/\/blog.inmontanis.info\/index.php?rest_route=\/wp\/v2\/posts\/1914\/revisions"}],"predecessor-version":[{"id":1916,"href":"http:\/\/blog.inmontanis.info\/index.php?rest_route=\/wp\/v2\/posts\/1914\/revisions\/1916"}],"wp:attachment":[{"href":"http:\/\/blog.inmontanis.info\/index.php?rest_route=%2Fwp%2Fv2%2Fmedia&parent=1914"}],"wp:term":[{"taxonomy":"category","embeddable":true,"href":"http:\/\/blog.inmontanis.info\/index.php?rest_route=%2Fwp%2Fv2%2Fcategories&post=1914"},{"taxonomy":"post_tag","embeddable":true,"href":"http:\/\/blog.inmontanis.info\/index.php?rest_route=%2Fwp%2Fv2%2Ftags&post=1914"}],"curies":[{"name":"wp","href":"https:\/\/api.w.org\/{rel}","templated":true}]}}