{"id":1903,"date":"2012-02-05T21:57:55","date_gmt":"2012-02-05T20:57:55","guid":{"rendered":"http:\/\/blog.inmontanis.info\/?p=1903"},"modified":"2023-07-31T18:07:39","modified_gmt":"2023-07-31T16:07:39","slug":"semnoz-revard-5-2-2012","status":"publish","type":"post","link":"http:\/\/blog.inmontanis.info\/?p=1903","title":{"rendered":"Semnoz &#038; Revard, 5.2.2012"},"content":{"rendered":"<p><strong>Le Grand Froid (Gen\u00e8ve-Grenoble), 29.1.-6.2.2012 &#8211; Teil 8<\/strong><br \/>\n<strong>5.2.2012<\/strong><\/p>\n<p>Heute wollte ich ja in die 3 Skigebiete des Monts-Jura gehen, aber&#8230;<!--more--> Schneebericht heute morgen: Bis auf eine Kombibahn alles offen, allerdings -22\u00b0 in den Orten und -15\u00b0 am Gipfel, dazu starker Wind.<\/p>\n<p>Semnoz meldete nur -13\u00b0 und Wind < 20 km\/h. Sonne schien ebenfalls .. also dann doch nach Semnoz (das ich ja schon fahren wollte, als ich vor knapp einer Woche in Annecy \u00fcbernachtete). Bis ich (aufgrund der \u00fcblichen Umst\u00e4nde) den Skipass in der Hand hielt, war es auch wieder kurz nach 10 Uhr. Hab mich f\u00fcr eine 2h-Karte entschieden, zzgl. Keycard (die gleiche ungew\u00f6hnliche Alfi-Karte wie in Pra Loup!) hatte das 10,10 \u20ac gekostet. Bei dem Preis waren mir die 2,- \u20ac f\u00fcr die Keycard egal.\n\nKonnte dann aber doch nicht mehr alle Abfahrten fahren, auch weil der eine KSSL um 11:30 zu gemacht hatte und ich auch gar keine Lust hatte, die lahme unbequeme 4SB (im Stottertakt, alle 2 Sekunden hatte sich die Fahrgeschwindigkeit ge\u00e4ndert) ein drittes Mal zu fahren.\n\nPano oben ist super, geniales Hochplateau (wie ich sie schon \u00f6fters in Italien gesehen hab), die beiden Skigebietsseiten sind ein sch\u00f6nes St\u00fcck entfernt, die Abfahrten gr\u00f6\u00dftenteils nett trassiert - glaub da muss ich noch mal irgendwann her, und dann ein paar Stunden l\u00e4nger.\n\n(Fotos anklicken zum Vergr\u00f6\u00dfern, soweit nicht vergr\u00f6\u00dfert gepostet)\n\n<a href='http:\/\/extra.inmontanis.info\/d\/12857-2\/DSC07408.jpg'><img src=http:\/\/extra.inmontanis.info\/d\/12855-3\/DSC07408.jpg \/><\/a><br \/>\n^ Wieder &#8216;mal am Lac d&#8217;Annecy entlang &#8230;<\/p>\n<p><a href='http:\/\/extra.inmontanis.info\/d\/12861-2\/DSC07410.jpg'><img src=http:\/\/extra.inmontanis.info\/d\/12859-3\/DSC07410.jpg \/><\/a><br \/>\n^ Irgendwo vor oder nach Leschaux<\/p>\n<p><a href='http:\/\/ski.inmontanis.info\/d\/140728-2\/DSC07413.jpg'><img src=http:\/\/ski.inmontanis.info\/d\/140726-3\/DSC07413.jpg \/><\/a><br \/>\n^ Auffahrt nach Semnoz (von Leschaux)<\/p>\n<p><img src=http:\/\/ski.inmontanis.info\/d\/140732-2\/DSC07557.jpg \/><br \/>\n^ Pistenplan; ich bin am oberen (s\u00fcdlichen) Parkplatz gestartet.<\/p>\n<p><img src=http:\/\/ski.inmontanis.info\/d\/140736-2\/ge-semnoz1.jpg \/><br \/>\n^ GPS-Track (nicht alle Abfahrten)<\/p>\n<p><img src=http:\/\/ski.inmontanis.info\/d\/140740-2\/DSC07416.jpg \/><br \/>\n^ Start auf der Bauges-Seite, links der nette KSSL Aigle (keine Kurve), rechts die 4SB Panoramique<\/p>\n<p><img src=http:\/\/ski.inmontanis.info\/d\/140744-2\/DSC07417.jpg \/><br \/>\n^ Blick vom KSSL Aigle r\u00fcber zur 4SB Panoramique, ganz hinten dann KSSL Chatillon und 4SB Belvedere<\/p>\n<p><img src=http:\/\/ski.inmontanis.info\/d\/140748-2\/DSC07420.jpg \/><br \/>\n^ Nord\/Ost-Pano am KSSL Aigle<\/p>\n<p><img src=http:\/\/ski.inmontanis.info\/d\/140752-2\/DSC07421.jpg \/><br \/>\n^ KSSL Aigle, Abfahrt Aiglons, hinten in Bildmitte der Mont Blanc<\/p>\n<p><a href='http:\/\/ski.inmontanis.info\/d\/140756-2\/DSC07481.jpg'><img src=http:\/\/ski.inmontanis.info\/d\/140755-3\/DSC07481.jpg \/><\/a><br \/>\n^ Zoom Mont Blanc und Aiguille du Midi<\/p>\n<p><img src=http:\/\/ski.inmontanis.info\/d\/140760-2\/DSC07429.jpg \/><br \/>\n^ Winterimpressionen<\/p>\n<p><img src=http:\/\/ski.inmontanis.info\/d\/140764-2\/DSC07431.jpg \/><br \/>\n^ Winterimpressionen<\/p>\n<p><img src=http:\/\/ski.inmontanis.info\/d\/140768-2\/DSC07433.jpg \/><br \/>\n^ Winterimpressionen<\/p>\n<p><img src=http:\/\/ski.inmontanis.info\/d\/140772-2\/DSC07437.jpg \/><br \/>\n^ Blick \u00fcber das sch\u00f6ne Gipfel-Hochplateau mit den 4 Bergstationen<\/p>\n<p><a href='http:\/\/ski.inmontanis.info\/d\/140776-2\/DSC07439.jpg'><img src=http:\/\/ski.inmontanis.info\/d\/140775-3\/DSC07439.jpg \/><\/a><br \/>\n^ Pano ins Flachland &#8211; leider heute nicht.<\/p>\n<p><a href='http:\/\/ski.inmontanis.info\/d\/140780-2\/DSC07443.jpg'><img src=http:\/\/ski.inmontanis.info\/d\/140779-3\/DSC07443.jpg \/><\/a><br \/>\n^ Nette Abfahrt Combettes am KSSL Aigle<\/p>\n<p><a href='http:\/\/ski.inmontanis.info\/d\/140784-2\/DSC07444.jpg'><img src=http:\/\/ski.inmontanis.info\/d\/140783-3\/DSC07444.jpg \/><\/a><br \/>\n^ Nette Abfahrt Combettes am KSSL Aigle<\/p>\n<p><a href='http:\/\/ski.inmontanis.info\/d\/140788-2\/DSC07446.jpg'><img src=http:\/\/ski.inmontanis.info\/d\/140787-3\/DSC07446.jpg \/><\/a><br \/>\n^ 4SB Panoramique<\/p>\n<p><a href='http:\/\/ski.inmontanis.info\/d\/140841-2\/DSC07449.jpg'><img src=http:\/\/ski.inmontanis.info\/d\/140840-3\/DSC07449.jpg \/><\/a><br \/>\n^ Verbindungsabfahrt B\u00fbcherons vom s\u00fcdlicheren zum n\u00f6rdlicheren Skigebietsteil<\/p>\n<p><img src=http:\/\/ski.inmontanis.info\/d\/140793-2\/DSC07450.jpg \/><br \/>\n^ Flachlandpano<\/p>\n<p><img src=http:\/\/ski.inmontanis.info\/d\/140797-2\/DSC07452.jpg \/><br \/>\n^ Kurven-KSSL Chatillon, wurde zu Mittag leider eingestellt; links die 4SB Belvedere<\/p>\n<p><img src=http:\/\/ski.inmontanis.info\/d\/140801-2\/DSC07453.jpg \/><br \/>\n^ Blick von der Bergstation KSSL Chatillon \u00fcbers Gipfelplateau zu  4SB Panoramique und KSSL Aigle<\/p>\n<p><img src=http:\/\/ski.inmontanis.info\/d\/140805-2\/DSC07454.jpg \/><br \/>\n^ Flachlandpano mit KSSL Chatillon<\/p>\n<p><img src=http:\/\/ski.inmontanis.info\/d\/140809-2\/DSC07455.jpg \/><br \/>\n^ Talstationen und Parkplatz auf der Annecy-Seite<\/p>\n<p><img src=http:\/\/ski.inmontanis.info\/d\/140813-2\/DSC07458.jpg \/><br \/>\n^ .. Gegenpano zum vorherigen Bild, links die kurzen KSSL Golet+Ababye, rechts die 4SB Belvedere<\/p>\n<p><img src=http:\/\/ski.inmontanis.info\/d\/140817-2\/DSC07463.jpg \/><br \/>\n^ Blick von der Bergstation 4SB Belvedere \u00fcbers Gipfelplateau zum s\u00fcdlichen Skigebietsteil<\/p>\n<p><img src=http:\/\/ski.inmontanis.info\/d\/140821-2\/DSC07464.jpg \/><br \/>\n^ Berg-Pano an der Abfahrt Les Sapinettes<\/p>\n<p><img src=http:\/\/ski.inmontanis.info\/d\/140825-2\/DSC07465.jpg \/><br \/>\n^ Pano an der Abfahrt Les Sapinettes<\/p>\n<p><a href='http:\/\/ski.inmontanis.info\/d\/140829-2\/DSC07469.jpg'><img src=http:\/\/ski.inmontanis.info\/d\/140828-3\/DSC07469.jpg \/><\/a><br \/>\n^ Talstationen auf der Bauges-Seite<\/p>\n<p><img src=http:\/\/ski.inmontanis.info\/d\/140833-2\/DSC07470-77a.jpg \/><br \/>\n^ 360\u00b0-Pano n\u00e4he der Bergstation KSSL Aigle<\/p>\n<p><img src=http:\/\/ski.inmontanis.info\/d\/140837-2\/DSC07470-77b.jpg \/><br \/>\n^ 360\u00b0-Pano n\u00e4he der Bergstation KSSL Aigle<\/p>\n<p>Als 2. Gebiet stand Grand Revard auf dem Plan. Bei ca. 40 Minuten Fahrzeit kam ich also genau recht zur Halbtageskarte ab 13 Uhr. Allerdings besteht das Gebiet aus 3 Teilgebieten, die in Summe genug f\u00fcr einen Tag b\u00f6ten, wird also recht eng, das dritte Gebiet mit dem einzelnen SL wollte ich daher eigetlich auslassen.<\/p>\n<p>Allerdings kam man genau an dem KSSL als erstes vorbei, und die Abfahrten sahen so lecker aus, dass ich eben dort die Halbtageskarte gekauft hab. Mit 8,10 war es g\u00fcnstiger als ich erwartet hatte, aber es war kein Preisaushang und der Liftwart hatte eh nur diese einen Karten auf seinem Schreibtisch liegen. Drauf geschrieben stand &#8220;Massif Feclaz Revard&#8221;, also wird&#8217;s schon passen.<\/p>\n<p>Bin den Lift 3,5x gefahren, um alle Abfahrten zu fahren, inkl. der stillgelegten Schwarzen &#8211; hauaheh, das ist wirklich eine altmodische alte schwarze unmodelierte Abfahrt, die mir doch einiges Zeit gekostet hatte. In Summe ein sehr genialer Einzellift, so etwas vermisse ich hier in Tirol \/ Umgebung.<\/p>\n<p><a href='http:\/\/ski.inmontanis.info\/d\/140847-2\/DSC07488.jpg'><img src=http:\/\/ski.inmontanis.info\/d\/140845-3\/DSC07488.jpg \/><\/a><br \/>\n^ Pistenplan KSSL Plainpalais &#8211; du Chamois<\/p>\n<p><a href='http:\/\/ski.inmontanis.info\/d\/140942-2\/ge_revard2.jpg'><img src=http:\/\/ski.inmontanis.info\/d\/140941-3\/ge_revard2.jpg \/><\/a><br \/>\n^ GPS-Track KSSL Plainpalais<\/p>\n<p><a href='http:\/\/ski.inmontanis.info\/d\/140852-2\/DSC07485.jpg'><img src=http:\/\/ski.inmontanis.info\/d\/140851-3\/DSC07485.jpg \/><\/a><br \/>\n^ Talstation KSSL Plainpalais &#8211; du Chamois<\/p>\n<p><a href='http:\/\/ski.inmontanis.info\/d\/140856-2\/DSC07489.jpg'><img src=http:\/\/ski.inmontanis.info\/d\/140855-3\/DSC07489.jpg \/><\/a><br \/>\n^ Blaue Abfahrt Muguet, schl\u00e4ngelt sich ganz nett und abseits des KSSL hinunter<\/p>\n<p><a href='http:\/\/ski.inmontanis.info\/d\/140860-2\/DSC07495.jpg'><img src=http:\/\/ski.inmontanis.info\/d\/140859-3\/DSC07495.jpg \/><\/a><br \/>\n^ Schwarze Abfahrt Chardon. Abgesperrt, auf einigen neueren Pl\u00e4nen nicht mehr vorhanden? Scheint wohl aufgelassen zu sein &#8230;<\/p>\n<p><a href='http:\/\/ski.inmontanis.info\/d\/140864-2\/DSC07497.jpg'><img src=http:\/\/ski.inmontanis.info\/d\/140863-3\/DSC07497.jpg \/><\/a><br \/>\n^ Nach einem kurzen leichten Hang &#8211; versteht man recht schnell: Die schwarze Chardon ist wirklich schwarz.<\/p>\n<p><a href='http:\/\/ski.inmontanis.info\/d\/140868-2\/DSC07500.jpg'><img src=http:\/\/ski.inmontanis.info\/d\/140867-3\/DSC07500.jpg \/><\/a><br \/>\n^ .. weiter geht&#8217;s durch&#8217;s Gem\u00fcse ..<\/p>\n<p><a href='http:\/\/ski.inmontanis.info\/d\/140946-2\/DSC07502.jpg'><img src=http:\/\/ski.inmontanis.info\/d\/140945-3\/DSC07502.jpg \/><\/a><br \/>\n^ .. all zu viel Jahre wird die Abfahrt wohl nicht mehr fahrbar sein ..<\/p>\n<p><a href='http:\/\/ski.inmontanis.info\/d\/140873-2\/DSC07504.jpg'><img src=http:\/\/ski.inmontanis.info\/d\/140872-3\/DSC07504.jpg \/><\/a><br \/>\n^ .. schl\u00e4ngelt sich echt sch\u00f6n schmal und total unruhig (vom Boden her) entlang ..<\/p>\n<p><a href='http:\/\/ski.inmontanis.info\/d\/140950-2\/DSC07506.jpg'><img src=http:\/\/ski.inmontanis.info\/d\/140949-3\/DSC07506.jpg \/><\/a><br \/>\n^ .. aber wir sind noch lang nicht am Ziel ..<\/p>\n<p><a href='http:\/\/ski.inmontanis.info\/d\/140878-2\/DSC07510.jpg'><img src=http:\/\/ski.inmontanis.info\/d\/140877-3\/DSC07510.jpg \/><\/a><br \/>\n^ .. das St\u00fcck ist nochmal grenzwertig, da man einen kleinen Graben \u00fcberwinden muss ..<\/p>\n<p><a href='http:\/\/ski.inmontanis.info\/d\/140954-2\/DSC07516.jpg'><img src=http:\/\/ski.inmontanis.info\/d\/140953-3\/DSC07516.jpg \/><\/a><br \/>\n^ .. danach geht&#8217;s wieder leichter weiter ..<\/p>\n<p><a href='http:\/\/ski.inmontanis.info\/d\/140883-2\/DSC07520.jpg'><img src=http:\/\/ski.inmontanis.info\/d\/140882-3\/DSC07520.jpg \/><\/a><br \/>\n^ .. und das ist so ziemlich das Schlussst\u00fcck der schwarzen Chardon. Krasses Teil.<\/p>\n<p>So war ich erst um ca. 14 Uhr in La F\u00e9claz, wo es doch recht voll war &#8211; und die Parkpl\u00e4tze an der 4SB Mangelware. Dann sah ich einen Parkplatz an einem KSSL, aber wie ich den rauffuhr, stellte sich heraus &#8211; das \u00dcbungsgel\u00e4nde ist nicht am restlichen Skigebet angeschlossen. Also nach oben zu den oberen SL auf einer abenteuerlichen tief beschneiten Stra\u00dfe, mtitlerweile war es 14:30 Uhr.<\/p>\n<p>Somit hatte ich nicht mehr viel Zeit, bin die beiden KSSL je zwei mal gefahren und die 4SB auch 2x, wobei ich hier leider etliche Abfahrten auslassen musste. Werd ich nochmal herkommen m\u00fcssen &#8230;. <\/p>\n<p><a href='http:\/\/ski.inmontanis.info\/d\/140958-2\/DSC07526.jpg'><img src=http:\/\/ski.inmontanis.info\/d\/140957-3\/DSC07526.jpg \/><\/a><br \/>\n^ Pistenplan Secteur La F\u00e9claz. Die \u00dcbungs-Lifte links unten sind leider nicht am Hauptskigebiet angebunden, ich bin dann mit dem Auto zum Parkplatz Sire (oben) gefahren.<\/p>\n<p><a href='http:\/\/ski.inmontanis.info\/d\/140888-2\/ge_revard3.jpg'><img src=http:\/\/ski.inmontanis.info\/d\/140887-3\/ge_revard3.jpg \/><\/a><br \/>\n^ GPS-Track F\u00e9claz<\/p>\n<p><a href='http:\/\/ski.inmontanis.info\/d\/140892-2\/DSC07490.jpg'><img src=http:\/\/ski.inmontanis.info\/d\/140891-3\/DSC07490.jpg \/><\/a><br \/>\n^ Secteur F\u00e9claz, im Zoom vom KSSL Plainpalais<\/p>\n<p><a href='http:\/\/ski.inmontanis.info\/d\/140962-2\/DSC07527.jpg'><img src=http:\/\/ski.inmontanis.info\/d\/140961-3\/DSC07527.jpg \/><\/a><br \/>\n^ KSSL Sire<\/p>\n<p><a href='http:\/\/ski.inmontanis.info\/d\/140897-2\/DSC07531.jpg'><img src=http:\/\/ski.inmontanis.info\/d\/140896-3\/DSC07531.jpg \/><\/a><br \/>\n^ KSSL Sire, der Baum kann bald als Niederhalter dienen ;)<\/p>\n<p><a href='http:\/\/ski.inmontanis.info\/d\/140901-2\/DSC07533.jpg'><img src=http:\/\/ski.inmontanis.info\/d\/140900-3\/DSC07533.jpg \/><\/a><br \/>\n^ Kurven-KSSL Gorges<\/p>\n<p><a href='http:\/\/ski.inmontanis.info\/d\/140905-2\/DSC07534.jpg'><img src=http:\/\/ski.inmontanis.info\/d\/140904-3\/DSC07534.jpg \/><\/a><br \/>\n^ 4SB Orionde<\/p>\n<p><a href='http:\/\/ski.inmontanis.info\/d\/140909-2\/DSC07536.jpg'><img src=http:\/\/ski.inmontanis.info\/d\/140908-3\/DSC07536.jpg \/><\/a><br \/>\n^ 4SB Orionde, gegen\u00fcber sieht man die H\u00e4nge des KSSL Plainpalais &#8211; du Chamois<\/p>\n<p>Um 15:15 gings weiter nach Revard, wo ich um 15:30 am KSSL Observatoire ankam. Hier wurde mein Skipass n\u00e4her inspiziert, aber nichts gesagt. Beim n\u00e4chsten KSSL konnte ich problemlos passieren, aber beim dritten hatte die Bedienstete meinen SKipass beanstandet &#8211; allerdings war ich schon im Lift und hatte es nicht verstanden. An der 4SB angekommen wurde ich von der Pistenwacht verfolgt und rausgezogen &#8211; der Liftwart hat mit seinem Sprechfunkger\u00e4t nachgefragt, soweit ich das verstanden hab, fand er meinen Skipass sehr komisch, hat so einen noch nie gesehen, sprach von F\u00e4lschung oder Betrug.<\/p>\n<p>Nach einiger Zeit hatte sich das wohl insoweit aufgekl\u00e4rt, dass der Skipass nur an dem einen KSSL g\u00fcltig war, auch wenn davon nichts auf dem Pass stand und selbiger ja eher verlautbaren w\u00fcrde, f\u00fcr das ganze Massif g\u00fcltig zu sein. Nachdem es mittlerweile 16 Uhr war, war nat\u00fcrlich auch keine Kasse mehr offen, so dass ich mir keine weitere Halbtageskarte mehr kaufen konnte, meine geplanten 2-3 Fahrten mit der 4SB und 2-3 Fahrten mit den SL bis 16:50 konnte ich also nicht mehr durchf\u00fchren. Man lie\u00df mich mit der 4SB rauf &#8211; &#8220;Ausl\u00e4nderbonus&#8221;. Nachdem ich keine Lust auf Diskussionen am n\u00e4chsten SL hatte, bin ich ein St\u00fcck Piste aufgestiegen um zu meinem Auto abzufahren.<\/p>\n<p><a href='http:\/\/ski.inmontanis.info\/d\/140913-2\/DSC07540.jpg'><img src=http:\/\/ski.inmontanis.info\/d\/140912-3\/DSC07540.jpg \/><\/a><br \/>\n^ Pistenplan Secteur Le Revard<\/p>\n<p><a href='http:\/\/ski.inmontanis.info\/d\/140917-2\/ge_revard4.jpg'><img src=http:\/\/ski.inmontanis.info\/d\/140916-3\/ge_revard4.jpg \/><\/a><br \/>\n^ GPS-Track Revard<\/p>\n<p><a href='http:\/\/ski.inmontanis.info\/d\/140967-2\/DSC07541.jpg'><img src=http:\/\/ski.inmontanis.info\/d\/140966-3\/DSC07541.jpg \/><\/a><br \/>\n^ KSSL Observatoire<\/p>\n<p>Hier kann man mit dem Auto bis zum Gipfel fahren und hat von dort oben ein weites Pano ins Flachland. (Denk ich)<\/p>\n<p><a href='http:\/\/ski.inmontanis.info\/d\/140922-2\/DSC07545.jpg'><img src=http:\/\/ski.inmontanis.info\/d\/140921-3\/DSC07545.jpg \/><\/a><br \/>\n^ Modellierte Abfahrten an der 4SB \u00c9bates<\/p>\n<p><a href='http:\/\/ski.inmontanis.info\/d\/140926-2\/DSC07546.jpg'><img src=http:\/\/ski.inmontanis.info\/d\/140925-3\/DSC07546.jpg \/><\/a><br \/>\n^ 4SB \u00c9bates<\/p>\n<p><a href='http:\/\/ski.inmontanis.info\/d\/140930-2\/DSC07548.jpg'><img src=http:\/\/ski.inmontanis.info\/d\/140929-3\/DSC07548.jpg \/><\/a><br \/>\n^ 4SB \u00c9bates<\/p>\n<p><a href='http:\/\/ski.inmontanis.info\/d\/140934-2\/DSC07549.jpg'><img src=http:\/\/ski.inmontanis.info\/d\/140933-3\/DSC07549.jpg \/><\/a><br \/>\n^ Beschneiung an der Bergstation der 4SB. ?!? Es liegt 1-2m Schnee und die beschneien noch?!<\/p>\n<p><a href='http:\/\/ski.inmontanis.info\/d\/140938-2\/DSC07554.jpg'><img src=http:\/\/ski.inmontanis.info\/d\/140937-3\/DSC07554.jpg \/><\/a><br \/>\n^ Leider der falsche Skipass &#8230;<\/p>\n<p>Ein Blick auf die Homepage brachte mir abends Klarheit: Ich hab den Skipass &#8220;Decouverte&#8221; erhalten (normale Halbtageskarte h\u00e4tte 13,- gekostet). Der war tats\u00e4chlich auf mehreren Liften g\u00fcltig &#8211; u.a. auch am KSSL Observatoire (der, der die Karte ansah und mich fahren lie\u00df) &#8211; d.h. den h\u00e4tte ich tats\u00e4chlich noch bis 16:50 fahren k\u00f6nnen :) Mist. Naja, daf\u00fcr bin ich ein paar andere Lifte gefahren, die ich nicht h\u00e4tte fahren d\u00fcrfen. Bl\u00f6d, ich h\u00e4tt lieber die 13,- gezahlt, kann ja nix daf\u00fcr, wenn der mir nur den kleinen Skipass verkauft und dort kein Preisaushang war, der mir die n\u00f6tige Information verschafft h\u00e4tte. <\/p>\n<p>Fazit: 2 nette Skigebiete abgegrast und beide nicht richtig. Andererseits h\u00e4tte ichs aufgrund der K\u00e4lte heute nat\u00fcrlich auch nicht nur in einem ausgehalten, war ja ganz praktisch die Autofahrei dazwischen.<\/p>\n<p>Wenn meine Aufzeichnungen so halbwegs stimmen, m\u00fcsste das heute ungef\u00e4hr mein 400. Skigebiet gewesen sein (mein 36. Skigebiet in Frankreich, das 34. Gebiet und der 41. Tag der aktuellen Saison, und der 1.620 Skitag meines Lebens, und die letzten waren sicher unter den Top 20 der k\u00e4ltesten Tage). Ist nat\u00fcrlich etwas schwierig, denn Grand Revard waren ja egtl. 3 Skigebiete, z\u00e4hlen bei mir aufgrund des gemeinsamen Skipasses aber doch nur als 1. Manchmal z\u00e4hle ich aber solche Teilskigebiet von Skipassverb\u00fcnden auch einzeln. Und ich hab in meiner Liste evtl. auch ein paar Gebiete doppelt (z.B. SFL hab ich einmal als SFL drin und einmal als &#8220;Nur Fiss&#8221; und einmal &#8220;Nur Serfaus&#8221;), die Gebiete um den Sellastock daf\u00fcr wieder nur als eines) &#8230; also in Summe wird sich&#8217;s wieder ausgleichen.<\/p>\n<p>Abends ging&#8217;s noch &#8211; ratet mal &#8211; zu den noch ausst\u00e4ndigen karamelisierten Barbecue Ribs in einen Buffalo Grill. 14,10 mit Pommes. Saftig und fleischig, durchwegs gut. Platz f\u00fcr eine Nachspeise war auch noch &#8211; gemischter &#8220;All choco&#8221; &#8211; Teller um 5,60 mit einem St\u00fcck warmen Schoko-Brownie mit Schokosauce, einer Kugel Schokoeis, einem kleinen Sch\u00e4lchen Schoko-Creme und einem kleinen Schokokuchen in Pralinengr\u00f6\u00dfe. In Summe? Ok, etwas teurer als die letzten Tage. Aber Pappsatt! :-)<\/p>\n","protected":false},"excerpt":{"rendered":"<p>Le Grand Froid (Gen\u00e8ve-Grenoble), 29.1.-6.2.2012 &#8211; Teil 8 5.2.2012<\/p>\n<p>Heute wollte ich ja in die 3 Skigebiete des Monts-Jura gehen, aber&#8230;<\/p>\n<p> <a href=\"http:\/\/blog.inmontanis.info\/?p=1903\">[&#8230;]<\/a><\/p>\n","protected":false},"author":1,"featured_media":0,"comment_status":"open","ping_status":"closed","sticky":false,"template":"","format":"standard","meta":{"footnotes":""},"categories":[109,16,329,333,27],"tags":[102,49,48],"class_list":["post-1903","post","type-post","status-publish","format-standard","hentry","category-201201-grandfroid","category-france","category-revard","category-semnoz","category-skifahren-winterskiing-winter","tag-360-pano","tag-4sb","tag-kssl","odd"],"_links":{"self":[{"href":"http:\/\/blog.inmontanis.info\/index.php?rest_route=\/wp\/v2\/posts\/1903","targetHints":{"allow":["GET"]}}],"collection":[{"href":"http:\/\/blog.inmontanis.info\/index.php?rest_route=\/wp\/v2\/posts"}],"about":[{"href":"http:\/\/blog.inmontanis.info\/index.php?rest_route=\/wp\/v2\/types\/post"}],"author":[{"embeddable":true,"href":"http:\/\/blog.inmontanis.info\/index.php?rest_route=\/wp\/v2\/users\/1"}],"replies":[{"embeddable":true,"href":"http:\/\/blog.inmontanis.info\/index.php?rest_route=%2Fwp%2Fv2%2Fcomments&post=1903"}],"version-history":[{"count":4,"href":"http:\/\/blog.inmontanis.info\/index.php?rest_route=\/wp\/v2\/posts\/1903\/revisions"}],"predecessor-version":[{"id":8938,"href":"http:\/\/blog.inmontanis.info\/index.php?rest_route=\/wp\/v2\/posts\/1903\/revisions\/8938"}],"wp:attachment":[{"href":"http:\/\/blog.inmontanis.info\/index.php?rest_route=%2Fwp%2Fv2%2Fmedia&parent=1903"}],"wp:term":[{"taxonomy":"category","embeddable":true,"href":"http:\/\/blog.inmontanis.info\/index.php?rest_route=%2Fwp%2Fv2%2Fcategories&post=1903"},{"taxonomy":"post_tag","embeddable":true,"href":"http:\/\/blog.inmontanis.info\/index.php?rest_route=%2Fwp%2Fv2%2Ftags&post=1903"}],"curies":[{"name":"wp","href":"https:\/\/api.w.org\/{rel}","templated":true}]}}