{"id":1900,"date":"2012-02-04T21:56:04","date_gmt":"2012-02-04T20:56:04","guid":{"rendered":"http:\/\/blog.inmontanis.info\/?p=1900"},"modified":"2023-02-07T18:45:36","modified_gmt":"2023-02-07T17:45:36","slug":"villard-correncon-4-2-2012","status":"publish","type":"post","link":"http:\/\/blog.inmontanis.info\/?p=1900","title":{"rendered":"Villard-Corren\u00e7on, 4.2.2012"},"content":{"rendered":"<p><strong>Le Grand Froid (Gen\u00e8ve-Grenoble), 29.1.-6.2.2012 &#8211; Teil 7<\/strong><br \/>\n<strong>4.2.2012<\/strong><\/p>\n<p>Schei\u00df K\u00e4lte!<\/p>\n<p>Nach wieder ausgiebigem Studium von Wetterberichten und Webcams hab ich mich gegen den Wetterbericht entschieden und bin doch nach Villard-de-Lans \/ Corren\u00e7on-en-Vercors) gefahren, da die Bergstationen recht sonnig waren.<!--more--> Nunja, es sollte dann auch einigerma\u00dfen sonnig bleiben, aber Pano gab&#8217;s keins, weder ins Flachland, noch \u00fcbers Nebelmeer, noch in die Berge. Schade.<\/p>\n<p>Leider wurden inzwischen beide 6EUBs modernisiert, bzw. die eine soggar komplett neu gebaut (mit einer 10EUB). Ich dachte, wenigstens die mit den wei\u00dfen Back2Back-Gondeln w\u00fcrde noch verkehren. Die andere, mit den farbigen Gondeln, die die erste 6EUB \u00fcberhaupt war, wurde, so dachte ich, mit neuen Kabinen ausgetauscht. Schade, wenn ich das gewusst h\u00e4tte, h\u00e4tte ich evtl. Villard-Correncon gleich auf ein anderes Jahr verschoben (und w\u00e4re die alte 6EUB in Chartreuse gefahren).<\/p>\n<p>(Fotos anklicken zum Vergr\u00f6\u00dfern, soweit nicht vergr\u00f6\u00dfert gepostet)<\/p>\n<p><a href='http:\/\/extra.inmontanis.info\/d\/12821-2\/DSC07315.jpg'><img src=http:\/\/extra.inmontanis.info\/d\/12819-3\/DSC07315.jpg \/><\/a><br \/>\n^ Grenoble-Seyssinet<\/p>\n<p><a href='http:\/\/extra.inmontanis.info\/d\/12825-2\/DSC07320.jpg'><img src=http:\/\/extra.inmontanis.info\/d\/12823-3\/DSC07320.jpg \/><\/a><br \/>\n^ Lorenseilbahn bei Sassenage<\/p>\n<p><a href='http:\/\/extra.inmontanis.info\/d\/12829-2\/DSC07387.jpg'><img src=http:\/\/extra.inmontanis.info\/d\/12827-3\/DSC07387.jpg \/><\/a><br \/>\n^ Lorenseilbahn bei Sassenage<\/p>\n<p><a href='http:\/\/extra.inmontanis.info\/d\/12833-2\/DSC07325.jpg'><img src=http:\/\/extra.inmontanis.info\/d\/12831-3\/DSC07325.jpg \/><\/a><br \/>\n^ Nette Schluchtstra\u00dfe vor Lans-en-Vercors<\/p>\n<p><img src=http:\/\/extra.inmontanis.info\/d\/12837-2\/DSC07381.jpg \/><br \/>\n^ Nette Schluchtstra\u00dfe vor Lans-en-Vercors (R\u00fcckblick vom Nachmittag)<\/p>\n<p><img src=http:\/\/extra.inmontanis.info\/d\/12841-2\/DSC07330.jpg \/><br \/>\n^ N\u00e4he Lans-en-Vercors<\/p>\n<p>Um dreiviertel 11 war ich an der Kasse und kaufte mir eine Tageskarte um 30,50 (15min sp\u00e4ter w\u00e4re sie 3,- g\u00fcnstiger gewesen).<\/p>\n<p>Das Skigebiet selbst wirbt mit 125 km, was vielleicht sogar hinkommen kann, da es etliche Abfahrten pro Lift und etliche Skiwegverbindungen gibt. Neben dem tollen Pano ins Flachland hat das Skigebiet aber noch weitere Pluspunkte, es gibt hier n\u00e4mlich einen interessanten Mix an Abfahrten, etliche kurvige (gering modellierte, breite und nicht so breite) Abfahrten durch den Wald, und oberhalb ein sehr felsiges Gel\u00e4nde.<\/p>\n<p>Der linke Teil des Skigebiets ist eher Durchschnitt, der mittlere Teil und der rechte obere Teil dagegen recht interessant.<\/p>\n<p>Leider hab ich die besten Pisten auslassen, weil ich sie sp\u00e4ter fahren wollte &#8211; aber dazu kam&#8217;s nicht mehr. Ab Mittag gab&#8217;s n\u00e4mlich Wind, insb. bei der rechten obere 4SB war er sogar st\u00e4rker, und bei den heutigen Temperaturen von -15 bis -20\u00b0 ist selbst langsames Abfahren m\u00fc\u00dfig (ich hielt mir laufend die Hand vor&#8217;s Gesicht, blieb alle 1-2 Minuten stehen um mich aufzuw\u00e4rmen oder fuhr kurze Wegst\u00fccke r\u00fcckw\u00e4rts), aber wenn dann auch noch Wind dazu kommt, ist man schnell bei gef\u00fchlten -40\u00b0 und weniger. Dazu hat auch noch meine Skischuhheizung zum Spinnen angefangen (Wackelkontakt) &#8211; kurz nach 13 Uhr musste ich dringend eine Pause machen und bin in eine Pizzeria, wo ich etwas \u00fcber 1 Stunde war und trotzdem nicht wirklich warm in den F\u00fc\u00dfen wurde. (Meine &#8220;\u00fcbliche&#8221; Pizza in Frankreich &#8211; eine Savoyarde, mit Speck, Reblochon, Kartoffeln, um 12,50 \u20ac, Leitungs\/Tafelwasser war gratis dabei)<\/p>\n<p>Danach bin ich noch 1-1,5h gefahren, aber selbst mit den EUBs wars zwar raufw\u00e4rts angenehm, aber runterw\u00e4rts bei dem Wind, absolut kein Spa\u00df. Ich muss aber definitiv noch mal her, es gibt noch einige Abfahrten, die ich unbedingt fahren m\u00f6chte, und das Pano ins Flachland will ich auch haben. F\u00fcr diese, n\u00f6rdlichere Ecke der franz\u00f6sischen Alpen sollte ich aber wohl besser im M\u00e4rz herfahren, denn, wie schon festgestellt, fahrt man in den meisten Gebieten nur SL und SBs und das ist im Januar\/Februar aufgrund der K\u00e4lte nicht sehr angenehm &#8230;<\/p>\n<p>Interessanterweise gibt&#8217;s hier auch mehrere Schneisen, die aktuell im Plan nicht mehr als Abfahrt eingezeichnet sind! Insb. um die ganz rechte an der DSB in Correncon tut das weh, die sah interessant aus (schon relativ verwachsen!).<\/p>\n<p><img src=http:\/\/ski.inmontanis.info\/d\/140611-3\/DSC07391.jpg \/><br \/>\n^ Pistenplan, einige sichtbare Schneisen sind nicht mehr als Pisten eingezeichnet, KSSL Jaux 1 ist komplett abgebaut<\/p>\n<p><img src=http:\/\/ski.inmontanis.info\/d\/140615-3\/ge_villard.jpg \/><br \/>\n^ GPS-Track, nicht alle Lifte\/Abfahrten gefahren; rot die aufgelassenen Pisten, wobei mir gerade im Vergleich mit dem Plan noch mind. 2  aufgelassen Schneisen aufgefallen sind &#8230;<\/p>\n<p><a href='http:\/\/ski.inmontanis.info\/d\/140619-3\/DSC07334.jpg'><img src=http:\/\/ski.inmontanis.info\/d\/140618-4\/DSC07334.jpg \/><\/a><br \/>\n^ Talstationen der beiden EUBs in Villard-de-Lans<\/p>\n<p><a href='http:\/\/ski.inmontanis.info\/d\/140701-2\/DSC07336.jpg'><img src=http:\/\/ski.inmontanis.info\/d\/140700-3\/DSC07336.jpg \/><\/a><br \/>\n^ Talstationen der 6EUB und 10EUB<\/p>\n<p><a href='http:\/\/ski.inmontanis.info\/d\/140624-3\/DSC07339.jpg'><img src=http:\/\/ski.inmontanis.info\/d\/140623-4\/DSC07339.jpg \/><\/a><br \/>\n^ An der Bergstation 6EUB mit Blick zur 4SB Refuge und 6KSB Grand Canyon, weiter oben die 10EUB<\/p>\n<p><a href='http:\/\/ski.inmontanis.info\/d\/140628-3\/DSC07340.jpg'><img src=http:\/\/ski.inmontanis.info\/d\/140627-3\/DSC07340.jpg \/><\/a><br \/>\n^ Unterhalb der 6EUB ist ein Selbstversorgerraum (und WC) mit ungew\u00f6hnlichem Wandbehang ;-)<\/p>\n<p><img src=http:\/\/ski.inmontanis.info\/d\/140632-3\/DSC07341.jpg \/><br \/>\n^ Abfahrten Loup und Canyon. Schauen beide sehr nett aus.<\/p>\n<p><img src=http:\/\/ski.inmontanis.info\/d\/140705-2\/DSC07342.jpg \/><br \/>\n^ Abfahrt Canyon im oberen Teil, leider nicht gefahren<\/p>\n<p><img src=http:\/\/ski.inmontanis.info\/d\/140637-2\/DSC07343.jpg \/><br \/>\n^ Abfahrt Canyon im unteren Teil.<\/p>\n<p><img src=http:\/\/ski.inmontanis.info\/d\/140641-2\/DSC07344.jpg \/><br \/>\n^ 6KSB Cr\u00eates. Leider doch keine Fernsicht heute :-(<\/p>\n<p><img src=http:\/\/ski.inmontanis.info\/d\/140709-2\/DSC07346.jpg \/><br \/>\n^ Grande Moucherolle .. wer findet den KSSL samt Abfahrt?<\/p>\n<p><img src=http:\/\/ski.inmontanis.info\/d\/140646-2\/DSC07347.jpg \/><br \/>\n^ .. jetzt sichtbar? Nein, nicht oben am Gipfel, unten! KSSL Ourson Bergstation im Schatten, davor die blaue Bouquetin<\/p>\n<p><a href='http:\/\/ski.inmontanis.info\/d\/140650-2\/DSC07348.jpg'><img src=http:\/\/ski.inmontanis.info\/d\/140649-3\/DSC07348.jpg \/><\/a><br \/>\n^ Kurven-KSSL Ourson<\/p>\n<p><img src=http:\/\/ski.inmontanis.info\/d\/140654-2\/DSC07350.jpg \/><br \/>\n^ Schwarze Rhodo im oberen Teil, leider nicht gefahren<\/p>\n<p><img src=http:\/\/ski.inmontanis.info\/d\/140658-2\/DSC07351.jpg \/><br \/>\n^ Schwarze Rhodo im mittleren Teil, auch ganz nett.<\/p>\n<p><img src=http:\/\/ski.inmontanis.info\/d\/140722-2\/DSC07352.jpg \/><br \/>\n^ Talstationen in Clos de la Balme \/ Correncon<\/p>\n<p><img src=http:\/\/ski.inmontanis.info\/d\/140663-2\/DSC07354.jpg \/><br \/>\n^ 3KSB Lattes (links) und DSB Combeauvieux<\/p>\n<p><a href='http:\/\/ski.inmontanis.info\/d\/140714-2\/DSC07355.jpg'><img src=http:\/\/ski.inmontanis.info\/d\/140713-3\/DSC07355.jpg \/><\/a><br \/>\n^ DSB Combeauvieux<\/p>\n<p><a href='http:\/\/ski.inmontanis.info\/d\/140668-2\/DSC07356.jpg'><img src=http:\/\/ski.inmontanis.info\/d\/140667-3\/DSC07356.jpg \/><\/a><br \/>\n^ DSB Combeauvieux<\/p>\n<p><a href='http:\/\/ski.inmontanis.info\/d\/140672-2\/DSC07358.jpg'><img src=http:\/\/ski.inmontanis.info\/d\/140671-3\/DSC07358.jpg \/><\/a><br \/>\n^ .. an der Bergstation der DSB Combeauvieux steht ein komisches Haus &#8230;<\/p>\n<p><a href='http:\/\/ski.inmontanis.info\/d\/140676-2\/DSC07372.jpg'><img src=http:\/\/ski.inmontanis.info\/d\/140675-3\/DSC07372.jpg \/><\/a><br \/>\n^ Komisches Haus an der DSB Bergstation Combeauvieux. Stand da mal eine PB?<\/p>\n<p><img src=http:\/\/ski.inmontanis.info\/d\/140718-2\/DSC07359.jpg \/><br \/>\n^ Blick zur 4SB Belvedere und KSSL Arolles. Hat auch ein paar nette Abfahrten, leider bin ich kaum eine gefahren.<\/p>\n<p><img src=http:\/\/ski.inmontanis.info\/d\/140681-2\/DSC07360.jpg \/><br \/>\n^ Ebenso, nur weiter den Berg hinauf (links KSSL Arolles, mittig 4SB Belvedere)<\/p>\n<p><a href='http:\/\/ski.inmontanis.info\/d\/140685-2\/DSC07367.jpg'><img src=http:\/\/ski.inmontanis.info\/d\/140684-3\/DSC07367.jpg \/><\/a><br \/>\n^ 4SB Belvedere<\/p>\n<p><a href='http:\/\/ski.inmontanis.info\/d\/140689-2\/DSC07373.jpg'><img src=http:\/\/ski.inmontanis.info\/d\/140688-3\/DSC07373.jpg \/><\/a><br \/>\n^ 6EUB Pre des Preys und 10EUB Cote 2000<\/p>\n<p><a href='http:\/\/ski.inmontanis.info\/d\/140693-2\/DSC07374.jpg'><img src=http:\/\/ski.inmontanis.info\/d\/140692-3\/DSC07374.jpg \/><\/a><br \/>\n^ 4SB Glovettes<\/p>\n<p><a href='http:\/\/ski.inmontanis.info\/d\/140697-2\/DSC07376.jpg'><img src=http:\/\/ski.inmontanis.info\/d\/140696-3\/DSC07376.jpg \/><\/a><br \/>\n^ Die beiden Stationen Balcon\/Cote 2000 und Les Glovettes<\/p>\n<p>Morgens im Hotel hab ich mir via Internet noch ein Zimmer im Etap-Hotel bei Annecy reserviert (das Fasthotel in Annecy und das Etap in Aix waren bereits voll, zumindest konnte man nicht mehr reservieren), ist diesmal etwas teurer, 46,- f\u00fcr&#8217;s Zimmer plus 4,95 f\u00fcr&#8217;s Fr\u00fchst\u00fcck. Hab mich aber trotzdem f\u00fcr 2 Tage einquartiert, auch wenn&#8217;s morgen vielleicht etwas umwegig liegt. Im Gegensatz zum anderen Zimmer im anderen Etap-Hotel funktioniert hier die 3. Beleuchtung (LED-Kette unterhalb der Holzleiste) und der LED-Duschkopf. Sehr nett. Diese 2 Hotel-Ketten werd ich auf meiner Appennin-Rundreise ja schwer vermissen, wenn ich wieder jeden Abend auf Zimmersuche bin und nehmen muss, was ich finde &#8230;. (daf\u00fcr freu ich mich auf hoffentlich vielen Halbpensions-Men\u00fcs)<\/p>\n<p><a href='http:\/\/extra.inmontanis.info\/d\/12845-2\/DSC07394.jpg'><img src=http:\/\/extra.inmontanis.info\/d\/12843-3\/DSC07394.jpg \/><\/a><br \/>\n^ Hotel-Zimmer Etap<\/p>\n<p><a href='http:\/\/extra.inmontanis.info\/d\/12849-2\/DSC07563.jpg'><img src=http:\/\/extra.inmontanis.info\/d\/12847-3\/DSC07563.jpg \/><\/a><br \/>\n^ Hotel-Zimmer Etap<\/p>\n<p><a href='http:\/\/extra.inmontanis.info\/d\/12853-2\/DSC07398.jpg'><img src=http:\/\/extra.inmontanis.info\/d\/12851-3\/DSC07398.jpg \/><\/a><br \/>\n^ LED-Duschkopf<\/p>\n<p>Da ich heute Nachmittag eine Pizza gegessen hab, bin ich abends nirgends weiter hin, hab mir nur was im Supermarkt mitgenommen (in der Kette war ich auch noch nie, E.Leclerc), kurz vor 20 Uhr, kurz vorm Schlie\u00dfen. Und mich mal wieder gewundert, warum das Kassieren in Frankreich soooo zeitraubend sein muss. Da sind sie zu zweit mit ihrem Einkauf, er packt Sachen in den Wagen, sie packt die Sachen in die T\u00fcte. Es waren schon alle Sachen durch, sie packt gef\u00fchlte 5 Minuten weiter, dann z\u00fcckt sie ihre Rabatt-Karte, danach puhlt sie ihr Scheckheft raus, schreibt ein bi\u00dfchen was drauf, unterschreibt, gibt der Kassiererin den Scheck plus ihren Personalausweis, diese muss dann den Scheck in den Bondrucker stecken, wo der Betrag aufgedruckt wird, danach geht der Scheck zum \u00dcberpr\u00fcfen retour &#8230; In DE und AT w\u00e4re ich in der zwischenzeit 2x abkassiert worden.Das erkl\u00e4rt jedenfalls, warum man in franz\u00f6sischen Superm\u00e4rkten 20-40 Kassen braucht. Was f\u00fcr ein Gl\u00fcck, das bei uns diese Euroschecks abgeschafft wurden. Gibts in Frankreich keine Scheckkarten?? A propos Scheckkarten, was mir bei Bankomaten aufgefallen ist: Die Betr\u00e4ge sind so gering! Man hat die Wahl zwischen 5 oder 7 Betr\u00e4ge unter 70,- &#8211; und als 6. Auswahlm\u00f6glichkeit dann die wahlfreie Eingabe. Warum sollte man nur 20,40,50 oder 70,- \u20ac abheben? Die sind doch gleich wieder weg. Au\u00dfer nat\u00fcrlich man zahlt alles \u00fcber 20,- \u20ac mit Euroschecks, klar. Hach&#8230;<\/p>\n<p>In den Nachrichten war wieder das Top-Thema die K\u00e4lte und der Schnee &#8211; Schneechaos in Rom (bei wenigen cm Schnee) und genauso einige cm Schnee an der K\u00fcste auf Mallorca, und Stromwarnungen in Frankreich &#8211; zwischen 18 und 20 Uhr sollten manche Regionen Strom sparen und keine Waschmaschinen laufen lassen. (Den Grund las ich eine Woche sp\u00e4ter auf orf.at: In Frankreich wird haupts\u00e4chlich mit Strom geheizt.)<\/p>\n<p>Und was macht das Wetter hier in Annecy? Naja, sonnig werden soll&#8217;s ja schon, aber &#8230; Montsjura, wo ich morgen hinwollte, hatte heute gr\u00f6\u00dftenteils zu &#8211; Sturm \u00fcber 100 km\/h bei -19\u00b0 am Gipfel :-( Bleibt abzuwarten, ob da morgen vor 9 Uhr ein Schneebericht online gestellt wird &#8211; denn von hier aus fahr ich ja \u00fcber eine Stunde dorthin &#8230;<\/p>\n","protected":false},"excerpt":{"rendered":"<p>Le Grand Froid (Gen\u00e8ve-Grenoble), 29.1.-6.2.2012 &#8211; Teil 7 4.2.2012<\/p>\n<p>Schei\u00df K\u00e4lte!<\/p>\n<p>Nach wieder ausgiebigem Studium von Wetterberichten und Webcams hab ich mich gegen den Wetterbericht entschieden und bin doch nach Villard-de-Lans \/ Corren\u00e7on-en-Vercors) gefahren, da die Bergstationen recht sonnig waren.<\/p>\n<p> <a href=\"http:\/\/blog.inmontanis.info\/?p=1900\">[&#8230;]<\/a><\/p>\n","protected":false},"author":1,"featured_media":0,"comment_status":"open","ping_status":"closed","sticky":false,"template":"","format":"standard","meta":{"footnotes":""},"categories":[109,16,27,224],"tags":[55,49,39,56,38,48],"class_list":["post-1900","post","type-post","status-publish","format-standard","hentry","category-201201-grandfroid","category-france","category-skifahren-winterskiing-winter","category-vercors","tag-3sb","tag-4sb","tag-6eub","tag-6sb","tag-dsb","tag-kssl","odd"],"_links":{"self":[{"href":"http:\/\/blog.inmontanis.info\/index.php?rest_route=\/wp\/v2\/posts\/1900","targetHints":{"allow":["GET"]}}],"collection":[{"href":"http:\/\/blog.inmontanis.info\/index.php?rest_route=\/wp\/v2\/posts"}],"about":[{"href":"http:\/\/blog.inmontanis.info\/index.php?rest_route=\/wp\/v2\/types\/post"}],"author":[{"embeddable":true,"href":"http:\/\/blog.inmontanis.info\/index.php?rest_route=\/wp\/v2\/users\/1"}],"replies":[{"embeddable":true,"href":"http:\/\/blog.inmontanis.info\/index.php?rest_route=%2Fwp%2Fv2%2Fcomments&post=1900"}],"version-history":[{"count":3,"href":"http:\/\/blog.inmontanis.info\/index.php?rest_route=\/wp\/v2\/posts\/1900\/revisions"}],"predecessor-version":[{"id":8487,"href":"http:\/\/blog.inmontanis.info\/index.php?rest_route=\/wp\/v2\/posts\/1900\/revisions\/8487"}],"wp:attachment":[{"href":"http:\/\/blog.inmontanis.info\/index.php?rest_route=%2Fwp%2Fv2%2Fmedia&parent=1900"}],"wp:term":[{"taxonomy":"category","embeddable":true,"href":"http:\/\/blog.inmontanis.info\/index.php?rest_route=%2Fwp%2Fv2%2Fcategories&post=1900"},{"taxonomy":"post_tag","embeddable":true,"href":"http:\/\/blog.inmontanis.info\/index.php?rest_route=%2Fwp%2Fv2%2Ftags&post=1900"}],"curies":[{"name":"wp","href":"https:\/\/api.w.org\/{rel}","templated":true}]}}