{"id":1876,"date":"2012-01-29T22:36:00","date_gmt":"2012-01-29T21:36:00","guid":{"rendered":"http:\/\/blog.inmontanis.info\/?p=1876"},"modified":"2023-08-05T14:44:58","modified_gmt":"2023-08-05T12:44:58","slug":"rochers-de-naye-29-1-2012","status":"publish","type":"post","link":"http:\/\/blog.inmontanis.info\/?p=1876","title":{"rendered":"Rochers-de-Naye, 29.1.2012"},"content":{"rendered":"<p><strong>Le Grand Froid (Gen\u00e8ve-Grenoble), 29.1.-6.2.2012 &#8211; Teil 1<\/strong><br \/>\n<strong>Intro<\/strong><\/p>\n<p>Im Appennin lag noch nicht gen\u00fcgend Schnee, der 2-Wochen-Urlaub muss also noch warte, wohin in der 1 Woche? In Schottland lag ebenso wenig .. dann also in den Osten? Oder in den Westen?<\/p>\n<p>Da in den franz\u00f6sischen Nord-Alpen auch \u00fcberdurchschnittlich Schnee lag und die 16-Tagesvorschau auf wetter.com egtl. ganz brauchbares Wetter meldete .. <!--more-->ging&#8217;s eben dort hin. Nebenbei hab ich gemerkt, dass es da oben massig Skigebiete gibt, die mich interessieren w\u00fcrden, die ich nie und nimmer in 1 Woche packen k\u00f6nnte! Die Qual der Wahl &#8211; und schlussendlich kam es aufgrund des Wetters auch wieder etwas anders.<\/p>\n<p>Kurzfristig wurde dann der Wetterbericht immer schlechter, so dass es egtl. keinen Sinn machte, am Sa+So in die Gegend um den Genfer See zu fahren, und da der Wetterbericht f\u00fcr Bayern ganz brauchbar meldete &#8230;. nun, auch das wurde wieder kurzfristig revidiert und ich war am Samstag &#8220;nur&#8221; auf der Saisonkarte in der Zillertalarena &#8211; und bin doch am Sonntag noch nach Westen gefahren. <\/p>\n<p>Dass mich der Wetterbericht in Frankreich genauso verarschen w\u00fcrde, konnte ich da ja noch nicht wissen. Schlussendlich wurde es genauso eine Wetterberichtqual wie letztes Jahr in Skandinavien &#8211; jeden Tag \u00e0 la &#8220;ab morgen\/\u00fcbermorgen Sonne&#8221; und dann immer weiter verschoben&#8230;.<\/p>\n<p>Zum gr\u00f6\u00dftenteils eher schlechten Wetter gesellten sich im Lauf der Woche immer tiefere Temperaturen, so dass ich so wenig Fotos wie schon lange nicht mehr gemacht hatte (obwohl ich die Cam die meiste Zeit sogar in der Jacken-Innentasche hatte und mit angezogenen Handschuhen raus, rein und bedient hatte!). <\/p>\n<p>Nichtsdestotrotz hab ich einige nette Skigebiete kennengelernt, einige nette Lifte und Abfahrten gefahren, und werde das eine oder andere Gebiet noch mal besuchen, und Weihnachtsferienurlauber in Tirol hatten heuer sicherlich schlechteres Wetter und weniger Sonne &#8230;<\/p>\n<p>Hier der statistische \u00dcberblick:<\/p>\n<p>Autofahrt: 2.109 km<br \/>\n821 Fotos &#8211; fast keine Videos, kein einziges IR-Foto<br \/>\n9 Tage (Sonntag bis Montag)<\/p>\n<p>Skigebiete: 12 (14)<br \/>\n&#8211; Rochers-de-Naye (CH)<br \/>\n&#8211; Espace Diamant<br \/>\n&#8211; Areches-Beaufort<br \/>\n&#8211; Albiez-Montrond<br \/>\n&#8211; Les Karellis<br \/>\n&#8211; Lans-en-Vercors<br \/>\n&#8211; Gresse-en-Vercors<br \/>\n&#8211; Villard-de-Lans<br \/>\n&#8211; Le Semnoz<br \/>\n&#8211; Grand Revard<br \/>\n&#8211; Bellevaux-Hirmentaz<br \/>\n&#8211; Abondance<\/p>\n<p>Anzahl verschiedene Lifte, jeweils ca.:<\/p>\n<p>1x ZRB<br \/>\n1x 10EUB<br \/>\n2x 6EUB<br \/>\n6x 6KSB<br \/>\n6x 4KSB<br \/>\n30x 4SB<br \/>\n5x 3SB<br \/>\n5x DSB<br \/>\n1x SL<br \/>\n4x TSL<br \/>\n69x KSSL<br \/>\n2x SSL<\/p>\n<p>Wie man sieht, franz\u00f6sische Skigebiete sind sehr 4SB &#8211; lastig, das kann auf Dauer ganz sch\u00f6n nerven! Wobei, bei der K\u00e4lte waren sie wiederum recht praktisch, da sie meistens recht warme Polstersitze haben und man sich in einer lahmen 4SB dank geringem Fahrtwind viel besser aufw\u00e4rmen kann als in einem SL. (Wenn man einen Rucksack hat, hinter dem man sich verkriechen kann ;) )<\/p>\n<p>Mit dem ersten Teil geht&#8217;s auch schon los:<\/p>\n<p><strong>So, 29.1.2012<\/strong><\/p>\n<p>Der Wetterkompromiss h\u00e4tte mich nach Thollon f\u00fchren sollen, aber nachem am Rochers-de-Naye gestern im Schneebericht Vollbetrieb angezeigt wurde .. gings eben dorthin.<\/p>\n<p>Kurz vor Vevey hat sogar die Sonne gespitzt &#8211; im Nachhinein war das absolut nicht mehr nachvollziehbar, so dick wie der Nebel am Rochers-de-Naye war!<\/p>\n<p>Gegen 11:30 war ich nach 5,5 Stunden Fahrzeit oben in Caux am SL, n\u00e4chste ZRB fuhr erst um 12:19 Uhr, also Tageskarte gekauft (33,- CHF, ca. 28,- \u20ac) und ein paar mal am Teller-SL gefahren. Dann mit der ZRB rauf. Egtl. hatte ich ja geplant, bei meinem 2. Besuch hier den SL Jaman etwas mehr zu fahren, da er beim letzten Mal etwas kurz kam.<\/p>\n<p>Nun, heut bin ich ihn leider gar nicht gefahren. Fetter Nebel. Da bin ich lieber oben geblieben, da war&#8217;s doch immer mal wieder sonnig &#8211; wenn auch immer mal wieder Nebelschwaden durchzogen. Am KSSL war leider nur eine Abfahrt offen, nicht die 1 oder 2 &#8220;Au\u00dfenrum&#8221;-Varianten wie beim letzten Mal. Schade. So hatte man in Summe halt doch nur eine Abfahrt, die von den beiden SL bedient wird.<\/p>\n<p>Daf\u00fcr war das Nebelmeer-Pano ganz nett. Wer braucht schon den Genfersee, wenn man ein ganzes Meer haben kann ;) Naja, bin ja in den n\u00e4chsten Tagen noch \u00f6fters am Genfer See.<\/p>\n<p>Um 14:50 bin ich mit der ZRB wieder runter, hatte gehofft, doch noch den Jaman-SL fahren zu k\u00f6nnen, aber es war an der Station Perche weitehin nebelig &#8211; daher bin ich gleich die extrem schwarze Skiroute runter. \u00dcbrigens komplett dichter Nebel, von oben bis unten in Caux. Diese fette Nebeldecke wird wohl in den n\u00e4chsten Tagen nicht so schnell weichen, f\u00fcrchte ich &#8230;<\/p>\n<p>Fotos, anklicken zum Vergr\u00f6\u00dfern, soweit nicht vergr\u00f6\u00dfert gepostet:<\/p>\n<p><a href='http:\/\/ski.inmontanis.info\/d\/139891-2\/DSC06838.jpg'><img src=http:\/\/ski.inmontanis.info\/d\/139890-3\/DSC06838.jpg \/><\/a><br \/>\n^ Stra\u00dfe nach Caux<\/p>\n<p><a href='http:\/\/ski.inmontanis.info\/d\/139895-2\/DSC06841.jpg'><img src=http:\/\/ski.inmontanis.info\/d\/139894-3\/DSC06841.jpg \/><\/a><br \/>\n^ Kurzer SL in Caux<\/p>\n<p><a href='http:\/\/ski.inmontanis.info\/d\/139899-2\/DSC06843.jpg'><img src=http:\/\/ski.inmontanis.info\/d\/139898-3\/DSC06843.jpg \/><\/a><br \/>\n^ Zahnradbahn-Bahnhof Haut-de-Caux<\/p>\n<p><img src=http:\/\/ski.inmontanis.info\/d\/139903-2\/DSC06845.jpg \/><br \/>\n^ Bergstationsbahnhof ZRB knapp \u00fcber dem Nebel und etwas blauer Himmel? Sehr nett!<\/p>\n<p><img src=http:\/\/ski.inmontanis.info\/d\/139907-2\/DSC06857.jpg \/><br \/>\n^ \u00dcber dem Nebel .. ist  hier leider nur unter den Wolken.<\/p>\n<p><img src=http:\/\/ski.inmontanis.info\/d\/139912-2\/DSC06870.jpg \/><br \/>\n^ Bergstation der beiden SL und Blick ins Flachland<\/p>\n<p><img src=http:\/\/ski.inmontanis.info\/d\/139965-2\/DSC06871.jpg \/><br \/>\n^ ZRB-Kehre, unten links und mittig\/oben rechts stehen zwei H\u00e4uschen &#8211; so als ob auf diesem Steilhang mal ein SL stand???<\/p>\n<p><img src=http:\/\/ski.inmontanis.info\/d\/139916-2\/DSC06875.jpg \/><br \/>\n^ Auf der Gipfel-Terrasse hat man ein super 360\u00b0 &#8211; Pano. <\/p>\n<p><img src=http:\/\/ski.inmontanis.info\/d\/139920-2\/DSC06884.jpg \/><br \/>\n^ Am Gipfel, Nord-Blick mit der hohen Nebelschicht<\/p>\n<p><img src=http:\/\/ski.inmontanis.info\/d\/139969-2\/DSC06887.jpg \/><br \/>\n^ S\u00fcd-Pano. Hier unter dem Nebel w\u00e4re der Genfer See.<\/p>\n<p><img src=http:\/\/ski.inmontanis.info\/d\/139925-2\/DSC06892.jpg \/><br \/>\n^ Inseln im Nebelmeer<\/p>\n<p><img src=http:\/\/ski.inmontanis.info\/d\/139929-2\/DSC06895.jpg \/><br \/>\n^ Schnee-Wind-Skulptur<\/p>\n<p><a href='http:\/\/ski.inmontanis.info\/d\/139933-2\/DSC06903.jpg'><img src=http:\/\/ski.inmontanis.info\/d\/139932-3\/DSC06903.jpg \/><\/a><br \/>\n^ Richtung Westen und S\u00fcden geht&#8217;s am Gipfel verdammt steil  (und tief) abw\u00e4rts!<\/p>\n<p><img src=http:\/\/ski.inmontanis.info\/d\/139937-2\/DSC06912.jpg \/><br \/>\n^ Skigebiet am Gipfel-Plateau<\/p>\n<p><img src=http:\/\/ski.inmontanis.info\/d\/139941-2\/DSC06927.jpg \/><br \/>\n^ ZRB und die beiden SL<\/p>\n<p><a href='http:\/\/ski.inmontanis.info\/d\/139945-2\/DSC06932.jpg'><img src=http:\/\/ski.inmontanis.info\/d\/139944-3\/DSC06932.jpg \/><\/a><br \/>\n^ Krasse Zufahrt zum SL<\/p>\n<p><img src=http:\/\/ski.inmontanis.info\/d\/139949-2\/DSC06935.jpg \/><br \/>\n^ Schwarze Diable-Skiroute, die ist schon verdammt steil &#8211; und der steilste Hang war noch ein St\u00fcck weiter oben<\/p>\n<p><img src=http:\/\/ski.inmontanis.info\/d\/139953-2\/DSC06937.jpg \/><br \/>\n^ Diable-Skiroute<\/p>\n<p><a href='http:\/\/ski.inmontanis.info\/d\/139957-2\/DSC06949.jpg'><img src=http:\/\/ski.inmontanis.info\/d\/139956-3\/DSC06949.jpg \/><\/a><br \/>\n^ Scheint wohl eine stillgelegte SSB zu sein &#8230;<\/p>\n<p><img src=http:\/\/ski.inmontanis.info\/d\/139961-2\/DSC06955.jpg \/><br \/>\n^ Genfer See. Bei dem Nebel sieht man das Ende gar nicht, im Prinzip k\u00f6nnte das genauso das Meer oder ein Fjord in Norwegen sein.<\/p>\n<p>Reserviert hatte ich mir ein Hotel in Annecy, eins von der Fasthotel-Kette. Einfache Zimmer in Holzcontainer-Bauweise, daf\u00fcr recht g\u00fcnstig. Hier in Annecy kostet das DZ 46,- \u20ac (1-2 Personen gleicher Preis) und das Fr\u00fchst\u00fcck 5,- (pro Person). Bei einer Reservierungsseite gab&#8217;s das Zimmer kurioserweise um 38,- (zzgl. Fr\u00fchst\u00fcck), also hab ich eben dort reserviert :) 43,- EZ-\u00dcF-1-Tag ist f\u00fcr frz. Verh\u00e4ltniss schon recht g\u00fcnstig. \u00c4hnlich g\u00fcnstig sind die Hotels der Etap-Kette. Noch g\u00fcnstiger sind die F(ormule)1-Hotels, die haben aber nur Etagen-DU\/WC. Das muss ich dann nicht haben. Praktisch an den Fasthotels ist jedenfalls der gro\u00dfe Motel-m\u00e4\u00dfige Parkplatz direkt an den Zimmern, und Wifi ist auch meist gratis. Mir geht&#8217;s ja um&#8217;s Skifahren und nicht um Wellness-Hotels. <\/p>\n<p><a href='http:\/\/extra.inmontanis.info\/d\/12781-2\/DSC06965.jpg'><img src=http:\/\/extra.inmontanis.info\/d\/12778-3\/DSC06965.jpg \/><\/a><br \/>\n^ Fasthotel, die sind meist so oder so \u00e4hnlich, die Hotelzimmer rechts erinnern an Container (aus Holz)<\/p>\n<p><a href='http:\/\/extra.inmontanis.info\/d\/12785-2\/DSC06966.jpg'><img src=http:\/\/extra.inmontanis.info\/d\/12783-3\/DSC06966.jpg \/><\/a><br \/>\n^ Hotelzimmer, der WC-Dusch-Bereich erinnert von der Gr\u00f6\u00dfe her an eine Schiffskabine :)<\/p>\n<p>Diesel kostet aktuell in dieser Ecke Frankreichs 1,50-1,55 an normalen Tankstellen und 1,38-1,41 an Supermarkt-Tankstellen (somit hab ich heut Abend g\u00fcnstiger getankt als heut Morgen in Vorarlberg!). Benzin ist ca. 10-15 Cent teurer.<\/p>\n<p>Zum Abendessen bin ich in den n\u00e4chsten McDonalds &#8211; wo ich diesmal leider keinen McBacon bekam &#8211; und der Rest .. naja, also f\u00fcr 9,50 \u20ac ein Wrap-Men\u00fc mit Nachspeise und der Service gleich Null, wenn das Gericht frisch zubereitet werden muss, wird es einem nicht an den Tisch gebracht, sondern man muss halt einfach irgendwann mal wieder zur Theke und das Personal abpassen und sich sein Zeug abholen. Geschmacklich war&#8217;s auch nicht besonders. Brauch ich die n\u00e4chsten Tage nicht mehr.<\/p>\n","protected":false},"excerpt":{"rendered":"<p>Le Grand Froid (Gen\u00e8ve-Grenoble), 29.1.-6.2.2012 &#8211; Teil 1 Intro<\/p>\n<p>Im Appennin lag noch nicht gen\u00fcgend Schnee, der 2-Wochen-Urlaub muss also noch warte, wohin in der 1 Woche? In Schottland lag ebenso wenig .. dann also in den Osten? Oder in den Westen?<\/p>\n<p>Da in den franz\u00f6sischen Nord-Alpen auch \u00fcberdurchschnittlich Schnee lag und die 16-Tagesvorschau auf <a href=\"http:\/\/blog.inmontanis.info\/?p=1876\">[&#8230;]<\/a><\/p>\n","protected":false},"author":1,"featured_media":0,"comment_status":"open","ping_status":"closed","sticky":false,"template":"","format":"standard","meta":{"footnotes":""},"categories":[109,714,14,27],"tags":[48,77,45,47,41],"class_list":["post-1876","post","type-post","status-publish","format-standard","hentry","category-201201-grandfroid","category-rochers-de-naye","category-swiss","category-skifahren-winterskiing-winter","tag-kssl","tag-nebelmeer","tag-see","tag-sl","tag-zahnradbahn","odd"],"_links":{"self":[{"href":"http:\/\/blog.inmontanis.info\/index.php?rest_route=\/wp\/v2\/posts\/1876","targetHints":{"allow":["GET"]}}],"collection":[{"href":"http:\/\/blog.inmontanis.info\/index.php?rest_route=\/wp\/v2\/posts"}],"about":[{"href":"http:\/\/blog.inmontanis.info\/index.php?rest_route=\/wp\/v2\/types\/post"}],"author":[{"embeddable":true,"href":"http:\/\/blog.inmontanis.info\/index.php?rest_route=\/wp\/v2\/users\/1"}],"replies":[{"embeddable":true,"href":"http:\/\/blog.inmontanis.info\/index.php?rest_route=%2Fwp%2Fv2%2Fcomments&post=1876"}],"version-history":[{"count":3,"href":"http:\/\/blog.inmontanis.info\/index.php?rest_route=\/wp\/v2\/posts\/1876\/revisions"}],"predecessor-version":[{"id":1879,"href":"http:\/\/blog.inmontanis.info\/index.php?rest_route=\/wp\/v2\/posts\/1876\/revisions\/1879"}],"wp:attachment":[{"href":"http:\/\/blog.inmontanis.info\/index.php?rest_route=%2Fwp%2Fv2%2Fmedia&parent=1876"}],"wp:term":[{"taxonomy":"category","embeddable":true,"href":"http:\/\/blog.inmontanis.info\/index.php?rest_route=%2Fwp%2Fv2%2Fcategories&post=1876"},{"taxonomy":"post_tag","embeddable":true,"href":"http:\/\/blog.inmontanis.info\/index.php?rest_route=%2Fwp%2Fv2%2Ftags&post=1876"}],"curies":[{"name":"wp","href":"https:\/\/api.w.org\/{rel}","templated":true}]}}