{"id":1870,"date":"2012-01-28T22:29:05","date_gmt":"2012-01-28T21:29:05","guid":{"rendered":"http:\/\/blog.inmontanis.info\/?p=1870"},"modified":"2023-08-06T10:37:16","modified_gmt":"2023-08-06T08:37:16","slug":"zillertalarena-28-1-2012","status":"publish","type":"post","link":"http:\/\/blog.inmontanis.info\/?p=1870","title":{"rendered":"Zillertalarena, 28.1.2012"},"content":{"rendered":"<p>War heut in der Zillertalarena, bis auf irgendeine blaue Piste waren alle gr\u00fcn markiert. Wartezeiten gab&#8217;s keine, Wetter war abwechslungsreich &#8211; unten eine ganz gute Sicht, dann dichter Nebel in den Wolken und dar\u00fcber Sonne.<!--more--><\/p>\n<p>\u00dcberrascht war ich, dass insb. in Zell an einigen Stellen braune Stellen auf der Abfahrt sind &#8211; dachte es l\u00e4ge so viel Schnee? Na egal. Daf\u00fcr sind am Handlalm-SL alle Abfahrtsvarianten offen, musste ich somit 4x fahren. Kann mich gar nicht erinnern, ob ich da schon jemals 4 Varianten pr\u00e4pariert gesehen hab.<\/p>\n<p><img src=http:\/\/ski.inmontanis.info\/d\/139875-2\/DSC06826.jpg \/><br \/>\n^ \u00dcber dem Nebel .. wenn auch nur minimal&#8230;<\/p>\n<p><img src=http:\/\/ski.inmontanis.info\/d\/139879-2\/DSC06829.jpg \/><br \/>\n^ Wilde Krimml, auch hier hoher Nebel im Tal.<\/p>\n<p><img src=http:\/\/ski.inmontanis.info\/d\/139883-2\/DSC06830.jpg \/><br \/>\n^ Teufeltal, Bergstation auch noch gerade aus dem Nebel heraus.<\/p>\n<p>In K\u00f6nigsleiten konnt ich endlich die 3 in den letzten 2 Jahren neu gebauten Gondelbahnen fahren. Schon komisch irgendwie, bisher musste man dort die besten Abfahrten mit den lahmen fixen 4SBs und DSBs fahren, jetzt kommt man bequem, schnell und arschgew\u00e4rmt nach oben. Nix dagegen, abfrieren muss man sich sp\u00e4ter in Gerlos und \u00fcber die Wilde Krimml sowieso.<\/p>\n<p><img src=http:\/\/ski.inmontanis.info\/d\/139887-2\/DSC06833.jpg \/><br \/>\n^ Gipfelbahn K\u00f6nigsleiten. Die Scheiben kamen mir von innen so gelb vor, wie ich es hier am Foto dargestellt hab. Orange wird&#8217;s erst, wenn man durch 2 Scheiben schaut (siehe Fenster bzw. Gondel links).<\/p>\n","protected":false},"excerpt":{"rendered":"<p>War heut in der Zillertalarena, bis auf irgendeine blaue Piste waren alle gr\u00fcn markiert. Wartezeiten gab&#8217;s keine, Wetter war abwechslungsreich &#8211; unten eine ganz gute Sicht, dann dichter Nebel in den Wolken und dar\u00fcber Sonne.<\/p>\n<p> <a href=\"http:\/\/blog.inmontanis.info\/?p=1870\">[&#8230;]<\/a><\/p>\n","protected":false},"author":1,"featured_media":0,"comment_status":"open","ping_status":"closed","sticky":false,"template":"","format":"standard","meta":{"footnotes":""},"categories":[25,13,27,892],"tags":[49],"class_list":["post-1870","post","type-post","status-publish","format-standard","hentry","category-noreport","category-austria","category-skifahren-winterskiing-winter","category-zillertal-arena","tag-4sb","odd"],"_links":{"self":[{"href":"http:\/\/blog.inmontanis.info\/index.php?rest_route=\/wp\/v2\/posts\/1870","targetHints":{"allow":["GET"]}}],"collection":[{"href":"http:\/\/blog.inmontanis.info\/index.php?rest_route=\/wp\/v2\/posts"}],"about":[{"href":"http:\/\/blog.inmontanis.info\/index.php?rest_route=\/wp\/v2\/types\/post"}],"author":[{"embeddable":true,"href":"http:\/\/blog.inmontanis.info\/index.php?rest_route=\/wp\/v2\/users\/1"}],"replies":[{"embeddable":true,"href":"http:\/\/blog.inmontanis.info\/index.php?rest_route=%2Fwp%2Fv2%2Fcomments&post=1870"}],"version-history":[{"count":2,"href":"http:\/\/blog.inmontanis.info\/index.php?rest_route=\/wp\/v2\/posts\/1870\/revisions"}],"predecessor-version":[{"id":1872,"href":"http:\/\/blog.inmontanis.info\/index.php?rest_route=\/wp\/v2\/posts\/1870\/revisions\/1872"}],"wp:attachment":[{"href":"http:\/\/blog.inmontanis.info\/index.php?rest_route=%2Fwp%2Fv2%2Fmedia&parent=1870"}],"wp:term":[{"taxonomy":"category","embeddable":true,"href":"http:\/\/blog.inmontanis.info\/index.php?rest_route=%2Fwp%2Fv2%2Fcategories&post=1870"},{"taxonomy":"post_tag","embeddable":true,"href":"http:\/\/blog.inmontanis.info\/index.php?rest_route=%2Fwp%2Fv2%2Ftags&post=1870"}],"curies":[{"name":"wp","href":"https:\/\/api.w.org\/{rel}","templated":true}]}}